{"id":23086,"date":"2024-05-14T13:29:04","date_gmt":"2024-05-14T10:29:04","guid":{"rendered":"https:\/\/iletim.istanbul.edu.tr\/?p=23086"},"modified":"2024-11-29T14:05:55","modified_gmt":"2024-11-29T11:05:55","slug":"gazeteciler-basin-platformunda-bulustu","status":"publish","type":"post","link":"https:\/\/iletim.istanbul.edu.tr\/index.php\/2024\/05\/14\/gazeteciler-basin-platformunda-bulustu\/","title":{"rendered":"Gazeteciler Bas\u0131n Platformu&#8217;nda Bulu\u015ftu"},"content":{"rendered":"\n<p><strong><em>Haber: Zerrin T<\/em><\/strong><em><strong>\u00fcrko\u011flu<\/strong><\/em><\/p>\n\n\n\n<p><strong><em>Gazeteciler&nbsp;bas\u0131n platformu toplant\u0131s\u0131nda gazetecili\u011fin sorunlar\u0131n\u0131 konu\u015fmak \u00fczere&nbsp;bir araya geldi.&nbsp;Yeni fikirlerin&nbsp;ileri&nbsp;s\u00fcr\u00fcld\u00fc\u011f\u00fc&nbsp;ve&nbsp;ilkinin&nbsp;\u0130stanbul\u2019da&nbsp;ger\u00e7ekle\u015ftirildi\u011fi etkinli\u011fe \u00e7ok&nbsp;say\u0131da&nbsp;gazeteci kat\u0131ld\u0131.&nbsp;Bas\u0131n Platformu\u2019nun \u0130stanbul&#8217;da gazetecilik yapan gazetecilerle&nbsp;yapt\u0131\u011f\u0131 ilk etkinli\u011finde\u201cMardin&nbsp;\u00c7al\u0131\u015ftay\u0131\u201d&nbsp;karar\u0131 al\u0131nd\u0131. Gazeteci Mehmet Remzi Tan\u0131\u015f\u2019\u0131n ba\u015fkanl\u0131\u011f\u0131nda ger\u00e7ekle\u015fen \u201cBas\u0131n Platformu\u201d&nbsp;yerel ve ulusal&nbsp;bas\u0131n\u0131n sesi olmaya haz\u0131rlan\u0131rken gazetecili\u011fin de sorunlar\u0131 \u00fczerinde durdu.<\/em><\/strong><\/p>\n\n\n\n<p>\u0130lki ger\u00e7ekle\u015fen Bas\u0131n Platformu etkinli\u011fine ba\u015fkanl\u0131k yapan Gazeteci Mehmet Remzi Tan\u0131\u015f,&nbsp;T\u00fcrkiye &#8216;de gazetecilerin ciddi zorluklarla kar\u015f\u0131 kar\u015f\u0131ya olduklar\u0131n\u0131&nbsp;belirterek &nbsp;&#8221;&nbsp;Bas\u0131n Platformu, gazetecinin onurunun,&nbsp;gururunun ayaklar alt\u0131na al\u0131nmad\u0131\u011f\u0131, hak savunuculu\u011funu yapmak \u00fczere hepimizin dayan\u0131\u015fma i\u00e7inde olmas\u0131 gereken bir olu\u015fumdur. Amac\u0131m\u0131z, ki\u015fisel menfaatlerin \u00f6n plana at\u0131lmad\u0131\u011f\u0131 bu olu\u015fumda, gazetecilik ad\u0131na m\u00fccadeledir. Bu ak\u015fam burada ba\u015flad\u0131k ve t\u00fcm T\u00fcrkiye\u2019de hep birlikte bu m\u00fccadeleyi s\u00fcrd\u00fcrece\u011fiz &#8221; dedi.<\/p>\n\n\n\n<figure class=\"wp-block-image size-large\"><img decoding=\"async\" width=\"1024\" height=\"768\" src=\"https:\/\/iletim.istanbul.edu.tr\/wp-content\/uploads\/6fb6d11b-c7ad-48f1-932b-bb89e12eafe8-1024x768.jpeg\" alt=\"\" class=\"wp-image-23088\" srcset=\"https:\/\/iletim.istanbul.edu.tr\/wp-content\/uploads\/6fb6d11b-c7ad-48f1-932b-bb89e12eafe8-1024x768.jpeg 1024w, https:\/\/iletim.istanbul.edu.tr\/wp-content\/uploads\/6fb6d11b-c7ad-48f1-932b-bb89e12eafe8-300x225.jpeg 300w, https:\/\/iletim.istanbul.edu.tr\/wp-content\/uploads\/6fb6d11b-c7ad-48f1-932b-bb89e12eafe8-768x576.jpeg 768w, https:\/\/iletim.istanbul.edu.tr\/wp-content\/uploads\/6fb6d11b-c7ad-48f1-932b-bb89e12eafe8-1536x1152.jpeg 1536w, https:\/\/iletim.istanbul.edu.tr\/wp-content\/uploads\/6fb6d11b-c7ad-48f1-932b-bb89e12eafe8-750x563.jpeg 750w, https:\/\/iletim.istanbul.edu.tr\/wp-content\/uploads\/6fb6d11b-c7ad-48f1-932b-bb89e12eafe8-1140x855.jpeg 1140w, https:\/\/iletim.istanbul.edu.tr\/wp-content\/uploads\/6fb6d11b-c7ad-48f1-932b-bb89e12eafe8.jpeg 1600w\" sizes=\"(max-width: 1024px) 100vw, 1024px\" \/><\/figure>\n\n\n\n<p><\/p>\n\n\n\n<p>\u00c7ok say\u0131da gazetecinin kat\u0131l\u0131m g\u00f6sterdi\u011fi &#8221; Birinci Bas\u0131n Platformu &#8221; etkinli\u011finde, gazetecilerin sorunlar\u0131n\u0131 ifade etti\u011fi interaktif bir s\u00f6yle\u015fi ger\u00e7ekle\u015fti. Etkinlikte s\u00f6z alan gazeteciler, &nbsp;ya\u015fan\u0131lan sorunlar\u0131 masaya yat\u0131rarak, &nbsp;sorunlar\u0131n iyile\u015ftirilmesine y\u00f6nelik \u00e7al\u0131\u015fmalar\u0131n neler olabilece\u011fi hususunda fikir beyan ettiler. Yap\u0131lacak \u00e7al\u0131\u015fmalara&nbsp;y\u00f6nelik &nbsp;isti\u015farelerde&nbsp;bulunan gazeteciler ortak paydada bulu\u015farak, ilk olarak May\u0131s ay\u0131nda Mardin&#8217;de &nbsp;ger\u00e7ekle\u015fecek \u201cGazeteciler Sorunlar\u0131n\u0131 Anlat\u0131yor&nbsp;\u00c7al\u0131\u015ftay\u0131\u201d&nbsp;d\u00fczenlenmesine &nbsp;karar verdiler.&nbsp;<\/p>\n\n\n\n<p><strong>Birinci Bas\u0131n Platformu&#8217;na \u00c7ok Say\u0131da Gazereci Kat\u0131l\u0131m Sa\u011flad\u0131 <\/strong><\/p>\n\n\n\n<p>\u0130stanbul Florya\u2019da ger\u00e7ekle\u015fen ve Bas\u0131n Platformu&#8217;nun ilk ba\u015fkanl\u0131\u011f\u0131n\u0131 y\u00fcr\u00fcten&nbsp;gazeteci&nbsp;Mehmet Remzi Tan\u0131\u015f\u2019\u0131n ev sahipli\u011finde d\u00fczenlenen&nbsp;etkinli\u011fe;&nbsp;H\u00fcseyin \u00c7etiner, Ali Tarak\u00e7\u0131, Dilek Bozkurt,&nbsp;Zerrin T\u00fcrko\u011flu,&nbsp;M\u00fcge Y\u00fccet\u00fcrk,&nbsp;\u0130lke Duyan,&nbsp;Metin Karako\u00e7, Celal Karaali,&nbsp;Emin Beyaz, Y\u0131lmaz Birinci, Filiz \u00d6zsoy,&nbsp;Bar\u0131\u015f \u00c7elik,&nbsp;Tayfun Ercan,&nbsp;Y\u0131lmaz Birinci,&nbsp;Tamer&nbsp;Altun,&nbsp;Sevda Durgun,&nbsp;Leyla Peker, Levent \u00c7eki\u00e7, Mehmet&nbsp;Erda\u011f\u0131, \u015eenay Bodur,&nbsp;Durbey&nbsp;Duran,&nbsp;BaturayTarak\u00e7\u0131o\u011flu, \u0130rem&nbsp;Canyanar, Hakan Eser ve&nbsp;bir\u00e7ok gazeteci kat\u0131l\u0131m sa\u011flad\u0131.<\/p>\n\n\n\n<figure class=\"wp-block-image size-large\"><img decoding=\"async\" width=\"1024\" height=\"768\" src=\"https:\/\/iletim.istanbul.edu.tr\/wp-content\/uploads\/5ce440d5-5893-4eaa-abea-6e586acf1340-1024x768.jpeg\" alt=\"\" class=\"wp-image-23087\" srcset=\"https:\/\/iletim.istanbul.edu.tr\/wp-content\/uploads\/5ce440d5-5893-4eaa-abea-6e586acf1340-1024x768.jpeg 1024w, https:\/\/iletim.istanbul.edu.tr\/wp-content\/uploads\/5ce440d5-5893-4eaa-abea-6e586acf1340-300x225.jpeg 300w, https:\/\/iletim.istanbul.edu.tr\/wp-content\/uploads\/5ce440d5-5893-4eaa-abea-6e586acf1340-768x576.jpeg 768w, https:\/\/iletim.istanbul.edu.tr\/wp-content\/uploads\/5ce440d5-5893-4eaa-abea-6e586acf1340-1536x1152.jpeg 1536w, https:\/\/iletim.istanbul.edu.tr\/wp-content\/uploads\/5ce440d5-5893-4eaa-abea-6e586acf1340-750x563.jpeg 750w, https:\/\/iletim.istanbul.edu.tr\/wp-content\/uploads\/5ce440d5-5893-4eaa-abea-6e586acf1340-1140x855.jpeg 1140w, https:\/\/iletim.istanbul.edu.tr\/wp-content\/uploads\/5ce440d5-5893-4eaa-abea-6e586acf1340.jpeg 2048w\" sizes=\"(max-width: 1024px) 100vw, 1024px\" \/><\/figure>\n\n\n\n<p><strong>Mardin&#8217;de \u0130lk \u00c7al\u0131\u015ftay Karar\u0131 <\/strong><\/p>\n\n\n\n<p>Bas\u0131n Platformu Ba\u015fkan\u0131 Remzi Tan\u0131\u015f,\u00a0Bas\u0131n Platformu\u2019nunilk toplant\u0131s\u0131nda al\u0131nan kararla Mardin\u2019de d\u00fczenlenecek Bas\u0131n\u00a0\u00c7al\u0131\u015ftay\u0131\u2019na\u00a0yo\u011fun kat\u0131l\u0131m olmas\u0131n\u0131 beklediklerini s\u00f6yledi. Ba\u015fkan Tan\u0131\u015f,\u00a0\u0130stanbul, Mardin ve t\u00fcm T\u00fcrkiye\u2019de ki yerel ve ulusal gazetecilerin kat\u0131l\u0131m\u0131yla May\u0131s ay\u0131 ortalar\u0131nda\u00a0Mardin\u2019de ger\u00e7ekle\u015ftirilecek\u00a0\u00e7al\u0131\u015ftayda\u00a0al\u0131nan kararlar\u0131n,\u00a0ilerleyen g\u00fcnlerde\u00a0d\u00fczenlenecek\u00a0olan\u00a0raporla\u00a0duyurulaca\u011f\u0131n\u0131 bildirdi.<\/p>\n","protected":false},"excerpt":{"rendered":"<p>Haber: Zerrin T\u00fcrko\u011flu Gazeteciler&nbsp;bas\u0131n platformu toplant\u0131s\u0131nda gazetecili\u011fin sorunlar\u0131n\u0131 konu\u015fmak \u00fczere&nbsp;bir araya geldi.&nbsp;Yeni fikirlerin&nbsp;ileri&nbsp;s\u00fcr\u00fcld\u00fc\u011f\u00fc&nbsp;ve&nbsp;ilkinin&nbsp;\u0130stanbul\u2019da&nbsp;ger\u00e7ekle\u015ftirildi\u011fi etkinli\u011fe \u00e7ok&nbsp;say\u0131da&nbsp;gazeteci kat\u0131ld\u0131.&nbsp;Bas\u0131n Platformu\u2019nun \u0130stanbul&#8217;da gazetecilik yapan gazetecilerle&nbsp;yapt\u0131\u011f\u0131 ilk etkinli\u011finde\u201cMardin&nbsp;\u00c7al\u0131\u015ftay\u0131\u201d&nbsp;karar\u0131 al\u0131nd\u0131. Gazeteci Mehmet Remzi Tan\u0131\u015f\u2019\u0131n ba\u015fkanl\u0131\u011f\u0131nda ger\u00e7ekle\u015fen \u201cBas\u0131n Platformu\u201d&nbsp;yerel ve ulusal&nbsp;bas\u0131n\u0131n sesi olmaya haz\u0131rlan\u0131rken gazetecili\u011fin de sorunlar\u0131 \u00fczerinde durdu. \u0130lki ger\u00e7ekle\u015fen Bas\u0131n Platformu etkinli\u011fine ba\u015fkanl\u0131k yapan Gazeteci Mehmet Remzi Tan\u0131\u015f,&nbsp;T\u00fcrkiye &#8216;de gazetecilerin [&hellip;]<\/p>\n","protected":false},"author":14,"featured_media":23089,"comment_status":"closed","ping_status":"open","sticky":false,"template":"","format":"standard","meta":{"jnews-multi-image_gallery":[],"jnews_single_post":{"subtitle":"","format":"standard","video":"","gallery":"","source_name":"","source_url":"","via_name":"","via_url":"","override_template":"0","override":[{"template":"1","single_blog_custom":"","parallax":"1","fullscreen":"1","layout":"double-sidebar","sidebar":"single-left","second_sidebar":"default-sidebar","sticky_sidebar":"1","share_position":"top","share_float_style":"share-monocrhome","show_share_counter":"1","show_view_counter":"1","show_featured":"1","show_post_meta":"1","show_post_author":"1","show_post_author_image":"1","show_post_date":"1","post_date_format":"default","post_date_format_custom":"Y\/m\/d","show_post_category":"1","show_post_reading_time":"0","post_reading_time_wpm":"300","show_zoom_button":"0","zoom_button_out_step":"2","zoom_button_in_step":"3","show_post_tag":"1","show_prev_next_post":"1","show_popup_post":"1","number_popup_post":"1","show_author_box":"0","show_post_related":"0","show_inline_post_related":"1"}],"override_image_size":"0","image_override":[{"single_post_thumbnail_size":"crop-500","single_post_gallery_size":"crop-500"}],"trending_post":"0","trending_post_position":"meta","trending_post_label":"Trending","sponsored_post":"0","sponsored_post_label":"Sponsored by","sponsored_post_name":"","sponsored_post_url":"","sponsored_post_logo_enable":"0","sponsored_post_logo":"","sponsored_post_desc":"","disable_ad":"0"},"jnews_primary_category":{"id":"","hide":""},"jnews_social_meta":{"fb_title":"","fb_description":"","fb_image":"","twitter_title":"","twitter_description":"","twitter_image":""},"jnews_override_counter":{"override_view_counter":"0","view_counter_number":"0","override_share_counter":"0","share_counter_number":"0","override_like_counter":"0","like_counter_number":"0","override_dislike_counter":"0","dislike_counter_number":"0"},"footnotes":""},"categories":[1,2085,2348],"tags":[3100,3099],"class_list":["post-23086","post","type-post","status-publish","format-standard","has-post-thumbnail","hentry","category-genel","category-manset-haber","category-manset-yani","tag-basin-platformu","tag-gazeteciler-basin-platformu"],"_links":{"self":[{"href":"https:\/\/iletim.istanbul.edu.tr\/index.php\/wp-json\/wp\/v2\/posts\/23086","targetHints":{"allow":["GET"]}}],"collection":[{"href":"https:\/\/iletim.istanbul.edu.tr\/index.php\/wp-json\/wp\/v2\/posts"}],"about":[{"href":"https:\/\/iletim.istanbul.edu.tr\/index.php\/wp-json\/wp\/v2\/types\/post"}],"author":[{"embeddable":true,"href":"https:\/\/iletim.istanbul.edu.tr\/index.php\/wp-json\/wp\/v2\/users\/14"}],"replies":[{"embeddable":true,"href":"https:\/\/iletim.istanbul.edu.tr\/index.php\/wp-json\/wp\/v2\/comments?post=23086"}],"version-history":[{"count":0,"href":"https:\/\/iletim.istanbul.edu.tr\/index.php\/wp-json\/wp\/v2\/posts\/23086\/revisions"}],"wp:featuredmedia":[{"embeddable":true,"href":"https:\/\/iletim.istanbul.edu.tr\/index.php\/wp-json\/wp\/v2\/media\/23089"}],"wp:attachment":[{"href":"https:\/\/iletim.istanbul.edu.tr\/index.php\/wp-json\/wp\/v2\/media?parent=23086"}],"wp:term":[{"taxonomy":"category","embeddable":true,"href":"https:\/\/iletim.istanbul.edu.tr\/index.php\/wp-json\/wp\/v2\/categories?post=23086"},{"taxonomy":"post_tag","embeddable":true,"href":"https:\/\/iletim.istanbul.edu.tr\/index.php\/wp-json\/wp\/v2\/tags?post=23086"}],"curies":[{"name":"wp","href":"https:\/\/api.w.org\/{rel}","templated":true}]}}