{"id":23130,"date":"2024-05-16T14:43:56","date_gmt":"2024-05-16T11:43:56","guid":{"rendered":"https:\/\/iletim.istanbul.edu.tr\/?p=23130"},"modified":"2024-05-16T14:43:57","modified_gmt":"2024-05-16T11:43:57","slug":"dergi-medyasi-soylesileri-tamamlandi","status":"publish","type":"post","link":"https:\/\/iletim.istanbul.edu.tr\/index.php\/2024\/05\/16\/dergi-medyasi-soylesileri-tamamlandi\/","title":{"rendered":"Dergi Medyas\u0131 S\u00f6yle\u015fileri Tamamland\u0131"},"content":{"rendered":"\n<p><strong><em>Haber: Ya\u011fmur Sertkaya<\/em><\/strong><\/p>\n\n\n\n<p><strong><em>Foto\u011fraf: S\u0131la Ceylan<\/em><\/strong><\/p>\n\n\n\n<p><strong><em>Prof. Dr. Asl\u0131 Yapar G\u00f6nen\u00e7&#8217;in Dergi Medyas\u0131 dersi kapsam\u0131nda d\u00fczenlenen s\u00f6yle\u015filer, edit\u00f6r Asl\u0131 Didari ve edit\u00f6r Cengiz \u00c7ambel&#8217;in kat\u0131l\u0131mlar\u0131yla son buldu.<\/em><\/strong>  <\/p>\n\n\n<div class=\"wp-block-image\">\n<figure class=\"aligncenter size-large is-resized\"><img decoding=\"async\" src=\"https:\/\/iletim.istanbul.edu.tr\/wp-content\/uploads\/DSC_1641-1-1024x683.jpg\" alt=\"\" class=\"wp-image-23144\" width=\"769\" height=\"513\" srcset=\"https:\/\/iletim.istanbul.edu.tr\/wp-content\/uploads\/DSC_1641-1-1024x683.jpg 1024w, https:\/\/iletim.istanbul.edu.tr\/wp-content\/uploads\/DSC_1641-1-300x200.jpg 300w, https:\/\/iletim.istanbul.edu.tr\/wp-content\/uploads\/DSC_1641-1-768x512.jpg 768w, https:\/\/iletim.istanbul.edu.tr\/wp-content\/uploads\/DSC_1641-1-1536x1024.jpg 1536w, https:\/\/iletim.istanbul.edu.tr\/wp-content\/uploads\/DSC_1641-1-2048x1365.jpg 2048w, https:\/\/iletim.istanbul.edu.tr\/wp-content\/uploads\/DSC_1641-1-750x500.jpg 750w, https:\/\/iletim.istanbul.edu.tr\/wp-content\/uploads\/DSC_1641-1-1140x760.jpg 1140w\" sizes=\"(max-width: 769px) 100vw, 769px\" \/><\/figure><\/div>\n\n\n<p><\/p>\n\n\n\n<p>Retail T\u00fcrkiye Edit\u00f6r\u00fc  \u00c7ambel, sekt\u00f6rel dergiler hakk\u0131nda bilgi ve deyimlerini \u00f6\u011frencilere aktard\u0131. Pek \u00e7ok gazete ve dergide \u00e7al\u0131\u015fan \u00c7ambel \u00f6\u011frencilere okul d\u00f6nemlerinde sekt\u00f6rde \u00e7al\u0131\u015fmalar\u0131n\u0131 da tavsiye etti.<\/p>\n\n\n<div class=\"wp-block-image\">\n<figure class=\"aligncenter size-large is-resized\"><img decoding=\"async\" src=\"https:\/\/iletim.istanbul.edu.tr\/wp-content\/uploads\/DSC_1590-1-1-1024x683.jpg\" alt=\"\" class=\"wp-image-23145\" width=\"755\" height=\"504\" srcset=\"https:\/\/iletim.istanbul.edu.tr\/wp-content\/uploads\/DSC_1590-1-1-1024x683.jpg 1024w, https:\/\/iletim.istanbul.edu.tr\/wp-content\/uploads\/DSC_1590-1-1-300x200.jpg 300w, https:\/\/iletim.istanbul.edu.tr\/wp-content\/uploads\/DSC_1590-1-1-768x512.jpg 768w, https:\/\/iletim.istanbul.edu.tr\/wp-content\/uploads\/DSC_1590-1-1-1536x1024.jpg 1536w, https:\/\/iletim.istanbul.edu.tr\/wp-content\/uploads\/DSC_1590-1-1-2048x1365.jpg 2048w, https:\/\/iletim.istanbul.edu.tr\/wp-content\/uploads\/DSC_1590-1-1-750x500.jpg 750w, https:\/\/iletim.istanbul.edu.tr\/wp-content\/uploads\/DSC_1590-1-1-1140x760.jpg 1140w\" sizes=\"(max-width: 755px) 100vw, 755px\" \/><\/figure><\/div>\n\n\n<p><\/p>\n\n\n\n<p>En Son Haber&#8217;de Ekonomi Edit\u00f6rl\u00fc\u011f\u00fc yapan Asl\u0131 Didari ise sekt\u00f6rel ve kurumsal dergilerin farklar\u0131n\u0131 aktard\u0131. Didari ayr\u0131ca dergiyle ilgili hem \u00e7\u0131karma hem de yay\u0131nlanma a\u015famas\u0131nda gerekli yasal s\u00fcre\u00e7leri anlatt\u0131. \u00c7ambel ve Didari son olarak \u00f6\u011frencilere medya sekt\u00f6r\u00fcnde y\u0131lmadan devam etmeleri gerekti\u011fini s\u00f6yleyerek s\u00f6yle\u015fiyi tamamlad\u0131rlar.<\/p>\n\n\n<div class=\"wp-block-image\">\n<figure class=\"aligncenter size-large\"><img decoding=\"async\" width=\"1024\" height=\"683\" src=\"https:\/\/iletim.istanbul.edu.tr\/wp-content\/uploads\/DSC_1616-1-1-1024x683.jpg\" alt=\"\" class=\"wp-image-23147\" srcset=\"https:\/\/iletim.istanbul.edu.tr\/wp-content\/uploads\/DSC_1616-1-1-1024x683.jpg 1024w, https:\/\/iletim.istanbul.edu.tr\/wp-content\/uploads\/DSC_1616-1-1-300x200.jpg 300w, https:\/\/iletim.istanbul.edu.tr\/wp-content\/uploads\/DSC_1616-1-1-768x512.jpg 768w, https:\/\/iletim.istanbul.edu.tr\/wp-content\/uploads\/DSC_1616-1-1-1536x1024.jpg 1536w, https:\/\/iletim.istanbul.edu.tr\/wp-content\/uploads\/DSC_1616-1-1-2048x1365.jpg 2048w, https:\/\/iletim.istanbul.edu.tr\/wp-content\/uploads\/DSC_1616-1-1-750x500.jpg 750w, https:\/\/iletim.istanbul.edu.tr\/wp-content\/uploads\/DSC_1616-1-1-1140x760.jpg 1140w\" sizes=\"(max-width: 1024px) 100vw, 1024px\" \/><\/figure><\/div>","protected":false},"excerpt":{"rendered":"<p>Haber: Ya\u011fmur Sertkaya Foto\u011fraf: S\u0131la Ceylan Prof. Dr. Asl\u0131 Yapar G\u00f6nen\u00e7&#8217;in Dergi Medyas\u0131 dersi kapsam\u0131nda d\u00fczenlenen s\u00f6yle\u015filer, edit\u00f6r Asl\u0131 Didari ve edit\u00f6r Cengiz \u00c7ambel&#8217;in kat\u0131l\u0131mlar\u0131yla son buldu. Retail T\u00fcrkiye Edit\u00f6r\u00fc \u00c7ambel, sekt\u00f6rel dergiler hakk\u0131nda bilgi ve deyimlerini \u00f6\u011frencilere aktard\u0131. Pek \u00e7ok gazete ve dergide \u00e7al\u0131\u015fan \u00c7ambel \u00f6\u011frencilere okul d\u00f6nemlerinde sekt\u00f6rde \u00e7al\u0131\u015fmalar\u0131n\u0131 da tavsiye etti. En [&hellip;]<\/p>\n","protected":false},"author":14,"featured_media":23143,"comment_status":"closed","ping_status":"open","sticky":false,"template":"","format":"standard","meta":{"jnews-multi-image_gallery":[],"jnews_single_post":{"subtitle":"","format":"standard","video":"","gallery":"","source_name":"","source_url":"","via_name":"","via_url":"","override_template":"0","override":[{"template":"1","single_blog_custom":"","parallax":"1","fullscreen":"1","layout":"double-sidebar","sidebar":"single-left","second_sidebar":"default-sidebar","sticky_sidebar":"1","share_position":"top","share_float_style":"share-monocrhome","show_share_counter":"1","show_view_counter":"1","show_featured":"1","show_post_meta":"1","show_post_author":"1","show_post_author_image":"1","show_post_date":"1","post_date_format":"default","post_date_format_custom":"Y\/m\/d","show_post_category":"1","show_post_reading_time":"0","post_reading_time_wpm":"300","show_zoom_button":"0","zoom_button_out_step":"2","zoom_button_in_step":"3","show_post_tag":"1","show_prev_next_post":"1","show_popup_post":"1","number_popup_post":"1","show_author_box":"0","show_post_related":"0","show_inline_post_related":"1"}],"override_image_size":"0","image_override":[{"single_post_thumbnail_size":"crop-500","single_post_gallery_size":"crop-500"}],"trending_post":"0","trending_post_position":"meta","trending_post_label":"Trending","sponsored_post":"0","sponsored_post_label":"Sponsored by","sponsored_post_name":"","sponsored_post_url":"","sponsored_post_logo_enable":"0","sponsored_post_logo":"","sponsored_post_desc":"","disable_ad":"0"},"jnews_primary_category":{"id":"","hide":""},"jnews_social_meta":{"fb_title":"","fb_description":"","fb_image":"","twitter_title":"","twitter_description":"","twitter_image":""},"jnews_override_counter":{"override_view_counter":"0","view_counter_number":"0","override_share_counter":"0","share_counter_number":"0","override_like_counter":"0","like_counter_number":"0","override_dislike_counter":"0","dislike_counter_number":"0"},"footnotes":""},"categories":[24,25,1,159,34,178],"tags":[421,40,43,52],"class_list":["post-23130","post","type-post","status-publish","format-standard","has-post-thumbnail","hentry","category-bilim","category-egitim","category-genel","category-sag-manset","category-universite","category-fakultemizden","tag-dergi-medyasi","tag-iletisim-fakultesi","tag-istanbul-universitesi","tag-iu-iletisim-fakultesi"],"_links":{"self":[{"href":"https:\/\/iletim.istanbul.edu.tr\/index.php\/wp-json\/wp\/v2\/posts\/23130","targetHints":{"allow":["GET"]}}],"collection":[{"href":"https:\/\/iletim.istanbul.edu.tr\/index.php\/wp-json\/wp\/v2\/posts"}],"about":[{"href":"https:\/\/iletim.istanbul.edu.tr\/index.php\/wp-json\/wp\/v2\/types\/post"}],"author":[{"embeddable":true,"href":"https:\/\/iletim.istanbul.edu.tr\/index.php\/wp-json\/wp\/v2\/users\/14"}],"replies":[{"embeddable":true,"href":"https:\/\/iletim.istanbul.edu.tr\/index.php\/wp-json\/wp\/v2\/comments?post=23130"}],"version-history":[{"count":0,"href":"https:\/\/iletim.istanbul.edu.tr\/index.php\/wp-json\/wp\/v2\/posts\/23130\/revisions"}],"wp:featuredmedia":[{"embeddable":true,"href":"https:\/\/iletim.istanbul.edu.tr\/index.php\/wp-json\/wp\/v2\/media\/23143"}],"wp:attachment":[{"href":"https:\/\/iletim.istanbul.edu.tr\/index.php\/wp-json\/wp\/v2\/media?parent=23130"}],"wp:term":[{"taxonomy":"category","embeddable":true,"href":"https:\/\/iletim.istanbul.edu.tr\/index.php\/wp-json\/wp\/v2\/categories?post=23130"},{"taxonomy":"post_tag","embeddable":true,"href":"https:\/\/iletim.istanbul.edu.tr\/index.php\/wp-json\/wp\/v2\/tags?post=23130"}],"curies":[{"name":"wp","href":"https:\/\/api.w.org\/{rel}","templated":true}]}}