{"id":23357,"date":"2024-07-19T23:46:58","date_gmt":"2024-07-19T20:46:58","guid":{"rendered":"https:\/\/iletim.istanbul.edu.tr\/?p=23357"},"modified":"2024-07-19T23:46:59","modified_gmt":"2024-07-19T20:46:59","slug":"universiteli-taraftar-gruplari","status":"publish","type":"post","link":"https:\/\/iletim.istanbul.edu.tr\/index.php\/2024\/07\/19\/universiteli-taraftar-gruplari\/","title":{"rendered":"\u00dcniversiteli Taraftar Gruplar\u0131"},"content":{"rendered":"\n<p><strong><em>Haber: Zeynep Kaplan<\/em><\/strong><\/p>\n\n\n\n<p><strong><em>Trib\u00fcnlerdeki pankartlar, sanat\u00e7\u0131lar, tak\u0131mlar\u0131n\u0131n daim\u00ee destek\u00e7ileri, gen\u00e7 ve etkili<br>taraftarlar, futbol kul\u00fcplerinin \u00fcniversitedeki temsilcileri; \u00fcniversiteli taraftar gruplar\u0131.<\/em><\/strong><\/p>\n\n\n\n<p><br><strong><em>Ba\u015fta \u0130ngiltere, \u0130talya, Arjantin, \u0130spanya ve Brezilya olmak \u00fczere en k\u00f6kl\u00fc futbol<br>\u00fclkelerinin i\u00e7erisinde \u015f\u00fcphesiz T\u00fcrkiye de yer almakta. T\u00fcrkiye\u2019deki futbol co\u015fkusu ya\u015f,<br>cinsiyet, sosyok\u00fclt\u00fcrel ve ekonomik ayr\u0131m g\u00f6zetmeksizin insanlar\u0131n i\u00e7inde b\u00fcy\u00fck bir yer<br>kapl\u0131yor. Bu co\u015fkudan T\u00fcrkiye\u2019deki \u00fcniversite gen\u00e7li\u011fi de pay\u0131na d\u00fc\u015feni al\u0131yor. B\u00fcy\u00fck<br>futbol kul\u00fcplerine g\u00f6n\u00fcl veren \u00fcniversite \u00f6\u011frencileri hemen hemen her \u00fcniversitede bir<br>araya gelerek taraftar gruplar\u0131 kuruyorlar. Bu gruplar genelde \u00f6\u011frenci kul\u00fcpleri \u015feklinde<br>oluyor ve gen\u00e7lerin sosyalle\u015fmesinde \u00f6nemli rol oynuyor. \u015e\u00fcphesiz \u00fcniversiteli taraftar<br>gruplar\u0131n\u0131n temsilcilerinin de bu olu\u015fumlarla ilgili s\u00f6yleyecek s\u00f6zleri bulunuyor.<\/em><\/strong><\/p>\n\n\n\n<p><br><strong>1907 \u00dcN\u0130FEB<\/strong><\/p>\n\n\n\n<figure class=\"wp-block-gallery has-nested-images columns-default is-cropped wp-block-gallery-1 is-layout-flex wp-block-gallery-is-layout-flex\">\n<figure class=\"wp-block-image size-full\"><img decoding=\"async\" width=\"599\" height=\"502\" data-id=\"23360\" src=\"https:\/\/iletim.istanbul.edu.tr\/wp-content\/uploads\/b897c28f-b666-49a8-96c5-42248505cecb.jpg\" alt=\"\" class=\"wp-image-23360\" srcset=\"https:\/\/iletim.istanbul.edu.tr\/wp-content\/uploads\/b897c28f-b666-49a8-96c5-42248505cecb.jpg 599w, https:\/\/iletim.istanbul.edu.tr\/wp-content\/uploads\/b897c28f-b666-49a8-96c5-42248505cecb-300x251.jpg 300w\" sizes=\"(max-width: 599px) 100vw, 599px\" \/><\/figure>\n\n\n\n<figure class=\"wp-block-image size-full\"><img decoding=\"async\" width=\"1280\" height=\"960\" data-id=\"23362\" src=\"https:\/\/iletim.istanbul.edu.tr\/wp-content\/uploads\/cc24cd06-4f38-46db-9dc9-9d299f4340d0.jpg\" alt=\"\" class=\"wp-image-23362\" srcset=\"https:\/\/iletim.istanbul.edu.tr\/wp-content\/uploads\/cc24cd06-4f38-46db-9dc9-9d299f4340d0.jpg 1280w, https:\/\/iletim.istanbul.edu.tr\/wp-content\/uploads\/cc24cd06-4f38-46db-9dc9-9d299f4340d0-300x225.jpg 300w, https:\/\/iletim.istanbul.edu.tr\/wp-content\/uploads\/cc24cd06-4f38-46db-9dc9-9d299f4340d0-1024x768.jpg 1024w, https:\/\/iletim.istanbul.edu.tr\/wp-content\/uploads\/cc24cd06-4f38-46db-9dc9-9d299f4340d0-768x576.jpg 768w, https:\/\/iletim.istanbul.edu.tr\/wp-content\/uploads\/cc24cd06-4f38-46db-9dc9-9d299f4340d0-750x563.jpg 750w, https:\/\/iletim.istanbul.edu.tr\/wp-content\/uploads\/cc24cd06-4f38-46db-9dc9-9d299f4340d0-1140x855.jpg 1140w\" sizes=\"(max-width: 1280px) 100vw, 1280px\" \/><\/figure>\n<\/figure>\n\n\n\n<p><br>Ba\u015flang\u0131\u00e7ta her okulun kendi \u2018\u00dcniversiteli Fenerbah\u00e7eliler Birli\u011fi\u2019 ad\u0131 alt\u0131nda taraftar<br>topluluklar\u0131 vard\u0131r. \u0130simleri farkl\u0131 fakat ama\u00e7lar\u0131 ayn\u0131d\u0131r. \u00d6rne\u011fin 12 Kas\u0131m 2001\u2019de<br>kurulan \u0130stanbul \u00dcniversitesi Fenerbah\u00e7eliler Birli\u011fi, \u0130\u00dcFEB (g\u00f6rseli var) olarak ge\u00e7mi\u015ftir.<br>Ayn\u0131 isimle ayn\u0131 \u00e7at\u0131 alt\u0131na toplanmak isteyen \u00dcniversiteli Fenerbah\u00e7eliler, 1907 \u00dcN\u0130FEB<br>ismiyle, Bilgi \u00dcniversitesi, \u0130stanbul Teknik \u00dcniversitesi, Y\u0131ld\u0131z Teknik \u00dcniversitesi ve<br>Bo\u011fazi\u00e7i \u00dcniversitesi\u2019nin \u00f6nc\u00fcl\u00fc\u011f\u00fcnde kuruldu. Daha sonra di\u011fer t\u00fcm \u00fcniversitelerin bu<br>ba\u015fl\u0131k ad\u0131 alt\u0131nda toplanmas\u0131yla bug\u00fcnlere kadar gelmi\u015ftir.<\/p>\n\n\n\n<p><br><strong>T\u00fcrkiye\u2019nin ve Fenerbah\u00e7e\u2019nin Ayd\u0131nl\u0131k Gelece\u011fi<\/strong><\/p>\n\n\n\n<p><br>\u00dcN\u0130FEB\u2019i tan\u0131mlayan \u0130stanbul \u00dcniversitesi 1907 \u00dcN\u0130FEB Ba\u015fkan\u0131 Emre Oru\u00e7, \u201c1907<br>\u00dcN\u0130FEB T\u00fcrkiye genelinde e\u011fitim g\u00f6ren \u00fcniversite \u00f6\u011frencilerini ayn\u0131 \u00e7at\u0131 alt\u0131nda toplay\u0131p<br>Fenerbah\u00e7e\u2019mizi desteklemesini ve bir dostluk kurmas\u0131n\u0131 hedefleyen bir sivil toplum \u00f6rg\u00fct\u00fcd\u00fcr. Bir\u00e7ok organizasyonu, projesiyle birlikte kendimizi en g\u00fczel slogan\u0131m\u0131z olan<br>\u2018T\u00fcrkiye\u2019nin ve Fenerbah\u00e7e\u2019nin ayd\u0131nl\u0131k gelece\u011fi\u2019 olarak tan\u0131mlayabiliriz.\u201d dedi.<br>Yaln\u0131zca bir trib\u00fcn grubu de\u011fil, ayn\u0131 zamanda bir sivil toplum \u00f6rg\u00fct\u00fc olduklar\u0131n\u0131 s\u00f6yleyen<br>Oru\u00e7, b\u00fcnyelerindeki i\u015f b\u00f6l\u00fcm\u00fcn\u00fc \u015f\u00f6yle anlatt\u0131; \u201cB\u00fcnyemizdeki her bir \u00fcniversite<br>\u00f6rg\u00fctlenmesi; \u00fcr\u00fcn, web, trib\u00fcn, \u00f6rg\u00fctlenme, \u00fcyelik, organizasyon ve projeler<br>sorumlular\u0131ndan olu\u015fuyor. Projelerimiz hem \u00fcniversite baz\u0131nda hem de \u00dcN\u0130FEB\u2019de yer<br>alan ilgili arkada\u015flar\u0131n\u0131 y\u00fcr\u00fctt\u00fc\u011f\u00fc \u00e7e\u015fitli i\u015fbirlikleri ile y\u00fcr\u00fcyor.\u201d<\/p>\n\n\n\n<figure class=\"wp-block-image size-large\"><img decoding=\"async\" width=\"1024\" height=\"628\" src=\"https:\/\/iletim.istanbul.edu.tr\/wp-content\/uploads\/56ccf663-927d-4d2c-bf8d-bc41b60b85ad-1024x628.jpg\" alt=\"\" class=\"wp-image-23361\" srcset=\"https:\/\/iletim.istanbul.edu.tr\/wp-content\/uploads\/56ccf663-927d-4d2c-bf8d-bc41b60b85ad-1024x628.jpg 1024w, https:\/\/iletim.istanbul.edu.tr\/wp-content\/uploads\/56ccf663-927d-4d2c-bf8d-bc41b60b85ad-300x184.jpg 300w, https:\/\/iletim.istanbul.edu.tr\/wp-content\/uploads\/56ccf663-927d-4d2c-bf8d-bc41b60b85ad-768x471.jpg 768w, https:\/\/iletim.istanbul.edu.tr\/wp-content\/uploads\/56ccf663-927d-4d2c-bf8d-bc41b60b85ad-1536x942.jpg 1536w, https:\/\/iletim.istanbul.edu.tr\/wp-content\/uploads\/56ccf663-927d-4d2c-bf8d-bc41b60b85ad-2048x1256.jpg 2048w, https:\/\/iletim.istanbul.edu.tr\/wp-content\/uploads\/56ccf663-927d-4d2c-bf8d-bc41b60b85ad-750x460.jpg 750w, https:\/\/iletim.istanbul.edu.tr\/wp-content\/uploads\/56ccf663-927d-4d2c-bf8d-bc41b60b85ad-1140x699.jpg 1140w\" sizes=\"(max-width: 1024px) 100vw, 1024px\" \/><\/figure>\n\n\n\n<p><br>Bu \u00f6rg\u00fctlenmenin i\u015fleyi\u015fine de de\u011finen Oru\u00e7; \u201c\u0130\u00e7inde bulundu\u011fumuz toplumun nerede bir<br>kanayan yaras\u0131 varsa ya da medyaya ta\u015f\u0131nmas\u0131 gereken bir \u015fey varsa onunla ilgileniyoruz.<br>\u00d6rnek olarak Dar\u00fc\u015f\u015fafaka\u2019y\u0131 s\u00f6yleyebilirim. Oradaki \u00e7ocuklarla etkinlikler yap\u0131yoruz;<br>ma\u00e7la ilgili etkinlikler, sosyal etkinlikler, film izlemek, onlarla vakit ge\u00e7irmek gibi. B\u00f6yle<br>etkinliklerimizle sadece bir trib\u00fcn grubu olmaktan \u00e7\u0131k\u0131p sivil toplum \u00f6rg\u00fct\u00fc oluyoruz.\u2019\u2019<br>\u015feklinde konu\u015ftu.<\/p>\n\n\n\n<p><br><strong>4 Y\u0131ll\u0131k De\u011fil 40 Y\u0131ll\u0131k Dostluk<\/strong><\/p>\n\n\n<div class=\"wp-block-image\">\n<figure class=\"alignleft size-full is-resized\"><img decoding=\"async\" src=\"https:\/\/iletim.istanbul.edu.tr\/wp-content\/uploads\/IMG_2084.jpg\" alt=\"\" class=\"wp-image-23364\" width=\"422\" height=\"264\" srcset=\"https:\/\/iletim.istanbul.edu.tr\/wp-content\/uploads\/IMG_2084.jpg 750w, https:\/\/iletim.istanbul.edu.tr\/wp-content\/uploads\/IMG_2084-300x188.jpg 300w\" sizes=\"(max-width: 422px) 100vw, 422px\" \/><\/figure><\/div>\n\n\n<p><br>Okul hayatlar\u0131 bitse de Fenerbah\u00e7e sayesinde kazand\u0131klar\u0131 dostluklar\u0131n bir \u00f6m\u00fcr devam<br>etti\u011fini anlatan 1907 \u00dcN\u0130FEB temsilcileri, sloganlar\u0131 olan \u20184 y\u0131ll\u0131k de\u011fil 40 y\u0131ll\u0131k dostluk\u2019<br>ifadesinden bahsetti. Kendilerinin \u00fcniversite \u00f6\u011frencileri olarak T\u00fcrkiye\u2019nin gelece\u011finde s\u00f6z<br>sahibi olan insanlar oldu\u011funu, aralar\u0131ndan \u00e7\u0131kan mezunlar\u0131n g\u00fcn\u00fc geldi\u011finde en iyi yerlere,<br>en g\u00fczel pozisyonlara geldi\u011finde Fenerbah\u00e7e\u2019yi desteklemeye devam edeceklerini s\u00f6yledi.<br>Misyonlar\u0131n\u0131n ise bu dostluk ortam\u0131ndaki insanlar\u0131n birbirine destek olarak Fenerbah\u00e7e\u2019ye<br>ve T\u00fcrkiye\u2019ye de\u011fer katmas\u0131 oldu\u011funu s\u00f6zlerine ekledi.<\/p>\n\n\n\n<p><br><strong>\u2018G\u00f6rmezden Gelme\u2019 ve \u2018Leyla\u2019dan Sonra\u2019 Projeleri<\/strong><\/p>\n\n\n\n<p><br>Kendilerini sivil toplum \u00f6rg\u00fct\u00fc olarak tan\u0131mlayan 1907 \u00dcN\u0130FEB temsilcileri, \u2018G\u00f6rmezden<br>Gelme\u2019 adl\u0131 projelerinden bahsetti. Bu projede g\u00f6rme engelli vatanda\u015flara bir cihaz<br>\u00fczerinden canl\u0131 olarak ma\u00e7 anlatt\u0131klar\u0131n\u0131, kul\u00fcplerinin de be\u011fendi\u011fi bir uygulama<br>oldu\u011funu aktard\u0131lar. Ge\u00e7ti\u011fimiz d\u00f6nem \u0130stanbul Olimpiyat Stadyumu\u2019nda oynanan <\/p>\n\n\n\n<p>\u015eampiyonlar Ligi finalinde uluslararas\u0131 d\u00fczeyde bu etkinli\u011fi ger\u00e7ekle\u015ftirdiklerini de<br>s\u00f6zlerine eklediler.<br>Bir di\u011fer projeleri olan \u2018Leyla\u2019dan Sonra\u2019 isimli projelerini de anlatan Emre Oru\u00e7, \u201cBu<br>projede onkoloji tedavisi g\u00f6ren gen\u00e7 karde\u015flerimizin Fenerbah\u00e7e ile ilgili hayallerini<br>ger\u00e7ekle\u015ftiriyoruz. Forma olabilir, Fenerium \u00fcr\u00fcn\u00fc olabilir, bir futbolcuyla tan\u0131\u015fmak<br>olabilir. Onlar\u0131n hayallerini ger\u00e7ekle\u015ftirmeye \u00e7al\u0131\u015f\u0131yoruz. Sosyal medyada \u00dcN\u0130FEBCARES hashtagi ile \u00dcN\u0130FEB&#8217;in yapt\u0131\u011f\u0131 projeleri g\u00f6rebilirsiniz.&#8221; dedi.<\/p>\n\n\n\n<figure class=\"wp-block-gallery has-nested-images columns-default is-cropped wp-block-gallery-2 is-layout-flex wp-block-gallery-is-layout-flex\">\n<figure class=\"wp-block-image size-large\"><img decoding=\"async\" width=\"1024\" height=\"768\" data-id=\"23366\" src=\"https:\/\/iletim.istanbul.edu.tr\/wp-content\/uploads\/IMG_2071-1024x768.jpg\" alt=\"\" class=\"wp-image-23366\" srcset=\"https:\/\/iletim.istanbul.edu.tr\/wp-content\/uploads\/IMG_2071-1024x768.jpg 1024w, https:\/\/iletim.istanbul.edu.tr\/wp-content\/uploads\/IMG_2071-300x225.jpg 300w, https:\/\/iletim.istanbul.edu.tr\/wp-content\/uploads\/IMG_2071-768x576.jpg 768w, https:\/\/iletim.istanbul.edu.tr\/wp-content\/uploads\/IMG_2071-750x563.jpg 750w, https:\/\/iletim.istanbul.edu.tr\/wp-content\/uploads\/IMG_2071-1140x855.jpg 1140w, https:\/\/iletim.istanbul.edu.tr\/wp-content\/uploads\/IMG_2071.jpg 1280w\" sizes=\"(max-width: 1024px) 100vw, 1024px\" \/><\/figure>\n\n\n\n<figure class=\"wp-block-image size-large\"><img decoding=\"async\" width=\"750\" height=\"449\" data-id=\"23365\" src=\"https:\/\/iletim.istanbul.edu.tr\/wp-content\/uploads\/IMG_2077-2.jpg\" alt=\"\" class=\"wp-image-23365\" srcset=\"https:\/\/iletim.istanbul.edu.tr\/wp-content\/uploads\/IMG_2077-2.jpg 750w, https:\/\/iletim.istanbul.edu.tr\/wp-content\/uploads\/IMG_2077-2-300x180.jpg 300w\" sizes=\"(max-width: 750px) 100vw, 750px\" \/><\/figure>\n<\/figure>\n\n\n\n<p><strong>ultrAslan UNI<\/strong><\/p>\n\n\n\n<p><br>Galatasaray\u2019\u0131n tek \u00fcniversite olu\u015fumu olan ultrAslan UNI, geride b\u0131rak\u0131lan 20 senede<br>T\u00fcrkiye\u2019nin bir\u00e7ok \u00fcniversitesinde varl\u0131\u011f\u0131n\u0131 s\u00fcrd\u00fcrmektedir. 2001 y\u0131l\u0131nda Ali Sami Yen<br>Stad\u0131 eski a\u00e7\u0131k trib\u00fcn\u00fcnde ba\u015flan\u0131lan bu ser\u00fcvende, bug\u00fcnk\u00fc temsilciler de ge\u00e7mi\u015fteki<br>Galatasarayl\u0131lardan ald\u0131klar\u0131 bayra\u011f\u0131 g\u00fcn\u00fcm\u00fcze ta\u015f\u0131y\u0131p ultrAslan ad\u0131n\u0131 ya\u015fatmaya<br>\u00e7al\u0131\u015f\u0131yorlar. \u0130stinye \u00dcniversitesi ultrAslan UNI Ba\u015fkan\u0131 Yi\u011fit Ert\u00fcrk, ultrAslan UNI<br>olarak bran\u015f fark etmeksizin \u2018arman\u0131n pe\u015finde\u2019 olduklar\u0131n\u0131 belirtti.<\/p>\n\n\n\n<figure class=\"wp-block-gallery has-nested-images columns-default is-cropped wp-block-gallery-3 is-layout-flex wp-block-gallery-is-layout-flex\">\n<figure class=\"wp-block-image size-large\"><img decoding=\"async\" width=\"1024\" height=\"680\" data-id=\"23367\" src=\"https:\/\/iletim.istanbul.edu.tr\/wp-content\/uploads\/WhatsApp-Image-2024-07-19-at-11.24.36-PM-1-1024x680.jpeg\" alt=\"\" class=\"wp-image-23367\" srcset=\"https:\/\/iletim.istanbul.edu.tr\/wp-content\/uploads\/WhatsApp-Image-2024-07-19-at-11.24.36-PM-1-1024x680.jpeg 1024w, https:\/\/iletim.istanbul.edu.tr\/wp-content\/uploads\/WhatsApp-Image-2024-07-19-at-11.24.36-PM-1-300x199.jpeg 300w, https:\/\/iletim.istanbul.edu.tr\/wp-content\/uploads\/WhatsApp-Image-2024-07-19-at-11.24.36-PM-1-768x510.jpeg 768w, https:\/\/iletim.istanbul.edu.tr\/wp-content\/uploads\/WhatsApp-Image-2024-07-19-at-11.24.36-PM-1-1536x1020.jpeg 1536w, https:\/\/iletim.istanbul.edu.tr\/wp-content\/uploads\/WhatsApp-Image-2024-07-19-at-11.24.36-PM-1-750x498.jpeg 750w, https:\/\/iletim.istanbul.edu.tr\/wp-content\/uploads\/WhatsApp-Image-2024-07-19-at-11.24.36-PM-1-1140x757.jpeg 1140w, https:\/\/iletim.istanbul.edu.tr\/wp-content\/uploads\/WhatsApp-Image-2024-07-19-at-11.24.36-PM-1.jpeg 1600w\" sizes=\"(max-width: 1024px) 100vw, 1024px\" \/><\/figure>\n\n\n\n<figure class=\"wp-block-image size-large\"><img decoding=\"async\" width=\"1024\" height=\"680\" data-id=\"23368\" src=\"https:\/\/iletim.istanbul.edu.tr\/wp-content\/uploads\/WhatsApp-Image-2024-07-19-at-11.24.36-PM-1024x680.jpeg\" alt=\"\" class=\"wp-image-23368\" srcset=\"https:\/\/iletim.istanbul.edu.tr\/wp-content\/uploads\/WhatsApp-Image-2024-07-19-at-11.24.36-PM-1024x680.jpeg 1024w, https:\/\/iletim.istanbul.edu.tr\/wp-content\/uploads\/WhatsApp-Image-2024-07-19-at-11.24.36-PM-300x199.jpeg 300w, https:\/\/iletim.istanbul.edu.tr\/wp-content\/uploads\/WhatsApp-Image-2024-07-19-at-11.24.36-PM-768x510.jpeg 768w, https:\/\/iletim.istanbul.edu.tr\/wp-content\/uploads\/WhatsApp-Image-2024-07-19-at-11.24.36-PM-1536x1020.jpeg 1536w, https:\/\/iletim.istanbul.edu.tr\/wp-content\/uploads\/WhatsApp-Image-2024-07-19-at-11.24.36-PM-750x498.jpeg 750w, https:\/\/iletim.istanbul.edu.tr\/wp-content\/uploads\/WhatsApp-Image-2024-07-19-at-11.24.36-PM-1140x757.jpeg 1140w, https:\/\/iletim.istanbul.edu.tr\/wp-content\/uploads\/WhatsApp-Image-2024-07-19-at-11.24.36-PM.jpeg 1600w\" sizes=\"(max-width: 1024px) 100vw, 1024px\" \/><\/figure>\n<\/figure>\n\n\n\n<p><br><strong>Gelenekselle\u015fen Y\u0131l Sonu Okul Yard\u0131m\u0131<\/strong><\/p>\n\n\n<div class=\"wp-block-image\">\n<figure class=\"alignright size-large is-resized\"><img decoding=\"async\" src=\"https:\/\/iletim.istanbul.edu.tr\/wp-content\/uploads\/c7172889-c184-4f0b-bc2c-bee3c157c380-1024x554.jpg\" alt=\"\" class=\"wp-image-23369\" width=\"536\" height=\"290\" srcset=\"https:\/\/iletim.istanbul.edu.tr\/wp-content\/uploads\/c7172889-c184-4f0b-bc2c-bee3c157c380-1024x554.jpg 1024w, https:\/\/iletim.istanbul.edu.tr\/wp-content\/uploads\/c7172889-c184-4f0b-bc2c-bee3c157c380-300x162.jpg 300w, https:\/\/iletim.istanbul.edu.tr\/wp-content\/uploads\/c7172889-c184-4f0b-bc2c-bee3c157c380-768x415.jpg 768w, https:\/\/iletim.istanbul.edu.tr\/wp-content\/uploads\/c7172889-c184-4f0b-bc2c-bee3c157c380-1140x616.jpg 1140w, https:\/\/iletim.istanbul.edu.tr\/wp-content\/uploads\/c7172889-c184-4f0b-bc2c-bee3c157c380-750x406.jpg 750w, https:\/\/iletim.istanbul.edu.tr\/wp-content\/uploads\/c7172889-c184-4f0b-bc2c-bee3c157c380.jpg 1143w\" sizes=\"(max-width: 536px) 100vw, 536px\" \/><\/figure><\/div>\n\n\n<p><br>Sosyal sorumluluk projelerine b\u00fcy\u00fck \u00f6nem verdiklerini aktaran ultrAslan UNI<br>temsilcilerinden Tu\u011frul Berkay \u00c7aylak, her y\u0131lsonu ger\u00e7ekle\u015ftirdikleri \u2018ultrAslan UNI<br>Kalpleri Is\u0131t\u0131yor\u2019 adl\u0131 projelerinden ve bu projede yapt\u0131klar\u0131ndan bahsetti. Her y\u0131l sonu<br>geleneksel olarak ihtiya\u00e7 sahibi bir okul belirlenerek \u00fclke genelindeki t\u00fcm ultrAslan UNI<br>temsilcilikleriyle gittikleri okullara yard\u0131m yap\u0131l\u0131yor, ihtiya\u00e7lar\u0131 gideriliyor, k\u00fct\u00fcphaneler,<br>m\u00fczik s\u0131n\u0131flar\u0131 a\u00e7\u0131l\u0131yor, okulda gerekli olan malzemeler kar\u015f\u0131lan\u0131yor. Bu y\u0131l<br>Kahramanmara\u015f\u2019taki bir ortaokulda bulu\u015fan ultrAslan UNI temsilcileri, \u00f6zellikle son y\u0131llarda deprem b\u00f6lgesindeki okullara gitmeye \u00f6zen<br>g\u00f6sterdiklerini aktard\u0131. Ayn\u0131 zamanda her Ramazan ay\u0131nda ger\u00e7ekle\u015ftirdikleri iftar<br>organizasyonunun Hatay Antakya\u2019da ger\u00e7ekle\u015ftirildi\u011fini de s\u00f6zlerine ekledi.<\/p>\n\n\n\n<p><br><strong>Organizasyonlar ve B\u00fcy\u00fck Dostluklar<\/strong><\/p>\n\n\n\n<p>ultrAslan UNI \u00fcyelerinin ayr\u0131cal\u0131klar\u0131na da de\u011finen sar\u0131 k\u0131rm\u0131z\u0131l\u0131 destek\u00e7iler, her \u00fcyeye<br>\u00f6zel kart bast\u0131r\u0131ld\u0131\u011f\u0131n\u0131 ve bu kartlar sayesinde \u00fcyelerin kad\u0131n futbol, altyap\u0131 ma\u00e7lar\u0131 gibi<br>ma\u00e7lara kat\u0131labildiklerini s\u00f6yledi. Ayr\u0131ca yap\u0131lan t\u00fcm etkinliklerden haberdar<br>olabileceklerini, koreografi \u00e7al\u0131\u015fmalar\u0131nda bulunup \u015fovun bir par\u00e7as\u0131 olabileceklerini ve<br>nihayetinde b\u00fcy\u00fck dostluklar\u0131n ba\u015flad\u0131\u011f\u0131n\u0131 aktard\u0131lar. ultrAslan UNI \u0130stinye \u00dcniversitesi<br>Ba\u015fkan\u0131 Yi\u011fit Ert\u00fcrk, \u201cBildi\u011finiz \u00fczere bizler \u00fcniversite \u00f6\u011frencileriyiz ve hepimizin ortak<br>noktas\u0131 Galatasaray olsa da farkl\u0131 farkl\u0131 b\u00f6l\u00fcmlerde okuyan arkada\u015flar\u0131m\u0131z hem okul<br>i\u00e7inde hem de mezun olduktan sonra hayatlar\u0131nda, birbirlerinin g\u00fczel g\u00fcnlerinde k\u00f6t\u00fc<br>g\u00fcnlerinde T\u00fcrkiye&#8217;nin d\u00f6rt bir yan\u0131nda dostluklar biriktirmi\u015f oluyorlar.\u201d \u015feklinde konu\u015ftu.<br>Ert\u00fcrk, bu dostlar\u0131n aras\u0131na kat\u0131lmak isteyen Galatasarayl\u0131lar\u0131n temsilciliklerinin<br>bulundu\u011fu \u00fcniversiteye kay\u0131t olduktan sonra stant d\u00f6neminde \u00fcye olabileceklerini ya da<br>temsilciliklerin sosyal medya hesaplar\u0131na ula\u015farak \u00fcyelik i\u015flemini ger\u00e7ekle\u015ftirebileceklerini<br>de s\u00f6zlerine ekledi.<\/p>\n\n\n\n<figure class=\"wp-block-gallery has-nested-images columns-default is-cropped wp-block-gallery-4 is-layout-flex wp-block-gallery-is-layout-flex\">\n<figure class=\"wp-block-image size-large\"><img decoding=\"async\" width=\"1024\" height=\"761\" data-id=\"23371\" src=\"https:\/\/iletim.istanbul.edu.tr\/wp-content\/uploads\/70409a53-0a0e-40aa-a478-67728fb29e60-1024x761.jpg\" alt=\"\" class=\"wp-image-23371\" srcset=\"https:\/\/iletim.istanbul.edu.tr\/wp-content\/uploads\/70409a53-0a0e-40aa-a478-67728fb29e60-1024x761.jpg 1024w, https:\/\/iletim.istanbul.edu.tr\/wp-content\/uploads\/70409a53-0a0e-40aa-a478-67728fb29e60-300x223.jpg 300w, https:\/\/iletim.istanbul.edu.tr\/wp-content\/uploads\/70409a53-0a0e-40aa-a478-67728fb29e60-768x571.jpg 768w, https:\/\/iletim.istanbul.edu.tr\/wp-content\/uploads\/70409a53-0a0e-40aa-a478-67728fb29e60-750x558.jpg 750w, https:\/\/iletim.istanbul.edu.tr\/wp-content\/uploads\/70409a53-0a0e-40aa-a478-67728fb29e60-1140x847.jpg 1140w, https:\/\/iletim.istanbul.edu.tr\/wp-content\/uploads\/70409a53-0a0e-40aa-a478-67728fb29e60.jpg 1169w\" sizes=\"(max-width: 1024px) 100vw, 1024px\" \/><\/figure>\n\n\n\n<figure class=\"wp-block-image size-large\"><img decoding=\"async\" width=\"1024\" height=\"459\" data-id=\"23370\" src=\"https:\/\/iletim.istanbul.edu.tr\/wp-content\/uploads\/56338113-6e4a-4e48-80de-bc672b5da32d-1024x459.jpg\" alt=\"\" class=\"wp-image-23370\" srcset=\"https:\/\/iletim.istanbul.edu.tr\/wp-content\/uploads\/56338113-6e4a-4e48-80de-bc672b5da32d-1024x459.jpg 1024w, https:\/\/iletim.istanbul.edu.tr\/wp-content\/uploads\/56338113-6e4a-4e48-80de-bc672b5da32d-300x134.jpg 300w, https:\/\/iletim.istanbul.edu.tr\/wp-content\/uploads\/56338113-6e4a-4e48-80de-bc672b5da32d-768x344.jpg 768w, https:\/\/iletim.istanbul.edu.tr\/wp-content\/uploads\/56338113-6e4a-4e48-80de-bc672b5da32d-750x336.jpg 750w, https:\/\/iletim.istanbul.edu.tr\/wp-content\/uploads\/56338113-6e4a-4e48-80de-bc672b5da32d-1140x511.jpg 1140w, https:\/\/iletim.istanbul.edu.tr\/wp-content\/uploads\/56338113-6e4a-4e48-80de-bc672b5da32d.jpg 1169w\" sizes=\"(max-width: 1024px) 100vw, 1024px\" \/><\/figure>\n<\/figure>\n\n\n\n<p><br><strong>TRABZONSPOR UNIGG<\/strong><\/p>\n\n\n\n<figure class=\"wp-block-image size-large\"><img decoding=\"async\" width=\"1024\" height=\"768\" src=\"https:\/\/iletim.istanbul.edu.tr\/wp-content\/uploads\/WhatsApp-Image-2024-07-19-at-11.28.36-PM-1-1024x768.jpeg\" alt=\"\" class=\"wp-image-23376\" srcset=\"https:\/\/iletim.istanbul.edu.tr\/wp-content\/uploads\/WhatsApp-Image-2024-07-19-at-11.28.36-PM-1-1024x768.jpeg 1024w, https:\/\/iletim.istanbul.edu.tr\/wp-content\/uploads\/WhatsApp-Image-2024-07-19-at-11.28.36-PM-1-300x225.jpeg 300w, https:\/\/iletim.istanbul.edu.tr\/wp-content\/uploads\/WhatsApp-Image-2024-07-19-at-11.28.36-PM-1-768x576.jpeg 768w, https:\/\/iletim.istanbul.edu.tr\/wp-content\/uploads\/WhatsApp-Image-2024-07-19-at-11.28.36-PM-1-1536x1152.jpeg 1536w, https:\/\/iletim.istanbul.edu.tr\/wp-content\/uploads\/WhatsApp-Image-2024-07-19-at-11.28.36-PM-1-750x563.jpeg 750w, https:\/\/iletim.istanbul.edu.tr\/wp-content\/uploads\/WhatsApp-Image-2024-07-19-at-11.28.36-PM-1-1140x855.jpeg 1140w, https:\/\/iletim.istanbul.edu.tr\/wp-content\/uploads\/WhatsApp-Image-2024-07-19-at-11.28.36-PM-1.jpeg 1600w\" sizes=\"(max-width: 1024px) 100vw, 1024px\" \/><\/figure>\n\n\n\n<p><br>8 A\u011fustos 2002\u2019de Ankara\u2019da \u00dcniversiteli Trabzonsporlular temelinin at\u0131lmas\u0131n\u0131n ard\u0131ndan<br>21 Temmuz 2006 y\u0131l\u0131nda ise \u0130stanbul\u2019da UNITS olarak kuruldu. Bu \u015fekilde farkl\u0131 okullarda<br>da faaliyete ba\u015flayan UNITS, 25 Eyl\u00fcl 2018\u2019de Trabzonspor UNIGG ad\u0131n\u0131 alarak tek bir<br>\u00e7at\u0131 alt\u0131nda topland\u0131 ve bu isimle devam etti.<\/p>\n\n\n\n<p><br><strong>Her Yerde Trabzonspor\u2019a Destek<\/strong><\/p>\n\n\n\n<p><br>UNIGG\u2019nin ama\u00e7lar\u0131 ve vizyonu hakk\u0131nda konu\u015fan \u0130stanbul \u00dcniversitesi Trabzonspor<br>UNIGG ba\u015fkan\u0131 \u0130smail Ayd\u0131n, as\u0131l ama\u00e7lar\u0131n\u0131n \u2018Gurbet\u00e7i Gen\u00e7ler\u2019 isminden de<br>anla\u015f\u0131laca\u011f\u0131 gibi gurbetteki Trabzonlular olarak tak\u0131mlar\u0131n\u0131 deplasmanlarda T\u00fcrkiye&#8217;nin ve<br>Avrupa&#8217;n\u0131n neresinde olursa olsun yaln\u0131z b\u0131rakmamak oldu\u011funu, vizyonlar\u0131n\u0131n<br>Trabzonspor\u2019a g\u00f6n\u00fcl veren her bir ferdin kendini bir par\u00e7as\u0131 hissedece\u011fi, ba\u011f\u0131ms\u0131z,<br>Trabzonspor\u2019u, Trabzonspor\u2019un marka de\u011ferini, Trabzonspor k\u00fclt\u00fcr\u00fcn\u00fc ve Trabzonspor<br>trib\u00fcnlerinin \u00e7\u0131karlar\u0131n\u0131 korumay\u0131 ama\u00e7layan; d\u00fcnyan\u0131n d\u00f6rt bir yan\u0131nda Trabzonspor\u2019a<br>g\u00f6n\u00fcl veren binlerce Trabzonsporlunun \u00f6rg\u00fctlenebilmesine olanak sa\u011flayacak altyap\u0131y\u0131<br>olu\u015fturmay\u0131 hedefleyen bir taraftar merkezi oldu\u011funu aktard\u0131.<\/p>\n\n\n\n<figure class=\"wp-block-gallery has-nested-images columns-default is-cropped wp-block-gallery-5 is-layout-flex wp-block-gallery-is-layout-flex\">\n<figure class=\"wp-block-image size-large\"><img decoding=\"async\" width=\"1024\" height=\"682\" data-id=\"23374\" src=\"https:\/\/iletim.istanbul.edu.tr\/wp-content\/uploads\/WhatsApp-Image-2024-07-19-at-11.28.36-PM-2-1024x682.jpeg\" alt=\"\" class=\"wp-image-23374\" srcset=\"https:\/\/iletim.istanbul.edu.tr\/wp-content\/uploads\/WhatsApp-Image-2024-07-19-at-11.28.36-PM-2-1024x682.jpeg 1024w, https:\/\/iletim.istanbul.edu.tr\/wp-content\/uploads\/WhatsApp-Image-2024-07-19-at-11.28.36-PM-2-300x200.jpeg 300w, https:\/\/iletim.istanbul.edu.tr\/wp-content\/uploads\/WhatsApp-Image-2024-07-19-at-11.28.36-PM-2-768x512.jpeg 768w, https:\/\/iletim.istanbul.edu.tr\/wp-content\/uploads\/WhatsApp-Image-2024-07-19-at-11.28.36-PM-2-1536x1023.jpeg 1536w, https:\/\/iletim.istanbul.edu.tr\/wp-content\/uploads\/WhatsApp-Image-2024-07-19-at-11.28.36-PM-2-750x500.jpeg 750w, https:\/\/iletim.istanbul.edu.tr\/wp-content\/uploads\/WhatsApp-Image-2024-07-19-at-11.28.36-PM-2-1140x760.jpeg 1140w, https:\/\/iletim.istanbul.edu.tr\/wp-content\/uploads\/WhatsApp-Image-2024-07-19-at-11.28.36-PM-2.jpeg 1600w\" sizes=\"(max-width: 1024px) 100vw, 1024px\" \/><\/figure>\n\n\n\n<figure class=\"wp-block-image size-large\"><img decoding=\"async\" width=\"1024\" height=\"473\" data-id=\"23375\" src=\"https:\/\/iletim.istanbul.edu.tr\/wp-content\/uploads\/WhatsApp-Image-2024-07-19-at-11.28.36-PM-1024x473.jpeg\" alt=\"\" class=\"wp-image-23375\" srcset=\"https:\/\/iletim.istanbul.edu.tr\/wp-content\/uploads\/WhatsApp-Image-2024-07-19-at-11.28.36-PM-1024x473.jpeg 1024w, https:\/\/iletim.istanbul.edu.tr\/wp-content\/uploads\/WhatsApp-Image-2024-07-19-at-11.28.36-PM-300x139.jpeg 300w, https:\/\/iletim.istanbul.edu.tr\/wp-content\/uploads\/WhatsApp-Image-2024-07-19-at-11.28.36-PM-768x355.jpeg 768w, https:\/\/iletim.istanbul.edu.tr\/wp-content\/uploads\/WhatsApp-Image-2024-07-19-at-11.28.36-PM-750x346.jpeg 750w, https:\/\/iletim.istanbul.edu.tr\/wp-content\/uploads\/WhatsApp-Image-2024-07-19-at-11.28.36-PM-1140x526.jpeg 1140w, https:\/\/iletim.istanbul.edu.tr\/wp-content\/uploads\/WhatsApp-Image-2024-07-19-at-11.28.36-PM.jpeg 1479w\" sizes=\"(max-width: 1024px) 100vw, 1024px\" \/><\/figure>\n<\/figure>\n\n\n\n<p><strong>Sokak hayvanlar\u0131na Trabzonspor eli<\/strong><\/p>\n\n\n\n<p><br>Trabzonspor UNIGG\u2019nin yaln\u0131zca bir taraftar olu\u015fumu olmad\u0131\u011f\u0131na de\u011finen Ayd\u0131n,<br>\u201cTrib\u00fcn taraf\u0131ndaki etkinliklerin yan\u0131 s\u0131ra sosyal sorumluluk projelerimiz ile her sene<br>onlarca cana umut olduk, olmaya da devam ediyoruz. \u00d6rne\u011fin sokak hayvanlar\u0131n\u0131 koruma<br>g\u00fcn\u00fcnde yemler haz\u0131rlay\u0131p da\u011f\u0131tt\u0131k, kendi ellerimizle ah\u015fap kul\u00fcbeler yapt\u0131k. Huzurevlerine<br>gidiyoruz. Bu tarz \u00f6zel g\u00fcnlerde aktif olmaya \u00f6zen g\u00f6steriyoruz.\u2019\u2019 \u015feklinde konu\u015ftu.<\/p>\n\n\n\n<p><br><strong>Deprem b\u00f6lgesinde bir taraftar grubu<\/strong><\/p>\n\n\n\n<figure class=\"wp-block-gallery has-nested-images columns-default is-cropped wp-block-gallery-6 is-layout-flex wp-block-gallery-is-layout-flex\">\n<figure class=\"wp-block-image size-large\"><img decoding=\"async\" width=\"948\" height=\"1024\" data-id=\"23377\" src=\"https:\/\/iletim.istanbul.edu.tr\/wp-content\/uploads\/WhatsApp-Image-2024-07-19-at-11.28.36-PM-4-948x1024.jpeg\" alt=\"\" class=\"wp-image-23377\" srcset=\"https:\/\/iletim.istanbul.edu.tr\/wp-content\/uploads\/WhatsApp-Image-2024-07-19-at-11.28.36-PM-4-948x1024.jpeg 948w, https:\/\/iletim.istanbul.edu.tr\/wp-content\/uploads\/WhatsApp-Image-2024-07-19-at-11.28.36-PM-4-278x300.jpeg 278w, https:\/\/iletim.istanbul.edu.tr\/wp-content\/uploads\/WhatsApp-Image-2024-07-19-at-11.28.36-PM-4-768x830.jpeg 768w, https:\/\/iletim.istanbul.edu.tr\/wp-content\/uploads\/WhatsApp-Image-2024-07-19-at-11.28.36-PM-4-750x810.jpeg 750w, https:\/\/iletim.istanbul.edu.tr\/wp-content\/uploads\/WhatsApp-Image-2024-07-19-at-11.28.36-PM-4-1140x1232.jpeg 1140w, https:\/\/iletim.istanbul.edu.tr\/wp-content\/uploads\/WhatsApp-Image-2024-07-19-at-11.28.36-PM-4.jpeg 1153w\" sizes=\"(max-width: 948px) 100vw, 948px\" \/><\/figure>\n\n\n\n<figure class=\"wp-block-image size-large\"><img decoding=\"async\" width=\"1008\" height=\"1020\" data-id=\"23378\" src=\"https:\/\/iletim.istanbul.edu.tr\/wp-content\/uploads\/WhatsApp-Image-2024-07-19-at-11.28.36-PM-3.jpeg\" alt=\"\" class=\"wp-image-23378\" srcset=\"https:\/\/iletim.istanbul.edu.tr\/wp-content\/uploads\/WhatsApp-Image-2024-07-19-at-11.28.36-PM-3.jpeg 1008w, https:\/\/iletim.istanbul.edu.tr\/wp-content\/uploads\/WhatsApp-Image-2024-07-19-at-11.28.36-PM-3-296x300.jpeg 296w, https:\/\/iletim.istanbul.edu.tr\/wp-content\/uploads\/WhatsApp-Image-2024-07-19-at-11.28.36-PM-3-768x777.jpeg 768w, https:\/\/iletim.istanbul.edu.tr\/wp-content\/uploads\/WhatsApp-Image-2024-07-19-at-11.28.36-PM-3-24x24.jpeg 24w, https:\/\/iletim.istanbul.edu.tr\/wp-content\/uploads\/WhatsApp-Image-2024-07-19-at-11.28.36-PM-3-48x48.jpeg 48w, https:\/\/iletim.istanbul.edu.tr\/wp-content\/uploads\/WhatsApp-Image-2024-07-19-at-11.28.36-PM-3-96x96.jpeg 96w, https:\/\/iletim.istanbul.edu.tr\/wp-content\/uploads\/WhatsApp-Image-2024-07-19-at-11.28.36-PM-3-75x75.jpeg 75w, https:\/\/iletim.istanbul.edu.tr\/wp-content\/uploads\/WhatsApp-Image-2024-07-19-at-11.28.36-PM-3-750x759.jpeg 750w\" sizes=\"(max-width: 1008px) 100vw, 1008px\" \/><\/figure>\n<\/figure>\n\n\n\n<p><br>Okul i\u00e7i ve okul d\u0131\u015f\u0131 etkinliklerinden bahseden \u0130stanbul UNIGG Trib\u00fcn Sorumlusu \u00d6zkan<br>\u00c7elik, okul i\u00e7inde stant kurarak daha fazla ki\u015fiye ula\u015fmay\u0131 hedefledikleri okul i\u00e7i<br>etkinliklerine de\u011findi. Okul d\u0131\u015f\u0131nda daha aktif olabildiklerini, \u00f6nemli g\u00fcnlerde kul\u00fcp<br>olarak faaliyet g\u00f6sterdiklerini ve her 10 Kas\u0131m\u2019da Dolmabah\u00e7e\u2019ye gittiklerini anlatt\u0131. Sosyal<br>sorumluluk projeleriyle ise imk\u00e2n\u0131 olmayan k\u00f6y okullar\u0131na maddi manevi destekler<br>sa\u011flad\u0131klar\u0131n\u0131, deprem b\u00f6lgesinde zarar g\u00f6ren okul k\u00fct\u00fcphanesini yenileyerek yeni kitap ve<br>oyuncak yard\u0131m\u0131 yapt\u0131klar\u0131n\u0131 aktard\u0131. Bunlar\u0131n d\u0131\u015f\u0131nda \u00fcyeleriyle ba\u011flar\u0131n\u0131 g\u00fc\u00e7lendirmek<br>i\u00e7in piknik, paintball oynama gibi sosyal etkinlikler d\u00fczenlediklerini, birlikte pankartlar<br>haz\u0131rlad\u0131klar\u0131n\u0131 s\u00f6zlerine ekledi. \u00c7elik, UNIGG\u2019ye \u00fcye olmak isteyenlerin<br>kendilerine sosyal medya hesaplar\u0131ndan ula\u015fabileceklerini ya da<br>www.uniggresmi.com\/katilbize linkinden gerekli bilgileri doldurduktan sonra UNIGG<br>ailesine kat\u0131labileceklerini anlatt\u0131.<\/p>\n\n\n\n<p><br><strong>BE\u015e\u0130KTA\u015e UNITY<\/strong><\/p>\n\n\n\n<figure class=\"wp-block-image size-large\"><img decoding=\"async\" width=\"1024\" height=\"769\" src=\"https:\/\/iletim.istanbul.edu.tr\/wp-content\/uploads\/WhatsApp-Image-2024-07-19-at-11.38.51-PM-2-1024x769.jpeg\" alt=\"\" class=\"wp-image-23379\" srcset=\"https:\/\/iletim.istanbul.edu.tr\/wp-content\/uploads\/WhatsApp-Image-2024-07-19-at-11.38.51-PM-2-1024x769.jpeg 1024w, https:\/\/iletim.istanbul.edu.tr\/wp-content\/uploads\/WhatsApp-Image-2024-07-19-at-11.38.51-PM-2-300x225.jpeg 300w, https:\/\/iletim.istanbul.edu.tr\/wp-content\/uploads\/WhatsApp-Image-2024-07-19-at-11.38.51-PM-2-768x576.jpeg 768w, https:\/\/iletim.istanbul.edu.tr\/wp-content\/uploads\/WhatsApp-Image-2024-07-19-at-11.38.51-PM-2-1536x1153.jpeg 1536w, https:\/\/iletim.istanbul.edu.tr\/wp-content\/uploads\/WhatsApp-Image-2024-07-19-at-11.38.51-PM-2-750x563.jpeg 750w, https:\/\/iletim.istanbul.edu.tr\/wp-content\/uploads\/WhatsApp-Image-2024-07-19-at-11.38.51-PM-2-1140x856.jpeg 1140w, https:\/\/iletim.istanbul.edu.tr\/wp-content\/uploads\/WhatsApp-Image-2024-07-19-at-11.38.51-PM-2.jpeg 1600w\" sizes=\"(max-width: 1024px) 100vw, 1024px\" \/><\/figure>\n\n\n\n<p><br>\u00dcniversiteli Be\u015fikta\u015fl\u0131lar Birli\u011fi, Be\u015fikta\u015f UNITY, 2020 y\u0131l\u0131nda Be\u015fikta\u015f sayesinde tan\u0131\u015fm\u0131\u015f<br>arkada\u015flar\u0131n her birinin kendi okul b\u00fcnyesinde bir olu\u015fum kurma arzusu sonucu kuruldu.<br>\u0130stanbul \u00dcniversitesi ba\u015fta olmak \u00fczere; Kocaeli, Sakarya, Kocatepe, Yeditepe,<br>Kastamonu, Sel\u00e7uk, Nam\u0131k Kemal, Trakya ve K\u0131rklareli \u00dcniversiteleri olarak 10 okulda e\u015f<br>zamanl\u0131 olarak kuruldu.<\/p>\n\n\n\n<p>\u0130stanbul \u00dcniversitesi Be\u015fikta\u015f UNITY Ba\u015fkan\u0131 Batuhan Baykal\u2019\u0131n aktard\u0131\u011f\u0131na g\u00f6re, daha<br>\u00f6nce ba\u015fka isimler alt\u0131nda \u00e7e\u015fitli ve birbirinden ba\u011f\u0131ms\u0131z taraftar olu\u015fumlar\u0131 kurulmu\u015f olsa<br>da 2020 y\u0131l\u0131nda b\u00fcy\u00fck bir \u00e7o\u011funluk tek bir \u00e7at\u0131 alt\u0131nda Be\u015fikta\u015f Unity ad\u0131yla topland\u0131.<\/p>\n\n\n\n<p><br><strong>Bizi Be\u015fikta\u015f Birle\u015ftirdi \u00d6l\u00fcm Bile Ay\u0131ramaz<\/strong><\/p>\n\n\n\n<p><br>Kendilerini nas\u0131l tan\u0131mlad\u0131klar\u0131ndan bahseden Be\u015fikta\u015f UNITY Sosyal Medya Sorumlusu<br>Muhammed Ali I\u015f\u0131k, Be\u015fikta\u015f UNITY\u2019nin \u00fcniversitelerde arma u\u011fruna m\u00fccadele etmek<br>isteyen gen\u00e7lerin bir araya geldi\u011fi \u00fcniversite olu\u015fumu olduklar\u0131n\u0131 s\u00f6yledi. Daha \u00f6nce tek<br>ba\u015f\u0131na m\u00fccadele eden olu\u015fumlar\u0131, Unity yani birlik ad\u0131 alt\u0131nda toplayarak bu m\u00fccadeleyi<br>daha ileriye g\u00f6t\u00fcrmek i\u00e7in var olduklar\u0131n\u0131 ve ilkelerinden taviz vermeyerek yola devam<br>ettiklerini aktard\u0131.<\/p>\n\n\n\n<figure class=\"wp-block-gallery has-nested-images columns-default is-cropped wp-block-gallery-7 is-layout-flex wp-block-gallery-is-layout-flex\">\n<figure class=\"wp-block-image size-large\"><img decoding=\"async\" width=\"1024\" height=\"682\" data-id=\"23380\" src=\"https:\/\/iletim.istanbul.edu.tr\/wp-content\/uploads\/WhatsApp-Image-2024-07-19-at-11.38.51-PM-1-1024x682.jpeg\" alt=\"\" class=\"wp-image-23380\" srcset=\"https:\/\/iletim.istanbul.edu.tr\/wp-content\/uploads\/WhatsApp-Image-2024-07-19-at-11.38.51-PM-1-1024x682.jpeg 1024w, https:\/\/iletim.istanbul.edu.tr\/wp-content\/uploads\/WhatsApp-Image-2024-07-19-at-11.38.51-PM-1-300x200.jpeg 300w, https:\/\/iletim.istanbul.edu.tr\/wp-content\/uploads\/WhatsApp-Image-2024-07-19-at-11.38.51-PM-1-768x512.jpeg 768w, https:\/\/iletim.istanbul.edu.tr\/wp-content\/uploads\/WhatsApp-Image-2024-07-19-at-11.38.51-PM-1-1536x1023.jpeg 1536w, https:\/\/iletim.istanbul.edu.tr\/wp-content\/uploads\/WhatsApp-Image-2024-07-19-at-11.38.51-PM-1-750x500.jpeg 750w, https:\/\/iletim.istanbul.edu.tr\/wp-content\/uploads\/WhatsApp-Image-2024-07-19-at-11.38.51-PM-1-1140x760.jpeg 1140w, https:\/\/iletim.istanbul.edu.tr\/wp-content\/uploads\/WhatsApp-Image-2024-07-19-at-11.38.51-PM-1.jpeg 1600w\" sizes=\"(max-width: 1024px) 100vw, 1024px\" \/><\/figure>\n\n\n\n<figure class=\"wp-block-image size-large\"><img decoding=\"async\" width=\"1024\" height=\"608\" data-id=\"23381\" src=\"https:\/\/iletim.istanbul.edu.tr\/wp-content\/uploads\/WhatsApp-Image-2024-07-19-at-11.38.51-PM-1024x608.jpeg\" alt=\"\" class=\"wp-image-23381\" srcset=\"https:\/\/iletim.istanbul.edu.tr\/wp-content\/uploads\/WhatsApp-Image-2024-07-19-at-11.38.51-PM-1024x608.jpeg 1024w, https:\/\/iletim.istanbul.edu.tr\/wp-content\/uploads\/WhatsApp-Image-2024-07-19-at-11.38.51-PM-300x178.jpeg 300w, https:\/\/iletim.istanbul.edu.tr\/wp-content\/uploads\/WhatsApp-Image-2024-07-19-at-11.38.51-PM-768x456.jpeg 768w, https:\/\/iletim.istanbul.edu.tr\/wp-content\/uploads\/WhatsApp-Image-2024-07-19-at-11.38.51-PM-1536x912.jpeg 1536w, https:\/\/iletim.istanbul.edu.tr\/wp-content\/uploads\/WhatsApp-Image-2024-07-19-at-11.38.51-PM-750x445.jpeg 750w, https:\/\/iletim.istanbul.edu.tr\/wp-content\/uploads\/WhatsApp-Image-2024-07-19-at-11.38.51-PM-1140x677.jpeg 1140w, https:\/\/iletim.istanbul.edu.tr\/wp-content\/uploads\/WhatsApp-Image-2024-07-19-at-11.38.51-PM.jpeg 1600w\" sizes=\"(max-width: 1024px) 100vw, 1024px\" \/><\/figure>\n<\/figure>\n\n\n\n<p><br><strong>55 Okuldan B\u00fcy\u00fck Bir Aile<\/strong><\/p>\n\n\n\n<p><br>\u0130stanbul \u00dcniversitesi Be\u015fikta\u015f UNITY Ba\u015fkan Yard\u0131mc\u0131s\u0131 Yasin Umut Demircan, yaln\u0131zca<br>s\u0131radan bir taraftar olu\u015fumu de\u011fil, 55 okulda Be\u015fikta\u015fl\u0131 dostlar\u0131 bir araya getiren kocaman<br>bir aile olduklar\u0131n\u0131, kendilerini bir arada tutan \u015feyin Be\u015fikta\u015f oldu\u011funu s\u00f6yledi. \u00dcye Al\u0131m<br>ve Organizasyon Sorumlusu Can Tarkan S\u00fcren, Be\u015fikta\u015f UNITY\u2019e \u00fcye olmak isteyenlerin<br>bulunduklar\u0131 \u00fcniversite temsilcilikleriyle ileti\u015fime ge\u00e7ebilece\u011fini s\u00f6yledi. \u0130stanbul<br>\u00dcniversitesi temsilcilikleri i\u00e7in, Instagram\u2019dan @istanbulunity, genel hesaplar\u0131 i\u00e7in<br>Instagram\u2019dan @bjkunity adreslerinden kendilerine ula\u015fabileceklerini s\u00f6zlerine ekledi.<\/p>\n\n\n\n<p><br><strong>Hatay\u2019a Destek<\/strong><\/p>\n\n\n\n<p><br>Di\u011fer taraftar gruplar\u0131yla ileti\u015fimlerine de\u011finen \u0130stanbul UNITY Ba\u015fkan Yard\u0131mc\u0131s\u0131<br>Demircan, T\u00fcrkiye gibi bir \u00fclkede di\u011fer taraftar gruplar\u0131yla bir \u015fey yapmak pek m\u00fcmk\u00fcn<br>olmasa da \u00f6zel durumlarda kul\u00fcp arac\u0131l\u0131\u011f\u0131yla ileti\u015fim haline ge\u00e7ebildiklerini s\u00f6yledi. Hatay<br>depreminde di\u011fer taraftar gruplar\u0131yla birlik olup deprem b\u00f6lgesine yard\u0131m sa\u011fland\u0131\u011f\u0131n\u0131 ve<br>ayr\u0131ca kendilerinin de UNITY olarak Hatay\u2019a gidip yard\u0131mda bulunduklar\u0131n\u0131 aktard\u0131.<\/p>\n","protected":false},"excerpt":{"rendered":"<p>Haber: Zeynep Kaplan Trib\u00fcnlerdeki pankartlar, sanat\u00e7\u0131lar, tak\u0131mlar\u0131n\u0131n daim\u00ee destek\u00e7ileri, gen\u00e7 ve etkilitaraftarlar, futbol kul\u00fcplerinin \u00fcniversitedeki temsilcileri; \u00fcniversiteli taraftar gruplar\u0131. Ba\u015fta \u0130ngiltere, \u0130talya, Arjantin, \u0130spanya ve Brezilya olmak \u00fczere en k\u00f6kl\u00fc futbol\u00fclkelerinin i\u00e7erisinde \u015f\u00fcphesiz T\u00fcrkiye de yer almakta. T\u00fcrkiye\u2019deki futbol co\u015fkusu ya\u015f,cinsiyet, sosyok\u00fclt\u00fcrel ve ekonomik ayr\u0131m g\u00f6zetmeksizin insanlar\u0131n i\u00e7inde b\u00fcy\u00fck bir yerkapl\u0131yor. Bu co\u015fkudan T\u00fcrkiye\u2019deki \u00fcniversite [&hellip;]<\/p>\n","protected":false},"author":14,"featured_media":23382,"comment_status":"closed","ping_status":"open","sticky":false,"template":"","format":"standard","meta":{"jnews-multi-image_gallery":[],"jnews_single_post":{"subtitle":"","format":"standard","video":"","gallery":"","source_name":"","source_url":"","via_name":"","via_url":"","override_template":"0","override":[{"template":"1","single_blog_custom":"","parallax":"1","fullscreen":"1","layout":"double-sidebar","sidebar":"single-left","second_sidebar":"default-sidebar","sticky_sidebar":"1","share_position":"top","share_float_style":"share-monocrhome","show_share_counter":"1","show_view_counter":"1","show_featured":"1","show_post_meta":"1","show_post_author":"1","show_post_author_image":"1","show_post_date":"1","post_date_format":"default","post_date_format_custom":"Y\/m\/d","show_post_category":"1","show_post_reading_time":"0","post_reading_time_wpm":"300","show_zoom_button":"0","zoom_button_out_step":"2","zoom_button_in_step":"3","show_post_tag":"1","show_prev_next_post":"1","show_popup_post":"1","number_popup_post":"1","show_author_box":"0","show_post_related":"0","show_inline_post_related":"1"}],"override_image_size":"0","image_override":[{"single_post_thumbnail_size":"crop-500","single_post_gallery_size":"crop-500"}],"trending_post":"0","trending_post_position":"meta","trending_post_label":"Trending","sponsored_post":"0","sponsored_post_label":"Sponsored by","sponsored_post_name":"","sponsored_post_url":"","sponsored_post_logo_enable":"0","sponsored_post_logo":"","sponsored_post_desc":"","disable_ad":"0"},"jnews_primary_category":{"id":"","hide":""},"jnews_social_meta":{"fb_title":"","fb_description":"","fb_image":"","twitter_title":"","twitter_description":"","twitter_image":""},"jnews_override_counter":{"override_view_counter":"0","view_counter_number":"0","override_share_counter":"0","share_counter_number":"0","override_like_counter":"0","like_counter_number":"0","override_dislike_counter":"0","dislike_counter_number":"0"},"footnotes":""},"categories":[1,2085,2348,33],"tags":[3142,440,439,3138,3141,3140,3139],"class_list":["post-23357","post","type-post","status-publish","format-standard","has-post-thumbnail","hentry","category-genel","category-manset-haber","category-manset-yani","category-spor","tag-besiktas-unity","tag-futbol","tag-spor","tag-taraftar","tag-trabzonspor-unigg","tag-ultraslan-uni","tag-unifeb"],"_links":{"self":[{"href":"https:\/\/iletim.istanbul.edu.tr\/index.php\/wp-json\/wp\/v2\/posts\/23357","targetHints":{"allow":["GET"]}}],"collection":[{"href":"https:\/\/iletim.istanbul.edu.tr\/index.php\/wp-json\/wp\/v2\/posts"}],"about":[{"href":"https:\/\/iletim.istanbul.edu.tr\/index.php\/wp-json\/wp\/v2\/types\/post"}],"author":[{"embeddable":true,"href":"https:\/\/iletim.istanbul.edu.tr\/index.php\/wp-json\/wp\/v2\/users\/14"}],"replies":[{"embeddable":true,"href":"https:\/\/iletim.istanbul.edu.tr\/index.php\/wp-json\/wp\/v2\/comments?post=23357"}],"version-history":[{"count":0,"href":"https:\/\/iletim.istanbul.edu.tr\/index.php\/wp-json\/wp\/v2\/posts\/23357\/revisions"}],"wp:featuredmedia":[{"embeddable":true,"href":"https:\/\/iletim.istanbul.edu.tr\/index.php\/wp-json\/wp\/v2\/media\/23382"}],"wp:attachment":[{"href":"https:\/\/iletim.istanbul.edu.tr\/index.php\/wp-json\/wp\/v2\/media?parent=23357"}],"wp:term":[{"taxonomy":"category","embeddable":true,"href":"https:\/\/iletim.istanbul.edu.tr\/index.php\/wp-json\/wp\/v2\/categories?post=23357"},{"taxonomy":"post_tag","embeddable":true,"href":"https:\/\/iletim.istanbul.edu.tr\/index.php\/wp-json\/wp\/v2\/tags?post=23357"}],"curies":[{"name":"wp","href":"https:\/\/api.w.org\/{rel}","templated":true}]}}