{"id":23554,"date":"2024-10-19T12:47:05","date_gmt":"2024-10-19T09:47:05","guid":{"rendered":"https:\/\/iletim.istanbul.edu.tr\/?p=23554"},"modified":"2024-10-19T12:47:05","modified_gmt":"2024-10-19T09:47:05","slug":"gecmisten-gunumuze-bir-bakis-tophane-kasri","status":"publish","type":"post","link":"https:\/\/iletim.istanbul.edu.tr\/index.php\/2024\/10\/19\/gecmisten-gunumuze-bir-bakis-tophane-kasri\/","title":{"rendered":"Ge\u00e7mi\u015ften G\u00fcn\u00fcm\u00fcze Bir Bak\u0131\u015f: Tophane Kasr\u0131"},"content":{"rendered":"\n<p><strong><em>Haber: Ece \u00d6zdemir<\/em><\/strong><\/p>\n\n\n\n<p><strong><em>\u0130stanbul- (\u0130stanbul \u00dcniversitesi Haber Merkezi)<\/em><\/strong><\/p>\n\n\n\n<p><strong><em>\u0130stanbul\u2019un Beyo\u011flu il\u00e7esinde yer alan Tophane Kasr\u0131 172 y\u0131l aradan sonra \u2018Ge\u00e7mi\u015ften G\u00fcn\u00fcm\u00fcze Bir Bak\u0131\u015f\u2019 adl\u0131 sergiyle ziyaret\u00e7ilerine kap\u0131lar\u0131n\u0131 yeniden a\u00e7t\u0131.<\/em><\/strong><\/p>\n\n\n\n<figure class=\"wp-block-image size-large\"><img decoding=\"async\" width=\"1024\" height=\"857\" src=\"https:\/\/iletim.istanbul.edu.tr\/wp-content\/uploads\/1000136173-1024x857.jpg\" alt=\"\" class=\"wp-image-23556\" srcset=\"https:\/\/iletim.istanbul.edu.tr\/wp-content\/uploads\/1000136173-1024x857.jpg 1024w, https:\/\/iletim.istanbul.edu.tr\/wp-content\/uploads\/1000136173-300x251.jpg 300w, https:\/\/iletim.istanbul.edu.tr\/wp-content\/uploads\/1000136173-768x643.jpg 768w, https:\/\/iletim.istanbul.edu.tr\/wp-content\/uploads\/1000136173-1536x1285.jpg 1536w, https:\/\/iletim.istanbul.edu.tr\/wp-content\/uploads\/1000136173-750x628.jpg 750w, https:\/\/iletim.istanbul.edu.tr\/wp-content\/uploads\/1000136173-1140x954.jpg 1140w, https:\/\/iletim.istanbul.edu.tr\/wp-content\/uploads\/1000136173.jpg 1647w\" sizes=\"(max-width: 1024px) 100vw, 1024px\" \/><\/figure>\n\n\n\n<p>Ad\u0131n\u0131 bulundu\u011fu semtten alan Tophane Kasr\u0131 1849-1852 y\u0131llar\u0131 aras\u0131nda Sultan Abd\u00fclmecid taraf\u0131ndan William James Smith&#8217;e in\u015fa ettirildi. Padi\u015fahlar\u0131n Tophane&#8217;deki askeri kurulu\u015flar\u0131 ziyaretinde veya \u015fehre deniz yolu ile gelen yabanc\u0131 devlet adamlar\u0131n\u0131n kar\u015f\u0131lanmas\u0131nda kullan\u0131ld\u0131. Ayr\u0131ca Osmanl\u0131-Yunan sava\u015f\u0131na son veren 1897 Uluslararas\u0131 Konferans\u0131 ve Lozan Antla\u015fmas\u0131 sonras\u0131 Uluslararas\u0131 Bo\u011fazlar Komisyonu, burada topland\u0131.<\/p>\n\n\n\n<figure class=\"wp-block-gallery has-nested-images columns-default is-cropped wp-block-gallery-1 is-layout-flex wp-block-gallery-is-layout-flex\">\n<figure class=\"wp-block-image size-large\"><img decoding=\"async\" width=\"1024\" height=\"576\" data-id=\"23572\" src=\"https:\/\/iletim.istanbul.edu.tr\/wp-content\/uploads\/1000136189-2-1024x576.jpg\" alt=\"\" class=\"wp-image-23572\" srcset=\"https:\/\/iletim.istanbul.edu.tr\/wp-content\/uploads\/1000136189-2-1024x576.jpg 1024w, https:\/\/iletim.istanbul.edu.tr\/wp-content\/uploads\/1000136189-2-300x169.jpg 300w, https:\/\/iletim.istanbul.edu.tr\/wp-content\/uploads\/1000136189-2-768x432.jpg 768w, https:\/\/iletim.istanbul.edu.tr\/wp-content\/uploads\/1000136189-2-1536x864.jpg 1536w, https:\/\/iletim.istanbul.edu.tr\/wp-content\/uploads\/1000136189-2-2048x1152.jpg 2048w, https:\/\/iletim.istanbul.edu.tr\/wp-content\/uploads\/1000136189-2-750x422.jpg 750w, https:\/\/iletim.istanbul.edu.tr\/wp-content\/uploads\/1000136189-2-1140x641.jpg 1140w\" sizes=\"(max-width: 1024px) 100vw, 1024px\" \/><\/figure>\n\n\n\n<figure class=\"wp-block-image size-large\"><img decoding=\"async\" width=\"1024\" height=\"576\" data-id=\"23573\" src=\"https:\/\/iletim.istanbul.edu.tr\/wp-content\/uploads\/1000136185-3-1024x576.jpg\" alt=\"\" class=\"wp-image-23573\" srcset=\"https:\/\/iletim.istanbul.edu.tr\/wp-content\/uploads\/1000136185-3-1024x576.jpg 1024w, https:\/\/iletim.istanbul.edu.tr\/wp-content\/uploads\/1000136185-3-300x169.jpg 300w, https:\/\/iletim.istanbul.edu.tr\/wp-content\/uploads\/1000136185-3-768x432.jpg 768w, https:\/\/iletim.istanbul.edu.tr\/wp-content\/uploads\/1000136185-3-1536x864.jpg 1536w, https:\/\/iletim.istanbul.edu.tr\/wp-content\/uploads\/1000136185-3-2048x1152.jpg 2048w, https:\/\/iletim.istanbul.edu.tr\/wp-content\/uploads\/1000136185-3-750x422.jpg 750w, https:\/\/iletim.istanbul.edu.tr\/wp-content\/uploads\/1000136185-3-1140x641.jpg 1140w\" sizes=\"(max-width: 1024px) 100vw, 1024px\" \/><\/figure>\n\n\n\n<figure class=\"wp-block-image size-large\"><img decoding=\"async\" width=\"1024\" height=\"576\" data-id=\"23574\" src=\"https:\/\/iletim.istanbul.edu.tr\/wp-content\/uploads\/1000136201-1024x576.jpg\" alt=\"\" class=\"wp-image-23574\" srcset=\"https:\/\/iletim.istanbul.edu.tr\/wp-content\/uploads\/1000136201-1024x576.jpg 1024w, https:\/\/iletim.istanbul.edu.tr\/wp-content\/uploads\/1000136201-300x169.jpg 300w, https:\/\/iletim.istanbul.edu.tr\/wp-content\/uploads\/1000136201-768x432.jpg 768w, https:\/\/iletim.istanbul.edu.tr\/wp-content\/uploads\/1000136201-1536x864.jpg 1536w, https:\/\/iletim.istanbul.edu.tr\/wp-content\/uploads\/1000136201-750x422.jpg 750w, https:\/\/iletim.istanbul.edu.tr\/wp-content\/uploads\/1000136201-1140x641.jpg 1140w, https:\/\/iletim.istanbul.edu.tr\/wp-content\/uploads\/1000136201.jpg 2048w\" sizes=\"(max-width: 1024px) 100vw, 1024px\" \/><\/figure>\n<\/figure>\n\n\n\n<p>G\u00fcn\u00fcm\u00fcz Kruvaziyer Liman\u0131 Galataport\u2019un hemen yan\u0131nda ve Nusretiye Camii ile Tophane \u00c7e\u015fmesi aras\u0131nda yer alan Kas\u0131r, yap\u0131lan restorasyonun ve \u00f6zel olarak haz\u0131rlanan serginin ard\u0131ndan ziyarete a\u00e7\u0131ld\u0131. Sergide Kasr\u0131n ve Galata r\u0131ht\u0131m\u0131n\u0131n in\u015faat\u0131ndan bug\u00fcne hikayesi tarihi foto\u011fraflarla sergileniyor. \u015eehrin ortas\u0131nda sarma\u015f\u0131klar\u0131n aras\u0131na saklanm\u0131\u015f yap\u0131 sadeli\u011fi ve cephe s\u00fcslemeleri ile dikkat \u00e7ekiyor.  Yap\u0131y\u0131 \u00e7evreleyen yatay ve dikey panolar ile rozet ve madalyonlar \u00fczerinde oyma tekni\u011fi ile ger\u00e7ekle\u015ftirilmi\u015f \u00e7e\u015fitli kompozisyonlar yer al\u0131yor. Sergide Kasr\u0131n tarihi, yap\u0131n\u0131n her k\u00f6\u015fesine konumland\u0131r\u0131lm\u0131\u015f foto\u011fraflarla ve dijital anlat\u0131larla ziyaret\u00e7ilere tan\u0131t\u0131l\u0131yor. Sergide Mehmet Ali Laga, Naile Ak\u0131nc\u0131, Kadir Ablak ve Ayetullah S\u00fcmer\u2019e ait semti resmeden ya\u011fl\u0131 boya tablolar\u0131da yer al\u0131yor.<\/p>\n\n\n\n<figure class=\"wp-block-gallery has-nested-images columns-default is-cropped wp-block-gallery-2 is-layout-flex wp-block-gallery-is-layout-flex\">\n<figure class=\"wp-block-image size-large\"><img decoding=\"async\" width=\"1024\" height=\"831\" data-id=\"23575\" src=\"https:\/\/iletim.istanbul.edu.tr\/wp-content\/uploads\/1000136204-1024x831.jpg\" alt=\"\" class=\"wp-image-23575\" srcset=\"https:\/\/iletim.istanbul.edu.tr\/wp-content\/uploads\/1000136204-1024x831.jpg 1024w, https:\/\/iletim.istanbul.edu.tr\/wp-content\/uploads\/1000136204-300x244.jpg 300w, https:\/\/iletim.istanbul.edu.tr\/wp-content\/uploads\/1000136204-768x624.jpg 768w, https:\/\/iletim.istanbul.edu.tr\/wp-content\/uploads\/1000136204-1536x1247.jpg 1536w, https:\/\/iletim.istanbul.edu.tr\/wp-content\/uploads\/1000136204-750x609.jpg 750w, https:\/\/iletim.istanbul.edu.tr\/wp-content\/uploads\/1000136204-1140x926.jpg 1140w, https:\/\/iletim.istanbul.edu.tr\/wp-content\/uploads\/1000136204.jpg 1829w\" sizes=\"(max-width: 1024px) 100vw, 1024px\" \/><\/figure>\n\n\n\n<figure class=\"wp-block-image size-large\"><img decoding=\"async\" width=\"990\" height=\"1024\" data-id=\"23577\" src=\"https:\/\/iletim.istanbul.edu.tr\/wp-content\/uploads\/1000136207-990x1024.jpg\" alt=\"\" class=\"wp-image-23577\" srcset=\"https:\/\/iletim.istanbul.edu.tr\/wp-content\/uploads\/1000136207-990x1024.jpg 990w, https:\/\/iletim.istanbul.edu.tr\/wp-content\/uploads\/1000136207-290x300.jpg 290w, https:\/\/iletim.istanbul.edu.tr\/wp-content\/uploads\/1000136207-768x794.jpg 768w, https:\/\/iletim.istanbul.edu.tr\/wp-content\/uploads\/1000136207-1485x1536.jpg 1485w, https:\/\/iletim.istanbul.edu.tr\/wp-content\/uploads\/1000136207-24x24.jpg 24w, https:\/\/iletim.istanbul.edu.tr\/wp-content\/uploads\/1000136207-750x776.jpg 750w, https:\/\/iletim.istanbul.edu.tr\/wp-content\/uploads\/1000136207-1140x1179.jpg 1140w, https:\/\/iletim.istanbul.edu.tr\/wp-content\/uploads\/1000136207.jpg 1980w\" sizes=\"(max-width: 990px) 100vw, 990px\" \/><\/figure>\n\n\n\n<figure class=\"wp-block-image size-large\"><img decoding=\"async\" width=\"1024\" height=\"915\" data-id=\"23576\" src=\"https:\/\/iletim.istanbul.edu.tr\/wp-content\/uploads\/1000136198-1024x915.jpg\" alt=\"\" class=\"wp-image-23576\" srcset=\"https:\/\/iletim.istanbul.edu.tr\/wp-content\/uploads\/1000136198-1024x915.jpg 1024w, https:\/\/iletim.istanbul.edu.tr\/wp-content\/uploads\/1000136198-300x268.jpg 300w, https:\/\/iletim.istanbul.edu.tr\/wp-content\/uploads\/1000136198-768x686.jpg 768w, https:\/\/iletim.istanbul.edu.tr\/wp-content\/uploads\/1000136198-1536x1373.jpg 1536w, https:\/\/iletim.istanbul.edu.tr\/wp-content\/uploads\/1000136198-750x670.jpg 750w, https:\/\/iletim.istanbul.edu.tr\/wp-content\/uploads\/1000136198-1140x1019.jpg 1140w, https:\/\/iletim.istanbul.edu.tr\/wp-content\/uploads\/1000136198.jpg 2048w\" sizes=\"(max-width: 1024px) 100vw, 1024px\" \/><\/figure>\n<\/figure>\n\n\n\n<p>Tophane Kasr\u0131 pazartesi hari\u00e7 haftan\u0131n her g\u00fcn\u00fc 10.00-17.00 aras\u0131 ziyaret edilebilir. \u2018Ge\u00e7mi\u015ften G\u00fcn\u00fcm\u00fcze Bir Bak\u0131\u015f\u2019 adl\u0131 sergi ise 31 Aral\u0131k 2024 \u2018e kadar \u00fccretsiz olarak ziyarete a\u00e7\u0131k olacakt\u0131r.<\/p>\n","protected":false},"excerpt":{"rendered":"<p>Haber: Ece \u00d6zdemir \u0130stanbul- (\u0130stanbul \u00dcniversitesi Haber Merkezi) \u0130stanbul\u2019un Beyo\u011flu il\u00e7esinde yer alan Tophane Kasr\u0131 172 y\u0131l aradan sonra \u2018Ge\u00e7mi\u015ften G\u00fcn\u00fcm\u00fcze Bir Bak\u0131\u015f\u2019 adl\u0131 sergiyle ziyaret\u00e7ilerine kap\u0131lar\u0131n\u0131 yeniden a\u00e7t\u0131. Ad\u0131n\u0131 bulundu\u011fu semtten alan Tophane Kasr\u0131 1849-1852 y\u0131llar\u0131 aras\u0131nda Sultan Abd\u00fclmecid taraf\u0131ndan William James Smith&#8217;e in\u015fa ettirildi. Padi\u015fahlar\u0131n Tophane&#8217;deki askeri kurulu\u015flar\u0131 ziyaretinde veya \u015fehre deniz yolu [&hellip;]<\/p>\n","protected":false},"author":14,"featured_media":23578,"comment_status":"closed","ping_status":"open","sticky":false,"template":"","format":"standard","meta":{"jnews-multi-image_gallery":[],"jnews_single_post":{"subtitle":"","format":"standard","video":"","gallery":"","source_name":"","source_url":"","via_name":"","via_url":"","override_template":"0","override":[{"template":"1","single_blog_custom":"","parallax":"1","fullscreen":"1","layout":"double-sidebar","sidebar":"single-left","second_sidebar":"default-sidebar","sticky_sidebar":"1","share_position":"top","share_float_style":"share-monocrhome","show_share_counter":"1","show_view_counter":"1","show_featured":"1","show_post_meta":"1","show_post_author":"1","show_post_author_image":"1","show_post_date":"1","post_date_format":"default","post_date_format_custom":"Y\/m\/d","show_post_category":"1","show_post_reading_time":"0","post_reading_time_wpm":"300","show_zoom_button":"0","zoom_button_out_step":"2","zoom_button_in_step":"3","show_post_tag":"1","show_prev_next_post":"1","show_popup_post":"1","number_popup_post":"1","show_author_box":"0","show_post_related":"0","show_inline_post_related":"1"}],"override_image_size":"0","image_override":[{"single_post_thumbnail_size":"crop-500","single_post_gallery_size":"crop-500"}],"trending_post":"0","trending_post_position":"meta","trending_post_label":"Trending","sponsored_post":"0","sponsored_post_label":"Sponsored by","sponsored_post_name":"","sponsored_post_url":"","sponsored_post_logo_enable":"0","sponsored_post_logo":"","sponsored_post_desc":"","disable_ad":"0"},"jnews_primary_category":{"id":"","hide":""},"jnews_social_meta":{"fb_title":"","fb_description":"","fb_image":"","twitter_title":"","twitter_description":"","twitter_image":""},"jnews_override_counter":{"override_view_counter":"0","view_counter_number":"0","override_share_counter":"0","share_counter_number":"0","override_like_counter":"0","like_counter_number":"0","override_dislike_counter":"0","dislike_counter_number":"0"},"footnotes":""},"categories":[25,27,1,159,28,30,2085,2348,35],"tags":[300,40,410,43,148,52,189],"class_list":["post-23554","post","type-post","status-publish","format-standard","has-post-thumbnail","hentry","category-egitim","category-foto-galeri","category-genel","category-sag-manset","category-istanbul","category-kultur-sanat","category-manset-haber","category-manset-yani","category-yasam","tag-iletim","tag-iletisim-fakultesi","tag-istanbul","tag-istanbul-universitesi","tag-istanbul-universitesi-iletisim-fakultesi","tag-iu-iletisim-fakultesi","tag-sinema"],"_links":{"self":[{"href":"https:\/\/iletim.istanbul.edu.tr\/index.php\/wp-json\/wp\/v2\/posts\/23554","targetHints":{"allow":["GET"]}}],"collection":[{"href":"https:\/\/iletim.istanbul.edu.tr\/index.php\/wp-json\/wp\/v2\/posts"}],"about":[{"href":"https:\/\/iletim.istanbul.edu.tr\/index.php\/wp-json\/wp\/v2\/types\/post"}],"author":[{"embeddable":true,"href":"https:\/\/iletim.istanbul.edu.tr\/index.php\/wp-json\/wp\/v2\/users\/14"}],"replies":[{"embeddable":true,"href":"https:\/\/iletim.istanbul.edu.tr\/index.php\/wp-json\/wp\/v2\/comments?post=23554"}],"version-history":[{"count":0,"href":"https:\/\/iletim.istanbul.edu.tr\/index.php\/wp-json\/wp\/v2\/posts\/23554\/revisions"}],"wp:featuredmedia":[{"embeddable":true,"href":"https:\/\/iletim.istanbul.edu.tr\/index.php\/wp-json\/wp\/v2\/media\/23578"}],"wp:attachment":[{"href":"https:\/\/iletim.istanbul.edu.tr\/index.php\/wp-json\/wp\/v2\/media?parent=23554"}],"wp:term":[{"taxonomy":"category","embeddable":true,"href":"https:\/\/iletim.istanbul.edu.tr\/index.php\/wp-json\/wp\/v2\/categories?post=23554"},{"taxonomy":"post_tag","embeddable":true,"href":"https:\/\/iletim.istanbul.edu.tr\/index.php\/wp-json\/wp\/v2\/tags?post=23554"}],"curies":[{"name":"wp","href":"https:\/\/api.w.org\/{rel}","templated":true}]}}