{"id":23582,"date":"2024-10-21T12:11:35","date_gmt":"2024-10-21T09:11:35","guid":{"rendered":"https:\/\/iletim.istanbul.edu.tr\/?p=23582"},"modified":"2024-10-21T12:11:36","modified_gmt":"2024-10-21T09:11:36","slug":"13-abu-tv-sarki-festivali-trt-ev-sahipliginde-istanbulda-duzenlendi","status":"publish","type":"post","link":"https:\/\/iletim.istanbul.edu.tr\/index.php\/2024\/10\/21\/13-abu-tv-sarki-festivali-trt-ev-sahipliginde-istanbulda-duzenlendi\/","title":{"rendered":"13.ABU TV \u015eark\u0131 Festivali, TRT Ev Sahipli\u011finde \u0130stanbul&#8217;da D\u00fczenlendi"},"content":{"rendered":"\n<p><strong>Haber: \u00d6zg\u00fcr Recep Kocao\u011flu<\/strong><\/p>\n\n\n\n<p><strong><br>\u0130stanbul &#8211; (\u0130\u00dc Haber Merkezi)<\/strong><\/p>\n\n\n\n<p><strong>Asya-Pasifik Yay\u0131n Birli\u011fi (ABU) taraf\u0131ndan organize edilen ABU TV \u015eark\u0131 Festivali\u2019nin on \u00fc\u00e7\u00fcnc\u00fcs\u00fc, TRT ev sahipli\u011finde ve 11 \u00fclkenin kat\u0131l\u0131m\u0131yla bu y\u0131l \u0130stanbul L\u00fctfi K\u0131rdar Uluslararas\u0131 Kongre ve Sergi Saray\u0131\u2019nda d\u00fczenlendi.<\/strong><\/p>\n\n\n\n<p>Dombra ve semazen g\u00f6sterisi gibi T\u00fcrk k\u00fclt\u00fcr\u00fcnden unsurlar i\u00e7eren bir a\u00e7\u0131l\u0131\u015f \u015fovu ile ba\u015flayan festivalde Asya-Pasifik \u00fclkeleri kendi k\u00fclt\u00fcrlerine ait \u015fark\u0131lar\u0131 seslendirdi. Bu y\u0131l festivale T\u00fcrkiye ile birlikte \u00c7in, Endonezya, G\u00fcney Kore, Hindistan, Hong Kong, Japonya, Makao, Malezya, \u00d6zbekistan ve T\u00fcrkmenistan da kat\u0131ld\u0131.<\/p>\n\n\n<div class=\"wp-block-image\">\n<figure class=\"aligncenter size-large is-resized\"><img decoding=\"async\" src=\"https:\/\/iletim.istanbul.edu.tr\/wp-content\/uploads\/WhatsApp-Image-2024-10-21-at-10.56.45-1024x576.jpeg\" alt=\"\" class=\"wp-image-23583\" width=\"914\" height=\"514\" srcset=\"https:\/\/iletim.istanbul.edu.tr\/wp-content\/uploads\/WhatsApp-Image-2024-10-21-at-10.56.45-1024x576.jpeg 1024w, https:\/\/iletim.istanbul.edu.tr\/wp-content\/uploads\/WhatsApp-Image-2024-10-21-at-10.56.45-300x169.jpeg 300w, https:\/\/iletim.istanbul.edu.tr\/wp-content\/uploads\/WhatsApp-Image-2024-10-21-at-10.56.45-768x432.jpeg 768w, https:\/\/iletim.istanbul.edu.tr\/wp-content\/uploads\/WhatsApp-Image-2024-10-21-at-10.56.45-750x422.jpeg 750w, https:\/\/iletim.istanbul.edu.tr\/wp-content\/uploads\/WhatsApp-Image-2024-10-21-at-10.56.45-1140x641.jpeg 1140w, https:\/\/iletim.istanbul.edu.tr\/wp-content\/uploads\/WhatsApp-Image-2024-10-21-at-10.56.45.jpeg 1280w\" sizes=\"(max-width: 914px) 100vw, 914px\" \/><\/figure><\/div>\n\n\n<p><strong>T\u00fcrkiye&#8217;nin Temsilcisi Sinan Ak\u00e7\u0131l<\/strong><\/p>\n\n\n\n<p><br>13.ABU TV \u015eark\u0131 Festivali&#8217;nde T\u00fcrkiye&#8217;yi Sinan Ak\u00e7\u0131l, Fark At\u0131yor \u015fark\u0131s\u0131yla temsil etti. Ak\u00e7\u0131l\u2019a performans\u0131 esnas\u0131nda alt\u0131 dans\u00e7\u0131 e\u015flik etti. Performans\u0131n\u0131n sonunda T\u00fcrk bayra\u011f\u0131 a\u00e7an Ak\u00e7\u0131l\u2019a alk\u0131\u015f ya\u011fd\u0131.<br>ABU TV \u015eark\u0131 Festivali \u00f6ncesi sosyal medya hesab\u0131ndan a\u00e7\u0131klamalarda bulunan Ak\u00e7\u0131l, \u201cD\u00fcm Tek Tek ile 2009\u2019da Eurovision\u2019u da ya\u015fad\u0131m. G\u00fczeldi ama daha heyecanl\u0131s\u0131 var. \u00c7\u00fcnk\u00fc \u00c7in, G\u00fcney Kore, Japonya gibi \u00fclkeler ile birlikte b\u00fcy\u00fck bir alana hitap eden \u015fark\u0131 festivalindeyiz. \u015eark\u0131 festivali olmas\u0131 en ba\u015fta \u00fclkeme birincilik getiremeyece\u011fim i\u00e7in beni \u00fczd\u00fc ama \u00fclkemi temsil etti\u011fim i\u00e7in gururluyum. Bu ak\u015fam birinci, ikinci yok. M\u00fczi\u011fin g\u00fcc\u00fc konu\u015facak.\u201d ifadelerini kulland\u0131.<\/p>\n\n\n\n<figure class=\"wp-block-gallery has-nested-images columns-default is-cropped wp-block-gallery-1 is-layout-flex wp-block-gallery-is-layout-flex\">\n<figure class=\"wp-block-image size-full\"><img decoding=\"async\" width=\"720\" height=\"408\" data-id=\"23586\" src=\"https:\/\/iletim.istanbul.edu.tr\/wp-content\/uploads\/WhatsApp-Image-2024-10-21-at-10.56.43.jpeg\" alt=\"\" class=\"wp-image-23586\" srcset=\"https:\/\/iletim.istanbul.edu.tr\/wp-content\/uploads\/WhatsApp-Image-2024-10-21-at-10.56.43.jpeg 720w, https:\/\/iletim.istanbul.edu.tr\/wp-content\/uploads\/WhatsApp-Image-2024-10-21-at-10.56.43-300x170.jpeg 300w\" sizes=\"(max-width: 720px) 100vw, 720px\" \/><\/figure>\n\n\n\n<figure class=\"wp-block-image size-full\"><img decoding=\"async\" width=\"517\" height=\"431\" data-id=\"23585\" src=\"https:\/\/iletim.istanbul.edu.tr\/wp-content\/uploads\/WhatsApp-Image-2024-10-21-at-10.56.44-1.jpeg\" alt=\"\" class=\"wp-image-23585\" srcset=\"https:\/\/iletim.istanbul.edu.tr\/wp-content\/uploads\/WhatsApp-Image-2024-10-21-at-10.56.44-1.jpeg 517w, https:\/\/iletim.istanbul.edu.tr\/wp-content\/uploads\/WhatsApp-Image-2024-10-21-at-10.56.44-1-300x250.jpeg 300w\" sizes=\"(max-width: 517px) 100vw, 517px\" \/><\/figure>\n<\/figure>\n\n\n\n<p><strong>\u201cBu g\u00fczel performanslara \u015fahitlik etmek b\u00fcy\u00fck bir mutluluk.\u201d<\/strong><\/p>\n\n\n<div class=\"wp-block-image\">\n<figure class=\"alignleft size-full\"><img decoding=\"async\" width=\"518\" height=\"518\" src=\"https:\/\/iletim.istanbul.edu.tr\/wp-content\/uploads\/WhatsApp-Image-2024-10-21-at-10.56.44-2.jpeg\" alt=\"\" class=\"wp-image-23587\" srcset=\"https:\/\/iletim.istanbul.edu.tr\/wp-content\/uploads\/WhatsApp-Image-2024-10-21-at-10.56.44-2.jpeg 518w, https:\/\/iletim.istanbul.edu.tr\/wp-content\/uploads\/WhatsApp-Image-2024-10-21-at-10.56.44-2-300x300.jpeg 300w, https:\/\/iletim.istanbul.edu.tr\/wp-content\/uploads\/WhatsApp-Image-2024-10-21-at-10.56.44-2-150x150.jpeg 150w, https:\/\/iletim.istanbul.edu.tr\/wp-content\/uploads\/WhatsApp-Image-2024-10-21-at-10.56.44-2-24x24.jpeg 24w, https:\/\/iletim.istanbul.edu.tr\/wp-content\/uploads\/WhatsApp-Image-2024-10-21-at-10.56.44-2-48x48.jpeg 48w, https:\/\/iletim.istanbul.edu.tr\/wp-content\/uploads\/WhatsApp-Image-2024-10-21-at-10.56.44-2-96x96.jpeg 96w, https:\/\/iletim.istanbul.edu.tr\/wp-content\/uploads\/WhatsApp-Image-2024-10-21-at-10.56.44-2-75x75.jpeg 75w, https:\/\/iletim.istanbul.edu.tr\/wp-content\/uploads\/WhatsApp-Image-2024-10-21-at-10.56.44-2-350x350.jpeg 350w\" sizes=\"(max-width: 518px) 100vw, 518px\" \/><\/figure><\/div>\n\n\n<p><br>Program sonunda TRT Genel M\u00fcd\u00fcr\u00fc ve ABU Ba\u015fkan\u0131 Prof. Dr. Mehmet Zahid Sobac\u0131 hem TRT\u2019nin hem ABU\u2019nun altm\u0131\u015f\u0131nc\u0131 y\u0131l\u0131 oldu\u011funu hat\u0131rlatt\u0131 ve \u201cABU TV \u015eark\u0131 Festivali farkl\u0131 k\u00fclt\u00fcrlerin \u015fark\u0131lar arac\u0131l\u0131\u011f\u0131yla birbirlerini yak\u0131ndan tan\u0131malar\u0131 i\u00e7in \u00e7ok \u00f6nemli bir festival. 2015 y\u0131l\u0131n\u0131n ard\u0131ndan tekrar bu festivale ev sahipli\u011fi yaparak bu g\u00fczel performanslara \u015fahitlik etmek bizim i\u00e7in \u00e7ok b\u00fcy\u00fck bir mutluluk. Bu vesileyle t\u00fcm sanat\u00e7\u0131lar\u0131m\u0131za birbirinden g\u00fczel performanslar\u0131 i\u00e7in te\u015fekk\u00fcr ediyorum.\u201d diyerek ABU Genel Sekreteri Ahmed Nadeem ile festivale kat\u0131l\u0131m sa\u011flayan sanat\u00e7\u0131lara plaket ve \u00f6d\u00fcl takdiminde bulundu.<\/p>\n\n\n\n<p><strong>T\u00fcrkiye daha \u00f6nceden de kat\u0131lm\u0131\u015f ve ev sahibi olmu\u015ftu.<\/strong><\/p>\n\n\n\n<p><br>2012\u2019den beri d\u00fczenlenen ABU TV \u015eark\u0131 Festivali\u2019ne en \u00e7ok kat\u0131l\u0131m sa\u011flayan \u00fclkelerden biri olan T\u00fcrkiye, festivale en son 2015 y\u0131l\u0131nda ev sahipli\u011fi yapt\u0131. \u0130\u015fte 2014\u2019ten bu yana T\u00fcrkiye\u2019nin ABU TV \u015eark\u0131 Festivali\u2019ndeki temsilcileri:<br>maNga &#8211; Fazla A\u015fk\u0131 Olan Var M\u0131? (2014)<br>Murat Dalk\u0131l\u0131\u00e7 &#8211; Katilimiz Olursun (2015)<br>G\u00fcliz Ayla &amp; Bahad\u0131r Tatl\u0131\u00f6z &#8211; Kimin Umrunda (2018)<br>Mustafa Sandal &#8211; Aya Benzer (2019)<br>\u00d6yk\u00fc G\u00fcrman &#8211; Bir S\u00f6z\u00fcne (2020)<br>\u0130lyas Yal\u00e7\u0131nta\u015f &#8211; Gel Be G\u00f6ky\u00fcz\u00fcm (2021)<br>Sedat Anar &#8211; Halk \u0130\u00e7re Bir Ayineyim (2022)<br>Umut S\u00fcl\u00fcno\u011flu &amp; U\u011fur \u00d6n\u00fcr &#8211; Yolcu (2023)<br>Sinan Ak\u00e7\u0131l &#8211; Fark At\u0131yor (2024)<\/p>\n","protected":false},"excerpt":{"rendered":"<p>Haber: \u00d6zg\u00fcr Recep Kocao\u011flu \u0130stanbul &#8211; (\u0130\u00dc Haber Merkezi) Asya-Pasifik Yay\u0131n Birli\u011fi (ABU) taraf\u0131ndan organize edilen ABU TV \u015eark\u0131 Festivali\u2019nin on \u00fc\u00e7\u00fcnc\u00fcs\u00fc, TRT ev sahipli\u011finde ve 11 \u00fclkenin kat\u0131l\u0131m\u0131yla bu y\u0131l \u0130stanbul L\u00fctfi K\u0131rdar Uluslararas\u0131 Kongre ve Sergi Saray\u0131\u2019nda d\u00fczenlendi. Dombra ve semazen g\u00f6sterisi gibi T\u00fcrk k\u00fclt\u00fcr\u00fcnden unsurlar i\u00e7eren bir a\u00e7\u0131l\u0131\u015f \u015fovu ile ba\u015flayan festivalde [&hellip;]<\/p>\n","protected":false},"author":14,"featured_media":23588,"comment_status":"closed","ping_status":"open","sticky":false,"template":"","format":"standard","meta":{"jnews-multi-image_gallery":[],"jnews_single_post":{"subtitle":"","format":"standard","video":"","gallery":"","source_name":"","source_url":"","via_name":"","via_url":"","override_template":"0","override":[{"template":"1","single_blog_custom":"","parallax":"1","fullscreen":"1","layout":"double-sidebar","sidebar":"single-left","second_sidebar":"default-sidebar","sticky_sidebar":"1","share_position":"top","share_float_style":"share-monocrhome","show_share_counter":"1","show_view_counter":"1","show_featured":"1","show_post_meta":"1","show_post_author":"1","show_post_author_image":"1","show_post_date":"1","post_date_format":"default","post_date_format_custom":"Y\/m\/d","show_post_category":"1","show_post_reading_time":"0","post_reading_time_wpm":"300","show_zoom_button":"0","zoom_button_out_step":"2","zoom_button_in_step":"3","show_post_tag":"1","show_prev_next_post":"1","show_popup_post":"1","number_popup_post":"1","show_author_box":"0","show_post_related":"0","show_inline_post_related":"1"}],"override_image_size":"0","image_override":[{"single_post_thumbnail_size":"crop-500","single_post_gallery_size":"crop-500"}],"trending_post":"0","trending_post_position":"meta","trending_post_label":"Trending","sponsored_post":"0","sponsored_post_label":"Sponsored by","sponsored_post_name":"","sponsored_post_url":"","sponsored_post_logo_enable":"0","sponsored_post_logo":"","sponsored_post_desc":"","disable_ad":"0"},"jnews_primary_category":{"id":"","hide":""},"jnews_social_meta":{"fb_title":"","fb_description":"","fb_image":"","twitter_title":"","twitter_description":"","twitter_image":""},"jnews_override_counter":{"override_view_counter":"0","view_counter_number":"0","override_share_counter":"0","share_counter_number":"0","override_like_counter":"0","like_counter_number":"0","override_dislike_counter":"0","dislike_counter_number":"0"},"footnotes":""},"categories":[30,2085,2348],"tags":[1062,2893,3146,355],"class_list":["post-23582","post","type-post","status-publish","format-standard","has-post-thumbnail","hentry","category-kultur-sanat","category-manset-haber","category-manset-yani","tag-festival","tag-muzik","tag-sinanakcil","tag-trt"],"_links":{"self":[{"href":"https:\/\/iletim.istanbul.edu.tr\/index.php\/wp-json\/wp\/v2\/posts\/23582","targetHints":{"allow":["GET"]}}],"collection":[{"href":"https:\/\/iletim.istanbul.edu.tr\/index.php\/wp-json\/wp\/v2\/posts"}],"about":[{"href":"https:\/\/iletim.istanbul.edu.tr\/index.php\/wp-json\/wp\/v2\/types\/post"}],"author":[{"embeddable":true,"href":"https:\/\/iletim.istanbul.edu.tr\/index.php\/wp-json\/wp\/v2\/users\/14"}],"replies":[{"embeddable":true,"href":"https:\/\/iletim.istanbul.edu.tr\/index.php\/wp-json\/wp\/v2\/comments?post=23582"}],"version-history":[{"count":0,"href":"https:\/\/iletim.istanbul.edu.tr\/index.php\/wp-json\/wp\/v2\/posts\/23582\/revisions"}],"wp:featuredmedia":[{"embeddable":true,"href":"https:\/\/iletim.istanbul.edu.tr\/index.php\/wp-json\/wp\/v2\/media\/23588"}],"wp:attachment":[{"href":"https:\/\/iletim.istanbul.edu.tr\/index.php\/wp-json\/wp\/v2\/media?parent=23582"}],"wp:term":[{"taxonomy":"category","embeddable":true,"href":"https:\/\/iletim.istanbul.edu.tr\/index.php\/wp-json\/wp\/v2\/categories?post=23582"},{"taxonomy":"post_tag","embeddable":true,"href":"https:\/\/iletim.istanbul.edu.tr\/index.php\/wp-json\/wp\/v2\/tags?post=23582"}],"curies":[{"name":"wp","href":"https:\/\/api.w.org\/{rel}","templated":true}]}}