{"id":23634,"date":"2024-10-25T14:26:35","date_gmt":"2024-10-25T11:26:35","guid":{"rendered":"https:\/\/iletim.istanbul.edu.tr\/?p=23634"},"modified":"2024-10-25T14:26:36","modified_gmt":"2024-10-25T11:26:36","slug":"nakis-sanati-icin-zeugma-muzesi-ilham-kaynagi-oldu","status":"publish","type":"post","link":"https:\/\/iletim.istanbul.edu.tr\/index.php\/2024\/10\/25\/nakis-sanati-icin-zeugma-muzesi-ilham-kaynagi-oldu\/","title":{"rendered":"<strong>Nak\u0131\u015f Sanat\u0131 i\u00e7in Zeugma M\u00fczesi \u0130lham Kayna\u011f\u0131 Oldu<\/strong>"},"content":{"rendered":"\n<p><strong>Haber: \u00d6zg\u00fcr Recep Kocao\u011flu<\/strong><\/p>\n\n\n\n<p><strong>Foto\u011fraf\/S\u00f6yle\u015fi: Elif K\u00f6ys\u00fcren, Sena Sand\u0131k\u00e7\u0131, Serranur \u015eener<\/strong><\/p>\n\n\n\n<p><strong>Edit\u00f6r: Hatice Beyza \u00c7akmak<\/strong><\/p>\n\n\n\n<p><strong>\u0130stanbul \u2013 (\u0130\u00dc Haber Ajans\u0131)<\/strong><\/p>\n\n\n\n<p><strong>\u0130stanbul \u00dcniversitesi M\u00fcze ve K\u00fclt\u00fcr Miraslar\u0131n\u0131n Y\u00f6netimi Uygulama ve Ara\u015ft\u0131rma Merkezi (M\u00dcZEYUM) ve Kad\u0131k\u00f6y Bostanc\u0131 Halk E\u011fitimi Merkezi i\u015f birli\u011finde haz\u0131rlanan &#8220;Nak\u0131\u015flarla \u0130lmek \u0130lmek Zeugma&#8221; sergisi \u0130stanbul \u00dcniversitesi II.Bayezid T\u00fcrk Hamam\u0131 K\u00fclt\u00fcr\u00fc M\u00fczesi&#8217;nde sergilenmeye ba\u015flad\u0131.<\/strong><\/p>\n\n\n\n<p>Sergide Kad\u0131k\u00f6y Bostanc\u0131 Halk E\u011fitim Merkezi kursiyerlerinin Gaziantep Zeugma M\u00fczesi\u2019ndeki par\u00e7alar\u0131 nak\u0131\u015fla i\u015fleyerek haz\u0131rlad\u0131\u011f\u0131 eserler yer ald\u0131. A\u00e7\u0131l\u0131\u015f\u0131 24 Ekim\u2019de yap\u0131lan sergide; Bereket Tanr\u0131s\u0131 Demeter ve \u00c7ingene K\u0131z\u0131 gibi Zeugma M\u00fczesi\u2019nin me\u015fhur par\u00e7alar\u0131 nak\u0131\u015f i\u015flemesi olarak sanatseverlere sunuldu.<\/p>\n\n\n\n<figure class=\"wp-block-gallery has-nested-images columns-default is-cropped wp-block-gallery-1 is-layout-flex wp-block-gallery-is-layout-flex\">\n<figure class=\"wp-block-image size-large\"><img decoding=\"async\" width=\"1024\" height=\"680\" data-id=\"23646\" src=\"https:\/\/iletim.istanbul.edu.tr\/wp-content\/uploads\/WhatsApp-Image-2024-10-25-at-13.47.16-1024x680.jpeg\" alt=\"\" class=\"wp-image-23646\" srcset=\"https:\/\/iletim.istanbul.edu.tr\/wp-content\/uploads\/WhatsApp-Image-2024-10-25-at-13.47.16-1024x680.jpeg 1024w, https:\/\/iletim.istanbul.edu.tr\/wp-content\/uploads\/WhatsApp-Image-2024-10-25-at-13.47.16-300x199.jpeg 300w, https:\/\/iletim.istanbul.edu.tr\/wp-content\/uploads\/WhatsApp-Image-2024-10-25-at-13.47.16-768x510.jpeg 768w, https:\/\/iletim.istanbul.edu.tr\/wp-content\/uploads\/WhatsApp-Image-2024-10-25-at-13.47.16-1536x1020.jpeg 1536w, https:\/\/iletim.istanbul.edu.tr\/wp-content\/uploads\/WhatsApp-Image-2024-10-25-at-13.47.16-2048x1360.jpeg 2048w, https:\/\/iletim.istanbul.edu.tr\/wp-content\/uploads\/WhatsApp-Image-2024-10-25-at-13.47.16-750x498.jpeg 750w, https:\/\/iletim.istanbul.edu.tr\/wp-content\/uploads\/WhatsApp-Image-2024-10-25-at-13.47.16-1140x757.jpeg 1140w\" sizes=\"(max-width: 1024px) 100vw, 1024px\" \/><\/figure>\n\n\n\n<figure class=\"wp-block-image size-large\"><img decoding=\"async\" width=\"1024\" height=\"680\" data-id=\"23648\" src=\"https:\/\/iletim.istanbul.edu.tr\/wp-content\/uploads\/WhatsApp-Image-2024-10-25-at-13.47.15-1-1024x680.jpeg\" alt=\"\" class=\"wp-image-23648\" srcset=\"https:\/\/iletim.istanbul.edu.tr\/wp-content\/uploads\/WhatsApp-Image-2024-10-25-at-13.47.15-1-1024x680.jpeg 1024w, https:\/\/iletim.istanbul.edu.tr\/wp-content\/uploads\/WhatsApp-Image-2024-10-25-at-13.47.15-1-300x199.jpeg 300w, https:\/\/iletim.istanbul.edu.tr\/wp-content\/uploads\/WhatsApp-Image-2024-10-25-at-13.47.15-1-768x510.jpeg 768w, https:\/\/iletim.istanbul.edu.tr\/wp-content\/uploads\/WhatsApp-Image-2024-10-25-at-13.47.15-1-1536x1020.jpeg 1536w, https:\/\/iletim.istanbul.edu.tr\/wp-content\/uploads\/WhatsApp-Image-2024-10-25-at-13.47.15-1-2048x1360.jpeg 2048w, https:\/\/iletim.istanbul.edu.tr\/wp-content\/uploads\/WhatsApp-Image-2024-10-25-at-13.47.15-1-750x498.jpeg 750w, https:\/\/iletim.istanbul.edu.tr\/wp-content\/uploads\/WhatsApp-Image-2024-10-25-at-13.47.15-1-1140x757.jpeg 1140w\" sizes=\"(max-width: 1024px) 100vw, 1024px\" \/><\/figure>\n<\/figure>\n\n\n\n<p><\/p>\n\n\n\n<p>Ankara TUSA\u015e&#8217;ta ya\u015fanan ter\u00f6r sald\u0131r\u0131s\u0131nda kaybetti\u011fimiz \u015fehitlerimiz i\u00e7in sayg\u0131 duru\u015fu ve \u0130stiklal Mar\u015f\u0131\u2019n\u0131n okunmas\u0131n\u0131n ard\u0131ndan sergi a\u00e7\u0131l\u0131\u015f\u0131 ger\u00e7ekle\u015fti. Sergi a\u00e7\u0131l\u0131\u015f program\u0131n\u0131n sunumunu Kad\u0131k\u00f6y Bostanc\u0131 Halk E\u011fitim Merkezi\u2019nin tiyatro e\u011fitmeni Eren Gen\u00e7 \u00fcstlendi.<\/p>\n\n\n\n<p>II.Bayezid T\u00fcrk Hamam\u0131 K\u00fclt\u00fcr\u00fc M\u00fczesi M\u00fcd\u00fcr\u00fc Yazg\u00fcl\u00fc Turan, m\u00fczenin 2015\u2019ten beri \u00fccretsiz olarak halk\u0131n hizmetinde oldu\u011funu s\u00f6yledi. M\u00fczenin hamam sergileri de\u011fil ba\u015fka sergilerde de ev sahipli\u011fi yapt\u0131\u011f\u0131n\u0131 hat\u0131rlatarak sergide eme\u011fi ge\u00e7en kursiyerlere, e\u011fitmenlere ve yetkililere te\u015fekk\u00fcr etti.<\/p>\n\n\n\n<p>Kad\u0131k\u00f6y Bostanc\u0131 Halk E\u011fitim Merkezi M\u00fcd\u00fcr\u00fc H\u00fclya Narsap, kurumunun yeti\u015fkin e\u011fitiminde hem \u0130stanbul\u2019un hem Kad\u0131k\u00f6y\u2019\u00fcn en k\u00f6kl\u00fc kurumlar\u0131ndan biri oldu\u011funu belirterek sergi hakk\u0131nda \u015funlar\u0131 s\u00f6yledi:<\/p>\n\n\n\n<p>\u201cKursiyerlerimiz Gaziantep\u2019e geziye gittiler. Gaziantep\u2019te de Zeugma M\u00fczesi\u2019ni ziyaret ettiler. Zeugma M\u00fczesi sanat\u00e7\u0131lar, sanat tarih\u00e7ileri, arkeologlar, tarih ve k\u00fclt\u00fcr merakl\u0131lar\u0131 i\u00e7in \u00f6rnek olu\u015fturabilecek d\u00fcnyan\u0131n en b\u00fcy\u00fck mozaik m\u00fczelerinden biri. T\u00fcrkiye\u2019de ilk kez bu tarzda ele al\u0131nan bir sergi yap\u0131l\u0131yor. Eme\u011fi ge\u00e7en nak\u0131\u015f \u00f6\u011fretmenimiz Zekiye Ensari\u2019yi ve serginin olu\u015fumu i\u00e7in bu g\u00fczel eserleri ilmek ilmek i\u015fleyen t\u00fcm kursiyerlerimi y\u00fcrekten kutluyorum.\u201d<\/p>\n\n\n\n<figure class=\"wp-block-image size-large is-resized\"><img decoding=\"async\" src=\"https:\/\/iletim.istanbul.edu.tr\/wp-content\/uploads\/WhatsApp-Image-2024-10-25-at-13.40.07-1-1024x384.jpeg\" alt=\"\" class=\"wp-image-23650\" width=\"1168\" height=\"438\" srcset=\"https:\/\/iletim.istanbul.edu.tr\/wp-content\/uploads\/WhatsApp-Image-2024-10-25-at-13.40.07-1-1024x384.jpeg 1024w, https:\/\/iletim.istanbul.edu.tr\/wp-content\/uploads\/WhatsApp-Image-2024-10-25-at-13.40.07-1-300x113.jpeg 300w, https:\/\/iletim.istanbul.edu.tr\/wp-content\/uploads\/WhatsApp-Image-2024-10-25-at-13.40.07-1-768x288.jpeg 768w, https:\/\/iletim.istanbul.edu.tr\/wp-content\/uploads\/WhatsApp-Image-2024-10-25-at-13.40.07-1-1536x576.jpeg 1536w, https:\/\/iletim.istanbul.edu.tr\/wp-content\/uploads\/WhatsApp-Image-2024-10-25-at-13.40.07-1-750x281.jpeg 750w, https:\/\/iletim.istanbul.edu.tr\/wp-content\/uploads\/WhatsApp-Image-2024-10-25-at-13.40.07-1-1140x428.jpeg 1140w, https:\/\/iletim.istanbul.edu.tr\/wp-content\/uploads\/WhatsApp-Image-2024-10-25-at-13.40.07-1.jpeg 1600w\" sizes=\"(max-width: 1168px) 100vw, 1168px\" \/><\/figure>\n\n\n\n<p><\/p>\n\n\n\n<p>H\u00fclya Narsap \u0130letim gazetesine de konu\u015ftu. Serginin Gaziantep Zeugma M\u00fczesi\u2019nde de sergilenece\u011finin m\u00fcjdesini veren Narsap, \u201c\u0130stanbul\u2019dan sonra sergimizi in\u015fallah Gaziantep\u2019e ta\u015f\u0131yaca\u011f\u0131z. \u015eu anda g\u00f6r\u00fc\u015fme h\u00e2lindeyiz. Ayr\u0131ca ba\u015fka \u015fehirlere ta\u015f\u0131may\u0131 da istiyoruz.\u201d \u015feklinde konu\u015ftu.<\/p>\n\n\n<div class=\"wp-block-image\">\n<figure class=\"alignright size-large is-resized\"><img decoding=\"async\" src=\"https:\/\/iletim.istanbul.edu.tr\/wp-content\/uploads\/WhatsApp-Image-2024-10-25-at-13.48.17-1-1024x680.jpeg\" alt=\"\" class=\"wp-image-23645\" width=\"409\" height=\"271\" srcset=\"https:\/\/iletim.istanbul.edu.tr\/wp-content\/uploads\/WhatsApp-Image-2024-10-25-at-13.48.17-1-1024x680.jpeg 1024w, https:\/\/iletim.istanbul.edu.tr\/wp-content\/uploads\/WhatsApp-Image-2024-10-25-at-13.48.17-1-300x199.jpeg 300w, https:\/\/iletim.istanbul.edu.tr\/wp-content\/uploads\/WhatsApp-Image-2024-10-25-at-13.48.17-1-768x510.jpeg 768w, https:\/\/iletim.istanbul.edu.tr\/wp-content\/uploads\/WhatsApp-Image-2024-10-25-at-13.48.17-1-1536x1020.jpeg 1536w, https:\/\/iletim.istanbul.edu.tr\/wp-content\/uploads\/WhatsApp-Image-2024-10-25-at-13.48.17-1-2048x1360.jpeg 2048w, https:\/\/iletim.istanbul.edu.tr\/wp-content\/uploads\/WhatsApp-Image-2024-10-25-at-13.48.17-1-750x498.jpeg 750w, https:\/\/iletim.istanbul.edu.tr\/wp-content\/uploads\/WhatsApp-Image-2024-10-25-at-13.48.17-1-1140x757.jpeg 1140w\" sizes=\"(max-width: 409px) 100vw, 409px\" \/><figcaption class=\"wp-element-caption\">\u0130stanbul Milli E\u011fitimden Sorumlu Vali Yard\u0131mc\u0131s\u0131 Mustafa Kaya <\/figcaption><\/figure><\/div>\n\n\n<p>\u201cKap\u0131dan girer girmez tarihi mek\u00e2n\u0131n b\u00fcy\u00fcleyici havas\u0131 hepimizi etkiliyor. Eminim ki sergi kurdelesini kestikten ve perde a\u00e7\u0131ld\u0131ktan sonra da bizi etkileyecek \u00e7ok hik\u00e2ye var. B\u00f6ylesine k\u0131ymetli bir \u00e7al\u0131\u015fmay\u0131 b\u00f6ylesine k\u0131ymetli bir m\u00fczede sunmak \u00e7ok anlaml\u0131 olmu\u015f.\u201d diyerek s\u00f6zlerine ba\u015flayan \u0130stanbul \u0130l Milli E\u011fitim M\u00fcd\u00fcr\u00fc Do\u00e7. Dr. Murat M\u00fccahit Yent\u00fcr, Ankara\u2019daki ter\u00f6r sald\u0131r\u0131s\u0131na ili\u015fkin \u201c\u015eehitlerimizi rahmet ve minnetle an\u0131yorum. Gelece\u011fimiz bilimle, sanatla, insanl\u0131kla, merhametle, \u015fefkatle, vicdanla bulu\u015ftu\u011fu zaman g\u00fcvende kalacak.\u201d dedi.<\/p>\n\n\n\n<p>\u0130stanbul Milli E\u011fitimden Sorumlu Vali Yard\u0131mc\u0131s\u0131 Mustafa Kaya konu\u015fmas\u0131na Ankara\u2019daki sald\u0131r\u0131y\u0131 hat\u0131rlatarak \u201c\u015eehitlerimize rahmet, yaral\u0131lar\u0131m\u0131za acil \u015fifalar diliyorum. Bunun \u00fcstesinden de ancak \u00e7ok \u00e7al\u0131\u015fmayla ve \u00e7ok \u00fcretmeye ile gelebiliriz. Bu noktada hepimize \u00e7ok g\u00f6rev d\u00fc\u015f\u00fcyor\u201d s\u00f6zlerinden sonra \u201cBu co\u011frafya binlerce y\u0131ld\u0131r bir\u00e7ok uygarl\u0131\u011fa ev sahipli\u011fi yapan bir co\u011frafya ve biz de bu co\u011frafya \u00fczerinde ya\u015fad\u0131\u011f\u0131m\u0131z i\u00e7in milyonlarca tarihi yap\u0131ya sahip bir milletiz. Kursiyerler bu sergiyle birlikte tarihi mekanlar\u0131m\u0131z\u0131 ve el sanatlar\u0131 k\u00fclt\u00fcr\u00fcm\u00fcz\u00fc birle\u015ftirerek son derece anlaml\u0131 bir sergi ortaya \u00e7\u0131karm\u0131\u015flar.\u201d ifadelerini kulland\u0131.<\/p>\n\n\n<div class=\"wp-block-image\">\n<figure class=\"alignleft size-large is-resized\"><img decoding=\"async\" src=\"https:\/\/iletim.istanbul.edu.tr\/wp-content\/uploads\/WhatsApp-Image-2024-10-25-at-13.48.34-1024x768.jpeg\" alt=\"\" class=\"wp-image-23638\" width=\"-1154\" height=\"-865\" srcset=\"https:\/\/iletim.istanbul.edu.tr\/wp-content\/uploads\/WhatsApp-Image-2024-10-25-at-13.48.34-1024x768.jpeg 1024w, https:\/\/iletim.istanbul.edu.tr\/wp-content\/uploads\/WhatsApp-Image-2024-10-25-at-13.48.34-300x225.jpeg 300w, https:\/\/iletim.istanbul.edu.tr\/wp-content\/uploads\/WhatsApp-Image-2024-10-25-at-13.48.34-768x576.jpeg 768w, https:\/\/iletim.istanbul.edu.tr\/wp-content\/uploads\/WhatsApp-Image-2024-10-25-at-13.48.34-1536x1152.jpeg 1536w, https:\/\/iletim.istanbul.edu.tr\/wp-content\/uploads\/WhatsApp-Image-2024-10-25-at-13.48.34-2048x1536.jpeg 2048w, https:\/\/iletim.istanbul.edu.tr\/wp-content\/uploads\/WhatsApp-Image-2024-10-25-at-13.48.34-750x563.jpeg 750w, https:\/\/iletim.istanbul.edu.tr\/wp-content\/uploads\/WhatsApp-Image-2024-10-25-at-13.48.34-1140x855.jpeg 1140w\" sizes=\"(max-width: 1024px) 100vw, 1024px\" \/><figcaption class=\"wp-element-caption\">Sergi k\u00fcrat\u00f6r\u00fc ve nak\u0131\u015f e\u011fitmeni Zekiye Ensari<\/figcaption><\/figure><\/div>\n\n\n<p>Sergi k\u00fcrat\u00f6r\u00fc ve nak\u0131\u015f e\u011fitmeni Zekiye Ensari, \u0130letim gazetesi i\u00e7in \u015funlar\u0131 s\u00f6yledi:<\/p>\n\n\n\n<p>\u201c\u00d6nceden yine bu m\u00fczede Osmanl\u0131 kalyonlar sergisini d\u00fczenlemi\u015ftim. Yine burada olmaktan mutluyum. Kursiyerlerimle Zeugma M\u00fczesi\u2019ne gitti\u011fimde \u00e7ok etkilendik. \u2018Yapar m\u0131y\u0131z, yapamaz m\u0131y\u0131z?\u2019 derken projelerimizi haz\u0131rlad\u0131k, \u00e7al\u0131\u015fmalar\u0131m\u0131z\u0131 tamamlad\u0131k ve \u015fimdi sanatseverler ile bu sergide bulu\u015fuyoruz.\u201d a\u00e7\u0131klamas\u0131nda bulundu.<\/p>\n\n\n\n<p>Sergide eserleri yer alan kursiyerlerden Asuman K\u0131r\u0131c\u0131 ve Canan G\u00fcrtan par\u00e7alar\u0131n\u0131n yap\u0131m s\u00fcrecini anlatt\u0131. Asuman K\u0131r\u0131c\u0131 eserinin tel k\u0131rma i\u015flemi ile yap\u0131ld\u0131\u011f\u0131n\u0131 belirterek, \u201cBu eseri haz\u0131rlarken fig\u00fcr\u00fcm\u00fcn kad\u0131n olmas\u0131 beni \u00e7ok cezbetti. Tanr\u0131\u00e7alar\u0131n g\u00fc\u00e7l\u00fc duru\u015funu g\u00f6r\u00fcr g\u00f6rmez \u2018Ben bunu i\u015flemeliyim.\u2019 dedim. Tam tam\u0131na 1 y\u0131lda, her teli k\u0131rarak bu eseri tamamlad\u0131m.\u201d eserinin hayata ge\u00e7i\u015f a\u015famas\u0131n\u0131 anlatt\u0131. Canan G\u00fcrtan ise \u201cMotife ilk bakt\u0131\u011f\u0131mda g\u00f6zlerine vuruldum. \u00c7ingene K\u0131z\u0131 motifini se\u00e7memin sebebi motifteki kad\u0131n fig\u00fcr\u00fcn\u00fcn i\u00e7imde tuttu\u011funu koparan ve her t\u00fcrl\u00fc \u015feyi ba\u015farabilecek bir T\u00fcrk kad\u0131n\u0131 hissi uyand\u0131rmas\u0131.\u201d dedi. <\/p>\n\n\n\n<p>Nak\u0131\u015flarla \u0130lmek \u0130lmek Zeugma sergisi a\u00e7\u0131l\u0131\u015f program\u0131 plaket ve hediye takdimiyle son buldu. Sergi 20 Aral\u0131k\u2019a kadar ziyaret\u00e7i a\u011f\u0131rlamaya devam edecek.<\/p>\n\n\n\n<figure class=\"wp-block-gallery has-nested-images columns-default is-cropped wp-block-gallery-2 is-layout-flex wp-block-gallery-is-layout-flex\">\n<figure class=\"wp-block-image size-large\"><img decoding=\"async\" width=\"1024\" height=\"768\" data-id=\"23637\" src=\"https:\/\/iletim.istanbul.edu.tr\/wp-content\/uploads\/WhatsApp-Image-2024-10-25-at-13.48.58-1-1-1024x768.jpeg\" alt=\"\" class=\"wp-image-23637\" srcset=\"https:\/\/iletim.istanbul.edu.tr\/wp-content\/uploads\/WhatsApp-Image-2024-10-25-at-13.48.58-1-1-1024x768.jpeg 1024w, https:\/\/iletim.istanbul.edu.tr\/wp-content\/uploads\/WhatsApp-Image-2024-10-25-at-13.48.58-1-1-300x225.jpeg 300w, https:\/\/iletim.istanbul.edu.tr\/wp-content\/uploads\/WhatsApp-Image-2024-10-25-at-13.48.58-1-1-768x576.jpeg 768w, https:\/\/iletim.istanbul.edu.tr\/wp-content\/uploads\/WhatsApp-Image-2024-10-25-at-13.48.58-1-1-1536x1152.jpeg 1536w, https:\/\/iletim.istanbul.edu.tr\/wp-content\/uploads\/WhatsApp-Image-2024-10-25-at-13.48.58-1-1-2048x1536.jpeg 2048w, https:\/\/iletim.istanbul.edu.tr\/wp-content\/uploads\/WhatsApp-Image-2024-10-25-at-13.48.58-1-1-750x563.jpeg 750w, https:\/\/iletim.istanbul.edu.tr\/wp-content\/uploads\/WhatsApp-Image-2024-10-25-at-13.48.58-1-1-1140x855.jpeg 1140w\" sizes=\"(max-width: 1024px) 100vw, 1024px\" \/><\/figure>\n\n\n\n<figure class=\"wp-block-image size-large\"><img decoding=\"async\" width=\"1024\" height=\"680\" data-id=\"23636\" src=\"https:\/\/iletim.istanbul.edu.tr\/wp-content\/uploads\/WhatsApp-Image-2024-10-25-at-13.48.58-1024x680.jpeg\" alt=\"\" class=\"wp-image-23636\" srcset=\"https:\/\/iletim.istanbul.edu.tr\/wp-content\/uploads\/WhatsApp-Image-2024-10-25-at-13.48.58-1024x680.jpeg 1024w, https:\/\/iletim.istanbul.edu.tr\/wp-content\/uploads\/WhatsApp-Image-2024-10-25-at-13.48.58-300x199.jpeg 300w, https:\/\/iletim.istanbul.edu.tr\/wp-content\/uploads\/WhatsApp-Image-2024-10-25-at-13.48.58-768x510.jpeg 768w, https:\/\/iletim.istanbul.edu.tr\/wp-content\/uploads\/WhatsApp-Image-2024-10-25-at-13.48.58-1536x1020.jpeg 1536w, https:\/\/iletim.istanbul.edu.tr\/wp-content\/uploads\/WhatsApp-Image-2024-10-25-at-13.48.58-2048x1360.jpeg 2048w, https:\/\/iletim.istanbul.edu.tr\/wp-content\/uploads\/WhatsApp-Image-2024-10-25-at-13.48.58-750x498.jpeg 750w, https:\/\/iletim.istanbul.edu.tr\/wp-content\/uploads\/WhatsApp-Image-2024-10-25-at-13.48.58-1140x757.jpeg 1140w\" sizes=\"(max-width: 1024px) 100vw, 1024px\" \/><\/figure>\n<\/figure>\n","protected":false},"excerpt":{"rendered":"<p>Haber: \u00d6zg\u00fcr Recep Kocao\u011flu Foto\u011fraf\/S\u00f6yle\u015fi: Elif K\u00f6ys\u00fcren, Sena Sand\u0131k\u00e7\u0131, Serranur \u015eener Edit\u00f6r: Hatice Beyza \u00c7akmak \u0130stanbul \u2013 (\u0130\u00dc Haber Ajans\u0131) \u0130stanbul \u00dcniversitesi M\u00fcze ve K\u00fclt\u00fcr Miraslar\u0131n\u0131n Y\u00f6netimi Uygulama ve Ara\u015ft\u0131rma Merkezi (M\u00dcZEYUM) ve Kad\u0131k\u00f6y Bostanc\u0131 Halk E\u011fitimi Merkezi i\u015f birli\u011finde haz\u0131rlanan &#8220;Nak\u0131\u015flarla \u0130lmek \u0130lmek Zeugma&#8221; sergisi \u0130stanbul \u00dcniversitesi II.Bayezid T\u00fcrk Hamam\u0131 K\u00fclt\u00fcr\u00fc M\u00fczesi&#8217;nde sergilenmeye ba\u015flad\u0131. [&hellip;]<\/p>\n","protected":false},"author":14,"featured_media":23651,"comment_status":"closed","ping_status":"open","sticky":false,"template":"","format":"standard","meta":{"jnews-multi-image_gallery":[],"jnews_single_post":{"subtitle":"","format":"standard","video":"","gallery":"","source_name":"","source_url":"","via_name":"","via_url":"","override_template":"0","override":[{"template":"1","single_blog_custom":"","parallax":"1","fullscreen":"1","layout":"double-sidebar","sidebar":"single-left","second_sidebar":"default-sidebar","sticky_sidebar":"1","share_position":"top","share_float_style":"share-monocrhome","show_share_counter":"1","show_view_counter":"1","show_featured":"1","show_post_meta":"1","show_post_author":"1","show_post_author_image":"1","show_post_date":"1","post_date_format":"default","post_date_format_custom":"Y\/m\/d","show_post_category":"1","show_post_reading_time":"0","post_reading_time_wpm":"300","show_zoom_button":"0","zoom_button_out_step":"2","zoom_button_in_step":"3","show_post_tag":"1","show_prev_next_post":"1","show_popup_post":"1","number_popup_post":"1","show_author_box":"0","show_post_related":"0","show_inline_post_related":"1"}],"override_image_size":"0","image_override":[{"single_post_thumbnail_size":"crop-500","single_post_gallery_size":"crop-500"}],"trending_post":"0","trending_post_position":"meta","trending_post_label":"Trending","sponsored_post":"0","sponsored_post_label":"Sponsored by","sponsored_post_name":"","sponsored_post_url":"","sponsored_post_logo_enable":"0","sponsored_post_logo":"","sponsored_post_desc":"","disable_ad":"0"},"jnews_primary_category":{"id":"","hide":""},"jnews_social_meta":{"fb_title":"","fb_description":"","fb_image":"","twitter_title":"","twitter_description":"","twitter_image":""},"jnews_override_counter":{"override_view_counter":"0","view_counter_number":"0","override_share_counter":"0","share_counter_number":"0","override_like_counter":"0","like_counter_number":"0","override_dislike_counter":"0","dislike_counter_number":"0"},"footnotes":""},"categories":[28,34,30,2085,2348],"tags":[3149,3148,43,1139,3147,171,3150],"class_list":["post-23634","post","type-post","status-publish","format-standard","has-post-thumbnail","hentry","category-istanbul","category-universite","category-kultur-sanat","category-manset-haber","category-manset-yani","tag-gaziantep","tag-isleme","tag-istanbul-universitesi","tag-muze","tag-nakis","tag-sanat","tag-zeugmamuzesi"],"_links":{"self":[{"href":"https:\/\/iletim.istanbul.edu.tr\/index.php\/wp-json\/wp\/v2\/posts\/23634","targetHints":{"allow":["GET"]}}],"collection":[{"href":"https:\/\/iletim.istanbul.edu.tr\/index.php\/wp-json\/wp\/v2\/posts"}],"about":[{"href":"https:\/\/iletim.istanbul.edu.tr\/index.php\/wp-json\/wp\/v2\/types\/post"}],"author":[{"embeddable":true,"href":"https:\/\/iletim.istanbul.edu.tr\/index.php\/wp-json\/wp\/v2\/users\/14"}],"replies":[{"embeddable":true,"href":"https:\/\/iletim.istanbul.edu.tr\/index.php\/wp-json\/wp\/v2\/comments?post=23634"}],"version-history":[{"count":0,"href":"https:\/\/iletim.istanbul.edu.tr\/index.php\/wp-json\/wp\/v2\/posts\/23634\/revisions"}],"wp:featuredmedia":[{"embeddable":true,"href":"https:\/\/iletim.istanbul.edu.tr\/index.php\/wp-json\/wp\/v2\/media\/23651"}],"wp:attachment":[{"href":"https:\/\/iletim.istanbul.edu.tr\/index.php\/wp-json\/wp\/v2\/media?parent=23634"}],"wp:term":[{"taxonomy":"category","embeddable":true,"href":"https:\/\/iletim.istanbul.edu.tr\/index.php\/wp-json\/wp\/v2\/categories?post=23634"},{"taxonomy":"post_tag","embeddable":true,"href":"https:\/\/iletim.istanbul.edu.tr\/index.php\/wp-json\/wp\/v2\/tags?post=23634"}],"curies":[{"name":"wp","href":"https:\/\/api.w.org\/{rel}","templated":true}]}}