{"id":23657,"date":"2024-10-29T20:33:07","date_gmt":"2024-10-29T17:33:07","guid":{"rendered":"https:\/\/iletim.istanbul.edu.tr\/?p=23657"},"modified":"2024-10-29T23:15:54","modified_gmt":"2024-10-29T20:15:54","slug":"uluslararasi-2-suleymaniye-sempozyumu-gerceklestirildi","status":"publish","type":"post","link":"https:\/\/iletim.istanbul.edu.tr\/index.php\/2024\/10\/29\/uluslararasi-2-suleymaniye-sempozyumu-gerceklestirildi\/","title":{"rendered":"Uluslararas\u0131 2.S\u00fcleymaniye Sempozyumu Ger\u00e7ekle\u015ftirildi"},"content":{"rendered":"\n<p><strong><em>Muhabir : Talha Ke\u015fir<\/em><\/strong><\/p>\n\n\n\n<p><strong><em>Edit\u00f6r&amp;Foto\u011fraf: Buse Sever<\/em><\/strong><\/p>\n\n\n\n<p><strong>\u0130stanbul \u2013 (\u0130\u00dc Haber Ajans\u0131)<\/strong><\/p>\n\n\n\n<p><strong><em>K\u00fclt\u00fcr Oca\u011f\u0131 Vakf\u0131 (KOCAV) koordinasyonunda \u0130stanbul \u00dcniversitesi<br>Rekt\u00f6rl\u00fc\u011f\u00fc, \u0130.\u00dc. Edebiyat Fak\u00fcltesi ve \u0130.\u00dc. T\u00fcrkiyat Ara\u015ft\u0131rmalar\u0131<br>Enstit\u00fcs\u00fc\u2019n\u00fcn i\u015f birli\u011fiyle iki g\u00fcn s\u00fcren, \u201cKapal\u0131\u00e7ar\u015f\u0131\u201d temal\u0131<br>Uluslararas\u0131 2.S\u00fcleymaniye Sempozyumu ger\u00e7ekle\u015ftirildi.<\/em><\/strong><\/p>\n\n\n\n<p><br>Program\u0131n ilk g\u00fcn\u00fc, Rekt\u00f6rl\u00fck Doktora Salonu\u2019nda 26 Ekim Cumartesi<br>g\u00fcn\u00fc d\u00fczenlendi. Alanlar\u0131nda uzman akademisyenler konuk oldu.<br>Sayg\u0131 duru\u015fu ve \u0130stikl\u00e2l Mar\u015f\u0131\u2019n\u0131n ard\u0131ndan KOCAV Ba\u015fkan\u0131 Av. Dr. Ali<br>\u00dcrey a\u00e7\u0131l\u0131\u015f konu\u015fmas\u0131nda, tarihe ve k\u00fclt\u00fcre sahip \u00e7\u0131kman\u0131n bizim<br>elimizde oldu\u011funu vurgulad\u0131. \u0130.\u00dc. T\u00fcrkiyat Ara\u015ft\u0131rmalar\u0131 Enstit\u00fcs\u00fc<br>M\u00fcd\u00fcr\u00fc Prof. Dr. Ay\u015fe Zil\u015fan, Kapal\u0131\u00e7ar\u015f\u0131\u2019n\u0131n bir k\u00fclt\u00fcr merkezi ve okul<br>oldu\u011funa de\u011finerek, \u00e7ar\u015f\u0131n\u0131n \u00f6nemini vurgulam\u0131\u015ft\u0131r. Rekt\u00f6r Yard\u0131mc\u0131s\u0131<br>ve \u0130ktisat Fak\u00fcltesi Vekil Dekan\u0131 Prof. Dr. G\u00fcls\u00fcm Ak, \u201cS\u00fcleymaniye<br>Sempozyumu\u2019nun ikincisini ger\u00e7ekle\u015ftiriyoruz. Buna ev sahipli\u011fi<br>yapmaktay\u0131z. Kapal\u0131\u00e7ar\u015f\u0131 \u00e7ok \u00f6nemlidir\u201d dedi. D\u00fczce Valisi Sel\u00e7uk<br>Aslan, \u201cS\u00fcleymaniye\u2019nin hala tarihimizde ve medeniyetimizde hak<br>etti\u011fi yere ula\u015fmas\u0131, en basitinden k\u00fclt\u00fcr\u00fcm\u00fczdeki \u00f6nemi, di\u011fer<br>insanlar a\u00e7\u0131s\u0131ndan kuvvetli\u201d ifadesini kulland\u0131.<\/p>\n\n\n\n<p><strong><br>A\u00e7\u0131l\u0131\u015f Oturumunu Prof. Dr. Sel\u00e7uk M\u00fclayim Yapt\u0131<\/strong><br>Oturumun a\u00e7\u0131l\u0131\u015f\u0131n\u0131 yapan sanat tarih\u00e7isi Prof. Dr. Sel\u00e7uk M\u00fclayim,<br>Kapal\u0131\u00e7ar\u015f\u0131\u2019n\u0131n Kalpak\u00e7\u0131 Caddesi taraf\u0131ndaki kap\u0131s\u0131n\u0131n mimarisinden<br>bahsederken, \u00e7ar\u015f\u0131n\u0131n \u00e7ok y\u00f6nl\u00fc zengin bir misyonu oldu\u011funu s\u00f6yledi.<br>A\u00e7\u0131l\u0131\u015f oturumunun sona ermesiyle birinci oturum ba\u015flad\u0131.<br><\/p>\n\n\n\n<figure class=\"wp-block-image size-large is-resized\"><img decoding=\"async\" src=\"https:\/\/iletim.istanbul.edu.tr\/wp-content\/uploads\/WhatsApp-Image-2024-10-29-at-20.21.56-1024x575.jpeg\" alt=\"\" class=\"wp-image-23661\" width=\"356\" height=\"199\" srcset=\"https:\/\/iletim.istanbul.edu.tr\/wp-content\/uploads\/WhatsApp-Image-2024-10-29-at-20.21.56-1024x575.jpeg 1024w, https:\/\/iletim.istanbul.edu.tr\/wp-content\/uploads\/WhatsApp-Image-2024-10-29-at-20.21.56-300x168.jpeg 300w, https:\/\/iletim.istanbul.edu.tr\/wp-content\/uploads\/WhatsApp-Image-2024-10-29-at-20.21.56-768x431.jpeg 768w, https:\/\/iletim.istanbul.edu.tr\/wp-content\/uploads\/WhatsApp-Image-2024-10-29-at-20.21.56-1536x863.jpeg 1536w, https:\/\/iletim.istanbul.edu.tr\/wp-content\/uploads\/WhatsApp-Image-2024-10-29-at-20.21.56-750x421.jpeg 750w, https:\/\/iletim.istanbul.edu.tr\/wp-content\/uploads\/WhatsApp-Image-2024-10-29-at-20.21.56-1140x640.jpeg 1140w, https:\/\/iletim.istanbul.edu.tr\/wp-content\/uploads\/WhatsApp-Image-2024-10-29-at-20.21.56.jpeg 2048w\" sizes=\"(max-width: 356px) 100vw, 356px\" \/><\/figure>\n\n\n\n<p><strong>Kapal\u0131\u00e7ar\u015f\u0131\u2019ya Genel Bak\u0131\u015f<\/strong><br>Prof. Dr. Ali Aky\u0131ld\u0131z\u2019\u0131n ba\u015fkanl\u0131\u011f\u0131n\u0131 yapt\u0131\u011f\u0131 birinci oturumda Dr. Burak<br>Aydemir, Do\u00e7. Dr. Akansel Yal\u00e7\u0131nkaya, Ar\u015f. G\u00f6r. Sena G\u00fcltekin konuk<br>oldu. Yal\u00e7\u0131nkaya, \u201c\u00c7ar\u015f\u0131, 80\u2019lerden sonra \u00f6nemli de\u011fi\u015fimler ge\u00e7irdi\u201d<br>diyerek, Kapal\u0131\u00e7ar\u015f\u0131\u2019n\u0131n zaman i\u00e7indeki de\u011fi\u015fimi \u00fczerine konu\u015ftu.<br>Aydemir ise \u00e7ar\u015f\u0131n\u0131n esnafla i\u00e7 i\u00e7e ge\u00e7ti\u011fi bir yer oldu\u011funu ve bir<br>e\u011fitim merkezi oldu\u011funu s\u00f6yledi. G\u00fcltekin, \u201cGen\u00e7ler daha \u00e7ok AVM\u2019ye<br>y\u00f6neldi\u201d diyerek \u00e7ar\u015f\u0131ya gelen gen\u00e7 n\u00fcfusun d\u00fc\u015f\u00fc\u015f\u00fc \u00fczerine de\u011findi.<br><\/p>\n\n\n\n<figure class=\"wp-block-image size-large is-resized\"><img decoding=\"async\" src=\"https:\/\/iletim.istanbul.edu.tr\/wp-content\/uploads\/WhatsApp-Image-2024-10-29-at-20.21.56-1-1024x575.jpeg\" alt=\"\" class=\"wp-image-23662\" width=\"373\" height=\"208\" srcset=\"https:\/\/iletim.istanbul.edu.tr\/wp-content\/uploads\/WhatsApp-Image-2024-10-29-at-20.21.56-1-1024x575.jpeg 1024w, https:\/\/iletim.istanbul.edu.tr\/wp-content\/uploads\/WhatsApp-Image-2024-10-29-at-20.21.56-1-300x168.jpeg 300w, https:\/\/iletim.istanbul.edu.tr\/wp-content\/uploads\/WhatsApp-Image-2024-10-29-at-20.21.56-1-768x431.jpeg 768w, https:\/\/iletim.istanbul.edu.tr\/wp-content\/uploads\/WhatsApp-Image-2024-10-29-at-20.21.56-1-750x421.jpeg 750w, https:\/\/iletim.istanbul.edu.tr\/wp-content\/uploads\/WhatsApp-Image-2024-10-29-at-20.21.56-1-1140x640.jpeg 1140w, https:\/\/iletim.istanbul.edu.tr\/wp-content\/uploads\/WhatsApp-Image-2024-10-29-at-20.21.56-1.jpeg 2048w\" sizes=\"(max-width: 373px) 100vw, 373px\" \/><\/figure>\n\n\n\n<p><strong>1.Panel: Kapal\u0131\u00e7ar\u015f\u0131 \u0130\u00e7inden<\/strong><br>Birinci Oturumun sona ermesinin ard\u0131ndan Do\u00e7. Dr. Mehmet Sait<br>T\u00fcrkhan\u2019\u0131n ba\u015fkanl\u0131\u011f\u0131n\u0131 yapt\u0131\u011f\u0131 \u201cKapal\u0131\u00e7ar\u015f\u0131 \u0130\u00e7inden\u201d konulu birinci<br>panel ger\u00e7ekle\u015ftirildi. Programa Dr. Hasan F\u0131rat ve Enis Zipak kat\u0131ld\u0131.<br>Kapal\u0131\u00e7ar\u015f\u0131\u2019n\u0131n ge\u00e7mi\u015ften g\u00fcn\u00fcm\u00fcze, ekonomik y\u00f6nden de\u011fi\u015fimleri<br>ele al\u0131nd\u0131. F\u0131rat, \u00e7ar\u015f\u0131n\u0131n esnaflar\u0131 hakk\u0131nda \u015fu ifadeleri kulland\u0131:<br>\u201cEsnaflar\u0131n kalitesi ve de\u011ferinin d\u00fc\u015fmesi, turist say\u0131s\u0131nda d\u00fc\u015f\u00fc\u015f<br>olmas\u0131na neden olmu\u015ftur\u201d Esnaf\u0131n sat\u0131\u015f yapabilmesi i\u00e7in en az iki dil<br>bilmesinin gerekli oldu\u011funu belirten F\u0131rat, \u201c563 senedir ayakta olan<br>\u00e7ar\u015f\u0131ya sahip \u00e7\u0131kaca\u011f\u0131z\u201d ifadesini kulland\u0131. Zipak, Kapal\u0131\u00e7ar\u015f\u0131\u2019n\u0131n T\u00fcrk<br>ekonomisinde \u00f6nemli bir yer oldu\u011funa de\u011finerek kuyumculuk,<br>hal\u0131c\u0131l\u0131k gibi \u00e7ar\u015f\u0131y\u0131 hareketlendirecek alanlar\u0131n oldu\u011funu s\u00f6yledi.<br><\/p>\n\n\n\n<figure class=\"wp-block-image size-large is-resized\"><img decoding=\"async\" src=\"https:\/\/iletim.istanbul.edu.tr\/wp-content\/uploads\/WhatsApp-Image-2024-10-29-at-20.21.57-1024x683.jpeg\" alt=\"\" class=\"wp-image-23663\" width=\"374\" height=\"250\" srcset=\"https:\/\/iletim.istanbul.edu.tr\/wp-content\/uploads\/WhatsApp-Image-2024-10-29-at-20.21.57-1024x683.jpeg 1024w, https:\/\/iletim.istanbul.edu.tr\/wp-content\/uploads\/WhatsApp-Image-2024-10-29-at-20.21.57-300x200.jpeg 300w, https:\/\/iletim.istanbul.edu.tr\/wp-content\/uploads\/WhatsApp-Image-2024-10-29-at-20.21.57-768x512.jpeg 768w, https:\/\/iletim.istanbul.edu.tr\/wp-content\/uploads\/WhatsApp-Image-2024-10-29-at-20.21.57-1536x1025.jpeg 1536w, https:\/\/iletim.istanbul.edu.tr\/wp-content\/uploads\/WhatsApp-Image-2024-10-29-at-20.21.57-750x500.jpeg 750w, https:\/\/iletim.istanbul.edu.tr\/wp-content\/uploads\/WhatsApp-Image-2024-10-29-at-20.21.57-1140x760.jpeg 1140w, https:\/\/iletim.istanbul.edu.tr\/wp-content\/uploads\/WhatsApp-Image-2024-10-29-at-20.21.57.jpeg 2048w\" sizes=\"(max-width: 374px) 100vw, 374px\" \/><\/figure>\n\n\n\n<p><strong>\u201cNerede Bir \u00c7ar\u015f\u0131 Kurulduysa Orada Geli\u015fim S\u00fcreci Oldu\u201d<\/strong><br>Sempozyumun ilk g\u00fcn\u00fcndeki son oturum, Prof. Dr. Ahmet Y\u00f6r\u00fck\u2019\u00fcn<br>ba\u015fkanl\u0131\u011f\u0131nda yap\u0131ld\u0131. Toplant\u0131ya Dr. Saim \u00c7a\u011fr\u0131 Kocakaplan, Prof. Dr.<br>Cavid Qas\u0131mov ve Oktay T\u00fcrko\u011flu konuk oldu. Kocakaplan, \u201c\u00c7ar\u015f\u0131n\u0131n<br>sadece \u0130stanbul \u00f6zelinde de\u011fil, Sel\u00e7uklu ve Osmanl\u0131 d\u00f6nemindeki<br>merkezlerde nerede bir \u00e7ar\u015f\u0131 kurulduysa orada geli\u015fim s\u00fcreci oldu\u201d<br>diye belirterek \u00e7ar\u015f\u0131lar\u0131n, \u00fclke geli\u015fiminde b\u00fcy\u00fck bir rol oynad\u0131\u011f\u0131na<br>dikkat \u00e7ekti. Qas\u0131mov, \u0130stanbul\u2019un tan\u0131t\u0131lmas\u0131 i\u00e7in Rus turistlere<br>y\u00f6nelik bir k\u0131lavuzun yaz\u0131ld\u0131\u011f\u0131n\u0131 s\u00f6yledi. K\u0131lavuzda Nuruosmaniye ve<br>Beyaz\u0131t kap\u0131lar\u0131ndan bahsedildi\u011fini belirtti. Kalelio\u011flu ise<br>Kapal\u0131\u00e7ar\u015f\u0131\u2019n\u0131n dili \u00fczerinden anlat\u0131mlarda bulundu. \u00c7ar\u015f\u0131n\u0131n dizge,<br>de\u011fer, bi\u00e7im ve t\u00f6z ba\u011flam\u0131n\u0131n olu\u015fumlar\u0131ndan bahsetti.<br><\/p>\n\n\n\n<figure class=\"wp-block-image size-large is-resized\"><img decoding=\"async\" src=\"https:\/\/iletim.istanbul.edu.tr\/wp-content\/uploads\/WhatsApp-Image-2024-10-29-at-20.21.59-1024x818.jpeg\" alt=\"\" class=\"wp-image-23664\" width=\"391\" height=\"311\" srcset=\"https:\/\/iletim.istanbul.edu.tr\/wp-content\/uploads\/WhatsApp-Image-2024-10-29-at-20.21.59-1024x818.jpeg 1024w, https:\/\/iletim.istanbul.edu.tr\/wp-content\/uploads\/WhatsApp-Image-2024-10-29-at-20.21.59-300x240.jpeg 300w, https:\/\/iletim.istanbul.edu.tr\/wp-content\/uploads\/WhatsApp-Image-2024-10-29-at-20.21.59-1536x1227.jpeg 1536w, https:\/\/iletim.istanbul.edu.tr\/wp-content\/uploads\/WhatsApp-Image-2024-10-29-at-20.21.59-750x599.jpeg 750w, https:\/\/iletim.istanbul.edu.tr\/wp-content\/uploads\/WhatsApp-Image-2024-10-29-at-20.21.59-1140x911.jpeg 1140w\" sizes=\"(max-width: 391px) 100vw, 391px\" \/><\/figure>\n\n\n\n<p><strong>Sempozyumun ikinci g\u00fcn\u00fc ger\u00e7ekle\u015ftirildi<\/strong><br>Sempozyumun ikinci g\u00fcn\u00fc 27 Ekim Cumartesi g\u00fcn\u00fc \u0130.\u00dc. Edebiyat<br>Fak\u00fcltesinde ger\u00e7ekle\u015ftirildi. G\u00fcn\u00fcn ilk oturumu Prof. Dr. Fatma<br>\u00dcrekli\u2019nin ba\u015fkanl\u0131\u011f\u0131nda yap\u0131ld\u0131. Oturuma Dr. Ay\u015fenur Erdo\u011fan, Dr.<br>Fatih \u00c7il ve Dr. Nermin Gen\u00e7 kat\u0131ld\u0131. 1894 \u0130stanbul depreminde,<br>Kapal\u0131\u00e7ar\u015f\u0131\u2019n\u0131n g\u00f6rd\u00fc\u011f\u00fc hasar \u00fczerine konu\u015fmalar yap\u0131ld\u0131. Erdo\u011fan,<br>\u201cKapal\u0131\u00e7ar\u015f\u0131\u2019n\u0131n kemerleri hasar alm\u0131\u015f ve kiremitlerde k\u0131r\u0131klar<br>meydana gelmi\u015f\u201d dedi. Di\u011fer konu\u015fmac\u0131lar da Kapal\u0131\u00e7ar\u015f\u0131\u2019n\u0131n<br>depremden etkilendi\u011fine de\u011findi.<br><\/p>\n\n\n\n<figure class=\"wp-block-image size-large is-resized\"><img decoding=\"async\" src=\"https:\/\/iletim.istanbul.edu.tr\/wp-content\/uploads\/WhatsApp-Image-2024-10-29-at-20.21.59-1-1024x575.jpeg\" alt=\"\" class=\"wp-image-23665\" width=\"357\" height=\"199\" srcset=\"https:\/\/iletim.istanbul.edu.tr\/wp-content\/uploads\/WhatsApp-Image-2024-10-29-at-20.21.59-1-1024x575.jpeg 1024w, https:\/\/iletim.istanbul.edu.tr\/wp-content\/uploads\/WhatsApp-Image-2024-10-29-at-20.21.59-1-300x168.jpeg 300w, https:\/\/iletim.istanbul.edu.tr\/wp-content\/uploads\/WhatsApp-Image-2024-10-29-at-20.21.59-1-768x431.jpeg 768w, https:\/\/iletim.istanbul.edu.tr\/wp-content\/uploads\/WhatsApp-Image-2024-10-29-at-20.21.59-1-750x421.jpeg 750w, https:\/\/iletim.istanbul.edu.tr\/wp-content\/uploads\/WhatsApp-Image-2024-10-29-at-20.21.59-1-1140x640.jpeg 1140w, https:\/\/iletim.istanbul.edu.tr\/wp-content\/uploads\/WhatsApp-Image-2024-10-29-at-20.21.59-1.jpeg 2048w\" sizes=\"(max-width: 357px) 100vw, 357px\" \/><\/figure>\n\n\n\n<p><strong>Kapal\u0131\u00e7ar\u015f\u0131 Edebiyat Alan\u0131nda Ele Al\u0131nd\u0131<\/strong><br>Prof. Dr. Abdullah U\u00e7man\u2019\u0131n ba\u015fkanl\u0131\u011f\u0131nda yap\u0131lan oturuma Do\u00e7. Dr.<br>\u0130brahim \u00d6zen, Do\u00e7. Dr. \u0130smail Alper Kumsar ve Do\u00e7. Dr. Necati Tonga<br>konuk oldu. Konu\u015fmac\u0131lar, Edebiyat d\u00fcnyam\u0131z\u0131n \u00fcnl\u00fc isimlerinden<br>H\u00fcseyin Rahmi G\u00fcrp\u0131nar, Ahmet Rasim, Refik Halid Karay, Sermet<br>Muhtar Alus ve Edip Cansever\u2019in yazd\u0131klar\u0131 \u015fiirlerinde, romanlar\u0131nda<br>ve hikayelerinde Kapal\u0131\u00e7ar\u015f\u0131\u2019n\u0131n nas\u0131l anlat\u0131ld\u0131\u011f\u0131n\u0131 vurgulad\u0131lar.<br><\/p>\n\n\n\n<p><strong>\u201cKapal\u0131\u00e7ar\u015f\u0131\u2019da Sanat ve Ticaret Bakarak \u00d6\u011frenilen Bir \u015eeydir\u201d<\/strong><br>\u201cKapal\u0131\u00e7ar\u015f\u0131\u2019da Esnaf Olmak\u201d konulu ikinci panel Prof. Dr. Zekai<br>Karda\u015f\u2019\u0131n ba\u015fkanl\u0131\u011f\u0131nda yap\u0131ld\u0131. Nebil Basmac\u0131 ve Ercan \u00d6zboyac\u0131<br>konu\u015fmac\u0131 olarak kat\u0131ld\u0131. \u00d6zboyac\u0131, \u00e7ar\u015f\u0131da esnafl\u0131\u011f\u0131n yap\u0131labilmesi<br>i\u00e7in \u00f6\u011frenilmesinin gerekti\u011fini \u015f\u00f6yle ifade etti: \u201cKapal\u0131\u00e7ar\u015f\u0131\u2019da sanat ve<br>ticaret, bakarak \u00f6\u011frenilen bir \u015feydir\u201d Basmac\u0131 ise ortaokul<br>d\u00f6nemindeyken yaz tatilinde har\u00e7l\u0131\u011f\u0131n\u0131 \u00e7\u0131karmak i\u00e7in Kapal\u0131\u00e7ar\u015f\u0131\u2019da<br>\u00e7al\u0131\u015ft\u0131\u011f\u0131n\u0131 belirtti.<br><\/p>\n\n\n\n<p>Sempozyum, kapan\u0131\u015f konu\u015fmas\u0131yla birlikte sona erdi.<\/p>\n\n\n\n<figure class=\"wp-block-gallery has-nested-images columns-default is-cropped wp-block-gallery-1 is-layout-flex wp-block-gallery-is-layout-flex\">\n<figure class=\"wp-block-image size-large\"><img decoding=\"async\" width=\"1024\" height=\"647\" data-id=\"23667\" src=\"https:\/\/iletim.istanbul.edu.tr\/wp-content\/uploads\/WhatsApp-Image-2024-10-29-at-20.21.59-2-1-1024x647.jpeg\" alt=\"\" class=\"wp-image-23667\" srcset=\"https:\/\/iletim.istanbul.edu.tr\/wp-content\/uploads\/WhatsApp-Image-2024-10-29-at-20.21.59-2-1-1024x647.jpeg 1024w, https:\/\/iletim.istanbul.edu.tr\/wp-content\/uploads\/WhatsApp-Image-2024-10-29-at-20.21.59-2-1-300x190.jpeg 300w, https:\/\/iletim.istanbul.edu.tr\/wp-content\/uploads\/WhatsApp-Image-2024-10-29-at-20.21.59-2-1-768x485.jpeg 768w, https:\/\/iletim.istanbul.edu.tr\/wp-content\/uploads\/WhatsApp-Image-2024-10-29-at-20.21.59-2-1-1536x971.jpeg 1536w, https:\/\/iletim.istanbul.edu.tr\/wp-content\/uploads\/WhatsApp-Image-2024-10-29-at-20.21.59-2-1-750x474.jpeg 750w, https:\/\/iletim.istanbul.edu.tr\/wp-content\/uploads\/WhatsApp-Image-2024-10-29-at-20.21.59-2-1-1140x720.jpeg 1140w\" sizes=\"(max-width: 1024px) 100vw, 1024px\" \/><\/figure>\n\n\n\n<figure class=\"wp-block-image size-large\"><img decoding=\"async\" width=\"1024\" height=\"575\" data-id=\"23668\" src=\"https:\/\/iletim.istanbul.edu.tr\/wp-content\/uploads\/WhatsApp-Image-2024-10-29-at-20.22.00-1024x575.jpeg\" alt=\"\" class=\"wp-image-23668\" srcset=\"https:\/\/iletim.istanbul.edu.tr\/wp-content\/uploads\/WhatsApp-Image-2024-10-29-at-20.22.00-1024x575.jpeg 1024w, https:\/\/iletim.istanbul.edu.tr\/wp-content\/uploads\/WhatsApp-Image-2024-10-29-at-20.22.00-300x168.jpeg 300w, https:\/\/iletim.istanbul.edu.tr\/wp-content\/uploads\/WhatsApp-Image-2024-10-29-at-20.22.00-768x431.jpeg 768w, https:\/\/iletim.istanbul.edu.tr\/wp-content\/uploads\/WhatsApp-Image-2024-10-29-at-20.22.00-1536x863.jpeg 1536w, https:\/\/iletim.istanbul.edu.tr\/wp-content\/uploads\/WhatsApp-Image-2024-10-29-at-20.22.00-750x421.jpeg 750w, https:\/\/iletim.istanbul.edu.tr\/wp-content\/uploads\/WhatsApp-Image-2024-10-29-at-20.22.00-1140x640.jpeg 1140w, https:\/\/iletim.istanbul.edu.tr\/wp-content\/uploads\/WhatsApp-Image-2024-10-29-at-20.22.00.jpeg 2048w\" sizes=\"(max-width: 1024px) 100vw, 1024px\" \/><\/figure>\n<\/figure>\n","protected":false},"excerpt":{"rendered":"<p>Muhabir : Talha Ke\u015fir Edit\u00f6r&amp;Foto\u011fraf: Buse Sever \u0130stanbul \u2013 (\u0130\u00dc Haber Ajans\u0131) K\u00fclt\u00fcr Oca\u011f\u0131 Vakf\u0131 (KOCAV) koordinasyonunda \u0130stanbul \u00dcniversitesiRekt\u00f6rl\u00fc\u011f\u00fc, \u0130.\u00dc. Edebiyat Fak\u00fcltesi ve \u0130.\u00dc. T\u00fcrkiyat Ara\u015ft\u0131rmalar\u0131Enstit\u00fcs\u00fc\u2019n\u00fcn i\u015f birli\u011fiyle iki g\u00fcn s\u00fcren, \u201cKapal\u0131\u00e7ar\u015f\u0131\u201d temal\u0131Uluslararas\u0131 2.S\u00fcleymaniye Sempozyumu ger\u00e7ekle\u015ftirildi. Program\u0131n ilk g\u00fcn\u00fc, Rekt\u00f6rl\u00fck Doktora Salonu\u2019nda 26 Ekim Cumartesig\u00fcn\u00fc d\u00fczenlendi. Alanlar\u0131nda uzman akademisyenler konuk oldu.Sayg\u0131 duru\u015fu ve \u0130stikl\u00e2l Mar\u015f\u0131\u2019n\u0131n [&hellip;]<\/p>\n","protected":false},"author":14,"featured_media":23660,"comment_status":"closed","ping_status":"open","sticky":false,"template":"","format":"standard","meta":{"jnews-multi-image_gallery":[],"jnews_single_post":{"subtitle":"","format":"standard","video":"","gallery":"","source_name":"","source_url":"","via_name":"","via_url":"","override_template":"0","override":[{"template":"1","single_blog_custom":"","parallax":"1","fullscreen":"1","layout":"double-sidebar","sidebar":"single-left","second_sidebar":"default-sidebar","sticky_sidebar":"1","share_position":"top","share_float_style":"share-monocrhome","show_share_counter":"1","show_view_counter":"1","show_featured":"1","show_post_meta":"1","show_post_author":"1","show_post_author_image":"1","show_post_date":"1","post_date_format":"default","post_date_format_custom":"Y\/m\/d","show_post_category":"1","show_post_reading_time":"0","post_reading_time_wpm":"300","show_zoom_button":"0","zoom_button_out_step":"2","zoom_button_in_step":"3","show_post_tag":"1","show_prev_next_post":"1","show_popup_post":"1","number_popup_post":"1","show_author_box":"0","show_post_related":"0","show_inline_post_related":"1"}],"override_image_size":"0","image_override":[{"single_post_thumbnail_size":"crop-500","single_post_gallery_size":"crop-500"}],"trending_post":"0","trending_post_position":"meta","trending_post_label":"Trending","sponsored_post":"0","sponsored_post_label":"Sponsored by","sponsored_post_name":"","sponsored_post_url":"","sponsored_post_logo_enable":"0","sponsored_post_logo":"","sponsored_post_desc":"","disable_ad":"0"},"jnews_primary_category":{"id":"","hide":""},"jnews_social_meta":{"fb_title":"","fb_description":"","fb_image":"","twitter_title":"","twitter_description":"","twitter_image":""},"jnews_override_counter":{"override_view_counter":"0","view_counter_number":"0","override_share_counter":"0","share_counter_number":"0","override_like_counter":"0","like_counter_number":"0","override_dislike_counter":"0","dislike_counter_number":"0"},"footnotes":""},"categories":[24,25,27,1,159,28,34,178,30,2085,2348,35],"tags":[300,410,43],"class_list":["post-23657","post","type-post","status-publish","format-standard","has-post-thumbnail","hentry","category-bilim","category-egitim","category-foto-galeri","category-genel","category-sag-manset","category-istanbul","category-universite","category-fakultemizden","category-kultur-sanat","category-manset-haber","category-manset-yani","category-yasam","tag-iletim","tag-istanbul","tag-istanbul-universitesi"],"_links":{"self":[{"href":"https:\/\/iletim.istanbul.edu.tr\/index.php\/wp-json\/wp\/v2\/posts\/23657","targetHints":{"allow":["GET"]}}],"collection":[{"href":"https:\/\/iletim.istanbul.edu.tr\/index.php\/wp-json\/wp\/v2\/posts"}],"about":[{"href":"https:\/\/iletim.istanbul.edu.tr\/index.php\/wp-json\/wp\/v2\/types\/post"}],"author":[{"embeddable":true,"href":"https:\/\/iletim.istanbul.edu.tr\/index.php\/wp-json\/wp\/v2\/users\/14"}],"replies":[{"embeddable":true,"href":"https:\/\/iletim.istanbul.edu.tr\/index.php\/wp-json\/wp\/v2\/comments?post=23657"}],"version-history":[{"count":0,"href":"https:\/\/iletim.istanbul.edu.tr\/index.php\/wp-json\/wp\/v2\/posts\/23657\/revisions"}],"wp:featuredmedia":[{"embeddable":true,"href":"https:\/\/iletim.istanbul.edu.tr\/index.php\/wp-json\/wp\/v2\/media\/23660"}],"wp:attachment":[{"href":"https:\/\/iletim.istanbul.edu.tr\/index.php\/wp-json\/wp\/v2\/media?parent=23657"}],"wp:term":[{"taxonomy":"category","embeddable":true,"href":"https:\/\/iletim.istanbul.edu.tr\/index.php\/wp-json\/wp\/v2\/categories?post=23657"},{"taxonomy":"post_tag","embeddable":true,"href":"https:\/\/iletim.istanbul.edu.tr\/index.php\/wp-json\/wp\/v2\/tags?post=23657"}],"curies":[{"name":"wp","href":"https:\/\/api.w.org\/{rel}","templated":true}]}}