{"id":23745,"date":"2024-11-01T17:53:07","date_gmt":"2024-11-01T14:53:07","guid":{"rendered":"https:\/\/iletim.istanbul.edu.tr\/?p=23745"},"modified":"2024-11-01T17:53:07","modified_gmt":"2024-11-01T14:53:07","slug":"fotograflarla-istanbul-universitesi-etkinligi-gerceklestirildi","status":"publish","type":"post","link":"https:\/\/iletim.istanbul.edu.tr\/index.php\/2024\/11\/01\/fotograflarla-istanbul-universitesi-etkinligi-gerceklestirildi\/","title":{"rendered":"&#8221;Foto\u011fraflarla \u0130stanbul \u00dcniversitesi&#8221; Etkinli\u011fi Ger\u00e7ekle\u015ftirildi"},"content":{"rendered":"\n<p><strong><em>Muhabir: Medine Yavuz<\/em><\/strong><\/p>\n\n\n\n<p><strong><em>Foto\u011fraf : S\u0131la K\u0131l\u0131n\u00e7<\/em><\/strong><\/p>\n\n\n\n<p><strong><em>Edit\u00f6r: Buse Sever<\/em><\/strong><\/p>\n\n\n\n<p><strong><em>\u0130stanbul \u2013 (\u0130\u00dc Haber Ajans\u0131)<\/em><\/strong><\/p>\n\n\n\n<p><strong>\u0130stanbul \u00dcniversitesi Ceza Enstit\u00fcs\u00fc Dersli\u011finde Sanat ve Hukuk Kul\u00fcb\u00fcn\u00fcn 24 Ekim Per\u015fembe g\u00fcn\u00fc d\u00fczenledi\u011fi etkinlikte Do\u00e7. Dr. Muhammed Demirel\u2019in sunumuyla \u0130stanbul \u00dcniversitesi (\u0130\u00dc) tarihine g\u00f6rsel bir zaman yolculu\u011fu yap\u0131ld\u0131.<\/strong><\/p>\n\n\n\n<p>Etkinlik, Sanat ve Hukuk Kul\u00fcb\u00fcn\u00fcn ba\u015fkan\u0131 Esra Say\u0131m\u2019\u0131n konu\u015fmas\u0131yla ba\u015flad\u0131. Ard\u0131ndan s\u00f6z\u00fc alan Do\u00e7. Dr. Muhammed Demirel; \u0130stanbul \u00dcniversitesi\u2019nin rekt\u00f6rl\u00fck binas\u0131n\u0131, ana kap\u0131s\u0131n\u0131, Yang\u0131n Kulesini ve Beyaz\u0131t Meydan\u0131ndan bahsetti.<\/p>\n\n\n\n<p><strong>\u201cOrd. Prof. Dr. S\u0131dd\u0131k Sami Onar \u0130stanbul \u00dcniversitesi\u2019nin ilk ve belki de tek yetkilisi\u201d<\/strong><\/p>\n\n\n\n<p>\u0130stanbul \u00dcniversitesi Rekt\u00f6rl\u00fck binas\u0131n\u0131n daha \u00f6nceden Harbiye Nezareti olarak kullan\u0131ld\u0131\u011f\u0131n\u0131 belirten Demirel, 1953 y\u0131l\u0131na gelindi\u011finde Nezaretin Dar\u00fclf\u00fcnun\u2019a devredildi\u011fini ve Hukuk, \u0130ktisat, Siyasal Bilgiler Fak\u00fcltelerinin a\u00e7\u0131k kanunla verildi\u011finin alt\u0131n\u0131 \u00e7izdi. Bununla birlikte T\u0131p Fak\u00fcltesinin de burada ders vermeye ba\u015flad\u0131\u011f\u0131n\u0131 ifade eden Demirel, Amfi binas\u0131n\u0131n g\u00fc\u00e7lendirilmesinde de Ord. Prof. Dr. S\u0131dd\u0131k Sami Onar ve o zamanki hocalar\u0131n desteklerinin \u00f6nemini vurgulad\u0131. Ayr\u0131ca Onar\u2019\u0131n idare hukukunun kurucusu ve \u0130stanbul \u00dcniversitesi\u2019nin ilk ve belki de tek yetkilisi oldu\u011funu s\u00f6yledi.<\/p>\n\n\n\n<figure class=\"wp-block-image size-large is-resized\"><img decoding=\"async\" src=\"https:\/\/iletim.istanbul.edu.tr\/wp-content\/uploads\/IMG_20241026_184832-1024x775.jpg\" alt=\"\" class=\"wp-image-23748\" width=\"380\" height=\"288\" srcset=\"https:\/\/iletim.istanbul.edu.tr\/wp-content\/uploads\/IMG_20241026_184832-1024x775.jpg 1024w, https:\/\/iletim.istanbul.edu.tr\/wp-content\/uploads\/IMG_20241026_184832-300x227.jpg 300w, https:\/\/iletim.istanbul.edu.tr\/wp-content\/uploads\/IMG_20241026_184832-768x581.jpg 768w, https:\/\/iletim.istanbul.edu.tr\/wp-content\/uploads\/IMG_20241026_184832.jpg 1080w, https:\/\/iletim.istanbul.edu.tr\/wp-content\/uploads\/IMG_20241026_184832-750x567.jpg 750w\" sizes=\"(max-width: 380px) 100vw, 380px\" \/><\/figure>\n\n\n\n<p><strong>\u201cEsas saray Saray-\u0131 Cedit\u2019dir\u201d<\/strong><\/p>\n\n\n\n<p>S\u00f6zlerinin devam\u0131nda Demirel \u201d Asl\u0131nda bu bina Saray-\u0131 Atik. Fatih Sultan Mehmet \u0130stanbul\u2019u fethettikten sonra mezarl\u0131\u011f\u0131n \u00fcst\u00fcne saray yapm\u0131\u015flar. Sonra Beyaz\u0131t\u2019tan saray Topkap\u0131\u2019dan Sarayburnu\u2019na ta\u015f\u0131n\u0131yor. Saray-\u0131 Cedit isminde yan\u0131na yeni bir saray yap\u0131l\u0131yor. Sultan S\u00fcleyman d\u00f6neminde ta\u015f\u0131nmalar iyice ba\u015fl\u0131yor. Haremin bir k\u0131sm\u0131 Beyaz\u0131t\u2019ta b\u0131rak\u0131l\u0131yor\u201d dedi. Esas saray\u0131n Saray-\u0131 Cedit oldu\u011funu ifade eden Demirel, haremin art\u0131k orada kalmad\u0131\u011f\u0131n\u0131 ifade etti. Bab-\u0131 Seraskeri olarak ordunun kullanmaya ba\u015flad\u0131\u011f\u0131na dair a\u00e7\u0131klamalarda bulunan Demirel rekt\u00f6rl\u00fck binas\u0131n\u0131n depreme dayan\u0131kl\u0131 olmas\u0131 i\u00e7in 2011\u2019de restore edildi\u011fini de a\u00e7\u0131klad\u0131.<\/p>\n\n\n\n<p><strong>\u0130\u00dc Atat\u00fcrk ve Gen\u00e7lik An\u0131t\u0131<\/strong><\/p>\n\n\n\n<p>Okulun bah\u00e7esinde yer alan \u0130\u00dc Atat\u00fcrk ve Gen\u00e7lik An\u0131t\u0131 hakk\u0131nda Demirel, \u201c1986\u2019da Alman Cumhurba\u015fkan\u0131 taraf\u0131ndan devlet ba\u015fkan\u0131 Atat\u00fcrk \u00f6ld\u00fc\u011f\u00fcnde, Alman \u00f6\u011fretim \u00fcyelerine 1933-1945 y\u0131llar\u0131 aras\u0131nda kucak a\u00e7an T\u00fcrk milleti ve onun akademik kurulu\u015flar\u0131na Alman milleti ad\u0131na \u015f\u00fckranlar\u0131n\u0131 sunmas\u0131 ve kap\u0131lar\u0131n\u0131 a\u00e7t\u0131\u011f\u0131 i\u00e7in bir te\u015fekk\u00fcr an\u0131t\u0131 olarak verildi\u201d s\u00f6yledi.<\/p>\n\n\n\n<p><strong>\u201c500 T\u00fcrk liras\u0131n\u0131n \u00fczerinde ana kap\u0131n\u0131n resmi vard\u0131r\u201d<\/strong><\/p>\n\n\n\n<p>\u0130\u00dc Ana kap\u0131s\u0131ndan da s\u00f6z eden Muhammed Demirel,\u201d 500 T\u00fcrk liras\u0131n\u0131n \u00fczerinde ana kap\u0131n\u0131n resmi vard\u0131r. T\u00fcrkiye\u2019de kap\u0131n\u0131n ne kadar \u00f6nemli oldu\u011funun paran\u0131n \u00fczerine bas\u0131lmas\u0131ndan anlayabilirsiniz. Ancak eski zamanlarda bu kap\u0131 b\u00f6yle de\u011fildi. G\u00f6rd\u00fc\u011f\u00fcn\u00fcz gibi William Henry Bartlett grav\u00fcr\u00fc var. Bu grav\u00fcr 1800\u2019l\u00fc y\u0131llara ait. Yine buras\u0131 Sultan II. Mahmut taraf\u0131ndan 1827\u2019de yapt\u0131r\u0131lan bir kap\u0131. Asl\u0131nda bu kap\u0131 Asakir-i Mansure-i Muhammediye\u2019ye tahsil edildi. Bu kap\u0131 Osmanl\u0131\u2019y\u0131 temsil eden me\u015fhur bir kap\u0131. Bu kap\u0131n\u0131n bir benzeri Bab\u0131ali\u2019de vard\u0131r. As\u0131l Osmanl\u0131\u2019n\u0131n orijinal kap\u0131s\u0131 budur.\u201d ifadelerini kulland\u0131.<\/p>\n\n\n\n<p>Konu\u015fmas\u0131n\u0131n devam\u0131nda Demirel, g\u00fcn\u00fcm\u00fczde kap\u0131n\u0131n Tanzimat d\u00f6neminden de izler ta\u015f\u0131d\u0131\u011f\u0131n\u0131 ve kap\u0131n\u0131n \u00fczerine Hattat Mehmet \u015eefik Bey\u2019in kendi yazd\u0131\u011f\u0131 Daire-i Umumi Askeriye ve Fetih suresinden ayetlerin yer ald\u0131\u011f\u0131n\u0131 vurgulad\u0131. T\u00fcrkiye\u2019de 1927 y\u0131l\u0131nda \u00e7\u0131kar\u0131lan bir kanun ile Osmanl\u0131ca yaz\u0131lar\u0131n kald\u0131r\u0131ld\u0131\u011f\u0131n\u0131 belirten Demirel, \u0130stanbul \u00dcniversitesi\u2019nin Hattat Mehmet \u015eefik Bey\u2019in yazd\u0131\u011f\u0131 Osmanl\u0131ca yaz\u0131n\u0131n \u00fczerinin de kapat\u0131ld\u0131\u011f\u0131n\u0131 s\u00f6yledi.<\/p>\n\n\n\n<p>Ana kap\u0131daki Tu\u011fran\u0131n \u0130stanbul 1 Numaral\u0131 Yenileme Alanlar\u0131 K\u00fclt\u00fcr Varl\u0131klar\u0131n\u0131 Koruma B\u00f6lge Kurulu taraf\u0131ndan 19 \u015eubat 2014 tarihli karar\u0131 ile tekrar g\u00fcn y\u00fcz\u00fcne \u00e7\u0131kar\u0131ld\u0131\u011f\u0131n\u0131 s\u00f6yleyen Demirel, Ana kap\u0131daki Osmanl\u0131ca yaz\u0131n\u0131n tekrar a\u00e7\u0131lmas\u0131n\u0131 \u015fu ifadelerle a\u00e7\u0131klad\u0131:\u201d 1949 y\u0131l\u0131 geldi\u011finde Ord. Prof. Dr. S\u00fcheyl \u00dcnver o zamanki rekt\u00f6r olan S\u0131dd\u0131k Sami Onar\u2019a bir mektup yaz\u0131yor. Diyor ki: Allah a\u015fk\u0131na \u015fu mermerleri kald\u0131r\u0131n da \u015fu Osmanl\u0131ca yaz\u0131lar\u0131 ortaya \u00e7\u0131ks\u0131n. Yeter art\u0131k zarar g\u00f6rmesin diyor. S\u0131dd\u0131k Sami Onar, S\u00fcheyl \u00dcnver\u2019i k\u0131ram\u0131yor. 1949 y\u0131l\u0131nda yaz\u0131 a\u00e7\u0131l\u0131yor.\u201d<\/p>\n\n\n\n<p><strong>Yang\u0131n Kulesinin Tekrar Ziyarete A\u00e7\u0131lmas\u0131 G\u00fcndemde<\/strong><\/p>\n\n\n\n<p>Yang\u0131n Kulesi hakk\u0131nda \u201d Yang\u0131nlar\u0131 s\u00f6nd\u00fcrmek i\u00e7in Tulumbac\u0131lar da vard\u0131r fakat II. Mahmut Yeni\u00e7erileri kald\u0131r\u0131nca Tulumbac\u0131lar\u0131 da kald\u0131rd\u0131. Kule y\u0131k\u0131ld\u0131ktan hemen o sene Hocapa\u015fa yang\u0131n\u0131 \u00e7\u0131kt\u0131, yang\u0131n her yeri yakarak s\u00f6nd\u00fc. Bu kuleyi yapan Kirkor Balyan isimli bir mimar. Yapt\u0131\u011f\u0131 kule ah\u015fap \u00e7\u00fcnk\u00fc o d\u00f6nemin mimari yap\u0131s\u0131 ah\u015fap. Asakir-i Mansure-i Muhammediye\u2019nin i\u00e7ine girenler isyan \u00e7\u0131kart\u0131p binay\u0131 yakt\u0131lar. Yang\u0131n Kulesi tekrar yan\u0131nca bu sefer Senekerim Balyan 1829\u2019da \u015fu anki binay\u0131 yapt\u0131.\u201d ifadelerini kullanan Demirel, ziyarete a\u00e7\u0131lmas\u0131n\u0131n g\u00fcndeme geldi\u011fini ancak net bir geli\u015fme olmad\u0131\u011f\u0131n\u0131 da aktard\u0131.<\/p>\n\n\n\n<p>Sunum sonunda \u00f6\u011frenciler ile beraber toplu foto\u011fraf \u00e7ekimi ger\u00e7ekle\u015fti. Ard\u0131ndan Do\u00e7. Dr. Muhammed Demirel etkinli\u011fe kat\u0131l\u0131m sa\u011flayan herkese te\u015fekk\u00fcr etti.<\/p>\n\n\n\n<figure class=\"wp-block-image size-large is-resized\"><img decoding=\"async\" src=\"https:\/\/iletim.istanbul.edu.tr\/wp-content\/uploads\/IMG_20241026_184922-edited.jpg\" alt=\"\" class=\"wp-image-23750\" width=\"410\" srcset=\"https:\/\/iletim.istanbul.edu.tr\/wp-content\/uploads\/IMG_20241026_184922-edited.jpg 1072w, https:\/\/iletim.istanbul.edu.tr\/wp-content\/uploads\/IMG_20241026_184922-edited-300x225.jpg 300w, https:\/\/iletim.istanbul.edu.tr\/wp-content\/uploads\/IMG_20241026_184922-edited-1024x768.jpg 1024w, https:\/\/iletim.istanbul.edu.tr\/wp-content\/uploads\/IMG_20241026_184922-edited-768x576.jpg 768w, https:\/\/iletim.istanbul.edu.tr\/wp-content\/uploads\/IMG_20241026_184922-edited-750x563.jpg 750w\" sizes=\"(max-width: 1072px) 100vw, 1072px\" \/><\/figure>\n","protected":false},"excerpt":{"rendered":"<p>Muhabir: Medine Yavuz Foto\u011fraf : S\u0131la K\u0131l\u0131n\u00e7 Edit\u00f6r: Buse Sever \u0130stanbul \u2013 (\u0130\u00dc Haber Ajans\u0131) \u0130stanbul \u00dcniversitesi Ceza Enstit\u00fcs\u00fc Dersli\u011finde Sanat ve Hukuk Kul\u00fcb\u00fcn\u00fcn 24 Ekim Per\u015fembe g\u00fcn\u00fc d\u00fczenledi\u011fi etkinlikte Do\u00e7. Dr. Muhammed Demirel\u2019in sunumuyla \u0130stanbul \u00dcniversitesi (\u0130\u00dc) tarihine g\u00f6rsel bir zaman yolculu\u011fu yap\u0131ld\u0131. Etkinlik, Sanat ve Hukuk Kul\u00fcb\u00fcn\u00fcn ba\u015fkan\u0131 Esra Say\u0131m\u2019\u0131n konu\u015fmas\u0131yla ba\u015flad\u0131. Ard\u0131ndan [&hellip;]<\/p>\n","protected":false},"author":14,"featured_media":23752,"comment_status":"closed","ping_status":"open","sticky":false,"template":"","format":"standard","meta":{"jnews-multi-image_gallery":[],"jnews_single_post":{"subtitle":"","format":"standard","video":"","gallery":"","source_name":"","source_url":"","via_name":"","via_url":"","override_template":"0","override":[{"template":"1","single_blog_custom":"","parallax":"1","fullscreen":"1","layout":"double-sidebar","sidebar":"single-left","second_sidebar":"default-sidebar","sticky_sidebar":"1","share_position":"top","share_float_style":"share-monocrhome","show_share_counter":"1","show_view_counter":"1","show_featured":"1","show_post_meta":"1","show_post_author":"1","show_post_author_image":"1","show_post_date":"1","post_date_format":"default","post_date_format_custom":"Y\/m\/d","show_post_category":"1","show_post_reading_time":"0","post_reading_time_wpm":"300","show_zoom_button":"0","zoom_button_out_step":"2","zoom_button_in_step":"3","show_post_tag":"1","show_prev_next_post":"1","show_popup_post":"1","number_popup_post":"1","show_author_box":"0","show_post_related":"0","show_inline_post_related":"1"}],"override_image_size":"0","image_override":[{"single_post_thumbnail_size":"crop-500","single_post_gallery_size":"crop-500"}],"trending_post":"0","trending_post_position":"meta","trending_post_label":"Trending","sponsored_post":"0","sponsored_post_label":"Sponsored by","sponsored_post_name":"","sponsored_post_url":"","sponsored_post_logo_enable":"0","sponsored_post_logo":"","sponsored_post_desc":"","disable_ad":"0"},"jnews_primary_category":{"id":"","hide":""},"jnews_social_meta":{"fb_title":"","fb_description":"","fb_image":"","twitter_title":"","twitter_description":"","twitter_image":""},"jnews_override_counter":{"override_view_counter":"0","view_counter_number":"0","override_share_counter":"0","share_counter_number":"0","override_like_counter":"0","like_counter_number":"0","override_dislike_counter":"0","dislike_counter_number":"0"},"footnotes":""},"categories":[25,159,28,34,30,2085,2348],"tags":[300,40,410,43,148,52],"class_list":["post-23745","post","type-post","status-publish","format-standard","has-post-thumbnail","hentry","category-egitim","category-sag-manset","category-istanbul","category-universite","category-kultur-sanat","category-manset-haber","category-manset-yani","tag-iletim","tag-iletisim-fakultesi","tag-istanbul","tag-istanbul-universitesi","tag-istanbul-universitesi-iletisim-fakultesi","tag-iu-iletisim-fakultesi"],"_links":{"self":[{"href":"https:\/\/iletim.istanbul.edu.tr\/index.php\/wp-json\/wp\/v2\/posts\/23745","targetHints":{"allow":["GET"]}}],"collection":[{"href":"https:\/\/iletim.istanbul.edu.tr\/index.php\/wp-json\/wp\/v2\/posts"}],"about":[{"href":"https:\/\/iletim.istanbul.edu.tr\/index.php\/wp-json\/wp\/v2\/types\/post"}],"author":[{"embeddable":true,"href":"https:\/\/iletim.istanbul.edu.tr\/index.php\/wp-json\/wp\/v2\/users\/14"}],"replies":[{"embeddable":true,"href":"https:\/\/iletim.istanbul.edu.tr\/index.php\/wp-json\/wp\/v2\/comments?post=23745"}],"version-history":[{"count":0,"href":"https:\/\/iletim.istanbul.edu.tr\/index.php\/wp-json\/wp\/v2\/posts\/23745\/revisions"}],"wp:featuredmedia":[{"embeddable":true,"href":"https:\/\/iletim.istanbul.edu.tr\/index.php\/wp-json\/wp\/v2\/media\/23752"}],"wp:attachment":[{"href":"https:\/\/iletim.istanbul.edu.tr\/index.php\/wp-json\/wp\/v2\/media?parent=23745"}],"wp:term":[{"taxonomy":"category","embeddable":true,"href":"https:\/\/iletim.istanbul.edu.tr\/index.php\/wp-json\/wp\/v2\/categories?post=23745"},{"taxonomy":"post_tag","embeddable":true,"href":"https:\/\/iletim.istanbul.edu.tr\/index.php\/wp-json\/wp\/v2\/tags?post=23745"}],"curies":[{"name":"wp","href":"https:\/\/api.w.org\/{rel}","templated":true}]}}