{"id":23753,"date":"2024-11-01T21:57:32","date_gmt":"2024-11-01T18:57:32","guid":{"rendered":"https:\/\/iletim.istanbul.edu.tr\/?p=23753"},"modified":"2024-11-01T22:12:49","modified_gmt":"2024-11-01T19:12:49","slug":"casa-botterden-solo-botter-komet-sergisi","status":"publish","type":"post","link":"https:\/\/iletim.istanbul.edu.tr\/index.php\/2024\/11\/01\/casa-botterden-solo-botter-komet-sergisi\/","title":{"rendered":"<strong>Casa Botter\u2019den Solo Botter Komet Sergisi<\/strong>"},"content":{"rendered":"\n<p><strong><em>Muhabir: Necmiye Tuncer, Sena Tun\u00e7<\/em><\/strong><\/p>\n\n\n\n<p><strong><em>Edit\u00f6r: <\/em><\/strong><em><strong>Buse Sever<\/strong><\/em><\/p>\n\n\n\n<p><strong><em>\u0130stanbul \u2013 (\u0130\u00dc Haber Ajans\u0131)<\/em><\/strong><\/p>\n\n\n\n<p><strong><em>\u0130stanbul B\u00fcy\u00fck\u015fehir Belediyesi\u2019nin \u0130BB Miras ve \u0130BB K\u00fclt\u00fcr b\u00fcnyesinde yeniden i\u015flevlendirilen \u0130stanbul\u2019un ilk art nouveau yap\u0131s\u0131 olan Casa Botter\u2019de \u201cSolo Botter: Komet\u201d sergisi, sanatseverlerle bulu\u015ftu.&nbsp;<\/em><\/strong><\/p>\n\n\n\n<p>Levent \u00c7al\u0131ko\u011flu\u2019nun k\u00fcrat\u00f6rl\u00fc\u011f\u00fcnde d\u00fczenlenen \u201cBotter Sergileri\u201d serisinin \u00fc\u00e7\u00fcnc\u00fcs\u00fc olan \u201cSolo Botter: Komet\u201d, 18 Eyl\u00fcl 2024\u2019de a\u00e7\u0131ld\u0131. Asistan k\u00fcrat\u00f6r \u0130rem B\u00fc\u015fra Co\u015fkun\u2019un katk\u0131lar\u0131yla ger\u00e7ekle\u015ftirilen sergi, 2022 y\u0131l\u0131nda hayat\u0131n\u0131 kaybeden sanat\u00e7\u0131n\u0131n 1960\u2019l\u0131 y\u0131llardan itibaren \u00fcretti\u011fi \u201calto modern\u201d olarak adland\u0131rd\u0131\u011f\u0131 beyaz fonlu kavramsal minimalist resimlerine dair \u00f6zel bir se\u00e7ki sunuyor. Serginin a\u00e7\u0131l\u0131\u015f\u0131, sanat, siyaset ve i\u015f d\u00fcnyas\u0131ndan \u00f6nemli isimlerin kat\u0131l\u0131m\u0131yla 17 Eyl\u00fcl 2024\u2019de yap\u0131ld\u0131.<\/p>\n\n\n\n<h5 class=\"wp-block-heading\"><strong>G\u00fcrkan Co\u015fkun: Komet<\/strong><\/h5>\n\n\n\n<p>Komet\u2019in sanat anlay\u0131\u015f\u0131, bireysel deneyimlerin ve toplumsal meselelerin i\u00e7 i\u00e7e ge\u00e7ti\u011fi bir yap\u0131ya sahiptir. Soyut ve s\u00fcrrealist unsurlar\u0131yla izleyicilere derin duygusal deneyimler sunan eserleri, yaln\u0131zl\u0131k, insan ili\u015fkileri ve varolu\u015fsal sorgulamalar gibi temalar\u0131 i\u015flerken, yo\u011fun renk paletleri ve dinamik kompozisyonlar\u0131yla dikkat \u00e7eker. Komet, i\u00e7sel yolculu\u011funu sanat arac\u0131l\u0131\u011f\u0131yla ifade ederek izleyicileri d\u00fc\u015f\u00fcnmeye ve hissetmeye te\u015fvik eder.<\/p>\n\n\n\n<figure class=\"wp-block-image size-large is-resized\"><img decoding=\"async\" src=\"https:\/\/iletim.istanbul.edu.tr\/wp-content\/uploads\/edd6a9ef-f357-4d40-acf9-21345fbcb300-768x1024.jpg\" alt=\"\" class=\"wp-image-23755\" width=\"188\" height=\"251\" srcset=\"https:\/\/iletim.istanbul.edu.tr\/wp-content\/uploads\/edd6a9ef-f357-4d40-acf9-21345fbcb300-768x1024.jpg 768w, https:\/\/iletim.istanbul.edu.tr\/wp-content\/uploads\/edd6a9ef-f357-4d40-acf9-21345fbcb300-225x300.jpg 225w, https:\/\/iletim.istanbul.edu.tr\/wp-content\/uploads\/edd6a9ef-f357-4d40-acf9-21345fbcb300-1152x1536.jpg 1152w, https:\/\/iletim.istanbul.edu.tr\/wp-content\/uploads\/edd6a9ef-f357-4d40-acf9-21345fbcb300-750x1000.jpg 750w, https:\/\/iletim.istanbul.edu.tr\/wp-content\/uploads\/edd6a9ef-f357-4d40-acf9-21345fbcb300-1140x1520.jpg 1140w, https:\/\/iletim.istanbul.edu.tr\/wp-content\/uploads\/edd6a9ef-f357-4d40-acf9-21345fbcb300.jpg 1200w\" sizes=\"(max-width: 188px) 100vw, 188px\" \/><\/figure>\n\n\n\n<h5 class=\"wp-block-heading\"><strong>Komet Tabelalar\u0131<\/strong><\/h5>\n\n\n\n<p>Casa Botter\u2019de sergilenen Komet Tabelalar\u0131, \u201cSanata, sanat\u00e7\u0131ya mal olmu\u015f bir sayg\u0131n\u0131n, Ni\u015fanta\u015f\u0131 vitrinlerine yans\u0131mas\u0131\u201d olarak tasarland\u0131. Komet, Galata\u2019daki bir tabelac\u0131ya ad\u0131n\u0131 sipari\u015f ederek, sanat\u0131n\u0131n g\u00f6rselle\u015ftirilmesini ama\u00e7lad\u0131. Bu yakla\u015f\u0131m, sanat\u00e7\u0131n\u0131n varl\u0131\u011f\u0131n\u0131n \u00f6nemine vurgu yaparken, profesyonellik ile naiflik aras\u0131ndaki u\u00e7urumu ortadan kald\u0131rmay\u0131 hedefliyordu.<\/p>\n\n\n\n<figure class=\"wp-block-gallery has-nested-images columns-default is-cropped wp-block-gallery-1 is-layout-flex wp-block-gallery-is-layout-flex\">\n<figure class=\"wp-block-image size-large\"><img decoding=\"async\" width=\"1024\" height=\"1000\" data-id=\"23771\" src=\"https:\/\/iletim.istanbul.edu.tr\/wp-content\/uploads\/1000142735-1024x1000.jpg\" alt=\"\" class=\"wp-image-23771\" srcset=\"https:\/\/iletim.istanbul.edu.tr\/wp-content\/uploads\/1000142735-1024x1000.jpg 1024w, https:\/\/iletim.istanbul.edu.tr\/wp-content\/uploads\/1000142735-300x293.jpg 300w, https:\/\/iletim.istanbul.edu.tr\/wp-content\/uploads\/1000142735-768x750.jpg 768w, https:\/\/iletim.istanbul.edu.tr\/wp-content\/uploads\/1000142735-1536x1500.jpg 1536w, https:\/\/iletim.istanbul.edu.tr\/wp-content\/uploads\/1000142735-24x24.jpg 24w, https:\/\/iletim.istanbul.edu.tr\/wp-content\/uploads\/1000142735-48x48.jpg 48w, https:\/\/iletim.istanbul.edu.tr\/wp-content\/uploads\/1000142735-750x732.jpg 750w, https:\/\/iletim.istanbul.edu.tr\/wp-content\/uploads\/1000142735-1140x1113.jpg 1140w, https:\/\/iletim.istanbul.edu.tr\/wp-content\/uploads\/1000142735.jpg 1840w\" sizes=\"(max-width: 1024px) 100vw, 1024px\" \/><\/figure>\n\n\n\n<figure class=\"wp-block-image size-large\"><img decoding=\"async\" width=\"845\" height=\"1024\" data-id=\"23763\" src=\"https:\/\/iletim.istanbul.edu.tr\/wp-content\/uploads\/unnamed-4-845x1024.jpg\" alt=\"\" class=\"wp-image-23763\" srcset=\"https:\/\/iletim.istanbul.edu.tr\/wp-content\/uploads\/unnamed-4-845x1024.jpg 845w, https:\/\/iletim.istanbul.edu.tr\/wp-content\/uploads\/unnamed-4-248x300.jpg 248w, https:\/\/iletim.istanbul.edu.tr\/wp-content\/uploads\/unnamed-4-768x930.jpg 768w, https:\/\/iletim.istanbul.edu.tr\/wp-content\/uploads\/unnamed-4-1268x1536.jpg 1268w, https:\/\/iletim.istanbul.edu.tr\/wp-content\/uploads\/unnamed-4-750x908.jpg 750w, https:\/\/iletim.istanbul.edu.tr\/wp-content\/uploads\/unnamed-4-1140x1381.jpg 1140w, https:\/\/iletim.istanbul.edu.tr\/wp-content\/uploads\/unnamed-4.jpg 1321w\" sizes=\"(max-width: 845px) 100vw, 845px\" \/><\/figure>\n<\/figure>\n\n\n\n<p><strong>\u201cKahrolsun Edison\u201d<\/strong><\/p>\n\n\n\n<p>2000 y\u0131l\u0131nda Dolmabah\u00e7e K\u00fclt\u00fcr Merkezi&#8217;nde ger\u00e7ekle\u015ftirilen \u201c\u0130di, \u0130dim, \u0130dik\u201d sergisinde yer alan \u201cKahrolsun Edison\u201d eseri, modernitenin ironik bir ele\u015ftirisini sunan e\u015fsiz bir ba\u015fyap\u0131t olarak \u00f6ne \u00e7\u0131k\u0131yor. Ampullerin ayd\u0131nlatt\u0131\u011f\u0131 Edison, Komet\u2019in eserlerinde s\u0131k\u00e7a i\u015flenen temalar\u0131n simgesel bir temsilidir. \u201cKahrolsun Edison\u201d, izleyicileri d\u00fc\u015f\u00fcnmeye ve sorgulamaya y\u00f6nlendirirken, modern ya\u015fam\u0131n abs\u00fcrtl\u00fc\u011f\u00fcne kar\u015f\u0131 komik bir ba\u015fkald\u0131r\u0131 niteli\u011fi ta\u015f\u0131r.<\/p>\n\n\n\n<figure class=\"wp-block-image size-large is-resized\"><img decoding=\"async\" src=\"https:\/\/iletim.istanbul.edu.tr\/wp-content\/uploads\/1000142742-edited-1024x768.jpg\" alt=\"\" class=\"wp-image-23773\" width=\"238\" height=\"178\" srcset=\"https:\/\/iletim.istanbul.edu.tr\/wp-content\/uploads\/1000142742-edited-1024x768.jpg 1024w, https:\/\/iletim.istanbul.edu.tr\/wp-content\/uploads\/1000142742-edited-300x225.jpg 300w, https:\/\/iletim.istanbul.edu.tr\/wp-content\/uploads\/1000142742-edited-768x576.jpg 768w, https:\/\/iletim.istanbul.edu.tr\/wp-content\/uploads\/1000142742-edited-750x563.jpg 750w, https:\/\/iletim.istanbul.edu.tr\/wp-content\/uploads\/1000142742-edited-1140x855.jpg 1140w, https:\/\/iletim.istanbul.edu.tr\/wp-content\/uploads\/1000142742-edited.jpg 1152w\" sizes=\"(max-width: 238px) 100vw, 238px\" \/><\/figure>\n\n\n\n<h5 class=\"wp-block-heading\"><strong>Botter Apartman\u0131<\/strong><\/h5>\n\n\n\n<p>Botter Apartman\u0131, II. Abd\u00fclhamid D\u00f6nemi\u2019nde in\u015fa edilen art nouveau ak\u0131m\u0131n\u0131n ilk \u00f6rneklerinden biridir. \u0130talyan mimar Raimondo D\u2019Aronco taraf\u0131ndan 1900-1901 y\u0131llar\u0131nda tasarlanan yap\u0131, \u0130stanbul&#8217;un ilk modaevi olan &#8220;Botter Modaevi&#8221;ni bar\u0131nd\u0131rm\u0131\u015ft\u0131r. 2023\u2019teki restorasyonun ard\u0131ndan &#8220;Casa Botter Sanat ve Tasar\u0131m Merkezi&#8221; olarak kap\u0131lar\u0131n\u0131 a\u00e7t\u0131.<\/p>\n\n\n\n<p>Sergi, 12 Ocak 2025 tarihine kadar, pazartesi hari\u00e7 her g\u00fcn 10.00 \u2013 19.00 saatleri aras\u0131nda \u00fccretsiz olarak ziyaret edilebilecek.<\/p>\n\n\n\n<figure class=\"wp-block-gallery has-nested-images columns-default is-cropped wp-block-gallery-2 is-layout-flex wp-block-gallery-is-layout-flex\">\n<figure class=\"wp-block-image size-large\"><img decoding=\"async\" width=\"831\" height=\"1024\" data-id=\"23767\" src=\"https:\/\/iletim.istanbul.edu.tr\/wp-content\/uploads\/unnamed-2-2-831x1024.jpg\" alt=\"\" class=\"wp-image-23767\" srcset=\"https:\/\/iletim.istanbul.edu.tr\/wp-content\/uploads\/unnamed-2-2-831x1024.jpg 831w, https:\/\/iletim.istanbul.edu.tr\/wp-content\/uploads\/unnamed-2-2-243x300.jpg 243w, https:\/\/iletim.istanbul.edu.tr\/wp-content\/uploads\/unnamed-2-2-768x947.jpg 768w, https:\/\/iletim.istanbul.edu.tr\/wp-content\/uploads\/unnamed-2-2-1246x1536.jpg 1246w, https:\/\/iletim.istanbul.edu.tr\/wp-content\/uploads\/unnamed-2-2-750x924.jpg 750w, https:\/\/iletim.istanbul.edu.tr\/wp-content\/uploads\/unnamed-2-2-1140x1405.jpg 1140w, https:\/\/iletim.istanbul.edu.tr\/wp-content\/uploads\/unnamed-2-2.jpg 1298w\" sizes=\"(max-width: 831px) 100vw, 831px\" \/><\/figure>\n\n\n\n<figure class=\"wp-block-image size-large\"><img decoding=\"async\" width=\"1024\" height=\"755\" data-id=\"23764\" src=\"https:\/\/iletim.istanbul.edu.tr\/wp-content\/uploads\/unnamed-4-edited-1024x755.jpg\" alt=\"\" class=\"wp-image-23764\" srcset=\"https:\/\/iletim.istanbul.edu.tr\/wp-content\/uploads\/unnamed-4-edited-1024x755.jpg 1024w, https:\/\/iletim.istanbul.edu.tr\/wp-content\/uploads\/unnamed-4-edited-300x221.jpg 300w, https:\/\/iletim.istanbul.edu.tr\/wp-content\/uploads\/unnamed-4-edited-768x566.jpg 768w, https:\/\/iletim.istanbul.edu.tr\/wp-content\/uploads\/unnamed-4-edited-750x553.jpg 750w, https:\/\/iletim.istanbul.edu.tr\/wp-content\/uploads\/unnamed-4-edited-1140x841.jpg 1140w, https:\/\/iletim.istanbul.edu.tr\/wp-content\/uploads\/unnamed-4-edited.jpg 1321w\" sizes=\"(max-width: 1024px) 100vw, 1024px\" \/><\/figure>\n\n\n\n<figure class=\"wp-block-image size-large\"><img decoding=\"async\" width=\"450\" height=\"600\" data-id=\"23761\" src=\"https:\/\/iletim.istanbul.edu.tr\/wp-content\/uploads\/0-2.jpg\" alt=\"\" class=\"wp-image-23761\" srcset=\"https:\/\/iletim.istanbul.edu.tr\/wp-content\/uploads\/0-2.jpg 450w, https:\/\/iletim.istanbul.edu.tr\/wp-content\/uploads\/0-2-225x300.jpg 225w\" sizes=\"(max-width: 450px) 100vw, 450px\" \/><\/figure>\n\n\n\n<figure class=\"wp-block-image size-large\"><img decoding=\"async\" width=\"1024\" height=\"829\" data-id=\"23754\" src=\"https:\/\/iletim.istanbul.edu.tr\/wp-content\/uploads\/5cbb5d72-ba53-412c-98fd-8c40acd57fdb-1-1024x829.jpg\" alt=\"\" class=\"wp-image-23754\" srcset=\"https:\/\/iletim.istanbul.edu.tr\/wp-content\/uploads\/5cbb5d72-ba53-412c-98fd-8c40acd57fdb-1-1024x829.jpg 1024w, https:\/\/iletim.istanbul.edu.tr\/wp-content\/uploads\/5cbb5d72-ba53-412c-98fd-8c40acd57fdb-1-300x243.jpg 300w, https:\/\/iletim.istanbul.edu.tr\/wp-content\/uploads\/5cbb5d72-ba53-412c-98fd-8c40acd57fdb-1-768x622.jpg 768w, https:\/\/iletim.istanbul.edu.tr\/wp-content\/uploads\/5cbb5d72-ba53-412c-98fd-8c40acd57fdb-1-1536x1244.jpg 1536w, https:\/\/iletim.istanbul.edu.tr\/wp-content\/uploads\/5cbb5d72-ba53-412c-98fd-8c40acd57fdb-1-2048x1658.jpg 2048w, https:\/\/iletim.istanbul.edu.tr\/wp-content\/uploads\/5cbb5d72-ba53-412c-98fd-8c40acd57fdb-1-750x607.jpg 750w, https:\/\/iletim.istanbul.edu.tr\/wp-content\/uploads\/5cbb5d72-ba53-412c-98fd-8c40acd57fdb-1-1140x923.jpg 1140w\" sizes=\"(max-width: 1024px) 100vw, 1024px\" \/><\/figure>\n<\/figure>\n","protected":false},"excerpt":{"rendered":"<p>Muhabir: Necmiye Tuncer, Sena Tun\u00e7 Edit\u00f6r: Buse Sever \u0130stanbul \u2013 (\u0130\u00dc Haber Ajans\u0131) \u0130stanbul B\u00fcy\u00fck\u015fehir Belediyesi\u2019nin \u0130BB Miras ve \u0130BB K\u00fclt\u00fcr b\u00fcnyesinde yeniden i\u015flevlendirilen \u0130stanbul\u2019un ilk art nouveau yap\u0131s\u0131 olan Casa Botter\u2019de \u201cSolo Botter: Komet\u201d sergisi, sanatseverlerle bulu\u015ftu.&nbsp; Levent \u00c7al\u0131ko\u011flu\u2019nun k\u00fcrat\u00f6rl\u00fc\u011f\u00fcnde d\u00fczenlenen \u201cBotter Sergileri\u201d serisinin \u00fc\u00e7\u00fcnc\u00fcs\u00fc olan \u201cSolo Botter: Komet\u201d, 18 Eyl\u00fcl 2024\u2019de a\u00e7\u0131ld\u0131. Asistan [&hellip;]<\/p>\n","protected":false},"author":14,"featured_media":23763,"comment_status":"closed","ping_status":"open","sticky":false,"template":"","format":"standard","meta":{"jnews-multi-image_gallery":[],"jnews_single_post":{"subtitle":"","format":"standard","video":"","gallery":"","source_name":"","source_url":"","via_name":"","via_url":"","override_template":"0","override":[{"template":"1","single_blog_custom":"","parallax":"1","fullscreen":"1","layout":"double-sidebar","sidebar":"single-left","second_sidebar":"default-sidebar","sticky_sidebar":"1","share_position":"top","share_float_style":"share-monocrhome","show_share_counter":"1","show_view_counter":"1","show_featured":"1","show_post_meta":"1","show_post_author":"1","show_post_author_image":"1","show_post_date":"1","post_date_format":"default","post_date_format_custom":"Y\/m\/d","show_post_category":"1","show_post_reading_time":"0","post_reading_time_wpm":"300","show_zoom_button":"0","zoom_button_out_step":"2","zoom_button_in_step":"3","show_post_tag":"1","show_prev_next_post":"1","show_popup_post":"1","number_popup_post":"1","show_author_box":"0","show_post_related":"0","show_inline_post_related":"1"}],"override_image_size":"0","image_override":[{"single_post_thumbnail_size":"crop-500","single_post_gallery_size":"crop-500"}],"trending_post":"0","trending_post_position":"meta","trending_post_label":"Trending","sponsored_post":"0","sponsored_post_label":"Sponsored by","sponsored_post_name":"","sponsored_post_url":"","sponsored_post_logo_enable":"0","sponsored_post_logo":"","sponsored_post_desc":"","disable_ad":"0"},"jnews_primary_category":{"id":"","hide":""},"jnews_social_meta":{"fb_title":"","fb_description":"","fb_image":"","twitter_title":"","twitter_description":"","twitter_image":""},"jnews_override_counter":{"override_view_counter":"0","view_counter_number":"0","override_share_counter":"0","share_counter_number":"0","override_like_counter":"0","like_counter_number":"0","override_dislike_counter":"0","dislike_counter_number":"0"},"footnotes":""},"categories":[27,1,159,28,34,178,30,2085,2348],"tags":[],"class_list":["post-23753","post","type-post","status-publish","format-standard","has-post-thumbnail","hentry","category-foto-galeri","category-genel","category-sag-manset","category-istanbul","category-universite","category-fakultemizden","category-kultur-sanat","category-manset-haber","category-manset-yani"],"_links":{"self":[{"href":"https:\/\/iletim.istanbul.edu.tr\/index.php\/wp-json\/wp\/v2\/posts\/23753","targetHints":{"allow":["GET"]}}],"collection":[{"href":"https:\/\/iletim.istanbul.edu.tr\/index.php\/wp-json\/wp\/v2\/posts"}],"about":[{"href":"https:\/\/iletim.istanbul.edu.tr\/index.php\/wp-json\/wp\/v2\/types\/post"}],"author":[{"embeddable":true,"href":"https:\/\/iletim.istanbul.edu.tr\/index.php\/wp-json\/wp\/v2\/users\/14"}],"replies":[{"embeddable":true,"href":"https:\/\/iletim.istanbul.edu.tr\/index.php\/wp-json\/wp\/v2\/comments?post=23753"}],"version-history":[{"count":0,"href":"https:\/\/iletim.istanbul.edu.tr\/index.php\/wp-json\/wp\/v2\/posts\/23753\/revisions"}],"wp:featuredmedia":[{"embeddable":true,"href":"https:\/\/iletim.istanbul.edu.tr\/index.php\/wp-json\/wp\/v2\/media\/23763"}],"wp:attachment":[{"href":"https:\/\/iletim.istanbul.edu.tr\/index.php\/wp-json\/wp\/v2\/media?parent=23753"}],"wp:term":[{"taxonomy":"category","embeddable":true,"href":"https:\/\/iletim.istanbul.edu.tr\/index.php\/wp-json\/wp\/v2\/categories?post=23753"},{"taxonomy":"post_tag","embeddable":true,"href":"https:\/\/iletim.istanbul.edu.tr\/index.php\/wp-json\/wp\/v2\/tags?post=23753"}],"curies":[{"name":"wp","href":"https:\/\/api.w.org\/{rel}","templated":true}]}}