{"id":24027,"date":"2024-11-15T01:24:01","date_gmt":"2024-11-14T22:24:01","guid":{"rendered":"https:\/\/iletim.istanbul.edu.tr\/?p=24027"},"modified":"2024-11-15T01:28:01","modified_gmt":"2024-11-14T22:28:01","slug":"41-uluslararasi-istanbul-kitap-fuari","status":"publish","type":"post","link":"https:\/\/iletim.istanbul.edu.tr\/index.php\/2024\/11\/15\/41-uluslararasi-istanbul-kitap-fuari\/","title":{"rendered":"41.Uluslararas\u0131 \u0130stanbul Kitap Fuar\u0131 Sona Erdi"},"content":{"rendered":"\n<p><strong><em>Haber: Efe Kocab\u0131y\u0131ko\u011flu<br>Edit\u00f6r: Zeynep Kaplan<\/em><\/strong>  <\/p>\n\n\n\n<p><strong><em>\u0130stanbul-(\u0130\u00dc Haber Merkezi)<\/em><\/strong><\/p>\n\n\n\n<p><strong><em>41.Uluslararas\u0131 \u0130stanbul Kitap Fuar\u0131, 2-10 Kas\u0131m 2024 tarihleri aras\u0131nda T\u00dcYAP Fuar ve Kongre Merkezi\u2019nde ger\u00e7ekle\u015fti.<\/em><\/strong><br>\u00a0<br>2-10 Kas\u0131m 2024 tarihleri aras\u0131nda ger\u00e7ekle\u015fen fuarda; \u0130lber Ortayl\u0131, Celal \u015eeng\u00f6r, Sinan Meydan, Emrah Safa G\u00fcrkan, Pelin Batu, Naci G\u00f6r\u00fcr, Merdan Yanarda\u011f, Y\u0131lmaz \u00d6zdil, G\u00fclten Day\u0131o\u011flu, Saadet \u015een, Ay\u015feg\u00fcl Aldin\u00e7, Fuat G\u00fcner, \u00c7a\u011fan Irmak, Zafer Alg\u00f6z, Can Y\u0131lmaz, \u00d6zden Toker, Altan \u00d6ymen, Erol M\u00fctercimler, Osman Pamuko\u011flu ve \u0130lker Ba\u015fbu\u011f gibi isimler kitapseverlerle bir araya geldi.<br>\u2028<\/p>\n\n\n\n<p><strong>\u201cKitap fuar\u0131 hay\u0131rl\u0131 ve u\u011furlu olsun\u201d<\/strong><br>2 Kas\u0131m g\u00fcn\u00fc ba\u015flayan fuar\u0131n a\u00e7\u0131l\u0131\u015f t\u00f6renine \u0130stanbul Valisi Davut G\u00fcl ve \u0130stanbul B\u00fcy\u00fck\u015fehir Belediye Ba\u015fkan\u0131 Ekrem \u0130mamo\u011flu kat\u0131ld\u0131. A\u00e7\u0131l\u0131\u015f konu\u015fmas\u0131nda \u0130stanbul Valisi Davut G\u00fcl :\u2028\u2028\u201c\u0130stanbul farkl\u0131l\u0131klar\u0131 zenginlik olarak g\u00f6ren bir medeniyet. Bunun en \u00f6nemli ni\u015fanesi, a\u00e7\u0131l\u0131\u015f\u0131n\u0131 yapt\u0131\u011f\u0131m\u0131z bu kitap fuar\u0131d\u0131r. Birbirinden farkl\u0131 yay\u0131nevleri, yazarlar ve okurlar on g\u00fcn boyunca ayn\u0131 atmosferi soluyacaklar. Kitap fuar\u0131 hay\u0131rl\u0131 ve u\u011furlu olsun\u201d \u015feklinde konu\u015ftu.\u2028\u2028A\u00e7\u0131l\u0131\u015f konu\u015fmas\u0131nda \u0130stanbul B\u00fcy\u00fck\u015fehir Belediye Ba\u015fkan\u0131 Ekrem \u0130mamo\u011flu da \u201cB\u00f6yle bir \u015fenli\u011fin bir par\u00e7as\u0131 olmaktan b\u00fcy\u00fck bir gurur duyuyorum. Saatlerce stantlarda dola\u015fmak, yazarlarla tan\u0131\u015fmak muazzam bir \u015fey\u201d ifadelerini kulland\u0131.<br>\u00a0<br><strong>Onur Yazar\u0131n\u0131n Belirlenmesi<\/strong><br>T\u00dcYAP K\u00fclt\u00fcr Fuarlar\u0131 Dan\u0131\u015fma Kurulu karar\u0131yla \u00e7ocuk edebiyat\u0131n\u0131n \u00f6nemli isimlerinden Yalva\u00e7 Ural, 41. Uluslararas\u0131 \u0130stanbul Kitap Fuar\u0131\u2019n\u0131n \u201cOnur Yazar\u0131\u201d olarak belirlendi. Yalva\u00e7 Ural\u2019a \u00e7ocuk edebiyat\u0131na yapt\u0131\u011f\u0131 katk\u0131lardan dolay\u0131 41. Uluslararas\u0131 \u0130stanbul Kitap Fuar\u0131 Onur Gecesi\u2019nde onur \u00f6d\u00fcl\u00fc takdim edildi.\u2028<br><\/p>\n\n\n\n<p><strong>\u201cT\u00fcrkiye\u2019ye g\u00fcveniyorum\u201d<\/strong><br>3 Kas\u0131m Pazar g\u00fcn\u00fc yap\u0131lan \u201cGazeteci Olan Adam\u0131n Hikayesi\u201d s\u00f6yle\u015fisine \u0130smet \u0130n\u00f6n\u00fc\u2019n\u00fcn k\u0131z\u0131 ve gazeteci Metin Toker\u2019in e\u015fi \u00d6zden Toker, k\u0131z\u0131 G\u00fcls\u00fcn Bilgehan ve torunu Zeynep Bilgehan kat\u0131ld\u0131. S\u00f6yle\u015fi de \u0130smet \u0130n\u00f6n\u00fc\u2019n\u00fcn cumhurba\u015fkanl\u0131\u011f\u0131 d\u00f6nemi, \u00d6zden Toker\u2019in e\u015fi gazeteci Metin Toker\u2019in meslekte bulundu\u011fu s\u00fcre boyunca kar\u015f\u0131la\u015ft\u0131\u011f\u0131 zorluklar ele al\u0131nd\u0131. S\u00f6yle\u015finin sonunda G\u00fcls\u00fcn Bilgehan: \u201cT\u00fcrkiye\u2019ye g\u00fcveniyorum, yapay zekaya da g\u00fcveniyorum ama onu yaratan insanlar\u0131n \u00e7ok daha ak\u0131ll\u0131 oldu\u011funu d\u00fc\u015f\u00fcn\u00fcyorum\u201d ifadelerini kulland\u0131.<\/p>\n\n\n\n<p>9 Kas\u0131m Cumartesi g\u00fcn\u00fc fuara kat\u0131l\u0131m hafta i\u00e7lerine k\u0131yasla artt\u0131. Eski Genelkurmay Ba\u015fkan\u0131 \u0130lker Ba\u015fbu\u011f ve Emekli T\u00fcmgeneral Osman Pamuko\u011flu gibi isimlerin yan\u0131 s\u0131ra Zafer Alg\u00f6z, Can Y\u0131lmaz, G\u00fclten Day\u0131o\u011flu, Y\u0131lmaz \u00d6zdil, \u0130pek \u00d6zbey ve Erol M\u00fctercimler gibi pek \u00e7ok tan\u0131nm\u0131\u015f isim okurlarla bulu\u015ftu. \u2028<br><\/p>\n\n\n\n<p><strong>\u201cHi\u00e7bir \u015eey \u0130mkans\u0131z De\u011fildir\u201d<\/strong><br>9 Kas\u0131m Cumartesi g\u00fcn\u00fc yap\u0131lan \u201cHi\u00e7bir \u015eey \u0130mkans\u0131z De\u011fildir\u201d s\u00f6yle\u015fisinde \u00fcnl\u00fc menajer Ahmet San, \u00fcnl\u00fc m\u00fczik yap\u0131mc\u0131s\u0131 \u0130zzet \u00d6z ve MF\u00d6 m\u00fczik grubu \u00fcyelerinden Fuat G\u00fcner konuk oldu. Ad\u0131n\u0131 \u00fcnl\u00fc menajer Ahmet San\u2019\u0131n \u201cHi\u00e7bir \u015eey \u0130mkans\u0131z De\u011fildir\u201d adl\u0131 kitab\u0131ndan alan s\u00f6yle\u015fide MF\u00d6 m\u00fczik grubunun nas\u0131l bir araya geldi\u011fi, Ahmet San\u2019\u0131n yurt i\u00e7i ve yurt d\u0131\u015f\u0131nda yapt\u0131\u011f\u0131 \u00e7al\u0131\u015fmalar ve \u0130zzet \u00d6z\u2019\u00fcn mesleki deneyimleri ele al\u0131nd\u0131. Ahmet San konu\u015fmas\u0131nda hayatta hi\u00e7bir \u015feyin imkans\u0131z olmad\u0131\u011f\u0131n\u0131 vurgularken, \u0130zzet \u00d6z yapt\u0131\u011f\u0131 i\u015flerden hep zevk ald\u0131\u011f\u0131n\u0131 belirtti.<br>S\u00f6yle\u015finin ortalar\u0131nda MF\u00d6 m\u00fczik grubundan Fuat G\u00fcner ge\u00e7ti\u011fimiz sene hayat\u0131n\u0131 kaybeden \u00fcnl\u00fc sanat\u00e7\u0131 \u00d6zkan U\u011fur\u2019u anarak \u015funlar\u0131 s\u00f6yledi: \u201c\u00d6zkan \u00e7ok yetenekli, \u00e7ok renkli biriydi. Onun kayb\u0131n\u0131 a\u015famad\u0131k. Elli y\u0131l\u0131 a\u015fan bir birlikteli\u011fimizde ailemizden, e\u015fimizden, \u00e7ocuklar\u0131m\u0131zdan \u00e7ok gece g\u00fcnd\u00fcz hep beraberdik. \u015eimdi o gitti\u011finden beridir elimize gitar\u0131 zor al\u0131yoruz.\u201d<\/p>\n\n\n\n<p><strong>Altan \u00d6ymen ile Atat\u00fcrk S\u00f6yle\u015fisi<\/strong><br>10 Kas\u0131m Pazar g\u00fcn\u00fc yap\u0131lan \u201cAtat\u00fcrk S\u00f6yle\u015fisine\u201d eski gazeteci ve siyaset\u00e7i Altan \u00d6ymen konuk oldu. Atat\u00fcrk\u2019\u00fcn hasta oldu\u011fu d\u00f6nemden vefat etti\u011fi g\u00fcne kadar ki geli\u015fmeleri anlatan 92 ya\u015f\u0131ndaki \u00d6ymen o g\u00fcnleri ya\u015fam\u0131\u015f biri olarak \u201chalk\u0131n derin bir \u00fcz\u00fcnt\u00fc i\u00e7erisinde oldu\u011funu\u201d s\u00f6yledi. Atat\u00fcrk\u2019\u00fcn vefat etti\u011fi 10 Kas\u0131m g\u00fcn\u00fc ve ertesindeki 11 Kas\u0131m g\u00fcn\u00fc bas\u0131lan Ulus, Tan, Cumhuriyet gibi gazeteleri dosya halinde g\u00f6sterip man\u015fetlerini okuyan \u00d6ymen s\u00f6yle\u015finin sonlar\u0131na do\u011fru 1950\u2019lerde ba\u015flad\u0131\u011f\u0131 gazetecilik mesle\u011finde edindi\u011fi deneyimlerini aktard\u0131.<br><\/p>\n\n\n\n<p><strong>Saadet \u015een  ile Do\u011fru Yerdesin<\/strong><br>10 Kas\u0131m Pazar g\u00fcn\u00fc T\u00fcrkiye\u2019nin \u0130lk Kad\u0131n Motivasyon Konu\u015fmac\u0131s\u0131 olarak tan\u0131nan Saadet \u015een okurlar\u0131yla bulu\u015ftu. Saat 13:00\u2019te ba\u015flayan s\u00f6yle\u015fide Saadet \u015een daha \u00f6nceki s\u00f6yle\u015filerinde de kulland\u0131\u011f\u0131 \u201cher zaman bir yol vard\u0131r\u201d ifadesini kullanarak zorluklara kar\u015f\u0131 her zaman umudun oldu\u011funu okurlar\u0131na aktard\u0131.<br><strong>\u00a0<br>\u0130lber Ortayl\u0131&#8217;dan Atat\u00fcrk<\/strong><br>10 Kas\u0131m Pazar g\u00fcn\u00fc \u00fclkemizin sayg\u0131n tarih\u00e7ilerinden \u0130lber Ortayl\u0131, \u201cAtat\u00fcrk S\u00f6yle\u015fisi\u201d ile okurlar\u0131yla bulu\u015ftu. \u0130lber Ortayl\u0131 konu\u015fmas\u0131nda \u015funlar\u0131 s\u00f6yledi:<br>\u201c\u00d6l\u00fcm\u00fcnden sonra bile unutulmayan bir ba\u015fka lider yoktur. Rusya\u2019da Stalin \u00f6ld\u00fc\u011f\u00fcnde halk a\u011flad\u0131 etti ve bitti. \u015eimdi sorsan hat\u0131rlayan kalmad\u0131. Biz de sabah siren sesleri \u00e7ald\u0131\u011f\u0131nda evlerinden d\u0131\u015far\u0131ya \u00e7\u0131k\u0131p, mahallelerinde sayg\u0131 duru\u015funda duruyor insanlar, trafikte arabalar\u0131ndan iniyorlar, seksen alt\u0131 y\u0131l ge\u00e7mi\u015f \u00fczerinden. Atat\u00fcrk gittik\u00e7e daha fazla \u00f6zleniyor ve unutulmuyor bak\u0131n bu \u00e7ok \u00f6nemli. Bu y\u00fczden Atat\u00fcrk\u00e7\u00fc olmak zorunday\u0131z. Bu \u00e7ok a\u00e7\u0131k bir \u015fey. Bak\u0131n\u0131z bu g\u00f6r\u00fc\u015fte ideoloji yoktur. Yerine g\u00f6re liberal ekonomi takdim ederiz yerine g\u00f6re merkeziyet\u00e7i devlet\u00e7i ekonomiyi. Sadece ekonomik olarak da de\u011fil her anlam da \u00e7a\u011fda\u015f olmak zorunday\u0131z.\u201d\u2028<br><\/p>\n\n\n\n<p>41.\u2019si d\u00fczenlenen fuarda imza g\u00fcnleri ve di\u011fer etkinlikler de yer ald\u0131. Fuar 10 Kas\u0131m g\u00fcn\u00fc saat 20:00\u2019de sona erdi.<\/p>\n\n\n\n<p><\/p>\n","protected":false},"excerpt":{"rendered":"<p>Haber: Efe Kocab\u0131y\u0131ko\u011fluEdit\u00f6r: Zeynep Kaplan \u0130stanbul-(\u0130\u00dc Haber Merkezi) 41.Uluslararas\u0131 \u0130stanbul Kitap Fuar\u0131, 2-10 Kas\u0131m 2024 tarihleri aras\u0131nda T\u00dcYAP Fuar ve Kongre Merkezi\u2019nde ger\u00e7ekle\u015fti.\u00a02-10 Kas\u0131m 2024 tarihleri aras\u0131nda ger\u00e7ekle\u015fen fuarda; \u0130lber Ortayl\u0131, Celal \u015eeng\u00f6r, Sinan Meydan, Emrah Safa G\u00fcrkan, Pelin Batu, Naci G\u00f6r\u00fcr, Merdan Yanarda\u011f, Y\u0131lmaz \u00d6zdil, G\u00fclten Day\u0131o\u011flu, Saadet \u015een, Ay\u015feg\u00fcl Aldin\u00e7, Fuat G\u00fcner, \u00c7a\u011fan [&hellip;]<\/p>\n","protected":false},"author":14,"featured_media":0,"comment_status":"closed","ping_status":"open","sticky":false,"template":"","format":"standard","meta":{"jnews-multi-image_gallery":[],"jnews_single_post":{"format":"standard"},"jnews_primary_category":[],"jnews_social_meta":[],"jnews_override_counter":[],"footnotes":""},"categories":[25,27,1,159,28,34,178,30,2348,35],"tags":[300,40,410,43,148,52,85,189],"class_list":["post-24027","post","type-post","status-publish","format-standard","hentry","category-egitim","category-foto-galeri","category-genel","category-sag-manset","category-istanbul","category-universite","category-fakultemizden","category-kultur-sanat","category-manset-yani","category-yasam","tag-iletim","tag-iletisim-fakultesi","tag-istanbul","tag-istanbul-universitesi","tag-istanbul-universitesi-iletisim-fakultesi","tag-iu-iletisim-fakultesi","tag-iuwebtv","tag-sinema"],"_links":{"self":[{"href":"https:\/\/iletim.istanbul.edu.tr\/index.php\/wp-json\/wp\/v2\/posts\/24027","targetHints":{"allow":["GET"]}}],"collection":[{"href":"https:\/\/iletim.istanbul.edu.tr\/index.php\/wp-json\/wp\/v2\/posts"}],"about":[{"href":"https:\/\/iletim.istanbul.edu.tr\/index.php\/wp-json\/wp\/v2\/types\/post"}],"author":[{"embeddable":true,"href":"https:\/\/iletim.istanbul.edu.tr\/index.php\/wp-json\/wp\/v2\/users\/14"}],"replies":[{"embeddable":true,"href":"https:\/\/iletim.istanbul.edu.tr\/index.php\/wp-json\/wp\/v2\/comments?post=24027"}],"version-history":[{"count":0,"href":"https:\/\/iletim.istanbul.edu.tr\/index.php\/wp-json\/wp\/v2\/posts\/24027\/revisions"}],"wp:attachment":[{"href":"https:\/\/iletim.istanbul.edu.tr\/index.php\/wp-json\/wp\/v2\/media?parent=24027"}],"wp:term":[{"taxonomy":"category","embeddable":true,"href":"https:\/\/iletim.istanbul.edu.tr\/index.php\/wp-json\/wp\/v2\/categories?post=24027"},{"taxonomy":"post_tag","embeddable":true,"href":"https:\/\/iletim.istanbul.edu.tr\/index.php\/wp-json\/wp\/v2\/tags?post=24027"}],"curies":[{"name":"wp","href":"https:\/\/api.w.org\/{rel}","templated":true}]}}