{"id":24099,"date":"2024-11-22T23:04:35","date_gmt":"2024-11-22T20:04:35","guid":{"rendered":"https:\/\/iletim.istanbul.edu.tr\/?p=24099"},"modified":"2024-11-22T23:04:36","modified_gmt":"2024-11-22T20:04:36","slug":"basimizin-belasi-vertigo","status":"publish","type":"post","link":"https:\/\/iletim.istanbul.edu.tr\/index.php\/2024\/11\/22\/basimizin-belasi-vertigo\/","title":{"rendered":"\u201cBa\u015f\u201d\u0131m\u0131z\u0131n\u00a0Belas\u0131\u00a0Vertigo"},"content":{"rendered":"\n<p><strong><em>Muhabir: Medine Yavuz\u00a0<\/em><\/strong><\/p>\n\n\n\n<p><strong><em>Edit\u00f6r: Kaan\u00a0A\u011f\u0131rsoy<\/em><\/strong><\/p>\n\n\n\n<p><strong><em>\u0130stanbul-\u00a0(\u0130\u00dc\u00a0Haber Merkezi)<\/em><\/strong><\/p>\n\n\n\n<p><strong>Kulak Burun Bo\u011faz ve Ba\u015f Boyun Cerrahisi Uzman\u0131 Operat\u00f6r Doktor Fuat G\u00fcder,\u00a0vertigonun ba\u015f\u0131n ya da etraf\u0131n d\u00f6n\u00fcyormu\u015f gibi bazen de sallan\u0131yormu\u015f gibi hissin ortaya \u00e7\u0131kmas\u0131n\u0131n\u00a0bir\u00a0vertigo \u015fikayeti olarak de\u011ferlendirildi\u011fini\u00a0fakat bu \u015fikayetin\u00a0bir hastal\u0131k\u00a0olarak\u00a0de\u011fil semptom olarak kabul edildi\u011fini\u00a0s\u00f6yledi.\u00a0<\/strong><\/p>\n\n\n\n<p><strong>\u201cVertigo Tam Ge\u00e7mez, Zaman Zaman Tekrarlayabilir\u201d\u00a0<\/strong><\/p>\n\n\n\n<p>Beyinde olu\u015fan vertigonun santral vertigo, kulakta olu\u015fan vertigonun periferik vertigo olarak adland\u0131r\u0131ld\u0131\u011f\u0131n\u0131 belirten Dr. Fuat G\u00fcder,&nbsp;ayr\u0131ca beyinde olu\u015fan vertigonun daha \u00f6nemli oldu\u011funu,&nbsp;bu durumda&nbsp;hastalar\u0131n&nbsp;beyin cerrah\u0131&nbsp;veya&nbsp;n\u00f6rolojiye&nbsp;g\u00f6r\u00fcnmesi gerekti\u011finin&nbsp;alt\u0131n\u0131 \u00e7izdi.<\/p>\n\n\n\n<p>Kulaktaki vertigo olu\u015fumuyla s\u00f6zlerine devam eden G\u00fcder:&nbsp;\u201cKulakta olu\u015fan vertigonun iki tane olu\u015f yeri vard\u0131r: Bunlar\u0131n bir tanesi daha az s\u0131k olan salyangoz denilen duyma b\u00f6l\u00fcm\u00fcnde olu\u015fan vertigolard\u0131r. Di\u011feri ise yar\u0131m daire kanallar\u0131nda denge b\u00f6l\u00fcm\u00fcnde olu\u015fan vertigolard\u0131r. Daha \u00e7o\u011fu yar\u0131m daire kanallar\u0131ndaki denge b\u00f6l\u00fcm\u00fcnde olu\u015fan vertigolard\u0131r.\u201d&nbsp;\u015feklinde konu\u015ftu. Salyangozdan olu\u015fan hastal\u0131klar\u0131n ba\u015f\u0131nda Meniere hastal\u0131\u011f\u0131n\u0131n&nbsp;da&nbsp;\u00f6nemini vurgulayan&nbsp;Fuat G\u00fcder, bu hastal\u0131\u011f\u0131n tam ge\u00e7en bir hastal\u0131k olmad\u0131\u011f\u0131n\u0131&nbsp;ve&nbsp;zaman zaman tekrarlayabildi\u011fini aktard\u0131. Meniere hastalar\u0131na diyet listesi verildi\u011fini ve bunlara uyulmas\u0131 gerekti\u011fini&nbsp;belirtti. \u00d6zellikle tuz, kahve, \u00e7ikolata, kuruyemi\u015f, ekmek&nbsp;gibi g\u0131dalar\u0131n tehlike arz etti\u011fini;&nbsp;s\u00fct\u00fcn&nbsp;i\u00e7ilebilece\u011fini ama s\u00fct\u00fcn mayaland\u0131\u011f\u0131nda peynir ya da yo\u011furt \u015feklindet\u00fcketilmesinden uzak durulmas\u0131&nbsp;gerekti\u011fini vurgulad\u0131.&nbsp;<\/p>\n\n\n\n<figure class=\"wp-block-image size-large is-resized\"><img decoding=\"async\" width=\"1600\" height=\"1067\" src=\"https:\/\/iletim.istanbul.edu.tr\/wp-content\/uploads\/IMG_0419-edited.jpeg\" alt=\"\" class=\"wp-image-24101\" style=\"width:376px;height:auto\" srcset=\"https:\/\/iletim.istanbul.edu.tr\/wp-content\/uploads\/IMG_0419-edited.jpeg 1600w, https:\/\/iletim.istanbul.edu.tr\/wp-content\/uploads\/IMG_0419-edited-300x200.jpeg 300w, https:\/\/iletim.istanbul.edu.tr\/wp-content\/uploads\/IMG_0419-edited-1024x683.jpeg 1024w, https:\/\/iletim.istanbul.edu.tr\/wp-content\/uploads\/IMG_0419-edited-768x512.jpeg 768w, https:\/\/iletim.istanbul.edu.tr\/wp-content\/uploads\/IMG_0419-edited-1536x1024.jpeg 1536w, https:\/\/iletim.istanbul.edu.tr\/wp-content\/uploads\/IMG_0419-edited-750x500.jpeg 750w, https:\/\/iletim.istanbul.edu.tr\/wp-content\/uploads\/IMG_0419-edited-1140x760.jpeg 1140w\" sizes=\"(max-width: 1600px) 100vw, 1600px\" \/><\/figure>\n\n\n\n<p><strong>\u201cStres, Yorgunluk Kristal Oynamas\u0131n\u0131\u00a0Tetikler\u201d<\/strong><\/p>\n\n\n\n<p>Op. Dr. &nbsp;Fuat G\u00fcder, yar\u0131m daire kanal\u0131ndaki denge b\u00f6l\u00fcm\u00fcnde olu\u015fan vertigoda en s\u0131k rastlanan\u0131n kristal oynamas\u0131 oldu\u011funu&nbsp;s\u00f6yledi. Kristal oynamas\u0131n\u0131n sebeplerini&nbsp;s\u0131ralayan&nbsp;Dr.Fuat G\u00fcder,&nbsp;Kafa travmas\u0131&nbsp;ba\u015fta olmak \u00fczere&nbsp;\u00fcz\u00fcnt\u00fc, s\u0131k\u0131nt\u0131, stres, yorgunluk gibi durumlar\u0131n kristal oynamas\u0131n\u0131 tetikledi\u011fine dikkat \u00e7ekti.&nbsp;<\/p>\n\n\n\n<p>Bunun d\u0131\u015f\u0131nda da vestib\u00fcler n\u00f6ritten bahseden Fuat G\u00fcder: \u201cYine bu denge merkezinden olu\u015fan vestib\u00fcler n\u00f6rit denilen oradaki sinir iltihab\u0131 y\u0131pranmas\u0131yla ortaya \u00e7\u0131kan bir vertigo var. \u00d6yle olan hastalara da ila\u00e7 tedavisi uygulan\u0131r.\u201d&nbsp;ifadelerinde bulundu.&nbsp;G\u00fcder,\u201d Sa\u011f kulakta \u00fc\u00e7 tane kanal, sol kulakta \u00fc\u00e7 tane kanal var. Her bir kanal\u0131n manevras\u0131 farkl\u0131. Hangi kanalda problem varsa ona y\u00f6nelik manevra uygulan\u0131yor. \u0130\u015fte bunlar: Epley manevras\u0131, &nbsp;dix-hallpike, barbecue manevras\u0131 gibi manevralard\u0131r.\u201d&nbsp;diyerek s\u00f6zlerine ilavede bulundu.&nbsp;<\/p>\n\n\n\n<p><strong>\u201cZaman\u0131nda Tan\u0131 Mutlaka\u00a0D\u00fczeltir\u201d<\/strong><\/p>\n\n\n\n<p>Anlatt\u0131\u011f\u0131 hastal\u0131klar\u0131n; beyinden, salyangozdan ya da yar\u0131m daire kanallar\u0131ndan kaynaklan\u0131p kaynaklanmad\u0131\u011f\u0131n\u0131 anlamak i\u00e7in&nbsp;birtak\u0131m testlerin uyguland\u0131\u011f\u0131n\u0131 belirten&nbsp;Dr.&nbsp;G\u00fcder,\u201cBunlardan bir tanesi denge testi. Manevra koltu\u011funda ki\u015fi sabitlenir ve sadece koltu\u011fu \u00e7evirerek bu kristallerin oynay\u0131p oynamad\u0131\u011f\u0131na bak\u0131l\u0131r. Oynarsa hemen akabininde de tedavisi uygulan\u0131r.\u201d&nbsp;ifadelerine yer verdi.&nbsp;<\/p>\n\n\n\n<p>Vertigoya iyi&nbsp;ve zaman\u0131nda&nbsp;tan\u0131 konulursa mutlaka d\u00fczelece\u011finin alt\u0131n\u0131 \u00e7izen Op. Dr. Fuat G\u00fcder;&nbsp;s\u0131k\u0131nt\u0131 ve stresten uzak durmay\u0131, sa\u011fl\u0131kl\u0131 beslenmeyi, bol s\u0131v\u0131&nbsp;almay\u0131&nbsp;ve ani hareketlerden ka\u00e7\u0131nmay\u0131&nbsp;\u015fiddetle tavsiye ederek s\u00f6zlerini noktalad\u0131.<\/p>\n","protected":false},"excerpt":{"rendered":"<p>Muhabir: Medine Yavuz\u00a0 Edit\u00f6r: Kaan\u00a0A\u011f\u0131rsoy \u0130stanbul-\u00a0(\u0130\u00dc\u00a0Haber Merkezi) Kulak Burun Bo\u011faz ve Ba\u015f Boyun Cerrahisi Uzman\u0131 Operat\u00f6r Doktor Fuat G\u00fcder,\u00a0vertigonun ba\u015f\u0131n ya da etraf\u0131n d\u00f6n\u00fcyormu\u015f gibi bazen de sallan\u0131yormu\u015f gibi hissin ortaya \u00e7\u0131kmas\u0131n\u0131n\u00a0bir\u00a0vertigo \u015fikayeti olarak de\u011ferlendirildi\u011fini\u00a0fakat bu \u015fikayetin\u00a0bir hastal\u0131k\u00a0olarak\u00a0de\u011fil semptom olarak kabul edildi\u011fini\u00a0s\u00f6yledi.\u00a0 \u201cVertigo Tam Ge\u00e7mez, Zaman Zaman Tekrarlayabilir\u201d\u00a0 Beyinde olu\u015fan vertigonun santral vertigo, kulakta olu\u015fan [&hellip;]<\/p>\n","protected":false},"author":14,"featured_media":24102,"comment_status":"closed","ping_status":"open","sticky":false,"template":"","format":"standard","meta":{"jnews-multi-image_gallery":[],"jnews_single_post":{"format":"standard"},"jnews_primary_category":[],"jnews_social_meta":[],"jnews_override_counter":[],"footnotes":""},"categories":[159,2348,32],"tags":[3176],"class_list":["post-24099","post","type-post","status-publish","format-standard","has-post-thumbnail","hentry","category-sag-manset","category-manset-yani","category-saglik","tag-vertigo"],"_links":{"self":[{"href":"https:\/\/iletim.istanbul.edu.tr\/index.php\/wp-json\/wp\/v2\/posts\/24099","targetHints":{"allow":["GET"]}}],"collection":[{"href":"https:\/\/iletim.istanbul.edu.tr\/index.php\/wp-json\/wp\/v2\/posts"}],"about":[{"href":"https:\/\/iletim.istanbul.edu.tr\/index.php\/wp-json\/wp\/v2\/types\/post"}],"author":[{"embeddable":true,"href":"https:\/\/iletim.istanbul.edu.tr\/index.php\/wp-json\/wp\/v2\/users\/14"}],"replies":[{"embeddable":true,"href":"https:\/\/iletim.istanbul.edu.tr\/index.php\/wp-json\/wp\/v2\/comments?post=24099"}],"version-history":[{"count":0,"href":"https:\/\/iletim.istanbul.edu.tr\/index.php\/wp-json\/wp\/v2\/posts\/24099\/revisions"}],"wp:featuredmedia":[{"embeddable":true,"href":"https:\/\/iletim.istanbul.edu.tr\/index.php\/wp-json\/wp\/v2\/media\/24102"}],"wp:attachment":[{"href":"https:\/\/iletim.istanbul.edu.tr\/index.php\/wp-json\/wp\/v2\/media?parent=24099"}],"wp:term":[{"taxonomy":"category","embeddable":true,"href":"https:\/\/iletim.istanbul.edu.tr\/index.php\/wp-json\/wp\/v2\/categories?post=24099"},{"taxonomy":"post_tag","embeddable":true,"href":"https:\/\/iletim.istanbul.edu.tr\/index.php\/wp-json\/wp\/v2\/tags?post=24099"}],"curies":[{"name":"wp","href":"https:\/\/api.w.org\/{rel}","templated":true}]}}