{"id":24104,"date":"2024-11-22T23:19:12","date_gmt":"2024-11-22T20:19:12","guid":{"rendered":"https:\/\/iletim.istanbul.edu.tr\/?p=24104"},"modified":"2024-11-22T23:19:12","modified_gmt":"2024-11-22T20:19:12","slug":"bostancida-erol-evgin-ruzgari","status":"publish","type":"post","link":"https:\/\/iletim.istanbul.edu.tr\/index.php\/2024\/11\/22\/bostancida-erol-evgin-ruzgari\/","title":{"rendered":"BOSTANCI\u2019DA EROL EVG\u0130N R\u00dcZGARI"},"content":{"rendered":"\n<p><strong><em>Haber: Efe Kocab\u0131y\u0131ko\u011flu<\/em><\/strong><\/p>\n\n\n\n<p><strong><em>Edit\u00f6r:\u00a0Kaan\u00a0A\u011f\u0131rsoy<\/em><\/strong><\/p>\n\n\n\n<p><strong><em>\u0130stanbul \u2013 (\u0130\u00dc Haber Merkezi)<\/em><\/strong><\/p>\n\n\n\n<p><strong><em>Pop m\u00fczi\u011fin tan\u0131nan sanat\u00e7\u0131lar\u0131ndan Erol Evgin, sevilen \u015fark\u0131lar\u0131yla Bostanc\u0131 G\u00f6steri Merkezi\u2019nde sahne ald\u0131.\u00a0<\/em><\/strong><\/p>\n\n\n\n<p>16 Kas\u0131m Cumartesi g\u00fcn\u00fc ak\u015fam\u0131 ger\u00e7ekle\u015fen konserde sevenleriyle bulu\u015fan Erol Evgin\u2019in konserine e\u015fi Emel Evgin ve \u015eener \u015een\u2019in eski e\u015fi oyuncu Sermin\u00a0H\u00fcrmeri\u00e7\u00a0de kat\u0131ld\u0131.En sevilen \u201cS\u00f6yle Can\u0131m\u201d par\u00e7as\u0131 ile konsere ba\u015flayan Erol Evgin, \u201cR\u00fcya\u201d, \u201c\u0130\u00e7imdeki F\u0131rt\u0131na\u201d, \u201cT\u00fcm Bir Ya\u015fam\u201d, \u201cHep B\u00f6yle Kal\u201d, \u00a0\u201cAte\u015fle Oynama\u201d, \u201cSevdan Olmasa\u201d, \u201cBir de Bana Sor\u201d, \u201c\u0130\u015fte \u00d6yle Bir \u015eey\u201d, \u201cDeli Divane\u201d gibi unutulmaz \u015fark\u0131lar\u0131n\u0131 s\u00f6yledi.\u00a0<\/p>\n\n\n\n<p>Be\u011fendi\u011fi \u015fark\u0131lar\u0131 Sevdiklerim ve Sevdiklerim 2 alb\u00fcmlerinde yorumlayan Evgin, konserinde \u201cKaybolan Y\u0131llar\u201d, \u201cAld\u0131rma G\u00f6n\u00fcl\u201d, \u201cMemleketim\u201d, \u201c\u015eimdi Uzaklardas\u0131n\u201d, \u201cSen Benim \u015eark\u0131lar\u0131ms\u0131n\u201d, \u201cBegonvil\u201d, &nbsp;\u201c\u0130kinci Bahar\u201d, \u201cUnutama Beni\u201d gibi \u015fark\u0131lar\u0131 da s\u00f6yledi.<\/p>\n\n\n\n<figure class=\"wp-block-image size-large is-resized\"><img decoding=\"async\" width=\"1200\" height=\"900\" src=\"https:\/\/iletim.istanbul.edu.tr\/wp-content\/uploads\/IMG_0420-edited.jpeg\" alt=\"\" class=\"wp-image-24107\" style=\"width:441px;height:auto\" srcset=\"https:\/\/iletim.istanbul.edu.tr\/wp-content\/uploads\/IMG_0420-edited.jpeg 1200w, https:\/\/iletim.istanbul.edu.tr\/wp-content\/uploads\/IMG_0420-edited-300x225.jpeg 300w, https:\/\/iletim.istanbul.edu.tr\/wp-content\/uploads\/IMG_0420-edited-1024x768.jpeg 1024w, https:\/\/iletim.istanbul.edu.tr\/wp-content\/uploads\/IMG_0420-edited-768x576.jpeg 768w, https:\/\/iletim.istanbul.edu.tr\/wp-content\/uploads\/IMG_0420-edited-750x563.jpeg 750w, https:\/\/iletim.istanbul.edu.tr\/wp-content\/uploads\/IMG_0420-edited-1140x855.jpeg 1140w\" sizes=\"(max-width: 1200px) 100vw, 1200px\" \/><\/figure>\n\n\n\n<p><strong>Hisseli Harikalar Kumpanyas\u0131<\/strong><\/p>\n\n\n\n<p>\u015eark\u0131 aralar\u0131nda an\u0131lar\u0131n\u0131 anlatan Erol Evgin, 1980\u2019lerde sahnelenen Hisseli Harikalar Kumpanyas\u0131 adl\u0131 m\u00fczikaldeki an\u0131lar\u0131n\u0131 da&nbsp;sevenleriyle&nbsp;payla\u015f\u0131rken&nbsp;&nbsp;\u201cG\u00fczel bir m\u00fczikal. \u0130zlemi\u015f miydiniz&nbsp;bilmiyorum ?&nbsp;\u00c7ocuktunuz o zaman. 80 y\u0131l\u0131nda oynam\u0131\u015ft\u0131k, 1980 yani milattan sonra. G\u00fczel bir oyundu. Adile Abla vard\u0131 Turgut Boral\u0131, Ay\u015fen&nbsp;Gruda, \u0130lyas Salman, Mehmet Ali Erbil g\u00fczel bir kadroydu. Adile Abla argo kelimeler kullan\u0131rken y\u00fcz\u00fc k\u0131zar\u0131rd\u0131 can\u0131m benim nurlar i\u00e7inde uyusunlar\u201d&nbsp;\u015feklinde konu\u015ftu.&nbsp;<\/p>\n\n\n\n<p><strong>\u015eark\u0131lar ve T\u00fcrk\u00fcler Ortak Duygular\u0131n \u0130fadesidir <\/strong><\/p>\n\n\n\n<p>Erol Evgin, \u201cMemleketim\u201d \u015fark\u0131s\u0131n\u0131 s\u00f6yledi\u011fi s\u0131rada \u015fark\u0131y\u0131 yar\u0131da b\u00f6lerek&nbsp;\u201cTam 55 y\u0131ld\u0131r memleketimin her k\u00f6\u015fesinde konserler verdim. Hani Edirne\u2019den Ardahan\u2019a deriz ya \u00f6yle. \u0130nsanlar\u0131n ayn\u0131 t\u00fcrk\u00fclerle co\u015fup ayn\u0131 \u015fark\u0131larla h\u00fcz\u00fcnlendiklerini g\u00f6rd\u00fcm.\u201d diye konu\u015ftu. Ayr\u0131ca Evgin,&nbsp;\u015fark\u0131lar ve t\u00fcrk\u00fclerin&nbsp;ortak duygular\u0131n ifadesi&nbsp;oldu\u011funu ve&nbsp;\u00f6tekile\u015fme, kutupla\u015fmaya kar\u015f\u0131&nbsp;olduk\u00e7a&nbsp;etkili&nbsp;bir g\u00fcce sahip oldu\u011funun alt\u0131n\u0131 \u00e7izdi.&nbsp;Ard\u0131ndan usta sanat\u00e7\u0131 \u201cToplumsal yaralara merhemdir, antidepresand\u0131r \u015fark\u0131lar. B\u00f6yle zor d\u00f6nemlerde birbirimize sar\u0131larak \u015fark\u0131lar\u0131m\u0131z\u0131, t\u00fcrk\u00fclerimizi s\u00f6ylemeye devam edelim.\u201d&nbsp;diye konu\u015farak s\u00f6zlerine ilavede bulundu.&nbsp;<\/p>\n\n\n\n<p><strong>\u0130zmir Mar\u015f\u0131 ve 100 Y\u0131lda Y\u00fcz Ak\u0131yla<\/strong><\/p>\n\n\n\n<p>Konserin sonlar\u0131nda Erol Evgin eline T\u00fcrk Bayra\u011f\u0131n\u0131 alarak \u00f6nce \u0130zmir Mar\u015f\u0131\u2019n\u0131 ard\u0131ndan da&nbsp;Cumhuriyetin y\u00fcz\u00fcnc\u00fc y\u0131l\u0131na \u00f6zel besteledi\u011fi 100 Y\u0131lda Y\u00fcz Ak\u0131yla adl\u0131 mar\u015f\u0131 s\u00f6yleyerek geceyi noktalad\u0131.<\/p>\n","protected":false},"excerpt":{"rendered":"<p>Haber: Efe Kocab\u0131y\u0131ko\u011flu Edit\u00f6r:\u00a0Kaan\u00a0A\u011f\u0131rsoy \u0130stanbul \u2013 (\u0130\u00dc Haber Merkezi) Pop m\u00fczi\u011fin tan\u0131nan sanat\u00e7\u0131lar\u0131ndan Erol Evgin, sevilen \u015fark\u0131lar\u0131yla Bostanc\u0131 G\u00f6steri Merkezi\u2019nde sahne ald\u0131.\u00a0 16 Kas\u0131m Cumartesi g\u00fcn\u00fc ak\u015fam\u0131 ger\u00e7ekle\u015fen konserde sevenleriyle bulu\u015fan Erol Evgin\u2019in konserine e\u015fi Emel Evgin ve \u015eener \u015een\u2019in eski e\u015fi oyuncu Sermin\u00a0H\u00fcrmeri\u00e7\u00a0de kat\u0131ld\u0131.En sevilen \u201cS\u00f6yle Can\u0131m\u201d par\u00e7as\u0131 ile konsere ba\u015flayan Erol Evgin, \u201cR\u00fcya\u201d, [&hellip;]<\/p>\n","protected":false},"author":14,"featured_media":24105,"comment_status":"closed","ping_status":"open","sticky":false,"template":"","format":"standard","meta":{"jnews-multi-image_gallery":[],"jnews_single_post":{"format":"standard"},"jnews_primary_category":[],"jnews_social_meta":[],"jnews_override_counter":[],"footnotes":""},"categories":[159,28,30,2348],"tags":[3177,621],"class_list":["post-24104","post","type-post","status-publish","format-standard","has-post-thumbnail","hentry","category-sag-manset","category-istanbul","category-kultur-sanat","category-manset-yani","tag-erolevgin","tag-konser"],"_links":{"self":[{"href":"https:\/\/iletim.istanbul.edu.tr\/index.php\/wp-json\/wp\/v2\/posts\/24104","targetHints":{"allow":["GET"]}}],"collection":[{"href":"https:\/\/iletim.istanbul.edu.tr\/index.php\/wp-json\/wp\/v2\/posts"}],"about":[{"href":"https:\/\/iletim.istanbul.edu.tr\/index.php\/wp-json\/wp\/v2\/types\/post"}],"author":[{"embeddable":true,"href":"https:\/\/iletim.istanbul.edu.tr\/index.php\/wp-json\/wp\/v2\/users\/14"}],"replies":[{"embeddable":true,"href":"https:\/\/iletim.istanbul.edu.tr\/index.php\/wp-json\/wp\/v2\/comments?post=24104"}],"version-history":[{"count":0,"href":"https:\/\/iletim.istanbul.edu.tr\/index.php\/wp-json\/wp\/v2\/posts\/24104\/revisions"}],"wp:featuredmedia":[{"embeddable":true,"href":"https:\/\/iletim.istanbul.edu.tr\/index.php\/wp-json\/wp\/v2\/media\/24105"}],"wp:attachment":[{"href":"https:\/\/iletim.istanbul.edu.tr\/index.php\/wp-json\/wp\/v2\/media?parent=24104"}],"wp:term":[{"taxonomy":"category","embeddable":true,"href":"https:\/\/iletim.istanbul.edu.tr\/index.php\/wp-json\/wp\/v2\/categories?post=24104"},{"taxonomy":"post_tag","embeddable":true,"href":"https:\/\/iletim.istanbul.edu.tr\/index.php\/wp-json\/wp\/v2\/tags?post=24104"}],"curies":[{"name":"wp","href":"https:\/\/api.w.org\/{rel}","templated":true}]}}