{"id":24117,"date":"2024-11-24T01:37:31","date_gmt":"2024-11-23T22:37:31","guid":{"rendered":"https:\/\/iletim.istanbul.edu.tr\/?p=24117"},"modified":"2024-11-24T01:37:32","modified_gmt":"2024-11-23T22:37:32","slug":"istanbul-universitesi-kadin-basketbol-a-takimi-sezona-guclu-basladi","status":"publish","type":"post","link":"https:\/\/iletim.istanbul.edu.tr\/index.php\/2024\/11\/24\/istanbul-universitesi-kadin-basketbol-a-takimi-sezona-guclu-basladi\/","title":{"rendered":"\u0130STANBUL \u00dcN\u0130VERS\u0130TES\u0130 KADIN BASKETBOL A TAKIMI SEZONA G\u00dc\u00c7L\u00dc BA\u015eLADI"},"content":{"rendered":"\n<p><strong><em>Haber: Demet Kirlibal &#8211; Elif Naz Y\u00fccel <\/em><\/strong><\/p>\n\n\n\n<p><strong><em>Foto\u011fraf: Mesut Topo\u011flu<\/em><\/strong><\/p>\n\n\n\n<p><strong><em>Edit\u00f6r: Zeynep Kaplan<\/em><\/strong><\/p>\n\n\n\n<p><strong><em>\u0130stanbul \u2013 (\u0130\u00dc Haber Merkezi)<\/em><\/strong><\/p>\n\n\n\n<p><strong>T\u00fcrkiye Basketbol Federasyonu Kad\u0131nlar B\u00f6lgesel Basketbol Ligi\u2019nde m\u00fccadele eden \u0130stanbul \u00dcniversitesi Spor Birli\u011fi Spor Kul\u00fcb\u00fc A Tak\u0131m\u0131m\u0131z evinde oynad\u0131\u011f\u0131 ma\u00e7ta \u0130zmir B\u00fcy\u00fck\u015fehir Belediyesi\u2019ni 64-54 ma\u011flup etti.<\/strong><\/p>\n\n\n\n<p><br>T\u00fcrkiye Basketbol Federasyonu Kad\u0131nlar B\u00f6lgesel Basketbol Ligi\u2019nde sezonun ikinci ma\u00e7\u0131na \u00e7\u0131kan \u0130stanbul \u00dcniversitesi Kad\u0131n Basketbol A Tak\u0131m\u0131 22 Kas\u0131m Cuma g\u00fcn\u00fc saat 15:00\u2019de Bah\u00e7elievler Engelliler Spor Merkezi\u2019nde \u0130zmir B\u00fcy\u00fck\u015fehir Belediyesi ile oynanan ma\u00e7tan 64- 54 galip ayr\u0131ld\u0131. Skora en \u00e7ok katk\u0131 yapan oyuncumuz 16 puan ile Gamze T\u00fcrko\u011flu oldu.<\/p>\n\n\n\n<figure class=\"wp-block-image size-large is-resized\"><img decoding=\"async\" width=\"682\" height=\"1024\" src=\"https:\/\/iletim.istanbul.edu.tr\/wp-content\/uploads\/IMG_0432-682x1024.jpeg\" alt=\"\" class=\"wp-image-24118\" style=\"width:244px;height:auto\" srcset=\"https:\/\/iletim.istanbul.edu.tr\/wp-content\/uploads\/IMG_0432-682x1024.jpeg 682w, https:\/\/iletim.istanbul.edu.tr\/wp-content\/uploads\/IMG_0432-200x300.jpeg 200w, https:\/\/iletim.istanbul.edu.tr\/wp-content\/uploads\/IMG_0432-768x1153.jpeg 768w, https:\/\/iletim.istanbul.edu.tr\/wp-content\/uploads\/IMG_0432-1023x1536.jpeg 1023w, https:\/\/iletim.istanbul.edu.tr\/wp-content\/uploads\/IMG_0432-750x1126.jpeg 750w, https:\/\/iletim.istanbul.edu.tr\/wp-content\/uploads\/IMG_0432.jpeg 1066w\" sizes=\"(max-width: 682px) 100vw, 682px\" \/><\/figure>\n\n\n\n<p><br><strong>Bu Tak\u0131m Bu Sene \u015eampiyonlu\u011fa Oynuyor<\/strong><\/p>\n\n\n\n<p><br>\u0130stanbul \u00dcniversitesi Kad\u0131n Basketbol A Tak\u0131m\u0131 Ba\u015fantren\u00f6r\u00fc Kerem A\u015f\u0131c\u0131, \u2019\u2019Bu sene \u00e7ok iyi bir kadro kuruldu, \u015fu anda 11 ki\u015filer ancak onlara g\u00fcveniyoruz. Bu tak\u0131m bu sene \u015fampiyonlu\u011fa oynuyor\u2019\u2019 \u015feklinde a\u00e7\u0131klamada bulundu.<br><br>A Tak\u0131m Kadrosu; Dilek Dedeo\u011flu (K), Gamze T\u00fcrko\u011flu, Melike Bak\u0131rc\u0131o\u011flu, \u0130rem Kikiler, Bahar Kocao\u011flu, Melike Bah\u00e7ivanlar, \u0130layda Yeti\u015f, Melih \u00c7al\u0131\u015fkan, Merve B\u00fcy\u00fckbayrak, Melike B\u00fcy\u00fckbayrak, Zehra \u00d6zdin\u2019den olu\u015fuyor.<br><\/p>\n\n\n\n<figure class=\"wp-block-image size-large is-resized\"><img decoding=\"async\" width=\"682\" height=\"1024\" src=\"https:\/\/iletim.istanbul.edu.tr\/wp-content\/uploads\/IMG_0433-682x1024.jpeg\" alt=\"\" class=\"wp-image-24124\" style=\"width:294px;height:auto\" srcset=\"https:\/\/iletim.istanbul.edu.tr\/wp-content\/uploads\/IMG_0433-682x1024.jpeg 682w, https:\/\/iletim.istanbul.edu.tr\/wp-content\/uploads\/IMG_0433-200x300.jpeg 200w, https:\/\/iletim.istanbul.edu.tr\/wp-content\/uploads\/IMG_0433-768x1153.jpeg 768w, https:\/\/iletim.istanbul.edu.tr\/wp-content\/uploads\/IMG_0433-1023x1536.jpeg 1023w, https:\/\/iletim.istanbul.edu.tr\/wp-content\/uploads\/IMG_0433-750x1126.jpeg 750w, https:\/\/iletim.istanbul.edu.tr\/wp-content\/uploads\/IMG_0433.jpeg 1066w\" sizes=\"(max-width: 682px) 100vw, 682px\" \/><\/figure>\n\n\n\n<p><strong>Amac\u0131m\u0131z Bir \u00dcst Lige \u00c7\u0131kmak<\/strong><br><br>Genel Menajer Funda Onar, \u2018\u2019T\u00fcrkiye Basketbol Federasyonu Kad\u0131nlar B\u00f6lgesel Basketbol Ligi A grubunda yer al\u0131yoruz. Amac\u0131m\u0131z bir \u00fcst lige \u00e7\u0131kmak. Tak\u0131m\u0131m\u0131z\u0131n bunu ba\u015faraca\u011f\u0131na inan\u0131yoruz\u2019\u2019 diyerek tak\u0131ma olan g\u00fcvenini vurgulad\u0131.<br>Bu sezon toplam 10 ma\u00e7a \u00e7\u0131kacak olan \u0130stanbul \u00dcniversitesi Spor Birli\u011fi Spor Kul\u00fcb\u00fc A Tak\u0131m\u0131m\u0131z 5 ma\u00e7ta ev sahipli\u011fi yapacak; 5 ma\u00e7ta ise deplasmana gidecek.<br><br>Sezonun ilk iki ma\u00e7\u0131ndan galip ayr\u0131lan tak\u0131m\u0131m\u0131z, \u00fc\u00e7\u00fcnc\u00fc haftada 30 Kas\u0131m Cumartesi g\u00fcn\u00fc saat 16:30\u2019da Kad\u0131k\u00f6y \u0130stanbul Kul\u00fcb\u00fc ile kar\u015f\u0131 kar\u015f\u0131ya gelecek.<\/p>\n\n\n\n<figure class=\"wp-block-image size-large is-resized\"><img decoding=\"async\" width=\"1024\" height=\"682\" src=\"https:\/\/iletim.istanbul.edu.tr\/wp-content\/uploads\/IMG_0435-4-1024x682.jpeg\" alt=\"\" class=\"wp-image-24123\" style=\"width:408px;height:auto\" srcset=\"https:\/\/iletim.istanbul.edu.tr\/wp-content\/uploads\/IMG_0435-4-1024x682.jpeg 1024w, https:\/\/iletim.istanbul.edu.tr\/wp-content\/uploads\/IMG_0435-4-300x200.jpeg 300w, https:\/\/iletim.istanbul.edu.tr\/wp-content\/uploads\/IMG_0435-4-768x512.jpeg 768w, https:\/\/iletim.istanbul.edu.tr\/wp-content\/uploads\/IMG_0435-4-1536x1023.jpeg 1536w, https:\/\/iletim.istanbul.edu.tr\/wp-content\/uploads\/IMG_0435-4-750x500.jpeg 750w, https:\/\/iletim.istanbul.edu.tr\/wp-content\/uploads\/IMG_0435-4-1140x760.jpeg 1140w, https:\/\/iletim.istanbul.edu.tr\/wp-content\/uploads\/IMG_0435-4.jpeg 1600w\" sizes=\"(max-width: 1024px) 100vw, 1024px\" \/><\/figure>\n","protected":false},"excerpt":{"rendered":"<p>Haber: Demet Kirlibal &#8211; Elif Naz Y\u00fccel Foto\u011fraf: Mesut Topo\u011flu Edit\u00f6r: Zeynep Kaplan \u0130stanbul \u2013 (\u0130\u00dc Haber Merkezi) T\u00fcrkiye Basketbol Federasyonu Kad\u0131nlar B\u00f6lgesel Basketbol Ligi\u2019nde m\u00fccadele eden \u0130stanbul \u00dcniversitesi Spor Birli\u011fi Spor Kul\u00fcb\u00fc A Tak\u0131m\u0131m\u0131z evinde oynad\u0131\u011f\u0131 ma\u00e7ta \u0130zmir B\u00fcy\u00fck\u015fehir Belediyesi\u2019ni 64-54 ma\u011flup etti. T\u00fcrkiye Basketbol Federasyonu Kad\u0131nlar B\u00f6lgesel Basketbol Ligi\u2019nde sezonun ikinci ma\u00e7\u0131na \u00e7\u0131kan [&hellip;]<\/p>\n","protected":false},"author":14,"featured_media":24113,"comment_status":"closed","ping_status":"open","sticky":false,"template":"","format":"standard","meta":{"jnews-multi-image_gallery":[],"jnews_single_post":{"format":"standard"},"jnews_primary_category":[],"jnews_social_meta":[],"jnews_override_counter":[],"footnotes":""},"categories":[159,34,2085,33],"tags":[43,768],"class_list":["post-24117","post","type-post","status-publish","format-standard","has-post-thumbnail","hentry","category-sag-manset","category-universite","category-manset-haber","category-spor","tag-istanbul-universitesi","tag-kadin-basketbol"],"_links":{"self":[{"href":"https:\/\/iletim.istanbul.edu.tr\/index.php\/wp-json\/wp\/v2\/posts\/24117","targetHints":{"allow":["GET"]}}],"collection":[{"href":"https:\/\/iletim.istanbul.edu.tr\/index.php\/wp-json\/wp\/v2\/posts"}],"about":[{"href":"https:\/\/iletim.istanbul.edu.tr\/index.php\/wp-json\/wp\/v2\/types\/post"}],"author":[{"embeddable":true,"href":"https:\/\/iletim.istanbul.edu.tr\/index.php\/wp-json\/wp\/v2\/users\/14"}],"replies":[{"embeddable":true,"href":"https:\/\/iletim.istanbul.edu.tr\/index.php\/wp-json\/wp\/v2\/comments?post=24117"}],"version-history":[{"count":0,"href":"https:\/\/iletim.istanbul.edu.tr\/index.php\/wp-json\/wp\/v2\/posts\/24117\/revisions"}],"wp:featuredmedia":[{"embeddable":true,"href":"https:\/\/iletim.istanbul.edu.tr\/index.php\/wp-json\/wp\/v2\/media\/24113"}],"wp:attachment":[{"href":"https:\/\/iletim.istanbul.edu.tr\/index.php\/wp-json\/wp\/v2\/media?parent=24117"}],"wp:term":[{"taxonomy":"category","embeddable":true,"href":"https:\/\/iletim.istanbul.edu.tr\/index.php\/wp-json\/wp\/v2\/categories?post=24117"},{"taxonomy":"post_tag","embeddable":true,"href":"https:\/\/iletim.istanbul.edu.tr\/index.php\/wp-json\/wp\/v2\/tags?post=24117"}],"curies":[{"name":"wp","href":"https:\/\/api.w.org\/{rel}","templated":true}]}}