{"id":24137,"date":"2024-11-28T13:51:31","date_gmt":"2024-11-28T10:51:31","guid":{"rendered":"https:\/\/iletim.istanbul.edu.tr\/?p=24137"},"modified":"2024-12-10T14:58:08","modified_gmt":"2024-12-10T11:58:08","slug":"demiroren-medya-grubu-iletisim-fakultesi-ogrencilerini-agirladi","status":"publish","type":"post","link":"https:\/\/iletim.istanbul.edu.tr\/index.php\/2024\/11\/28\/demiroren-medya-grubu-iletisim-fakultesi-ogrencilerini-agirladi\/","title":{"rendered":"Demir\u00f6ren Medya Grubu \u0130leti\u015fim Fak\u00fcltesi \u00d6\u011frencilerini A\u011f\u0131rlad\u0131"},"content":{"rendered":"\n<p><strong>Muhabir: \u00d6zg\u00fcr Recep Kocao\u011flu<\/strong><\/p>\n\n\n\n<p><strong>Edit\u00f6r: Hatice Beyza \u00c7akmak<\/strong><\/p>\n\n\n\n<p><strong>\u0130stanbul \u2013 (\u0130\u00dc Haber Merkezi)<\/strong><\/p>\n\n\n\n<p><strong>\u0130stanbul \u00dcniversitesi(\u0130\u00dc) \u0130leti\u015fim Fak\u00fcltesi \u00f6\u011frencileri medya sekt\u00f6r\u00fc gezileri kapsam\u0131nda CNN T\u00fcrk, Kanal D ve Demir\u00f6ren Haber Ajans\u0131\u2019n\u0131(DHA) ziyaret etti.<\/strong><\/p>\n\n\n\n<p>\u0130stanbul \u00dcniversitesi Dijital \u0130leti\u015fim Kul\u00fcb\u00fc taraf\u0131ndan 26 Kas\u0131m\u2019da d\u00fczenlenen etkinlikte Demir\u00f6ren Medya Grubu alt\u0131nda yer alan CNN T\u00fcrk, Kanal D ve DHA\u2019ya gezi ger\u00e7ekle\u015ftirildi. \u00d6\u011frenciler deneyimli medya mensuplar\u0131n\u0131n yapt\u0131\u011f\u0131 i\u015fleri canl\u0131 olarak g\u00f6rme f\u0131rsat\u0131 edinerek medya sekt\u00f6r\u00fc hakk\u0131nda bilgi edindi.<\/p>\n\n\n\n<div class=\"wp-block-columns is-layout-flex wp-container-core-columns-is-layout-9d6595d7 wp-block-columns-is-layout-flex\">\n<div class=\"wp-block-column is-layout-flow wp-block-column-is-layout-flow\">\n<figure class=\"wp-block-image size-large\"><img decoding=\"async\" width=\"768\" height=\"1024\" src=\"https:\/\/iletim.istanbul.edu.tr\/wp-content\/uploads\/WhatsApp-Image-2024-11-28-at-13.39.11-1-768x1024.jpeg\" alt=\"\" class=\"wp-image-24140\" srcset=\"https:\/\/iletim.istanbul.edu.tr\/wp-content\/uploads\/WhatsApp-Image-2024-11-28-at-13.39.11-1-768x1024.jpeg 768w, https:\/\/iletim.istanbul.edu.tr\/wp-content\/uploads\/WhatsApp-Image-2024-11-28-at-13.39.11-1-225x300.jpeg 225w, https:\/\/iletim.istanbul.edu.tr\/wp-content\/uploads\/WhatsApp-Image-2024-11-28-at-13.39.11-1-1152x1536.jpeg 1152w, https:\/\/iletim.istanbul.edu.tr\/wp-content\/uploads\/WhatsApp-Image-2024-11-28-at-13.39.11-1-750x1000.jpeg 750w, https:\/\/iletim.istanbul.edu.tr\/wp-content\/uploads\/WhatsApp-Image-2024-11-28-at-13.39.11-1-1140x1520.jpeg 1140w, https:\/\/iletim.istanbul.edu.tr\/wp-content\/uploads\/WhatsApp-Image-2024-11-28-at-13.39.11-1.jpeg 1200w\" sizes=\"(max-width: 768px) 100vw, 768px\" \/><\/figure>\n<\/div>\n\n\n\n<div class=\"wp-block-column is-layout-flow wp-block-column-is-layout-flow\">\n<figure class=\"wp-block-image size-large\"><img decoding=\"async\" width=\"768\" height=\"1024\" src=\"https:\/\/iletim.istanbul.edu.tr\/wp-content\/uploads\/WhatsApp-Image-2024-11-28-at-13.31.35-1-768x1024.jpeg\" alt=\"\" class=\"wp-image-24146\" srcset=\"https:\/\/iletim.istanbul.edu.tr\/wp-content\/uploads\/WhatsApp-Image-2024-11-28-at-13.31.35-1-768x1024.jpeg 768w, https:\/\/iletim.istanbul.edu.tr\/wp-content\/uploads\/WhatsApp-Image-2024-11-28-at-13.31.35-1-225x300.jpeg 225w, https:\/\/iletim.istanbul.edu.tr\/wp-content\/uploads\/WhatsApp-Image-2024-11-28-at-13.31.35-1-1152x1536.jpeg 1152w, https:\/\/iletim.istanbul.edu.tr\/wp-content\/uploads\/WhatsApp-Image-2024-11-28-at-13.31.35-1-750x1000.jpeg 750w, https:\/\/iletim.istanbul.edu.tr\/wp-content\/uploads\/WhatsApp-Image-2024-11-28-at-13.31.35-1-1140x1520.jpeg 1140w, https:\/\/iletim.istanbul.edu.tr\/wp-content\/uploads\/WhatsApp-Image-2024-11-28-at-13.31.35-1.jpeg 1200w\" sizes=\"(max-width: 768px) 100vw, 768px\" \/><\/figure>\n<\/div>\n\n\n\n<div class=\"wp-block-column is-layout-flow wp-block-column-is-layout-flow\">\n<figure class=\"wp-block-image size-large\"><img decoding=\"async\" width=\"768\" height=\"1024\" src=\"https:\/\/iletim.istanbul.edu.tr\/wp-content\/uploads\/WhatsApp-Image-2024-11-28-at-13.36.50-768x1024.jpeg\" alt=\"\" class=\"wp-image-24142\" srcset=\"https:\/\/iletim.istanbul.edu.tr\/wp-content\/uploads\/WhatsApp-Image-2024-11-28-at-13.36.50-768x1024.jpeg 768w, https:\/\/iletim.istanbul.edu.tr\/wp-content\/uploads\/WhatsApp-Image-2024-11-28-at-13.36.50-225x300.jpeg 225w, https:\/\/iletim.istanbul.edu.tr\/wp-content\/uploads\/WhatsApp-Image-2024-11-28-at-13.36.50-1152x1536.jpeg 1152w, https:\/\/iletim.istanbul.edu.tr\/wp-content\/uploads\/WhatsApp-Image-2024-11-28-at-13.36.50-750x1000.jpeg 750w, https:\/\/iletim.istanbul.edu.tr\/wp-content\/uploads\/WhatsApp-Image-2024-11-28-at-13.36.50-1140x1520.jpeg 1140w, https:\/\/iletim.istanbul.edu.tr\/wp-content\/uploads\/WhatsApp-Image-2024-11-28-at-13.36.50.jpeg 1200w\" sizes=\"(max-width: 768px) 100vw, 768px\" \/><\/figure>\n<\/div>\n<\/div>\n\n\n\n<p>Gezi, CNN T\u00fcrk G\u00fcndem Edit\u00f6r\u00fc Emine \u015eilan Bozyurt\u2019un anlat\u0131m\u0131yla haber merkezi ve reji ziyaretiyle ba\u015flad\u0131. Bozyurt, staj yapman\u0131n \u00f6nemini \u201cBu mesle\u011fi yap\u0131p yapmamak istedi\u011finizi anlaman\u0131z i\u00e7in staj olduk\u00e7a gerekli.\u201d c\u00fcmlesiyle vurgulad\u0131.<\/p>\n\n\n\n<p>St\u00fcdyo ziyaretiyle devam eden gezi, CNN T\u00fcrk Spikeri G\u00f6ksu \u00d6ng\u00f6ren \u00d6zg\u00fcr\u2019\u00fcn \u00f6nerileriyle devam etti. \u00d6zg\u00fcr, sekt\u00f6rde taze kan olan meslekta\u015flar\u0131n\u0131n sekt\u00f6rde ne kadar \u00e7ok bilgi birikimi varsa o kadar geli\u015febileceklerine de\u011findi.<\/p>\n\n\n<div class=\"wp-block-image\">\n<figure class=\"alignright size-large is-resized\"><img decoding=\"async\" width=\"768\" height=\"1024\" src=\"https:\/\/iletim.istanbul.edu.tr\/wp-content\/uploads\/WhatsApp-Image-2024-11-28-at-13.36.06-768x1024.jpeg\" alt=\"\" class=\"wp-image-24144\" style=\"width:311px;height:auto\" srcset=\"https:\/\/iletim.istanbul.edu.tr\/wp-content\/uploads\/WhatsApp-Image-2024-11-28-at-13.36.06-768x1024.jpeg 768w, https:\/\/iletim.istanbul.edu.tr\/wp-content\/uploads\/WhatsApp-Image-2024-11-28-at-13.36.06-225x300.jpeg 225w, https:\/\/iletim.istanbul.edu.tr\/wp-content\/uploads\/WhatsApp-Image-2024-11-28-at-13.36.06-1152x1536.jpeg 1152w, https:\/\/iletim.istanbul.edu.tr\/wp-content\/uploads\/WhatsApp-Image-2024-11-28-at-13.36.06-750x1000.jpeg 750w, https:\/\/iletim.istanbul.edu.tr\/wp-content\/uploads\/WhatsApp-Image-2024-11-28-at-13.36.06-1140x1520.jpeg 1140w, https:\/\/iletim.istanbul.edu.tr\/wp-content\/uploads\/WhatsApp-Image-2024-11-28-at-13.36.06.jpeg 1200w\" sizes=\"(max-width: 768px) 100vw, 768px\" \/><\/figure><\/div>\n\n\n<p><\/p>\n\n\n\n<p><\/p>\n\n\n\n<p><\/p>\n\n\n<div class=\"wp-block-image\">\n<figure class=\"alignleft size-large is-resized\"><img decoding=\"async\" width=\"768\" height=\"1024\" src=\"https:\/\/iletim.istanbul.edu.tr\/wp-content\/uploads\/WhatsApp-Image-2024-11-28-at-13.39.11-768x1024.jpeg\" alt=\"\" class=\"wp-image-24141\" style=\"width:315px;height:auto\" srcset=\"https:\/\/iletim.istanbul.edu.tr\/wp-content\/uploads\/WhatsApp-Image-2024-11-28-at-13.39.11-768x1024.jpeg 768w, https:\/\/iletim.istanbul.edu.tr\/wp-content\/uploads\/WhatsApp-Image-2024-11-28-at-13.39.11-225x300.jpeg 225w, https:\/\/iletim.istanbul.edu.tr\/wp-content\/uploads\/WhatsApp-Image-2024-11-28-at-13.39.11-1152x1536.jpeg 1152w, https:\/\/iletim.istanbul.edu.tr\/wp-content\/uploads\/WhatsApp-Image-2024-11-28-at-13.39.11-750x1000.jpeg 750w, https:\/\/iletim.istanbul.edu.tr\/wp-content\/uploads\/WhatsApp-Image-2024-11-28-at-13.39.11-1140x1520.jpeg 1140w, https:\/\/iletim.istanbul.edu.tr\/wp-content\/uploads\/WhatsApp-Image-2024-11-28-at-13.39.11.jpeg 1200w\" sizes=\"(max-width: 768px) 100vw, 768px\" \/><\/figure><\/div>\n\n\n<p><strong>Ajans haberlerinin etki alan\u0131 daha b\u00fcy\u00fck<\/strong><\/p>\n\n\n\n<p>DHA Kurumsal \u0130leti\u015fim ve Uluslararas\u0131 Operasyonlar Direkt\u00f6r\u00fc Do\u011fukan \u00dcnal, ajans habercili\u011finin televizyon ya da gazete habercili\u011finden farkl\u0131 olarak tarafs\u0131z olmas\u0131 gerekti\u011fini s\u00f6yledi. \u00dcnal, haber ajanslar\u0131yla birlikte haberin sadece T\u00fcrkiye s\u0131n\u0131rlar\u0131 i\u00e7inde kalmad\u0131\u011f\u0131n\u0131, ajansa \u00fcye olan d\u00fcnyadaki di\u011fer medya kurulu\u015flar\u0131na ula\u015fmas\u0131 sebebiyle ajans haberlerinin etki alan\u0131n\u0131n daha b\u00fcy\u00fck oldu\u011funu vurgulad\u0131. Avrupa ve \u00c7in ba\u015fta olmak \u00fczere yurt d\u0131\u015f\u0131ndaki medya kurulu\u015flar\u0131nda da \u00e7al\u0131\u015ft\u0131\u011f\u0131n\u0131 belirten \u00dcnal, dil bilmenin \u00f6nemini vurgulad\u0131. T\u00fcrkiye\u2019deki gazetecili\u011fin yurt d\u0131\u015f\u0131ndaki gazetecili\u011fe g\u00f6re daha heyecan dolu oldu\u011funu dile getirdi.<\/p>\n\n\n\n<p>Gezi \u00f6\u011frencilerin toplu foto\u011fraf \u00e7ekimiyle sona erdi.&nbsp;<\/p>\n\n\n\n<div class=\"wp-block-group\"><div class=\"wp-block-group__inner-container is-layout-constrained wp-block-group-is-layout-constrained\">\n<div class=\"wp-block-columns are-vertically-aligned-center is-layout-flex wp-container-core-columns-is-layout-9d6595d7 wp-block-columns-is-layout-flex\">\n<div class=\"wp-block-column is-vertically-aligned-center is-layout-flow wp-block-column-is-layout-flow\" style=\"flex-basis:100%\">\n<div class=\"wp-block-columns is-layout-flex wp-container-core-columns-is-layout-9d6595d7 wp-block-columns-is-layout-flex\">\n<div class=\"wp-block-column is-layout-flow wp-block-column-is-layout-flow\" style=\"flex-basis:66.66%\">\n<figure class=\"wp-block-image size-large\"><img decoding=\"async\" width=\"1024\" height=\"768\" src=\"https:\/\/iletim.istanbul.edu.tr\/wp-content\/uploads\/WhatsApp-Image-2024-11-28-at-13.36.35-1024x768.jpeg\" alt=\"\" class=\"wp-image-24143\" srcset=\"https:\/\/iletim.istanbul.edu.tr\/wp-content\/uploads\/WhatsApp-Image-2024-11-28-at-13.36.35-1024x768.jpeg 1024w, https:\/\/iletim.istanbul.edu.tr\/wp-content\/uploads\/WhatsApp-Image-2024-11-28-at-13.36.35-300x225.jpeg 300w, https:\/\/iletim.istanbul.edu.tr\/wp-content\/uploads\/WhatsApp-Image-2024-11-28-at-13.36.35-768x576.jpeg 768w, https:\/\/iletim.istanbul.edu.tr\/wp-content\/uploads\/WhatsApp-Image-2024-11-28-at-13.36.35-1536x1152.jpeg 1536w, https:\/\/iletim.istanbul.edu.tr\/wp-content\/uploads\/WhatsApp-Image-2024-11-28-at-13.36.35-750x563.jpeg 750w, https:\/\/iletim.istanbul.edu.tr\/wp-content\/uploads\/WhatsApp-Image-2024-11-28-at-13.36.35-1140x855.jpeg 1140w, https:\/\/iletim.istanbul.edu.tr\/wp-content\/uploads\/WhatsApp-Image-2024-11-28-at-13.36.35.jpeg 1600w\" sizes=\"(max-width: 1024px) 100vw, 1024px\" \/><\/figure>\n<\/div>\n<\/div>\n<\/div>\n<\/div>\n<\/div><\/div>\n","protected":false},"excerpt":{"rendered":"<p>Muhabir: \u00d6zg\u00fcr Recep Kocao\u011flu Edit\u00f6r: Hatice Beyza \u00c7akmak \u0130stanbul \u2013 (\u0130\u00dc Haber Merkezi) \u0130stanbul \u00dcniversitesi(\u0130\u00dc) \u0130leti\u015fim Fak\u00fcltesi \u00f6\u011frencileri medya sekt\u00f6r\u00fc gezileri kapsam\u0131nda CNN T\u00fcrk, Kanal D ve Demir\u00f6ren Haber Ajans\u0131\u2019n\u0131(DHA) ziyaret etti. \u0130stanbul \u00dcniversitesi Dijital \u0130leti\u015fim Kul\u00fcb\u00fc taraf\u0131ndan 26 Kas\u0131m\u2019da d\u00fczenlenen etkinlikte Demir\u00f6ren Medya Grubu alt\u0131nda yer alan CNN T\u00fcrk, Kanal D ve DHA\u2019ya gezi [&hellip;]<\/p>\n","protected":false},"author":14,"featured_media":24147,"comment_status":"closed","ping_status":"open","sticky":false,"template":"","format":"standard","meta":{"jnews-multi-image_gallery":[],"jnews_single_post":{"format":"standard"},"jnews_primary_category":[],"jnews_social_meta":[],"jnews_override_counter":[],"footnotes":""},"categories":[25,28,34,178,2085,2348],"tags":[3181,3183,913,3184,3180,300,40,410,43,52,3182,3179],"class_list":["post-24137","post","type-post","status-publish","format-standard","has-post-thumbnail","hentry","category-egitim","category-istanbul","category-universite","category-fakultemizden","category-manset-haber","category-manset-yani","tag-cnnturk","tag-demiroren","tag-demiroren-medya","tag-demirorenmedyagrubu","tag-dha","tag-iletim","tag-iletisim-fakultesi","tag-istanbul","tag-istanbul-universitesi","tag-iu-iletisim-fakultesi","tag-kanald","tag-ozgurrecepkocaoglu"],"_links":{"self":[{"href":"https:\/\/iletim.istanbul.edu.tr\/index.php\/wp-json\/wp\/v2\/posts\/24137","targetHints":{"allow":["GET"]}}],"collection":[{"href":"https:\/\/iletim.istanbul.edu.tr\/index.php\/wp-json\/wp\/v2\/posts"}],"about":[{"href":"https:\/\/iletim.istanbul.edu.tr\/index.php\/wp-json\/wp\/v2\/types\/post"}],"author":[{"embeddable":true,"href":"https:\/\/iletim.istanbul.edu.tr\/index.php\/wp-json\/wp\/v2\/users\/14"}],"replies":[{"embeddable":true,"href":"https:\/\/iletim.istanbul.edu.tr\/index.php\/wp-json\/wp\/v2\/comments?post=24137"}],"version-history":[{"count":0,"href":"https:\/\/iletim.istanbul.edu.tr\/index.php\/wp-json\/wp\/v2\/posts\/24137\/revisions"}],"wp:featuredmedia":[{"embeddable":true,"href":"https:\/\/iletim.istanbul.edu.tr\/index.php\/wp-json\/wp\/v2\/media\/24147"}],"wp:attachment":[{"href":"https:\/\/iletim.istanbul.edu.tr\/index.php\/wp-json\/wp\/v2\/media?parent=24137"}],"wp:term":[{"taxonomy":"category","embeddable":true,"href":"https:\/\/iletim.istanbul.edu.tr\/index.php\/wp-json\/wp\/v2\/categories?post=24137"},{"taxonomy":"post_tag","embeddable":true,"href":"https:\/\/iletim.istanbul.edu.tr\/index.php\/wp-json\/wp\/v2\/tags?post=24137"}],"curies":[{"name":"wp","href":"https:\/\/api.w.org\/{rel}","templated":true}]}}