{"id":24207,"date":"2024-12-05T16:41:12","date_gmt":"2024-12-05T13:41:12","guid":{"rendered":"https:\/\/iletim.istanbul.edu.tr\/?p=24207"},"modified":"2024-12-05T16:41:13","modified_gmt":"2024-12-05T13:41:13","slug":"engelli-haklari-haberciligi-atolyesi-gerceklesti","status":"publish","type":"post","link":"https:\/\/iletim.istanbul.edu.tr\/index.php\/2024\/12\/05\/engelli-haklari-haberciligi-atolyesi-gerceklesti\/","title":{"rendered":"Engelli Haklar\u0131 Habercili\u011fi At\u00f6lyesi Ger\u00e7ekle\u015fti"},"content":{"rendered":"\n<p><strong><em>Muhabir: Kerim O\u011fuz<\/em><\/strong><\/p>\n\n\n\n<p><strong><em>Foto\u011fraf: G\u00fcl\u00e7in Ta\u015fdelen<\/em><\/strong><\/p>\n\n\n\n<p><strong><em>Edit\u00f6r: Buse Sever<\/em><\/strong><\/p>\n\n\n\n<p><strong><em>\u0130stanbul \u2013 (\u0130\u00dc Haber Merkezi)<\/em><\/strong><\/p>\n\n\n\n<p><strong><em>\u0130stanbul \u00dcniversitesi (\u0130\u00dc) \u0130leti\u015fim Fak\u00fcltesi\u2019nde D\u00fcnya Engelliler G\u00fcn\u00fc kapsam\u0131nda Engelli Haklar\u0131 Habercili\u011fi At\u00f6lyesi d\u00fczenlendi. At\u00f6lyeye Engelsiz Eri\u015fim Derne\u011fi kurucu \u00fcyelerinden G\u00f6khan G\u00fcng\u00f6r ve Dernek Ba\u015fkan\u0131 Nur\u015fen Sunar Korkmaz\u2019\u0131n yan\u0131 s\u0131ra Bianet muhabiri Ali Din\u00e7 konuk oldu.\u00a0<\/em><\/strong><\/p>\n\n\n\n<p>Engelli Haklar\u0131 Habercili\u011fi At\u00f6lyesi 4 Aral\u0131k \u00c7ar\u015famba g\u00fcn\u00fc Amfi A\u2019da d\u00fczenlenirken at\u00f6lyenin moderat\u00f6rl\u00fc\u011f\u00fcn\u00fc Do\u00e7. Dr. \u0130brahim Sena Arvas yapt\u0131. Bianet muhabiri Ali Din\u00e7 a\u00e7\u0131l\u0131\u015f konu\u015fmas\u0131nda \u201cEngelli habercili\u011fini nas\u0131l yapmal\u0131y\u0131z ve nelere dikkat etmeliyiz, bug\u00fcn bunu konu\u015faca\u011f\u0131z\u201d ifadelerini kullan\u0131rken s\u00f6z\u00fc Engelsiz Eri\u015fim Derne\u011fi kurucu \u00fcyelerinden G\u00f6khan G\u00fcng\u00f6r ve Dernek Ba\u015fkan\u0131 ayn\u0131 zamanda\u00a0E\u015fit Eri\u015filebilir Engelsiz Hayat (EEEH) Dergisi yazar\u0131 Nur\u015fen Sunar Korkmaz\u2019a b\u0131rakt\u0131. Konuklar, medya dilinde kapsay\u0131c\u0131l\u0131k ve eri\u015filebilirlik \u00fczerine \u00f6nemli de\u011ferlendirmelerde bulundu.<\/p>\n\n\n\n<p><strong>\u201cKi\u015fiyi engelli yapan toplumsal bariyerler ve \u00f6n yarg\u0131lard\u0131r\u201d<\/strong><\/p>\n\n\n\n<p>Nur\u015fen Sunar Korkmaz, engelli olman\u0131n asl\u0131nda bir insan \u00e7e\u015fitlili\u011fi oldu\u011funu ancak engellilerin toplumda ho\u015f kar\u015f\u0131lanmad\u0131\u011f\u0131n\u0131 s\u00f6yledi. Bir\u00e7ok ki\u015finin engelliler hakk\u0131nda \u00f6n yarg\u0131lar\u0131n\u0131n oldu\u011funu vurgulan Korkmaz, engelli bireylerin haberlerde ya da televizyonda zay\u0131f, yard\u0131ma muhta\u00e7m\u0131\u015f gibi empoze edilmesinin yanl\u0131\u015f oldu\u011funu belirtti.<\/p>\n\n\n\n<figure class=\"wp-block-image size-large is-resized\"><img decoding=\"async\" width=\"1024\" height=\"683\" src=\"https:\/\/iletim.istanbul.edu.tr\/wp-content\/uploads\/IMG_1191-min-1024x683.jpeg\" alt=\"\" class=\"wp-image-24209\" style=\"width:396px;height:auto\" srcset=\"https:\/\/iletim.istanbul.edu.tr\/wp-content\/uploads\/IMG_1191-min-1024x683.jpeg 1024w, https:\/\/iletim.istanbul.edu.tr\/wp-content\/uploads\/IMG_1191-min-300x200.jpeg 300w, https:\/\/iletim.istanbul.edu.tr\/wp-content\/uploads\/IMG_1191-min-768x512.jpeg 768w, https:\/\/iletim.istanbul.edu.tr\/wp-content\/uploads\/IMG_1191-min-1536x1024.jpeg 1536w, https:\/\/iletim.istanbul.edu.tr\/wp-content\/uploads\/IMG_1191-min-2048x1365.jpeg 2048w, https:\/\/iletim.istanbul.edu.tr\/wp-content\/uploads\/IMG_1191-min-750x500.jpeg 750w, https:\/\/iletim.istanbul.edu.tr\/wp-content\/uploads\/IMG_1191-min-1140x760.jpeg 1140w\" sizes=\"(max-width: 1024px) 100vw, 1024px\" \/><\/figure>\n\n\n\n<p>Toplumda engellilerin de bulundu\u011funu ama \u00e7evrenin engelliler i\u00e7in tasarlanmad\u0131\u011f\u0131n\u0131 s\u00f6yleyen G\u00f6khan G\u00fcng\u00f6r g\u00f6rme engelli bir ki\u015finin tren istasyonunda raylara d\u00fc\u015ft\u00fc\u011f\u00fcn\u00fc ve bunun sebebinin \u00e7evrenin engellileri d\u00fc\u015f\u00fcnerek tasarlanmamas\u0131ndan kaynakland\u0131\u011f\u0131n\u0131 ifade etti.<\/p>\n\n\n\n<p><strong>\u201c\u00d6tekile\u015ftiriyoruz\u201d<\/strong><\/p>\n\n\n\n<p>Korkmaz, toplumda normal insan\u0131n olamayaca\u011f\u0131n\u0131 ve her zaman bir ki\u015finin olumlu ya da olumsuz \u00f6zelli\u011finden dolay\u0131 \u00f6tekile\u015ftirmeye maruz kald\u0131\u011f\u0131n\u0131 hat\u0131rlat\u0131rken standart insan\u0131 bulamayaca\u011f\u0131m\u0131z\u0131, bu y\u00fczden ilk \u00f6nce bu d\u00fc\u015f\u00fcnce tarz\u0131ndan uzakla\u015f\u0131lmas\u0131 gerekti\u011fini s\u00f6yledi.<\/p>\n\n\n\n<p><strong>\u201cE\u015fit ve eri\u015filebilir bir hayat m\u00fcmk\u00fcn\u201d<\/strong><\/p>\n\n\n\n<p>Engeli olan ki\u015finin olumsuz etkilerini en aza d\u00fc\u015f\u00fcrmek i\u00e7in ne yapmal\u0131y\u0131z sorusuna cevap veren G\u00fcng\u00f6r, engellilerin e\u011fitim kurumlar\u0131na girerken d\u00fc\u015f\u00fcn\u00fclerek \u00e7evre planlamas\u0131n\u0131n yap\u0131lmas\u0131, cadde ve sokaklar\u0131n engelliler i\u00e7in uygun hale getirilmesi, engellilerin i\u015f hayat\u0131na kat\u0131lmalar\u0131n\u0131n sa\u011flanmas\u0131 ve oy kullan\u0131rken k\u00f6t\u00fc muameleye maruz kalmamalar\u0131 gerekti\u011finin \u00fczerinde durdu.<\/p>\n\n\n\n<p><strong>Engellilerle \u0130lgili Haber Yaparken Dikkat Edilmesi Gerekenler<\/strong><\/p>\n\n\n\n<p>G\u00fcng\u00f6r, haber yaparken \u00f6tekile\u015ftirme ve ayr\u0131\u015ft\u0131r\u0131c\u0131 kelimeler se\u00e7ilmesinin do\u011fru olmad\u0131\u011f\u0131n\u0131 belirtti. G\u00fcng\u00f6r, haberin engellilerle bir ilgisi yoksa engelli olan ki\u015finin engeliyle \u00f6ne \u00e7\u0131kmas\u0131n\u0131n de\u011fil de sahip oldu\u011fu meslekle \u00f6ne \u00e7\u0131kmas\u0131n\u0131n do\u011fru oldu\u011funu ifade etti. Haberde engelli olan ki\u015fiyle ilgili G\u00fcng\u00f6r&nbsp; \u201cEngeline ra\u011fmen ba\u015fard\u0131\u201d c\u00fcmlesinin yanl\u0131\u015f oldu\u011funu s\u00f6yledi. \u0130\u015faret zamirlerinin kullan\u0131m\u0131ndan olabildi\u011fince ka\u00e7\u0131n\u0131lmas\u0131 gerekti\u011fi \u00fczerinde duran G\u00fcng\u00f6r metinde g\u00f6rsel bilgiyi betimleme yap\u0131lmas\u0131n\u0131 ve haberde engelli olan ki\u015fiyi engeli y\u00fcz\u00fcnden eksik ya da su\u00e7luymu\u015f gibi hissettirmenin do\u011fru olmad\u0131\u011f\u0131n\u0131 vurgulad\u0131.<\/p>\n\n\n\n<p>Engelsiz Eri\u015fim Derne\u011fi \u00fcyeleri ilkelerini aktaran G\u00fcng\u00f6r, \u00f6\u011frencilerden gelen sorular\u0131 da cevaplad\u0131ktan sonra sunumunu bitirdi.<\/p>\n\n\n\n<figure class=\"wp-block-image size-large is-resized\"><img decoding=\"async\" width=\"1024\" height=\"683\" src=\"https:\/\/iletim.istanbul.edu.tr\/wp-content\/uploads\/IMG_1192-min-1-1024x683.jpeg\" alt=\"\" class=\"wp-image-24210\" style=\"width:392px;height:auto\" srcset=\"https:\/\/iletim.istanbul.edu.tr\/wp-content\/uploads\/IMG_1192-min-1-1024x683.jpeg 1024w, https:\/\/iletim.istanbul.edu.tr\/wp-content\/uploads\/IMG_1192-min-1-300x200.jpeg 300w, https:\/\/iletim.istanbul.edu.tr\/wp-content\/uploads\/IMG_1192-min-1-768x512.jpeg 768w, https:\/\/iletim.istanbul.edu.tr\/wp-content\/uploads\/IMG_1192-min-1-1536x1024.jpeg 1536w, https:\/\/iletim.istanbul.edu.tr\/wp-content\/uploads\/IMG_1192-min-1-2048x1365.jpeg 2048w, https:\/\/iletim.istanbul.edu.tr\/wp-content\/uploads\/IMG_1192-min-1-750x500.jpeg 750w, https:\/\/iletim.istanbul.edu.tr\/wp-content\/uploads\/IMG_1192-min-1-1140x760.jpeg 1140w\" sizes=\"(max-width: 1024px) 100vw, 1024px\" \/><\/figure>\n\n\n\n<p><strong>Toplumda \u00d6n Yarg\u0131lar<\/strong><\/p>\n\n\n\n<p>Engelsiz Eri\u015fim Derne\u011fi \u00fcyelerinden sonra konu\u015fma yapan Bianet muhabiri Ali Din\u00e7, toplumda medya arac\u0131l\u0131\u011f\u0131yla engellilere y\u00f6nelik \u00f6n yarg\u0131n\u0131n olu\u015ftu\u011funu s\u00f6yledi. Medyada yans\u0131t\u0131lan engellilerin t\u0131klanma u\u011fruna kamuoyuna servis edildi\u011fini ifade ederek \u00f6n yarg\u0131lar\u0131 \u00f6rneklerle a\u00e7\u0131klayan Din\u00e7, insanlar\u0131n bak\u0131\u015f a\u00e7\u0131lar\u0131n\u0131 de\u011fi\u015ftirmesi gerekti\u011fini belirtti.<\/p>\n\n\n\n<figure class=\"wp-block-image size-large is-resized\"><img decoding=\"async\" width=\"1024\" height=\"683\" src=\"https:\/\/iletim.istanbul.edu.tr\/wp-content\/uploads\/IMG_1182-min-1024x683.jpeg\" alt=\"\" class=\"wp-image-24211\" style=\"width:404px;height:auto\" srcset=\"https:\/\/iletim.istanbul.edu.tr\/wp-content\/uploads\/IMG_1182-min-1024x683.jpeg 1024w, https:\/\/iletim.istanbul.edu.tr\/wp-content\/uploads\/IMG_1182-min-300x200.jpeg 300w, https:\/\/iletim.istanbul.edu.tr\/wp-content\/uploads\/IMG_1182-min-768x512.jpeg 768w, https:\/\/iletim.istanbul.edu.tr\/wp-content\/uploads\/IMG_1182-min-1536x1024.jpeg 1536w, https:\/\/iletim.istanbul.edu.tr\/wp-content\/uploads\/IMG_1182-min-2048x1365.jpeg 2048w, https:\/\/iletim.istanbul.edu.tr\/wp-content\/uploads\/IMG_1182-min-750x500.jpeg 750w, https:\/\/iletim.istanbul.edu.tr\/wp-content\/uploads\/IMG_1182-min-1140x760.jpeg 1140w\" sizes=\"(max-width: 1024px) 100vw, 1024px\" \/><\/figure>\n\n\n\n<p><strong>\u201cEngelliler medyada yok say\u0131l\u0131yor\u201d<\/strong><\/p>\n\n\n\n<p>\u201cD\u00fcnyada n\u00fcfusun y\u00fczde 16\u2019s\u0131 engelli\u201d ifadesini kullanan Din\u00e7, medyada engellilerin ya hi\u00e7 olmad\u0131\u011f\u0131n\u0131 ya da kamuoyuna kahraman veya ma\u011fdur olarak g\u00f6sterildi\u011fine de\u011findi.<\/p>\n\n\n\n<p>Din\u00e7, engellilerin haberlerde zay\u0131f, yard\u0131ma muhta\u00e7, ba\u011f\u0131ml\u0131 ya da engeline ra\u011fmen ba\u015far\u0131l\u0131 olmu\u015f ifadelerinin hatal\u0131 oldu\u011funa dikkat \u00e7ekti.&nbsp;<\/p>\n\n\n\n<p><strong>&#8220;\u0130\u00e7erik olu\u015fturulurken engellileri d\u00fc\u015f\u00fcnerek haber yap\u0131lmal\u0131&#8221;<\/strong><\/p>\n\n\n\n<p>\u0130\u00e7erik olu\u015fturulurken engellileri d\u00fc\u015f\u00fcnerek haber yap\u0131lmas\u0131 gerekti\u011finin \u00fczerinde duran Din\u00e7, haberde engellilerin hayata tam ve e\u015fit kat\u0131l\u0131m\u0131na ayn\u0131 zamanda ba\u011f\u0131ms\u0131z birey olduklar\u0131na vurgu yap\u0131lmas\u0131n\u0131n do\u011fru oldu\u011funu ifade etti. Ayr\u0131ca duygu y\u00fckl\u00fc dilden uzak durulmas\u0131n\u0131n gereklili\u011fini de hat\u0131rlatt\u0131.&nbsp;<\/p>\n\n\n\n<p>Etkinlik sonunda \u00f6\u011frencilere engellilerle ilgili haber yazarken dikkat edilmesi gereken noktalar hakk\u0131nda fark\u0131ndal\u0131k kazand\u0131ran Din\u00e7, \u00f6rnek haberleri \u00f6\u011frencilere da\u011f\u0131tarak birlikte analiz etti ve ard\u0131ndan sunumunu tamamlad\u0131.<\/p>\n\n\n\n<figure class=\"wp-block-image size-large is-resized\"><img decoding=\"async\" width=\"2560\" height=\"1439\" src=\"https:\/\/iletim.istanbul.edu.tr\/wp-content\/uploads\/IMG_1188-min-edited-scaled.jpeg\" alt=\"\" class=\"wp-image-24213\" style=\"width:409px;height:auto\" srcset=\"https:\/\/iletim.istanbul.edu.tr\/wp-content\/uploads\/IMG_1188-min-edited-scaled.jpeg 2560w, https:\/\/iletim.istanbul.edu.tr\/wp-content\/uploads\/IMG_1188-min-edited-300x169.jpeg 300w, https:\/\/iletim.istanbul.edu.tr\/wp-content\/uploads\/IMG_1188-min-edited-1024x576.jpeg 1024w, https:\/\/iletim.istanbul.edu.tr\/wp-content\/uploads\/IMG_1188-min-edited-768x432.jpeg 768w, https:\/\/iletim.istanbul.edu.tr\/wp-content\/uploads\/IMG_1188-min-edited-1536x863.jpeg 1536w, https:\/\/iletim.istanbul.edu.tr\/wp-content\/uploads\/IMG_1188-min-edited-2048x1151.jpeg 2048w, https:\/\/iletim.istanbul.edu.tr\/wp-content\/uploads\/IMG_1188-min-edited-750x422.jpeg 750w, https:\/\/iletim.istanbul.edu.tr\/wp-content\/uploads\/IMG_1188-min-edited-1140x641.jpeg 1140w\" sizes=\"(max-width: 2560px) 100vw, 2560px\" \/><\/figure>\n","protected":false},"excerpt":{"rendered":"<p>Muhabir: Kerim O\u011fuz Foto\u011fraf: G\u00fcl\u00e7in Ta\u015fdelen Edit\u00f6r: Buse Sever \u0130stanbul \u2013 (\u0130\u00dc Haber Merkezi) \u0130stanbul \u00dcniversitesi (\u0130\u00dc) \u0130leti\u015fim Fak\u00fcltesi\u2019nde D\u00fcnya Engelliler G\u00fcn\u00fc kapsam\u0131nda Engelli Haklar\u0131 Habercili\u011fi At\u00f6lyesi d\u00fczenlendi. At\u00f6lyeye Engelsiz Eri\u015fim Derne\u011fi kurucu \u00fcyelerinden G\u00f6khan G\u00fcng\u00f6r ve Dernek Ba\u015fkan\u0131 Nur\u015fen Sunar Korkmaz\u2019\u0131n yan\u0131 s\u0131ra Bianet muhabiri Ali Din\u00e7 konuk oldu.\u00a0 Engelli Haklar\u0131 Habercili\u011fi At\u00f6lyesi 4 [&hellip;]<\/p>\n","protected":false},"author":14,"featured_media":24214,"comment_status":"closed","ping_status":"open","sticky":false,"template":"","format":"standard","meta":{"jnews-multi-image_gallery":[],"jnews_single_post":{"format":"standard"},"jnews_primary_category":[],"jnews_social_meta":[],"jnews_override_counter":[],"footnotes":""},"categories":[1,159,34,178,2085],"tags":[1284,3186],"class_list":["post-24207","post","type-post","status-publish","format-standard","has-post-thumbnail","hentry","category-genel","category-sag-manset","category-universite","category-fakultemizden","category-manset-haber","tag-dunya-engelliler-gunu","tag-engelsiz-erisim-dernegi"],"_links":{"self":[{"href":"https:\/\/iletim.istanbul.edu.tr\/index.php\/wp-json\/wp\/v2\/posts\/24207","targetHints":{"allow":["GET"]}}],"collection":[{"href":"https:\/\/iletim.istanbul.edu.tr\/index.php\/wp-json\/wp\/v2\/posts"}],"about":[{"href":"https:\/\/iletim.istanbul.edu.tr\/index.php\/wp-json\/wp\/v2\/types\/post"}],"author":[{"embeddable":true,"href":"https:\/\/iletim.istanbul.edu.tr\/index.php\/wp-json\/wp\/v2\/users\/14"}],"replies":[{"embeddable":true,"href":"https:\/\/iletim.istanbul.edu.tr\/index.php\/wp-json\/wp\/v2\/comments?post=24207"}],"version-history":[{"count":0,"href":"https:\/\/iletim.istanbul.edu.tr\/index.php\/wp-json\/wp\/v2\/posts\/24207\/revisions"}],"wp:featuredmedia":[{"embeddable":true,"href":"https:\/\/iletim.istanbul.edu.tr\/index.php\/wp-json\/wp\/v2\/media\/24214"}],"wp:attachment":[{"href":"https:\/\/iletim.istanbul.edu.tr\/index.php\/wp-json\/wp\/v2\/media?parent=24207"}],"wp:term":[{"taxonomy":"category","embeddable":true,"href":"https:\/\/iletim.istanbul.edu.tr\/index.php\/wp-json\/wp\/v2\/categories?post=24207"},{"taxonomy":"post_tag","embeddable":true,"href":"https:\/\/iletim.istanbul.edu.tr\/index.php\/wp-json\/wp\/v2\/tags?post=24207"}],"curies":[{"name":"wp","href":"https:\/\/api.w.org\/{rel}","templated":true}]}}