{"id":24336,"date":"2024-12-10T19:26:18","date_gmt":"2024-12-10T16:26:18","guid":{"rendered":"https:\/\/iletim.istanbul.edu.tr\/?p=24336"},"modified":"2024-12-10T19:26:19","modified_gmt":"2024-12-10T16:26:19","slug":"mine-ozbek-yazim-teknikleri-dersine-konuk-oldu","status":"publish","type":"post","link":"https:\/\/iletim.istanbul.edu.tr\/index.php\/2024\/12\/10\/mine-ozbek-yazim-teknikleri-dersine-konuk-oldu\/","title":{"rendered":"Mine \u00d6zbek, Yaz\u0131m Teknikleri Dersine Konuk Oldu"},"content":{"rendered":"\n<p><strong>Foto\u011fraf: Zeynep R\u00fcmeysa G\u00f6kg\u00f6z<\/strong><\/p>\n\n\n\n<p><strong>\u0130stanbul (\u0130\u00dc Haber Merkezi) \u2013 Ara\u015ft\u0131rmac\u0131 gazeteci ve yazar Mine \u00d6zbek, \u0130stanbul \u00dcniversitesi(\u0130\u00dc) \u0130leti\u015fim Fak\u00fcltesi\u2019nde \u00f6\u011frencilerle bir araya geldi. \u0130leti\u015fim Fak\u00fcltesi \u00d6\u011fretim \u00dcyesi Prof. Dr. Asl\u0131 Yapar G\u00f6nen\u00e7\u2019in Yaz\u0131m Teknikleri dersi kapsam\u0131nda ger\u00e7ekle\u015ftirilen bulu\u015fmada \u00d6zbek, sekt\u00f6rdeki tecr\u00fcbelerini \u00f6\u011frencilerle payla\u015ft\u0131.<\/strong><\/p>\n\n\n\n<p>T\u00fcrkiye\u2019ye gazetecilik alan\u0131nda uluslararas\u0131 \u00f6d\u00fcller kazand\u0131ran Arena televizyon program\u0131n\u0131n ilk kad\u0131n genel koordinat\u00f6r\u00fc olan \u00d6zbek, 4 Aral\u0131k \u00c7ar\u015famba g\u00fcn\u00fc saat 09.00\u2019da ba\u015flayan derste gazetecilik mesle\u011fine dair deneyimlerini aktard\u0131 ve \u00f6\u011frencilerin sorular\u0131n\u0131 yan\u0131tlad\u0131.<\/p>\n\n\n<div class=\"wp-block-image\">\n<figure class=\"alignright size-large is-resized\"><img decoding=\"async\" width=\"680\" height=\"1024\" src=\"https:\/\/iletim.istanbul.edu.tr\/wp-content\/uploads\/1000097467-680x1024.jpg\" alt=\"\" class=\"wp-image-24339\" style=\"width:247px;height:auto\" srcset=\"https:\/\/iletim.istanbul.edu.tr\/wp-content\/uploads\/1000097467-680x1024.jpg 680w, https:\/\/iletim.istanbul.edu.tr\/wp-content\/uploads\/1000097467-199x300.jpg 199w, https:\/\/iletim.istanbul.edu.tr\/wp-content\/uploads\/1000097467-768x1157.jpg 768w, https:\/\/iletim.istanbul.edu.tr\/wp-content\/uploads\/1000097467-1020x1536.jpg 1020w, https:\/\/iletim.istanbul.edu.tr\/wp-content\/uploads\/1000097467-750x1129.jpg 750w, https:\/\/iletim.istanbul.edu.tr\/wp-content\/uploads\/1000097467-1140x1717.jpg 1140w, https:\/\/iletim.istanbul.edu.tr\/wp-content\/uploads\/1000097467.jpg 1360w\" sizes=\"(max-width: 680px) 100vw, 680px\" \/><\/figure><\/div>\n\n\n<p><strong>\u201cGazetecilikte Disiplin ve M\u00fccadele \u00d6nemli\u201d<\/strong><\/p>\n\n\n\n<p>Kariyerine hostes olarak ba\u015flayan \u00d6zbek, gazetecili\u011fe ge\u00e7i\u015f s\u00fcrecini anlatarak, bu karar\u0131ndaki temel motivasyonun \u201chayatta kal\u0131c\u0131 ve faydal\u0131 bir i\u015f yapma arzusu\u201d oldu\u011funu vurgulad\u0131. Gazetecili\u011fin kendisi i\u00e7in bir m\u00fccadele ve \u015f\u00f6valyelik mesle\u011fi oldu\u011funu belirten \u00d6zbek, disiplini bu alandaki en \u00f6nemli ko\u015ful olarak tan\u0131mlad\u0131.<\/p>\n\n\n\n<p>\u00d6zbek, bu s\u00fcre\u00e7te ya\u015fad\u0131\u011f\u0131 zorluklara de\u011finerek \u015funlar\u0131 s\u00f6yledi: &#8220;Hayat\u0131n anlam\u0131n\u0131 sorgularken, hayat\u0131 daha anlaml\u0131 ya\u015faman\u0131n yollar\u0131n\u0131 ararken gazetecilikle tan\u0131\u015ft\u0131m. \u00d6nceki mesle\u011fimde y\u00fckselme ihtimalim varken, &#8216;ke\u015fke&#8217; dememek i\u00e7in gazetecili\u011fe y\u00f6neldim. Neredeyse her ba\u015far\u0131m\u0131n ard\u0131nda b\u00fcy\u00fck fedakarl\u0131klar ve g\u00f6zya\u015flar\u0131 var. Gazetecilik formasyonum olmad\u0131\u011f\u0131 i\u00e7in rakiplerimden daha \u00e7ok \u00e7al\u0131\u015fmam gerekti. Bu disiplin ve azimle 2003 y\u0131l\u0131nda Arena program\u0131n\u0131n ilk kad\u0131n genel koordinat\u00f6r\u00fc oldum.&#8221;<\/p>\n\n\n\n<figure class=\"wp-block-image size-large is-resized\"><img decoding=\"async\" width=\"1024\" height=\"680\" src=\"https:\/\/iletim.istanbul.edu.tr\/wp-content\/uploads\/1000097469-1024x680.jpg\" alt=\"\" class=\"wp-image-24338\" style=\"width:705px;height:auto\" srcset=\"https:\/\/iletim.istanbul.edu.tr\/wp-content\/uploads\/1000097469-1024x680.jpg 1024w, https:\/\/iletim.istanbul.edu.tr\/wp-content\/uploads\/1000097469-300x199.jpg 300w, https:\/\/iletim.istanbul.edu.tr\/wp-content\/uploads\/1000097469-768x510.jpg 768w, https:\/\/iletim.istanbul.edu.tr\/wp-content\/uploads\/1000097469-1536x1020.jpg 1536w, https:\/\/iletim.istanbul.edu.tr\/wp-content\/uploads\/1000097469-750x498.jpg 750w, https:\/\/iletim.istanbul.edu.tr\/wp-content\/uploads\/1000097469-1140x757.jpg 1140w, https:\/\/iletim.istanbul.edu.tr\/wp-content\/uploads\/1000097469.jpg 2048w\" sizes=\"(max-width: 1024px) 100vw, 1024px\" \/><\/figure>\n\n\n\n<p><strong>\u201cHayat\u0131n\u0131z\u0131n Ba\u015frol\u00fc Siz Olun\u201d<\/strong><\/p>\n\n\n\n<p>\u00d6zbek, konu\u015fmas\u0131nda \u00f6\u011frencilere y\u00f6nelik tavsiyelerde de bulundu. Ba\u015far\u0131ya giden yolda azim ve hedef belirlemenin \u00f6nemine dikkat \u00e7ekerek, \u015funlar\u0131 s\u00f6yledi: &#8220;Hayatta her \u015fey elimizde. \u0130steyince, hedef koyunca ve \u00e7ok \u00e7al\u0131\u015f\u0131nca her \u015fey m\u00fcmk\u00fcn. Siz de kendi hayat\u0131n\u0131z\u0131n ba\u015frol\u00fcn\u00fc oynay\u0131n, fig\u00fcran olmay\u0131n.&#8221;<\/p>\n\n\n\n<blockquote class=\"wp-block-quote is-layout-flow wp-block-quote-is-layout-flow\">\n<p>Program sonunda \u00d6zbek, \u00f6\u011frenciler i\u00e7in kaleme ald\u0131\u011f\u0131 Hayat\u0131n Arenas\u0131 adl\u0131 kitab\u0131n\u0131 imzalad\u0131. Etkinlik, \u00f6\u011frencilerle yap\u0131lan k\u0131sa bir sohbetin ard\u0131ndan sona erdi.<\/p>\n\n\n\n<p><\/p>\n<\/blockquote>\n\n\n\n<figure class=\"wp-block-image size-large is-resized\"><img decoding=\"async\" width=\"1024\" height=\"680\" src=\"https:\/\/iletim.istanbul.edu.tr\/wp-content\/uploads\/1000097466-1024x680.jpg\" alt=\"\" class=\"wp-image-24337\" style=\"width:747px;height:auto\" srcset=\"https:\/\/iletim.istanbul.edu.tr\/wp-content\/uploads\/1000097466-1024x680.jpg 1024w, https:\/\/iletim.istanbul.edu.tr\/wp-content\/uploads\/1000097466-300x199.jpg 300w, https:\/\/iletim.istanbul.edu.tr\/wp-content\/uploads\/1000097466-768x510.jpg 768w, https:\/\/iletim.istanbul.edu.tr\/wp-content\/uploads\/1000097466-1536x1020.jpg 1536w, https:\/\/iletim.istanbul.edu.tr\/wp-content\/uploads\/1000097466-750x498.jpg 750w, https:\/\/iletim.istanbul.edu.tr\/wp-content\/uploads\/1000097466-1140x757.jpg 1140w, https:\/\/iletim.istanbul.edu.tr\/wp-content\/uploads\/1000097466.jpg 2048w\" sizes=\"(max-width: 1024px) 100vw, 1024px\" \/><\/figure>\n","protected":false},"excerpt":{"rendered":"<p>Foto\u011fraf: Zeynep R\u00fcmeysa G\u00f6kg\u00f6z \u0130stanbul (\u0130\u00dc Haber Merkezi) \u2013 Ara\u015ft\u0131rmac\u0131 gazeteci ve yazar Mine \u00d6zbek, \u0130stanbul \u00dcniversitesi(\u0130\u00dc) \u0130leti\u015fim Fak\u00fcltesi\u2019nde \u00f6\u011frencilerle bir araya geldi. \u0130leti\u015fim Fak\u00fcltesi \u00d6\u011fretim \u00dcyesi Prof. Dr. Asl\u0131 Yapar G\u00f6nen\u00e7\u2019in Yaz\u0131m Teknikleri dersi kapsam\u0131nda ger\u00e7ekle\u015ftirilen bulu\u015fmada \u00d6zbek, sekt\u00f6rdeki tecr\u00fcbelerini \u00f6\u011frencilerle payla\u015ft\u0131. T\u00fcrkiye\u2019ye gazetecilik alan\u0131nda uluslararas\u0131 \u00f6d\u00fcller kazand\u0131ran Arena televizyon program\u0131n\u0131n ilk kad\u0131n genel [&hellip;]<\/p>\n","protected":false},"author":14,"featured_media":24340,"comment_status":"closed","ping_status":"open","sticky":false,"template":"","format":"standard","meta":{"jnews-multi-image_gallery":[],"jnews_single_post":{"format":"standard"},"jnews_primary_category":[],"jnews_social_meta":[],"jnews_override_counter":[],"footnotes":""},"categories":[1,159,28,34,178,30,2085,2348,35],"tags":[300,40,410,43,148,52,3217],"class_list":["post-24336","post","type-post","status-publish","format-standard","has-post-thumbnail","hentry","category-genel","category-sag-manset","category-istanbul","category-universite","category-fakultemizden","category-kultur-sanat","category-manset-haber","category-manset-yani","category-yasam","tag-iletim","tag-iletisim-fakultesi","tag-istanbul","tag-istanbul-universitesi","tag-istanbul-universitesi-iletisim-fakultesi","tag-iu-iletisim-fakultesi","tag-mineozbek"],"_links":{"self":[{"href":"https:\/\/iletim.istanbul.edu.tr\/index.php\/wp-json\/wp\/v2\/posts\/24336","targetHints":{"allow":["GET"]}}],"collection":[{"href":"https:\/\/iletim.istanbul.edu.tr\/index.php\/wp-json\/wp\/v2\/posts"}],"about":[{"href":"https:\/\/iletim.istanbul.edu.tr\/index.php\/wp-json\/wp\/v2\/types\/post"}],"author":[{"embeddable":true,"href":"https:\/\/iletim.istanbul.edu.tr\/index.php\/wp-json\/wp\/v2\/users\/14"}],"replies":[{"embeddable":true,"href":"https:\/\/iletim.istanbul.edu.tr\/index.php\/wp-json\/wp\/v2\/comments?post=24336"}],"version-history":[{"count":0,"href":"https:\/\/iletim.istanbul.edu.tr\/index.php\/wp-json\/wp\/v2\/posts\/24336\/revisions"}],"wp:featuredmedia":[{"embeddable":true,"href":"https:\/\/iletim.istanbul.edu.tr\/index.php\/wp-json\/wp\/v2\/media\/24340"}],"wp:attachment":[{"href":"https:\/\/iletim.istanbul.edu.tr\/index.php\/wp-json\/wp\/v2\/media?parent=24336"}],"wp:term":[{"taxonomy":"category","embeddable":true,"href":"https:\/\/iletim.istanbul.edu.tr\/index.php\/wp-json\/wp\/v2\/categories?post=24336"},{"taxonomy":"post_tag","embeddable":true,"href":"https:\/\/iletim.istanbul.edu.tr\/index.php\/wp-json\/wp\/v2\/tags?post=24336"}],"curies":[{"name":"wp","href":"https:\/\/api.w.org\/{rel}","templated":true}]}}