{"id":24358,"date":"2024-12-12T17:17:17","date_gmt":"2024-12-12T14:17:17","guid":{"rendered":"https:\/\/iletim.istanbul.edu.tr\/?p=24358"},"modified":"2024-12-12T17:17:18","modified_gmt":"2024-12-12T14:17:18","slug":"turk-dunyasi-buyuk-turkcu-turan-yazgani-andi","status":"publish","type":"post","link":"https:\/\/iletim.istanbul.edu.tr\/index.php\/2024\/12\/12\/turk-dunyasi-buyuk-turkcu-turan-yazgani-andi\/","title":{"rendered":"T\u00fcrk D\u00fcnyas\u0131 B\u00fcy\u00fck T\u00fcrk\u00e7\u00fc Turan Yazgan\u2019\u0131 And\u0131"},"content":{"rendered":"\n<p><strong><em>&nbsp;Muhabir: Ece \u00d6zdemir<\/em><\/strong><\/p>\n\n\n\n<p><strong><em>\u0130stanbul \/ (\u0130\u00dc Haber Merkezi)<\/em><\/strong><\/p>\n\n\n\n<p><strong><em>T\u00fcrk d\u00fcnyas\u0131, son y\u00fczy\u0131l\u0131n en b\u00fcy\u00fck T\u00fcrk\u00e7\u00fclerinden Prof.Dr. Turan Yazgan\u2019\u0131 vefat\u0131n\u0131n 12. y\u0131l\u0131nda b\u00fcy\u00fck bir \u00f6zlemle and\u0131.<\/em><\/strong><\/p>\n\n\n\n<p>T\u00fcrk D\u00fcnyas\u0131 Ara\u015ft\u0131rmalar\u0131 Vakf\u0131 (TDAV) \u00f6nc\u00fcl\u00fc\u011f\u00fcnde 7 Aral\u0131k 2024 tarihinde \u0130stanbul \u00dcniversitesi (\u0130\u00dc) Prof.Dr. Fuat Sezgin K\u00fclt\u00fcr Merkezi\u2019nde ger\u00e7ekle\u015ftirilen anma program\u0131 kapsam\u0131nda K\u0131br\u0131s\u2019tan Karaba\u011f\u2019a T\u00fcrk\u00fcn Son Zaferleri Paneli&nbsp;ve T\u00fcrk D\u00fcnyas\u0131 Konseri ger\u00e7ekle\u015fti.<em><\/em><\/p>\n\n\n\n<p>Program Uluslararas\u0131 Vizyon \u00dcniversitesi Rekt\u00f6r\u00fc ve T\u00fcrk D\u00fcnyas\u0131 Sosyal Bilimler Kongresi Koordinat\u00f6r\u00fc Prof. Dr. Ahmet Vecdi Can, \u0130\u00dc \u0130ktisat Fak\u00fcltesi \u00d6\u011fretim \u00dcyesi Prof.Dr. Sedat Murat, Kazakistan \u00c7imkent Miras \u00dcniversitesi Rekt\u00f6r\u00fc Prof. Dr. Bolat Mirzaliyev, Makedonya T\u00fcrk Milli Hareketi Ba\u015fkan\u0131 Erdo\u011fan Sara\u00e7, K\u0131r\u0131m T\u00fcrklerinin Lideri Mustafa Cemil K\u0131r\u0131mo\u011flu\u2019nun e\u015fi Safinaz K\u0131r\u0131mo\u011flu, TDAV Gen\u00e7lik Kollar\u0131 Ba\u015fkan\u0131 Aybala Ye\u015fil\u2019in konu\u015fmalar\u0131yla ba\u015flad\u0131. Programda aralar\u0131nda Turan Yazgan\u2019\u0131n T\u00fcrk d\u00fcnyas\u0131yla ilgili d\u00fc\u015f\u00fcnce ve g\u00f6r\u00fc\u015flerini seslendirdi\u011fi videolar, ge\u00e7mi\u015ften gelece\u011fimize y\u00f6nelik \u00f6nemli mesajlar\u0131na yer verildi.<\/p>\n\n\n\n<figure class=\"wp-block-gallery has-nested-images columns-default is-cropped wp-block-gallery-1 is-layout-flex wp-block-gallery-is-layout-flex\">\n<figure class=\"wp-block-image size-large\"><img decoding=\"async\" width=\"684\" height=\"1024\" data-id=\"24362\" src=\"https:\/\/iletim.istanbul.edu.tr\/wp-content\/uploads\/Bolat-Mirzaliyev-684x1024.jpg\" alt=\"\" class=\"wp-image-24362\" srcset=\"https:\/\/iletim.istanbul.edu.tr\/wp-content\/uploads\/Bolat-Mirzaliyev-684x1024.jpg 684w, https:\/\/iletim.istanbul.edu.tr\/wp-content\/uploads\/Bolat-Mirzaliyev-200x300.jpg 200w, https:\/\/iletim.istanbul.edu.tr\/wp-content\/uploads\/Bolat-Mirzaliyev-768x1150.jpg 768w, https:\/\/iletim.istanbul.edu.tr\/wp-content\/uploads\/Bolat-Mirzaliyev-1026x1536.jpg 1026w, https:\/\/iletim.istanbul.edu.tr\/wp-content\/uploads\/Bolat-Mirzaliyev-1368x2048.jpg 1368w, https:\/\/iletim.istanbul.edu.tr\/wp-content\/uploads\/Bolat-Mirzaliyev-750x1123.jpg 750w, https:\/\/iletim.istanbul.edu.tr\/wp-content\/uploads\/Bolat-Mirzaliyev-1140x1707.jpg 1140w, https:\/\/iletim.istanbul.edu.tr\/wp-content\/uploads\/Bolat-Mirzaliyev-scaled.jpg 1710w\" sizes=\"(max-width: 684px) 100vw, 684px\" \/><\/figure>\n\n\n\n<figure class=\"wp-block-image size-large\"><img decoding=\"async\" width=\"1024\" height=\"680\" data-id=\"24363\" src=\"https:\/\/iletim.istanbul.edu.tr\/wp-content\/uploads\/Ahmet-vecdi-can-1024x680.jpg\" alt=\"\" class=\"wp-image-24363\" srcset=\"https:\/\/iletim.istanbul.edu.tr\/wp-content\/uploads\/Ahmet-vecdi-can-1024x680.jpg 1024w, https:\/\/iletim.istanbul.edu.tr\/wp-content\/uploads\/Ahmet-vecdi-can-300x199.jpg 300w, https:\/\/iletim.istanbul.edu.tr\/wp-content\/uploads\/Ahmet-vecdi-can-768x510.jpg 768w, https:\/\/iletim.istanbul.edu.tr\/wp-content\/uploads\/Ahmet-vecdi-can-1536x1020.jpg 1536w, https:\/\/iletim.istanbul.edu.tr\/wp-content\/uploads\/Ahmet-vecdi-can-750x498.jpg 750w, https:\/\/iletim.istanbul.edu.tr\/wp-content\/uploads\/Ahmet-vecdi-can-1140x757.jpg 1140w, https:\/\/iletim.istanbul.edu.tr\/wp-content\/uploads\/Ahmet-vecdi-can.jpg 1600w\" sizes=\"(max-width: 1024px) 100vw, 1024px\" \/><\/figure>\n<\/figure>\n\n\n\n<p><strong><em>\u201cT\u00fcrk devletlerinin ad\u0131mlar\u0131n\u0131n temelinde Turan hocan\u0131n izleri var.\u201d<\/em><\/strong><\/p>\n\n\n\n<p>Anma program\u0131n\u0131n ilk konu\u015fmas\u0131n\u0131 Uluslararas\u0131 Vizyon \u00dcniversitesi Rekt\u00f6r\u00fc ve T\u00fcrk D\u00fcnyas\u0131 Sosyal Bilimler Kongresi Koordinat\u00f6r\u00fc Prof. Dr. Ahmet Vecdi Can yapt\u0131. \u201cBug\u00fcn T\u00fcrk d\u00fcnyas\u0131 hakk\u0131nda konu\u015ftu\u011fumuz bir\u00e7ok hususta ba\u015fta T\u00fcrkiye olmak \u00fczere T\u00fcrk d\u00fcnyas\u0131 devletlerinin atm\u0131\u015f oldu\u011fu ad\u0131mlar\u0131n hepsinin temelinde Turan hocan\u0131n fikirleri, y\u00f6nlendirmeleri, izleri vard\u0131r.\u201d &nbsp;diye konu\u015ftu.<\/p>\n\n\n\n<figure class=\"wp-block-gallery has-nested-images columns-default is-cropped wp-block-gallery-2 is-layout-flex wp-block-gallery-is-layout-flex\">\n<figure class=\"wp-block-image size-large\"><img decoding=\"async\" width=\"708\" height=\"1024\" data-id=\"24370\" src=\"https:\/\/iletim.istanbul.edu.tr\/wp-content\/uploads\/IMG_8037-708x1024.jpg\" alt=\"\" class=\"wp-image-24370\" srcset=\"https:\/\/iletim.istanbul.edu.tr\/wp-content\/uploads\/IMG_8037-708x1024.jpg 708w, https:\/\/iletim.istanbul.edu.tr\/wp-content\/uploads\/IMG_8037-207x300.jpg 207w, https:\/\/iletim.istanbul.edu.tr\/wp-content\/uploads\/IMG_8037-768x1111.jpg 768w, https:\/\/iletim.istanbul.edu.tr\/wp-content\/uploads\/IMG_8037-1061x1536.jpg 1061w, https:\/\/iletim.istanbul.edu.tr\/wp-content\/uploads\/IMG_8037-1415x2048.jpg 1415w, https:\/\/iletim.istanbul.edu.tr\/wp-content\/uploads\/IMG_8037-750x1085.jpg 750w, https:\/\/iletim.istanbul.edu.tr\/wp-content\/uploads\/IMG_8037-1140x1650.jpg 1140w, https:\/\/iletim.istanbul.edu.tr\/wp-content\/uploads\/IMG_8037-scaled.jpg 1769w\" sizes=\"(max-width: 708px) 100vw, 708px\" \/><\/figure>\n\n\n\n<figure class=\"wp-block-image size-large\"><img decoding=\"async\" width=\"1024\" height=\"967\" data-id=\"24369\" src=\"https:\/\/iletim.istanbul.edu.tr\/wp-content\/uploads\/Erdogan-Sarac-1024x967.jpg\" alt=\"\" class=\"wp-image-24369\" srcset=\"https:\/\/iletim.istanbul.edu.tr\/wp-content\/uploads\/Erdogan-Sarac-1024x967.jpg 1024w, https:\/\/iletim.istanbul.edu.tr\/wp-content\/uploads\/Erdogan-Sarac-300x283.jpg 300w, https:\/\/iletim.istanbul.edu.tr\/wp-content\/uploads\/Erdogan-Sarac-768x725.jpg 768w, https:\/\/iletim.istanbul.edu.tr\/wp-content\/uploads\/Erdogan-Sarac-1536x1451.jpg 1536w, https:\/\/iletim.istanbul.edu.tr\/wp-content\/uploads\/Erdogan-Sarac-2048x1934.jpg 2048w, https:\/\/iletim.istanbul.edu.tr\/wp-content\/uploads\/Erdogan-Sarac-24x24.jpg 24w, https:\/\/iletim.istanbul.edu.tr\/wp-content\/uploads\/Erdogan-Sarac-750x708.jpg 750w, https:\/\/iletim.istanbul.edu.tr\/wp-content\/uploads\/Erdogan-Sarac-1140x1077.jpg 1140w\" sizes=\"(max-width: 1024px) 100vw, 1024px\" \/><\/figure>\n<\/figure>\n\n\n\n<p><strong><em>Turan Yazgan: \u201cEmr-i hak baki oluncaya kadar \u00e7al\u0131\u015faca\u011f\u0131m.\u201d<\/em><\/strong><\/p>\n\n\n\n<p>Turan Yazgan\u2019\u0131n eski \u00f6\u011frencisi ve asistan\u0131 \u0130.\u00dc. \u0130ktisat Fak\u00fcltesi \u00d6\u011fretim \u00dcyesi Prof.Dr. Sedat Murat, hocas\u0131 ile olan an\u0131lar\u0131n\u0131 anlatarak hocas\u0131n\u0131n kemoterapiden yeni \u00e7\u0131kt\u0131\u011f\u0131n\u0131 ve bir kolunda serum bir kolunda kitap T\u00fcrk d\u00fcnyas\u0131 ara\u015ft\u0131rmaya devam etti\u011fini aktard\u0131. Murat, \u201cTuran hocam\u0131z\u0131n asistan\u0131 olarak onun \u00e7al\u0131\u015fmalar\u0131n\u0131 takip ederken yorgun d\u00fc\u015ft\u00fc\u011f\u00fcnde \u2018Hocam kendinizi \u00e7ok yoruyorsunuz.\u2019 dedim. Turan hocam da \u2018Allah beni T\u00fcrk yaratt\u0131. Ben bunun \u015f\u00fckr\u00fcn\u00fc \u00f6deyebilmek i\u00e7in emr-i hak baki oluncaya kadar gece g\u00fcnd\u00fcz \u00e7al\u0131\u015faca\u011f\u0131m.\u2019 dedi.\u201d ifadesini kulland\u0131.<\/p>\n\n\n\n<figure class=\"wp-block-gallery has-nested-images columns-default is-cropped wp-block-gallery-3 is-layout-flex wp-block-gallery-is-layout-flex\">\n<figure class=\"wp-block-image size-large\"><img decoding=\"async\" width=\"1024\" height=\"680\" data-id=\"24372\" src=\"https:\/\/iletim.istanbul.edu.tr\/wp-content\/uploads\/Odul-plaket-ve-bozkurt-heykeli-1024x680.jpg\" alt=\"\" class=\"wp-image-24372\" srcset=\"https:\/\/iletim.istanbul.edu.tr\/wp-content\/uploads\/Odul-plaket-ve-bozkurt-heykeli-1024x680.jpg 1024w, https:\/\/iletim.istanbul.edu.tr\/wp-content\/uploads\/Odul-plaket-ve-bozkurt-heykeli-300x199.jpg 300w, https:\/\/iletim.istanbul.edu.tr\/wp-content\/uploads\/Odul-plaket-ve-bozkurt-heykeli-768x510.jpg 768w, https:\/\/iletim.istanbul.edu.tr\/wp-content\/uploads\/Odul-plaket-ve-bozkurt-heykeli-1536x1020.jpg 1536w, https:\/\/iletim.istanbul.edu.tr\/wp-content\/uploads\/Odul-plaket-ve-bozkurt-heykeli-750x498.jpg 750w, https:\/\/iletim.istanbul.edu.tr\/wp-content\/uploads\/Odul-plaket-ve-bozkurt-heykeli-1140x757.jpg 1140w, https:\/\/iletim.istanbul.edu.tr\/wp-content\/uploads\/Odul-plaket-ve-bozkurt-heykeli.jpg 1600w\" sizes=\"(max-width: 1024px) 100vw, 1024px\" \/><\/figure>\n\n\n\n<figure class=\"wp-block-image size-large\"><img decoding=\"async\" width=\"1024\" height=\"737\" data-id=\"24371\" src=\"https:\/\/iletim.istanbul.edu.tr\/wp-content\/uploads\/IMG_8043-1024x737.jpg\" alt=\"\" class=\"wp-image-24371\" srcset=\"https:\/\/iletim.istanbul.edu.tr\/wp-content\/uploads\/IMG_8043-1024x737.jpg 1024w, https:\/\/iletim.istanbul.edu.tr\/wp-content\/uploads\/IMG_8043-300x216.jpg 300w, https:\/\/iletim.istanbul.edu.tr\/wp-content\/uploads\/IMG_8043-768x553.jpg 768w, https:\/\/iletim.istanbul.edu.tr\/wp-content\/uploads\/IMG_8043-1536x1106.jpg 1536w, https:\/\/iletim.istanbul.edu.tr\/wp-content\/uploads\/IMG_8043-120x86.jpg 120w, https:\/\/iletim.istanbul.edu.tr\/wp-content\/uploads\/IMG_8043-750x540.jpg 750w, https:\/\/iletim.istanbul.edu.tr\/wp-content\/uploads\/IMG_8043-1140x821.jpg 1140w, https:\/\/iletim.istanbul.edu.tr\/wp-content\/uploads\/IMG_8043.jpg 1984w\" sizes=\"(max-width: 1024px) 100vw, 1024px\" \/><\/figure>\n<\/figure>\n\n\n\n<p><strong><em>B\u00dcY\u00dcK \u0130NSAN, B\u00dcY\u00dcK F\u0130LOZOF TURAN YAZGAN<\/em><\/strong><\/p>\n\n\n\n<p>Makedonya T\u00fcrk Milli Hareketi Partisi Ba\u015fkan\u0131 Erdo\u011fan Sara\u00e7, \u201cBalkanlarda ilk defa ay y\u0131ld\u0131zl\u0131 bir parti kurdu\u011fumuzda bize yard\u0131mc\u0131 olan tek isim Turan hocam\u0131zd\u0131.\u201d diyerek Turan Yazgan\u2019\u0131n yard\u0131mseverli\u011fine de\u011findi. Sara\u00e7, \u201cT\u00fcrkiye Cumhuriyeti bizim ana vatan\u0131m\u0131z olarak kalbimizde taht kurmu\u015ftur ve bu taht\u0131 kim y\u0131kmak isterse bizim d\u00fc\u015fman\u0131m\u0131zd\u0131r.\u201d d\u00fc\u015f\u00fcncesini Turan Yazgan\u2019\u0131n kazand\u0131rd\u0131\u011f\u0131n\u0131 s\u00f6yledi.<\/p>\n\n\n\n<p>Kazakistan \u00c7imkent Miras \u00dcniversitesi Rekt\u00f6r\u00fc Prof. Dr. Bolat Mirzaliyev:<\/p>\n\n\n\n<p>\u201cHocam\u0131z b\u00fcy\u00fck insan de\u011fil b\u00fcy\u00fck filozoftu.\u201d&nbsp; s\u00f6zleriyle Turan Yazgan\u2019\u0131 and\u0131.<\/p>\n\n\n\n<p>K\u0131r\u0131m T\u00fcrklerinin \u00d6nderi Mustafa Cemil K\u0131r\u0131mo\u011flu\u2019nun e\u015fi Safinaz K\u0131r\u0131mo\u011flu, \u201cTuran Hoca her y\u0131l T\u00fcrk d\u00fcnyas\u0131 \u00e7ocuklar\u0131n\u0131n kat\u0131ld\u0131\u011f\u0131 \u015f\u00f6lenlere i\u015ftirak ederdi.\u201d derken TDAV Gen\u00e7lik Kollar\u0131 Ba\u015fkan\u0131 Aybala Ye\u015fil de \u201cBiz yaln\u0131zca hocam\u0131z\u0131n \u00f6\u011frencileri de\u011fil ayn\u0131 zamanda onun \u00fclk\u00fcs\u00fcne sahip \u00e7ocuklar\u0131z.\u201d dedi.<\/p>\n\n\n\n<figure class=\"wp-block-gallery has-nested-images columns-default is-cropped wp-block-gallery-4 is-layout-flex wp-block-gallery-is-layout-flex\">\n<figure class=\"wp-block-image size-large\"><img decoding=\"async\" width=\"1024\" height=\"680\" data-id=\"24368\" src=\"https:\/\/iletim.istanbul.edu.tr\/wp-content\/uploads\/Sergi-fotografi2-1024x680.jpg\" alt=\"\" class=\"wp-image-24368\" srcset=\"https:\/\/iletim.istanbul.edu.tr\/wp-content\/uploads\/Sergi-fotografi2-1024x680.jpg 1024w, https:\/\/iletim.istanbul.edu.tr\/wp-content\/uploads\/Sergi-fotografi2-300x199.jpg 300w, https:\/\/iletim.istanbul.edu.tr\/wp-content\/uploads\/Sergi-fotografi2-768x510.jpg 768w, https:\/\/iletim.istanbul.edu.tr\/wp-content\/uploads\/Sergi-fotografi2-1536x1020.jpg 1536w, https:\/\/iletim.istanbul.edu.tr\/wp-content\/uploads\/Sergi-fotografi2-750x498.jpg 750w, https:\/\/iletim.istanbul.edu.tr\/wp-content\/uploads\/Sergi-fotografi2-1140x757.jpg 1140w, https:\/\/iletim.istanbul.edu.tr\/wp-content\/uploads\/Sergi-fotografi2.jpg 1600w\" sizes=\"(max-width: 1024px) 100vw, 1024px\" \/><\/figure>\n\n\n\n<figure class=\"wp-block-image size-large\"><img decoding=\"async\" width=\"1024\" height=\"680\" data-id=\"24367\" src=\"https:\/\/iletim.istanbul.edu.tr\/wp-content\/uploads\/Sergi-fotografi-1-1024x680.jpg\" alt=\"\" class=\"wp-image-24367\" srcset=\"https:\/\/iletim.istanbul.edu.tr\/wp-content\/uploads\/Sergi-fotografi-1-1024x680.jpg 1024w, https:\/\/iletim.istanbul.edu.tr\/wp-content\/uploads\/Sergi-fotografi-1-300x199.jpg 300w, https:\/\/iletim.istanbul.edu.tr\/wp-content\/uploads\/Sergi-fotografi-1-768x510.jpg 768w, https:\/\/iletim.istanbul.edu.tr\/wp-content\/uploads\/Sergi-fotografi-1-1536x1020.jpg 1536w, https:\/\/iletim.istanbul.edu.tr\/wp-content\/uploads\/Sergi-fotografi-1-750x498.jpg 750w, https:\/\/iletim.istanbul.edu.tr\/wp-content\/uploads\/Sergi-fotografi-1-1140x757.jpg 1140w, https:\/\/iletim.istanbul.edu.tr\/wp-content\/uploads\/Sergi-fotografi-1.jpg 1600w\" sizes=\"(max-width: 1024px) 100vw, 1024px\" \/><\/figure>\n<\/figure>\n\n\n\n<p><strong><em>K\u0131br\u0131s\u2019tan Karaba\u011f\u2019a T\u00fcrk\u2019\u00fcn Zaferi<\/em><\/strong><\/p>\n\n\n\n<p>Tenzile R\u00fcstemhanl\u0131 ve KKTC Cumhuriyet Meclisi Eski Ba\u015fkan\u0131 Zorlu T\u00f6re K\u0131br\u0131s\u2019tan Karaba\u011f\u2019a T\u00fcrk\u2019\u00fcn Zaferi ba\u015fl\u0131kl\u0131 panelde konu\u015fmac\u0131 oldu. R\u00fcstemhanl\u0131 panele video mesajla kat\u0131l\u0131rken T\u00f6re, \u201cT\u00fcrk milleti deyince sadece Anadolu topraklar\u0131 \u00fczerinde ya\u015fayanlardan ibaret olmad\u0131\u011f\u0131 y\u0131llar sonra anla\u015f\u0131lm\u0131\u015ft\u0131r. Halen anlamayan varsa onlar\u0131 anlamaya davet ediyoruz.\u201d ifadelerini kulland\u0131.<\/p>\n\n\n\n<p>Program\u0131n devam\u0131nda Azerbaycanl\u0131 devlet adam\u0131 Sabir R\u00fcstemhanl\u0131\u2019 ya TDAV Ba\u015fkan\u0131 K\u00f6zhan Yazgan ve KKTC Milletvekili Zorlu T\u00f6re taraf\u0131ndan \u2018T\u00fcrk D\u00fcnyas\u0131 Turan Yazgan\u00d6d\u00fcl\u00fc\u2019<strong>,&nbsp;<\/strong>\u00f6d\u00fcl berat\u0131 ve T\u00fcrkl\u00fc\u011f\u00fcn milli sembol\u00fc Bozkurt heykeli sunuldu. Sabir R\u00fcstemhanl\u0131 \u00f6d\u00fcl\u00fc ald\u0131ktan sonra Turan Yazgan\u2019\u0131n T\u00fcrkl\u00fc\u011fe hizmetleri ve kendisiyle yak\u0131n dostlu\u011fu \u00fczerine yapt\u0131\u011f\u0131 konu\u015fmayla te\u015fekk\u00fcrlerini sundu.<\/p>\n\n\n\n<figure class=\"wp-block-gallery has-nested-images columns-default is-cropped wp-block-gallery-5 is-layout-flex wp-block-gallery-is-layout-flex\">\n<figure class=\"wp-block-image size-large\"><img decoding=\"async\" width=\"1024\" height=\"680\" data-id=\"24365\" src=\"https:\/\/iletim.istanbul.edu.tr\/wp-content\/uploads\/KKTC-ESKI-MECLIS-BASKANI-ZORLU-TORE-1024x680.jpg\" alt=\"\" class=\"wp-image-24365\" srcset=\"https:\/\/iletim.istanbul.edu.tr\/wp-content\/uploads\/KKTC-ESKI-MECLIS-BASKANI-ZORLU-TORE-1024x680.jpg 1024w, https:\/\/iletim.istanbul.edu.tr\/wp-content\/uploads\/KKTC-ESKI-MECLIS-BASKANI-ZORLU-TORE-300x199.jpg 300w, https:\/\/iletim.istanbul.edu.tr\/wp-content\/uploads\/KKTC-ESKI-MECLIS-BASKANI-ZORLU-TORE-768x510.jpg 768w, https:\/\/iletim.istanbul.edu.tr\/wp-content\/uploads\/KKTC-ESKI-MECLIS-BASKANI-ZORLU-TORE-1536x1020.jpg 1536w, https:\/\/iletim.istanbul.edu.tr\/wp-content\/uploads\/KKTC-ESKI-MECLIS-BASKANI-ZORLU-TORE-750x498.jpg 750w, https:\/\/iletim.istanbul.edu.tr\/wp-content\/uploads\/KKTC-ESKI-MECLIS-BASKANI-ZORLU-TORE-1140x757.jpg 1140w, https:\/\/iletim.istanbul.edu.tr\/wp-content\/uploads\/KKTC-ESKI-MECLIS-BASKANI-ZORLU-TORE.jpg 1600w\" sizes=\"(max-width: 1024px) 100vw, 1024px\" \/><\/figure>\n\n\n\n<figure class=\"wp-block-image size-large\"><img decoding=\"async\" width=\"1024\" height=\"928\" data-id=\"24366\" src=\"https:\/\/iletim.istanbul.edu.tr\/wp-content\/uploads\/Odul-Sabir-rustemhanli-1024x928.jpg\" alt=\"\" class=\"wp-image-24366\" srcset=\"https:\/\/iletim.istanbul.edu.tr\/wp-content\/uploads\/Odul-Sabir-rustemhanli-1024x928.jpg 1024w, https:\/\/iletim.istanbul.edu.tr\/wp-content\/uploads\/Odul-Sabir-rustemhanli-300x272.jpg 300w, https:\/\/iletim.istanbul.edu.tr\/wp-content\/uploads\/Odul-Sabir-rustemhanli-768x696.jpg 768w, https:\/\/iletim.istanbul.edu.tr\/wp-content\/uploads\/Odul-Sabir-rustemhanli-1536x1392.jpg 1536w, https:\/\/iletim.istanbul.edu.tr\/wp-content\/uploads\/Odul-Sabir-rustemhanli-2048x1855.jpg 2048w, https:\/\/iletim.istanbul.edu.tr\/wp-content\/uploads\/Odul-Sabir-rustemhanli-750x679.jpg 750w, https:\/\/iletim.istanbul.edu.tr\/wp-content\/uploads\/Odul-Sabir-rustemhanli-1140x1033.jpg 1140w\" sizes=\"(max-width: 1024px) 100vw, 1024px\" \/><\/figure>\n<\/figure>\n\n\n\n<p>Program Nogay Eli sanat\u00e7\u0131s\u0131&nbsp;Arslanbek Sultanbekov&nbsp;ile Gagauz Yeri sanat\u00e7\u0131s\u0131&nbsp;Leonida Timu\u015f\u2019un T\u00fcrk D\u00fcnyas\u0131 Konseri&#8217;yle sona erdi.<\/p>\n\n\n\n<figure class=\"wp-block-image size-large is-resized\"><img decoding=\"async\" width=\"1024\" height=\"703\" src=\"https:\/\/iletim.istanbul.edu.tr\/wp-content\/uploads\/Arslanbek-Sultanbekov-1024x703.jpg\" alt=\"\" class=\"wp-image-24361\" style=\"width:346px;height:auto\" srcset=\"https:\/\/iletim.istanbul.edu.tr\/wp-content\/uploads\/Arslanbek-Sultanbekov-1024x703.jpg 1024w, https:\/\/iletim.istanbul.edu.tr\/wp-content\/uploads\/Arslanbek-Sultanbekov-300x206.jpg 300w, https:\/\/iletim.istanbul.edu.tr\/wp-content\/uploads\/Arslanbek-Sultanbekov-768x527.jpg 768w, https:\/\/iletim.istanbul.edu.tr\/wp-content\/uploads\/Arslanbek-Sultanbekov-1536x1054.jpg 1536w, https:\/\/iletim.istanbul.edu.tr\/wp-content\/uploads\/Arslanbek-Sultanbekov-2048x1405.jpg 2048w, https:\/\/iletim.istanbul.edu.tr\/wp-content\/uploads\/Arslanbek-Sultanbekov-750x515.jpg 750w, https:\/\/iletim.istanbul.edu.tr\/wp-content\/uploads\/Arslanbek-Sultanbekov-1140x782.jpg 1140w\" sizes=\"(max-width: 1024px) 100vw, 1024px\" \/><\/figure>\n\n\n\n<p><\/p>\n","protected":false},"excerpt":{"rendered":"<p>&nbsp;Muhabir: Ece \u00d6zdemir \u0130stanbul \/ (\u0130\u00dc Haber Merkezi) T\u00fcrk d\u00fcnyas\u0131, son y\u00fczy\u0131l\u0131n en b\u00fcy\u00fck T\u00fcrk\u00e7\u00fclerinden Prof.Dr. Turan Yazgan\u2019\u0131 vefat\u0131n\u0131n 12. y\u0131l\u0131nda b\u00fcy\u00fck bir \u00f6zlemle and\u0131. T\u00fcrk D\u00fcnyas\u0131 Ara\u015ft\u0131rmalar\u0131 Vakf\u0131 (TDAV) \u00f6nc\u00fcl\u00fc\u011f\u00fcnde 7 Aral\u0131k 2024 tarihinde \u0130stanbul \u00dcniversitesi (\u0130\u00dc) Prof.Dr. Fuat Sezgin K\u00fclt\u00fcr Merkezi\u2019nde ger\u00e7ekle\u015ftirilen anma program\u0131 kapsam\u0131nda K\u0131br\u0131s\u2019tan Karaba\u011f\u2019a T\u00fcrk\u00fcn Son Zaferleri Paneli&nbsp;ve T\u00fcrk D\u00fcnyas\u0131 [&hellip;]<\/p>\n","protected":false},"author":14,"featured_media":24360,"comment_status":"closed","ping_status":"open","sticky":false,"template":"","format":"standard","meta":{"jnews-multi-image_gallery":[],"jnews_single_post":{"format":"standard"},"jnews_primary_category":[],"jnews_social_meta":[],"jnews_override_counter":[],"footnotes":""},"categories":[25,27,1,159,28,34,30,2085,2348],"tags":[300,410,43],"class_list":["post-24358","post","type-post","status-publish","format-standard","has-post-thumbnail","hentry","category-egitim","category-foto-galeri","category-genel","category-sag-manset","category-istanbul","category-universite","category-kultur-sanat","category-manset-haber","category-manset-yani","tag-iletim","tag-istanbul","tag-istanbul-universitesi"],"_links":{"self":[{"href":"https:\/\/iletim.istanbul.edu.tr\/index.php\/wp-json\/wp\/v2\/posts\/24358","targetHints":{"allow":["GET"]}}],"collection":[{"href":"https:\/\/iletim.istanbul.edu.tr\/index.php\/wp-json\/wp\/v2\/posts"}],"about":[{"href":"https:\/\/iletim.istanbul.edu.tr\/index.php\/wp-json\/wp\/v2\/types\/post"}],"author":[{"embeddable":true,"href":"https:\/\/iletim.istanbul.edu.tr\/index.php\/wp-json\/wp\/v2\/users\/14"}],"replies":[{"embeddable":true,"href":"https:\/\/iletim.istanbul.edu.tr\/index.php\/wp-json\/wp\/v2\/comments?post=24358"}],"version-history":[{"count":0,"href":"https:\/\/iletim.istanbul.edu.tr\/index.php\/wp-json\/wp\/v2\/posts\/24358\/revisions"}],"wp:featuredmedia":[{"embeddable":true,"href":"https:\/\/iletim.istanbul.edu.tr\/index.php\/wp-json\/wp\/v2\/media\/24360"}],"wp:attachment":[{"href":"https:\/\/iletim.istanbul.edu.tr\/index.php\/wp-json\/wp\/v2\/media?parent=24358"}],"wp:term":[{"taxonomy":"category","embeddable":true,"href":"https:\/\/iletim.istanbul.edu.tr\/index.php\/wp-json\/wp\/v2\/categories?post=24358"},{"taxonomy":"post_tag","embeddable":true,"href":"https:\/\/iletim.istanbul.edu.tr\/index.php\/wp-json\/wp\/v2\/tags?post=24358"}],"curies":[{"name":"wp","href":"https:\/\/api.w.org\/{rel}","templated":true}]}}