{"id":24378,"date":"2024-12-13T23:23:31","date_gmt":"2024-12-13T20:23:31","guid":{"rendered":"https:\/\/iletim.istanbul.edu.tr\/?p=24378"},"modified":"2024-12-13T23:23:32","modified_gmt":"2024-12-13T20:23:32","slug":"istanbul-universitesi-ridvan-celikel-arkeoloji-muzesinde-antik-dna-seminerlerinin-ikincisi-gerceklestirildi","status":"publish","type":"post","link":"https:\/\/iletim.istanbul.edu.tr\/index.php\/2024\/12\/13\/istanbul-universitesi-ridvan-celikel-arkeoloji-muzesinde-antik-dna-seminerlerinin-ikincisi-gerceklestirildi\/","title":{"rendered":"\u0130stanbul \u00dcniversitesi R\u0131dvan \u00c7elikel Arkeoloji M\u00fczesi\u2019nde Antik DNA Seminerlerinin \u0130kincisi Ger\u00e7ekle\u015ftirildi"},"content":{"rendered":"\n<p><em><strong>Muhabir: Melis Eda-Ercan Eyl\u00fcl Otay<\/strong><\/em><\/p>\n\n\n\n<p><em><strong>Edit\u00f6r: Cengizhan Y\u0131lmaz<\/strong><\/em><\/p>\n\n\n\n<p><strong><em>\u0130stanbul \u2013 (\u0130\u00dc Haber Merkezi)<\/em><\/strong><\/p>\n\n\n\n<p><strong><em>\u0130stanbul \u00dcniversitesi R\u0131dvan \u00c7elikel Arkeoloji M\u00fczesi\u2019nde yer alan Antik DNA sergisinin a\u00e7\u0131l\u0131\u015f\u0131 ve Antik DNA Seminerlerinin birincisi 20 Kas\u0131m tarihinde ger\u00e7ekle\u015ftirilmi\u015fti. Antik DNA Seminerleri, \u0130stanbul \u00dcniversitesi R\u0131dvan \u00c7elikel Arkeoloji M\u00fczesi\u2019nde 4 Aral\u0131k \u00c7ar\u015famba g\u00fcn\u00fc ger\u00e7ekle\u015ftirilen \u201cAntik DNA Seminer Serisi-2\u201d ile devam etti.<\/em><\/strong><\/p>\n\n\n\n<p>Seminer, Aziz Sancar Deneysel T\u0131p Ara\u015ft\u0131rma Enstit\u00fcs\u00fcnden Prof. Dr. Bur\u00e7ak Vural\u2019\u0131n a\u00e7\u0131l\u0131\u015f konu\u015fmas\u0131yla ba\u015flad\u0131. Bur\u00e7ak Vural konu\u015fmas\u0131na \u0130stanbul \u00dcniversitesi b\u00fcnyesinde yer alan Antik DNA Laboratuvar\u0131ndan ve bilimle sanat\u0131n bulu\u015ftu\u011fu bir sergi olarak tan\u0131mlad\u0131\u011f\u0131 Antik DNA sergisinden bahsederek ba\u015flad\u0131. Devam\u0131nda sergide eserleri bulunan sanat\u00e7\u0131lar ve eserleri hakk\u0131nda bilgi verdi. Vural, \u201cChatGPT\u2019ye Antik DNA sergisi var m\u0131 diye sorduk. \u015eu anda 3 tane uluslararas\u0131 sergi var. Ama ayn\u0131 kapsamda de\u011filler. Bu ilgin\u00e7ti. T\u00fcrkiye\u2019de herhalde ilk defa bu kadar kapsaml\u0131 bir sergi oluyor.\u201d s\u00f6zleriyle Antik DNA sergisinin \u00f6nemine dikkat \u00e7ekti. Antik DNA \u00e7al\u0131\u015fmalar\u0131n\u0131n ge\u00e7mi\u015fe, g\u00fcn\u00fcm\u00fcze ve gelece\u011fe \u0131\u015f\u0131k olaca\u011f\u0131n\u0131 belirtti. Konu\u015fmas\u0131n\u0131 sanat\u00e7\u0131lara te\u015fekk\u00fcr ederek tamamlad\u0131.<\/p>\n\n\n\n<figure class=\"wp-block-image size-large is-resized\"><img decoding=\"async\" width=\"1024\" height=\"768\" src=\"https:\/\/iletim.istanbul.edu.tr\/wp-content\/uploads\/WhatsApp-Image-2024-12-13-at-23.10.16-1024x768.jpeg\" alt=\"\" class=\"wp-image-24380\" style=\"width:394px;height:auto\" srcset=\"https:\/\/iletim.istanbul.edu.tr\/wp-content\/uploads\/WhatsApp-Image-2024-12-13-at-23.10.16-1024x768.jpeg 1024w, https:\/\/iletim.istanbul.edu.tr\/wp-content\/uploads\/WhatsApp-Image-2024-12-13-at-23.10.16-300x225.jpeg 300w, https:\/\/iletim.istanbul.edu.tr\/wp-content\/uploads\/WhatsApp-Image-2024-12-13-at-23.10.16-768x576.jpeg 768w, https:\/\/iletim.istanbul.edu.tr\/wp-content\/uploads\/WhatsApp-Image-2024-12-13-at-23.10.16-1536x1152.jpeg 1536w, https:\/\/iletim.istanbul.edu.tr\/wp-content\/uploads\/WhatsApp-Image-2024-12-13-at-23.10.16-750x563.jpeg 750w, https:\/\/iletim.istanbul.edu.tr\/wp-content\/uploads\/WhatsApp-Image-2024-12-13-at-23.10.16-1140x855.jpeg 1140w, https:\/\/iletim.istanbul.edu.tr\/wp-content\/uploads\/WhatsApp-Image-2024-12-13-at-23.10.16.jpeg 1600w\" sizes=\"(max-width: 1024px) 100vw, 1024px\" \/><\/figure>\n\n\n\n<p>A\u00e7\u0131l\u0131\u015f konu\u015fmalar\u0131, \u0130stanbul \u00dcniversitesi-Cerrahpa\u015fa N\u00f6rolojik Bilimler Enstit\u00fcs\u00fc M\u00fcd\u00fcr\u00fc Prof. Dr. Ali Metin Kafadar ile devam etti. \u201cBeyin acaba ba\u015ftan itibaren sadece i\u015fletim mekanizmas\u0131 olarak do\u011fup sonradan d\u0131\u015far\u0131dan gelen uyar\u0131larla yava\u015f yava\u015f geli\u015ferek g\u00fcne adapte mi oluyor? Bunun cevab\u0131n\u0131 en iyi sizler biliyorsunuz \u00e7\u00fcnk\u00fc bu sergideki b\u00fct\u00fcn yap\u0131lar insan beyninin o \u015farttaki ve o zamandaki yap\u0131s\u0131yla olu\u015fturdu\u011fu \u015feyler.\u201d diyerek insan beyninin, ba\u011flant\u0131lar\u0131n\u0131 mevcut d\u00f6nemin yap\u0131s\u0131 \u00fczerinden olu\u015fturdu\u011funa dikkat \u00e7ekti. Kafadar konu\u015fmas\u0131n\u0131n sonunda gelece\u011fin, g\u00fcn\u00fcm\u00fczde b\u0131rakt\u0131\u011f\u0131m\u0131z kal\u0131nt\u0131larla \u015fekillendi\u011fini ifade etti.<\/p>\n\n\n\n<p><strong>Mitokondriyal DNA, Hastal\u0131klar\u0131 Anlamada Rol Oynayabilir<\/strong><\/p>\n\n\n\n<p>Seminer, \u0130stanbul \u00dcniversitesi Aziz Sancar Deneysel T\u0131p Ara\u015ft\u0131rma Enstit\u00fcs\u00fc Genetik Anabilim Dal\u0131 Ba\u015fkan\u0131 Sibel Aylin U\u011fur \u0130\u015feri\u2019nin \u201cAntik Mitokondriyal DNA\u201d adl\u0131 sunumuyla devam etti. \u0130\u015feri, sunumunun ba\u015f\u0131nda \u201cMitokondriler ve dolay\u0131s\u0131yla mitokondriyal DNA, annemizden bize kal\u0131t\u0131lm\u0131\u015f \u00f6nemli bir genetik miras. \u00c7e\u015fitli hastal\u0131klarda da rol\u00fc var.\u201d diyerek mitokondriyal DNA\u2019n\u0131n detayl\u0131 analizinin bu hastal\u0131klar\u0131 anlamam\u0131zda etkili olabilece\u011finin alt\u0131n\u0131 \u00e7izdi. Ard\u0131ndan filogenetik a\u011fa\u00e7 metodu ve haplogruplar hakk\u0131nda bilgi verdi. Filogenetik a\u011fac\u0131n, t\u00fcrlerin birbirinden nas\u0131l ayr\u0131ld\u0131\u011f\u0131n\u0131 g\u00f6steren bir modele benzetilebilece\u011fini ifade etti. Haplogruplar\u0131n ise hastal\u0131klarla ili\u015fki kurulmas\u0131nda rol oynayabilece\u011fine de\u011findi.<\/p>\n\n\n\n<figure class=\"wp-block-image size-large is-resized\"><img decoding=\"async\" width=\"1024\" height=\"768\" src=\"https:\/\/iletim.istanbul.edu.tr\/wp-content\/uploads\/WhatsApp-Image-2024-12-13-at-23.10.15-1024x768.jpeg\" alt=\"\" class=\"wp-image-24381\" style=\"width:384px;height:auto\" srcset=\"https:\/\/iletim.istanbul.edu.tr\/wp-content\/uploads\/WhatsApp-Image-2024-12-13-at-23.10.15-1024x768.jpeg 1024w, https:\/\/iletim.istanbul.edu.tr\/wp-content\/uploads\/WhatsApp-Image-2024-12-13-at-23.10.15-300x225.jpeg 300w, https:\/\/iletim.istanbul.edu.tr\/wp-content\/uploads\/WhatsApp-Image-2024-12-13-at-23.10.15-768x576.jpeg 768w, https:\/\/iletim.istanbul.edu.tr\/wp-content\/uploads\/WhatsApp-Image-2024-12-13-at-23.10.15-1536x1152.jpeg 1536w, https:\/\/iletim.istanbul.edu.tr\/wp-content\/uploads\/WhatsApp-Image-2024-12-13-at-23.10.15-750x563.jpeg 750w, https:\/\/iletim.istanbul.edu.tr\/wp-content\/uploads\/WhatsApp-Image-2024-12-13-at-23.10.15-1140x855.jpeg 1140w, https:\/\/iletim.istanbul.edu.tr\/wp-content\/uploads\/WhatsApp-Image-2024-12-13-at-23.10.15.jpeg 1600w\" sizes=\"(max-width: 1024px) 100vw, 1024px\" \/><\/figure>\n\n\n\n<p>Seminer, \u0130stanbul \u00dcniversitesi-Cerrahpa\u015fa N\u00f6rolojik Bilimler Enstit\u00fcs\u00fc y\u00f6netim kurulu \u00fcyelerinden Emrah Y\u00fccesan\u2019\u0131n \u201c\u0130nsan\u0131n G\u00f6\u00e7 Yollar\u0131n\u0131n DNA \u00c7al\u0131\u015fmalar\u0131yla \u0130ncelenmesi\u201d ba\u015fl\u0131kl\u0131 sunumuyla devam etti. Sunumda, g\u00f6\u00e7ler ve mekanizmalar\u0131, gen ve genom kavramlar\u0131 hakk\u0131nda bilgi verildi.<\/p>\n\n\n\n<p><strong>Farkl\u0131 T\u00fcrlerin Genomlar\u0131nda Benzerlikler ve Farkl\u0131l\u0131lar Bulunabilir<\/strong><\/p>\n\n\n\n<p>&nbsp;Y\u00fccesan, gen say\u0131s\u0131n\u0131n herhangi bir taksonomik s\u0131n\u0131fland\u0131rmada \u00f6nemi olmad\u0131\u011f\u0131n\u0131 ve farkl\u0131 t\u00fcrler aras\u0131nda genomda benzerlikler ve farkl\u0131l\u0131klar bulunabilece\u011fini belirtti. Kemik birikimlerinden bir\u00e7ok yorum yap\u0131labilece\u011fini ve bu yorumlar\u0131n \u00e7e\u015fitli bilim dallar\u0131 arac\u0131l\u0131\u011f\u0131yla yap\u0131ld\u0131\u011f\u0131n\u0131 \u201cKemikten o yorumu nas\u0131l yap\u0131yoruz? \u0130\u015fte onu arkeoloji besliyor. \u00c7e\u015fitli bran\u015flar, bilim dallar\u0131, biyoco\u011frafya besliyor. Bunlar bir araya geldi\u011fi zaman bir \u00f6yk\u00fc ortaya \u00e7\u0131k\u0131yor.\u201d s\u00f6zleriyle a\u00e7\u0131klad\u0131.<\/p>\n\n\n\n<p>Antik DNA sergisi, \u015fubat ay\u0131na kadar iki haftada bir tekrarlanmas\u0131 planlanan Antik DNA Seminerlerinin son serisine kadar a\u00e7\u0131k olacakt\u0131r. Serginin yer ald\u0131\u011f\u0131 \u0130stanbul \u00dcniversitesi R\u0131dvan \u00c7elikel Arkeoloji M\u00fczesi ise hafta i\u00e7i her g\u00fcn saat 09.00-16.30 saatleri aras\u0131nda \u00fccretsiz olarak ziyaret edilebilir.<\/p>\n","protected":false},"excerpt":{"rendered":"<p>Muhabir: Melis Eda-Ercan Eyl\u00fcl Otay Edit\u00f6r: Cengizhan Y\u0131lmaz \u0130stanbul \u2013 (\u0130\u00dc Haber Merkezi) \u0130stanbul \u00dcniversitesi R\u0131dvan \u00c7elikel Arkeoloji M\u00fczesi\u2019nde yer alan Antik DNA sergisinin a\u00e7\u0131l\u0131\u015f\u0131 ve Antik DNA Seminerlerinin birincisi 20 Kas\u0131m tarihinde ger\u00e7ekle\u015ftirilmi\u015fti. Antik DNA Seminerleri, \u0130stanbul \u00dcniversitesi R\u0131dvan \u00c7elikel Arkeoloji M\u00fczesi\u2019nde 4 Aral\u0131k \u00c7ar\u015famba g\u00fcn\u00fc ger\u00e7ekle\u015ftirilen \u201cAntik DNA Seminer Serisi-2\u201d ile devam etti. [&hellip;]<\/p>\n","protected":false},"author":14,"featured_media":24379,"comment_status":"closed","ping_status":"open","sticky":false,"template":"","format":"standard","meta":{"jnews-multi-image_gallery":[],"jnews_single_post":{"format":"standard"},"jnews_primary_category":[],"jnews_social_meta":[],"jnews_override_counter":[],"footnotes":""},"categories":[24,25,27,1,159,28,34,30,2085,2348],"tags":[3219,3168,300,40,410,43,148,52,1138],"class_list":["post-24378","post","type-post","status-publish","format-standard","has-post-thumbnail","hentry","category-bilim","category-egitim","category-foto-galeri","category-genel","category-sag-manset","category-istanbul","category-universite","category-kultur-sanat","category-manset-haber","category-manset-yani","tag-antik-dna-seminerleri","tag-cengizhanyilmaz","tag-iletim","tag-iletisim-fakultesi","tag-istanbul","tag-istanbul-universitesi","tag-istanbul-universitesi-iletisim-fakultesi","tag-iu-iletisim-fakultesi","tag-ridvan-celikel-arkeoloji-muzesi"],"_links":{"self":[{"href":"https:\/\/iletim.istanbul.edu.tr\/index.php\/wp-json\/wp\/v2\/posts\/24378","targetHints":{"allow":["GET"]}}],"collection":[{"href":"https:\/\/iletim.istanbul.edu.tr\/index.php\/wp-json\/wp\/v2\/posts"}],"about":[{"href":"https:\/\/iletim.istanbul.edu.tr\/index.php\/wp-json\/wp\/v2\/types\/post"}],"author":[{"embeddable":true,"href":"https:\/\/iletim.istanbul.edu.tr\/index.php\/wp-json\/wp\/v2\/users\/14"}],"replies":[{"embeddable":true,"href":"https:\/\/iletim.istanbul.edu.tr\/index.php\/wp-json\/wp\/v2\/comments?post=24378"}],"version-history":[{"count":0,"href":"https:\/\/iletim.istanbul.edu.tr\/index.php\/wp-json\/wp\/v2\/posts\/24378\/revisions"}],"wp:featuredmedia":[{"embeddable":true,"href":"https:\/\/iletim.istanbul.edu.tr\/index.php\/wp-json\/wp\/v2\/media\/24379"}],"wp:attachment":[{"href":"https:\/\/iletim.istanbul.edu.tr\/index.php\/wp-json\/wp\/v2\/media?parent=24378"}],"wp:term":[{"taxonomy":"category","embeddable":true,"href":"https:\/\/iletim.istanbul.edu.tr\/index.php\/wp-json\/wp\/v2\/categories?post=24378"},{"taxonomy":"post_tag","embeddable":true,"href":"https:\/\/iletim.istanbul.edu.tr\/index.php\/wp-json\/wp\/v2\/tags?post=24378"}],"curies":[{"name":"wp","href":"https:\/\/api.w.org\/{rel}","templated":true}]}}