{"id":2442,"date":"2018-02-01T15:54:59","date_gmt":"2018-02-01T12:54:59","guid":{"rendered":"https:\/\/iletim.istanbul.edu.tr\/?p=2442"},"modified":"2018-03-07T10:24:01","modified_gmt":"2018-03-07T07:24:01","slug":"trt-sanatcisi-gulsah-sonmez-radyo-iletisime-konuk-oldu","status":"publish","type":"post","link":"https:\/\/iletim.istanbul.edu.tr\/index.php\/2018\/02\/01\/trt-sanatcisi-gulsah-sonmez-radyo-iletisime-konuk-oldu\/","title":{"rendered":"TRT Sanat\u00e7\u0131s\u0131 G\u00fcl\u015fah S\u00f6nmez Radyo \u0130leti\u015fim&#8217;e Konuk Oldu"},"content":{"rendered":"<p><strong>Murat KASAP<\/strong><\/p>\n<p>TRT Sanat\u00e7\u0131s\u0131 G\u00fcl\u015fah S\u00f6nmez, \u0130\u00dc \u0130leti\u015fim Fak\u00fcltesi Radyo \u0130leti\u015fim&#8217;in Bug\u00fcn G\u00fcnlerden Ayten program\u0131nda dinleyicileriyle bulu\u015ftu.<\/p>\n<p>Ses Sanat\u00e7\u0131s\u0131 ve Akademisyen G\u00fcl\u015fah S\u00f6nmez, \u0130T\u00dc T\u00fcrk Musikisi Devlet Konservatuar\u0131 ve\u00a0 Marmara \u00dcniversitesi &#8216;nden mezun oldu.\u00a0 TRT radyo ve yay\u0131nlar\u0131nda solistlik yapan G\u00fcl\u015fah S\u00f6nmez, &#8220;Kariyerimde \u00e7ok sevdi\u011fim g\u00fcfte yazarlar\u0131yla \u00e7al\u0131\u015fmak nasip oldu. Bu yapt\u0131\u011f\u0131m\u0131z i\u015fler birilerinin deste\u011fi olmadan yap\u0131lacabilecek i\u015fler de\u011fil. T\u00fcrk Sanat M\u00fczi\u011fi yap\u0131yor olmam\u0131zdan dolay\u0131 b\u00fcy\u00fck sponsorlarda bulmam\u0131z \u00e7ok zor. A\u00e7\u0131kcas\u0131 bu i\u015fi yapanlar g\u00f6n\u00fcllerini ortaya koyuyorlar&#8221; dedi.<\/p>\n<p><a href=\"http:\/\/ajansuniversite.istanbul.edu.tr\/wp-content\/uploads\/DSC1610.jpg\"><img decoding=\"async\" class=\"alignnone size-large wp-image-47166\" src=\"http:\/\/ajansuniversite.istanbul.edu.tr\/wp-content\/uploads\/DSC1610-630x418.jpg\" alt=\"_DSC1610\" width=\"630\" height=\"418\" \/><\/a><\/p>\n<p>T\u00fcrk Sanat Musikisi&#8217;ne gen\u00e7lerin daha fazla \u00f6nem g\u00f6stermesi gerekti\u011fini s\u00f6yleyen S\u00f6nmez, &#8220;Bizim amac\u0131m\u0131z sesimizi geni\u015f kitlelere duyurmak ayn\u0131 zamanda gen\u00e7lere bu konuda \u00f6nc\u00fcl\u00fck etmek. Bu anlamda yapt\u0131\u011f\u0131m\u0131z i\u015fler ve ald\u0131\u011f\u0131m\u0131z tepkilerden memnunum. Hala \u00e7ok pop\u00fcler bir sanat\u00e7\u0131 de\u011filim ama buna ra\u011fmen Youtube&#8217;de yay\u0131nlad\u0131\u011f\u0131m\u0131z bir klibimiz 1 Milyon&#8217;dan fazla g\u00f6r\u00fcnt\u00fcleme ald\u0131. Bu T\u00fcrk M\u00fczi\u011fi ad\u0131na b\u00fcy\u00fck bir onur benim i\u00e7in. Bakt\u0131\u011f\u0131m\u0131z zaman hala eski \u015fark\u0131lar yeni \u015fark\u0131c\u0131lar taraf\u0131ndan kullan\u0131l\u0131yor ve cover yap\u0131l\u0131yor. Bu T\u00fcrk M\u00fczi\u011fi a\u00e7\u0131s\u0131ndan \u00e7ok \u00f6nemli. Ben de bu duruma katk\u0131 sa\u011flad\u0131\u011f\u0131m\u0131 d\u00fc\u015f\u00fcn\u00fcyorum. Sanat m\u00fczi\u011fi yerine pop m\u00fczi\u011fi tercih eden daha \u00e7ok, \u00e7\u00fcnk\u00fc ra\u011fbet g\u00f6r\u00fcyor ve daha pop\u00fcler. Belki de hakl\u0131lar, \u00e7\u00fcnk\u00fc g\u00fcn\u00fcm\u00fczde insanlar\u0131n be\u011fenileri bu y\u00f6nde&#8221; diyerek birlikte \u00e7al\u0131\u015ft\u0131\u011f\u0131 sanat\u00e7\u0131lara, g\u00fcfte yazarlar\u0131na ve aranj\u00f6r\u00fcne te\u015fekk\u00fcr etti.<\/p>\n","protected":false},"excerpt":{"rendered":"<p>TRT Sanat\u00e7\u0131s\u0131 G\u00fcl\u015fah S\u00f6nmez, \u0130\u00dc \u0130leti\u015fim Fak\u00fcltesi Radyo \u0130leti\u015fim&#8217;in Bug\u00fcn G\u00fcnlerden Ayten program\u0131nda dinleyicileriyle bulu\u015ftu.<\/p>\n","protected":false},"author":14,"featured_media":2445,"comment_status":"open","ping_status":"open","sticky":false,"template":"","format":"standard","meta":{"jnews-multi-image_gallery":[],"jnews_single_post":[],"jnews_primary_category":[],"jnews_social_meta":[],"jnews_override_counter":[],"footnotes":""},"categories":[178,30],"tags":[98,99],"class_list":["post-2442","post","type-post","status-publish","format-standard","has-post-thumbnail","hentry","category-fakultemizden","category-kultur-sanat","tag-gulsah-sonmez","tag-radyoiletisim"],"_links":{"self":[{"href":"https:\/\/iletim.istanbul.edu.tr\/index.php\/wp-json\/wp\/v2\/posts\/2442","targetHints":{"allow":["GET"]}}],"collection":[{"href":"https:\/\/iletim.istanbul.edu.tr\/index.php\/wp-json\/wp\/v2\/posts"}],"about":[{"href":"https:\/\/iletim.istanbul.edu.tr\/index.php\/wp-json\/wp\/v2\/types\/post"}],"author":[{"embeddable":true,"href":"https:\/\/iletim.istanbul.edu.tr\/index.php\/wp-json\/wp\/v2\/users\/14"}],"replies":[{"embeddable":true,"href":"https:\/\/iletim.istanbul.edu.tr\/index.php\/wp-json\/wp\/v2\/comments?post=2442"}],"version-history":[{"count":0,"href":"https:\/\/iletim.istanbul.edu.tr\/index.php\/wp-json\/wp\/v2\/posts\/2442\/revisions"}],"wp:featuredmedia":[{"embeddable":true,"href":"https:\/\/iletim.istanbul.edu.tr\/index.php\/wp-json\/wp\/v2\/media\/2445"}],"wp:attachment":[{"href":"https:\/\/iletim.istanbul.edu.tr\/index.php\/wp-json\/wp\/v2\/media?parent=2442"}],"wp:term":[{"taxonomy":"category","embeddable":true,"href":"https:\/\/iletim.istanbul.edu.tr\/index.php\/wp-json\/wp\/v2\/categories?post=2442"},{"taxonomy":"post_tag","embeddable":true,"href":"https:\/\/iletim.istanbul.edu.tr\/index.php\/wp-json\/wp\/v2\/tags?post=2442"}],"curies":[{"name":"wp","href":"https:\/\/api.w.org\/{rel}","templated":true}]}}