{"id":2448,"date":"2018-02-06T16:02:42","date_gmt":"2018-02-06T13:02:42","guid":{"rendered":"https:\/\/iletim.istanbul.edu.tr\/?p=2448"},"modified":"2018-03-07T10:23:34","modified_gmt":"2018-03-07T07:23:34","slug":"can-perincek-radyo-iletisimdeydi","status":"publish","type":"post","link":"https:\/\/iletim.istanbul.edu.tr\/index.php\/2018\/02\/06\/can-perincek-radyo-iletisimdeydi\/","title":{"rendered":"Can Perin\u00e7ek Radyo \u0130leti\u015fim&#8217;deydi"},"content":{"rendered":"<p><strong>Ya\u011fmur Ceren KURAL, Murat KASAP<\/strong><\/p>\n<p>Ya\u015fam Ko\u00e7u ve Spirit\u00fcel Dan\u0131\u015fman Can Perin\u00e7ek Radyo \u0130leti\u015fim\u2019in Radyo G\u00fcnl\u00fc\u011f\u00fc program\u0131na konuk oldu.<\/p>\n<p>Ya\u015fam ko\u00e7lu\u011fu yapmadan \u00f6nce bu alanda fark\u0131ndal\u0131k sahibi olmad\u0131\u011f\u0131n\u0131 belirten Perin\u00e7ek, i\u015finin b\u00fcy\u00fck bir k\u0131sm\u0131n\u0131n sosyal medyada oldu\u011funu s\u00f6yledi. Ortalama be\u015f y\u0131ld\u0131r insanlar\u0131n bilin\u00e7 d\u00fczeyini g\u00f6rebildi\u011fini kaydeden Perin\u00e7ek, \u201cBu alan o kadar s\u00f6m\u00fcr\u00fcye a\u00e7\u0131k bir alan ki kimin neyi do\u011fru s\u00f6yledi\u011fini bilemiyorsun\u201d \u015feklinde konu\u015ftu.<\/p>\n<p>Do\u011fal ta\u015flardan bahseden Perin\u00e7ek, \u201cBana g\u00f6re do\u011fal ta\u015flara do\u011fal denilmesinin nedeni evrende bulunan ger\u00e7ek bir \u015feydir. Onlara gidip para vermek yerine bir kumsala gidip ta\u015f toplamak da ayn\u0131 \u015feydir. O da do\u011fal ta\u015f ve do\u011fan\u0131n bir par\u00e7as\u0131 \u00e7\u00fcnk\u00fc. Hayatta her \u015fey enerjiden ibaretse o da par\u00e7alan\u0131p bir \u015fekil haline gelmi\u015f\u201d dedi.<\/p>\n<p><a href=\"http:\/\/ajansuniversite.istanbul.edu.tr\/wp-content\/uploads\/DSC1988-crop.jpg\"><img decoding=\"async\" class=\"alignnone size-large wp-image-47253\" src=\"http:\/\/ajansuniversite.istanbul.edu.tr\/wp-content\/uploads\/DSC1988-crop-630x374.jpg\" alt=\"_DSC1988-crop\" width=\"630\" height=\"374\" \/><\/a><\/p>\n<p>Hayattan beklentisinin genel insanl\u0131k ad\u0131na anlay\u0131\u015f oldu\u011funu dile getiren Perin\u00e7ek, \u201cKaliteli ya\u015faman\u0131n tek yolu ve tek \u00e7\u00f6z\u00fcm\u00fc hayattan ne istedi\u011finin bilincinde olmak ve kendinin bilincinde olmak. Onun do\u011frultusunda zaten kendinin fark\u0131nda olursan ad\u0131mlar\u0131n\u0131 ona g\u00f6re daha do\u011fru atars\u0131n, se\u00e7imlerini daha net yapars\u0131n. Bu da zaten sana kaliteli bir ya\u015fam\u0131 sunar\u201d \u015feklinde s\u00f6zlerine devam etti.<\/p>\n<p>\u00d6\u011frencilere tavsiyelerde bulunan Perin\u00e7ek, \u201cKimler hangi b\u00f6l\u00fcmde okuyorsa hi\u00e7bir zaman hi\u00e7bir \u015fey i\u00e7in ge\u00e7 de\u011fildir ne olursa olsun bulunduklar\u0131 b\u00f6l\u00fcm\u00fc ger\u00e7ekten isteyerek se\u00e7tiklerinden emin olsunlar. Kalbiniz ne istiyorsa onun pe\u015finden gidin \u00e7\u00fcnk\u00fc hayatta hi\u00e7bir \u015fey imkans\u0131z de\u011fil. \u0130\u00e7inizden ne geliyorsa, hayatta sizi ne mutlu ediyorsa onun pe\u015finden ko\u015fun\u201d diyerek konu\u015fmas\u0131n\u0131 noktalad\u0131.<\/p>\n","protected":false},"excerpt":{"rendered":"<p>Ya\u015fam Ko\u00e7u ve Spirit\u00fcel Dan\u0131\u015fman Can Perin\u00e7ek Radyo \u0130leti\u015fim\u2019in Radyo G\u00fcnl\u00fc\u011f\u00fc program\u0131na konuk oldu.<\/p>\n","protected":false},"author":14,"featured_media":2451,"comment_status":"open","ping_status":"open","sticky":false,"template":"","format":"standard","meta":{"jnews-multi-image_gallery":[],"jnews_single_post":[],"jnews_primary_category":[],"jnews_social_meta":[],"jnews_override_counter":[],"footnotes":""},"categories":[178,31],"tags":[100,99],"class_list":["post-2448","post","type-post","status-publish","format-standard","has-post-thumbnail","hentry","category-fakultemizden","category-teknoloji","tag-can-perincek","tag-radyoiletisim"],"_links":{"self":[{"href":"https:\/\/iletim.istanbul.edu.tr\/index.php\/wp-json\/wp\/v2\/posts\/2448","targetHints":{"allow":["GET"]}}],"collection":[{"href":"https:\/\/iletim.istanbul.edu.tr\/index.php\/wp-json\/wp\/v2\/posts"}],"about":[{"href":"https:\/\/iletim.istanbul.edu.tr\/index.php\/wp-json\/wp\/v2\/types\/post"}],"author":[{"embeddable":true,"href":"https:\/\/iletim.istanbul.edu.tr\/index.php\/wp-json\/wp\/v2\/users\/14"}],"replies":[{"embeddable":true,"href":"https:\/\/iletim.istanbul.edu.tr\/index.php\/wp-json\/wp\/v2\/comments?post=2448"}],"version-history":[{"count":0,"href":"https:\/\/iletim.istanbul.edu.tr\/index.php\/wp-json\/wp\/v2\/posts\/2448\/revisions"}],"wp:featuredmedia":[{"embeddable":true,"href":"https:\/\/iletim.istanbul.edu.tr\/index.php\/wp-json\/wp\/v2\/media\/2451"}],"wp:attachment":[{"href":"https:\/\/iletim.istanbul.edu.tr\/index.php\/wp-json\/wp\/v2\/media?parent=2448"}],"wp:term":[{"taxonomy":"category","embeddable":true,"href":"https:\/\/iletim.istanbul.edu.tr\/index.php\/wp-json\/wp\/v2\/categories?post=2448"},{"taxonomy":"post_tag","embeddable":true,"href":"https:\/\/iletim.istanbul.edu.tr\/index.php\/wp-json\/wp\/v2\/tags?post=2448"}],"curies":[{"name":"wp","href":"https:\/\/api.w.org\/{rel}","templated":true}]}}