{"id":24558,"date":"2025-01-09T17:59:03","date_gmt":"2025-01-09T14:59:03","guid":{"rendered":"https:\/\/iletim.istanbul.edu.tr\/?p=24558"},"modified":"2025-01-09T17:59:03","modified_gmt":"2025-01-09T14:59:03","slug":"sanatin-dongusu-beyoglunda","status":"publish","type":"post","link":"https:\/\/iletim.istanbul.edu.tr\/index.php\/2025\/01\/09\/sanatin-dongusu-beyoglunda\/","title":{"rendered":"Sanat\u0131n \u201cD\u00d6NG\u00dc\u201ds\u00fc Beyo\u011flu\u2019nda"},"content":{"rendered":"\n<p><strong><em>Muhabir \/ foto\u011fraf : Necmiye Tuncer<\/em><\/strong><br><em><strong>\u0130stanbul \u2013 (\u0130\u00dc Haber Merkezi)<\/strong><\/em><\/p>\n\n\n\n<p><strong><em>\u0130stiklal Sanat Galerisi, Marmara \u00dcniversitesi Heykel B\u00f6l\u00fcm\u00fc taraf\u0131ndan d\u00fczenlenen \u201cD\u00d6NG\u00dc\u201d sergisini sanatseverlerle bulu\u015fturdu.Marmara \u00dcniversitesi G\u00fczel Sanatlar Fak\u00fcltesi Heykel B\u00f6l\u00fcm\u00fc \u00d6\u011fretim \u00dcyesi Prof. Nil\u00fcfer Ergin Do\u011fruer\u00a0\u0130letim gazetesine konu\u015ftu.<\/em><\/strong><\/p>\n\n\n\n<p>A\u00e7\u0131l\u0131\u015f, Beyo\u011flu Belediye Ba\u015fkan\u0131 \u0130nan G\u00fcney, Prof. Nil\u00fcfer Ergin Do\u011fruer ve gen\u00e7 sanat\u00e7\u0131lar\u0131n kat\u0131l\u0131m\u0131yla 13 Aral\u0131k\u2019ta ger\u00e7ekle\u015ftirildi.\u00a010 Ocak tarihine kadar Beyo\u011flu \u0130stiklal Sanat galerisinde sergilenmeye devam edecek.<\/p>\n\n\n<div class=\"wp-block-image\">\n<figure class=\"alignleft size-large is-resized\"><img decoding=\"async\" width=\"2560\" height=\"1920\" src=\"https:\/\/iletim.istanbul.edu.tr\/wp-content\/uploads\/7c0a6fae-cc3c-475b-86e0-a7bdab2f7fb6-edited-scaled.jpeg\" alt=\"\" class=\"wp-image-24561\" style=\"width:351px;height:auto\" srcset=\"https:\/\/iletim.istanbul.edu.tr\/wp-content\/uploads\/7c0a6fae-cc3c-475b-86e0-a7bdab2f7fb6-edited-scaled.jpeg 2560w, https:\/\/iletim.istanbul.edu.tr\/wp-content\/uploads\/7c0a6fae-cc3c-475b-86e0-a7bdab2f7fb6-edited-300x225.jpeg 300w, https:\/\/iletim.istanbul.edu.tr\/wp-content\/uploads\/7c0a6fae-cc3c-475b-86e0-a7bdab2f7fb6-edited-1024x768.jpeg 1024w, https:\/\/iletim.istanbul.edu.tr\/wp-content\/uploads\/7c0a6fae-cc3c-475b-86e0-a7bdab2f7fb6-edited-768x576.jpeg 768w, https:\/\/iletim.istanbul.edu.tr\/wp-content\/uploads\/7c0a6fae-cc3c-475b-86e0-a7bdab2f7fb6-edited-1536x1152.jpeg 1536w, https:\/\/iletim.istanbul.edu.tr\/wp-content\/uploads\/7c0a6fae-cc3c-475b-86e0-a7bdab2f7fb6-edited-2048x1536.jpeg 2048w, https:\/\/iletim.istanbul.edu.tr\/wp-content\/uploads\/7c0a6fae-cc3c-475b-86e0-a7bdab2f7fb6-edited-750x563.jpeg 750w, https:\/\/iletim.istanbul.edu.tr\/wp-content\/uploads\/7c0a6fae-cc3c-475b-86e0-a7bdab2f7fb6-edited-1140x855.jpeg 1140w\" sizes=\"(max-width: 2560px) 100vw, 2560px\" \/><\/figure><\/div>\n\n\n<p><strong>Ama\u00e7 gen\u00e7 sanat\u00e7\u0131lar\u0131n \u00f6n\u00fcn\u00fc a\u00e7mak<\/strong><\/p>\n\n\n\n<p>\u201cHer \u015fehrin bir kalbi var.&nbsp;\u0130stanbul&#8217;un kalbi Beyo\u011flu, Beyo\u011flu&#8217;nun kalbi ise sanat.Sanatla&nbsp;atan bir kalbe sahip olmak ise paha&nbsp;bi\u00e7ilemez.\u201d diyen \u0130stiklal&nbsp;Sanat galerisinin amac\u0131 gen\u00e7 sanat\u00e7\u0131lar\u0131n \u00f6n\u00fcn\u00fc a\u00e7mak. Gen\u00e7 sanat\u00e7\u0131lar\u0131n eserlerini sergileme zorlu\u011funu a\u015fmak i\u00e7in bu galeriyi onlar\u0131n kullan\u0131m\u0131na sundu.<\/p>\n\n\n\n<p>D\u00f6ng\u00fc sergisinde&nbsp;lisans veya lisans\u00fcst\u00fc e\u011fitim s\u00fcrecinde yolu Marmara \u00dcniversitesi Heykel B\u00f6l\u00fcm\u00fc ile kesi\u015fmi\u015f 40 ya\u015f\u0131n\u0131 a\u015fmam\u0131\u015f&nbsp;18 heykelt\u0131ra\u015f\u0131n kendi yarat\u0131c\u0131l\u0131klar\u0131, fikirleri, duygular\u0131,&nbsp;farkl\u0131 malzeme, dil ve \u00fcsluplar\u0131yla ger\u00e7ekle\u015ftirdikleri&nbsp;eserleri yer al\u0131yor.&nbsp;Sergi d\u00fczenleyicili\u011fini Marmara \u00dcniversitesi Heykel B\u00f6l\u00fcm\u00fc Do\u00e7. Dr. Lale Altunel ve Dr.&nbsp;\u00d6\u011fr. \u00dcyesi U\u011fur Tankut \u00fcstlendi.<\/p>\n\n\n\n<p><strong>Sergide Yer Alan Sanat\u00e7\u0131lar<\/strong><\/p>\n\n\n\n<p>\u0130\u015fte sergide yer alan gen\u00e7 sanat\u00e7\u0131lar; Aleyna G\u00f6kdemir, Elif Aydo\u011fmu\u015f, Ay\u015fenur Alt\u0131nok, Burak \u00c7izer,&nbsp;Dil\u015fad&nbsp;Ak\u00e7ay\u00f6z, Bahad\u0131r&nbsp;H\u0131zol, Emrullah&nbsp;\u00d6r\u00fcnkl\u00fc, Halil&nbsp;Da\u015fkesen,&nbsp;\u00c7ela&nbsp;\u00d6zt\u00fcrk, Furkan&nbsp;Depeli, Tansu K\u0131rc\u0131, G\u00fcng\u00f6r Y\u00fcksel, P\u0131nar Y\u0131lmaz, \u0130pek Y\u00fccesoy, Ozan \u00d6lmez, Sanem Tufan, U\u011fur&nbsp;Cinel, Song\u00fcl Girgin.&nbsp;<\/p>\n\n\n\n<p>\u00d6\u011fretim \u00dcyesi Prof. Nil\u00fcfer Ergin Do\u011fruer sergi ve serginin haz\u0131rl\u0131k s\u00fcreci&nbsp;hakk\u0131ndaki sorular\u0131n\u0131&nbsp;cevaplad\u0131.<\/p>\n\n\n\n<p><strong>Projenin Ortaya \u00c7\u0131k\u0131\u015f\u0131<\/strong><\/p>\n\n\n\n<p>Prof. Nil\u00fcfer Ergin Do\u011fruer, serginin haz\u0131rl\u0131k s\u00fcreciyle ilgili konu\u015ftu:<\/p>\n\n\n\n<p>\u201cBeyo\u011flu Belediyesi\u2019nin \u0130stiklal Sanat Galerisi\u2019ni 40 ya\u015f alt\u0131 gen\u00e7 sanat\u00e7\u0131lara tahsis etti\u011fini \u00f6\u011frendik. Bu karar\u0131 \u00e7ok \u00f6nemli buldu\u011fumuz i\u00e7in projeler geli\u015ftirdik. \u0130lk olarak mezunlar\u0131m\u0131z\u0131n eserlerini i\u00e7eren D\u00f6ng\u00fc sergisi \u00f6nerisini sunduk. \u0130kinci sergimiz ise \u00f6\u011frencilerimizin eserlerinden olu\u015facak ve haziran ay\u0131nda d\u00fczenlenecek. Galerinin, Beyo\u011flu gibi k\u00fclt\u00fcr ve sanat\u0131n merkezinde yer almas\u0131 bizi ayr\u0131ca motive etti. Bu sergi, sanatla daha \u00f6nce tan\u0131\u015fmam\u0131\u015f kent sakinlerine ula\u015fma fikriyle \u015fekillendi. E\u011fitim anlay\u0131\u015f\u0131m\u0131z\u0131n bir uzant\u0131s\u0131 olarak bu t\u00fcr etkinlikler d\u00fczenliyoruz ve gen\u00e7 sanat\u00e7\u0131lar\u0131 desteklemeye devam edece\u011fiz.\u201d<\/p>\n\n\n<div class=\"wp-block-image\">\n<figure class=\"alignleft size-large is-resized\"><img decoding=\"async\" width=\"2560\" height=\"1920\" src=\"https:\/\/iletim.istanbul.edu.tr\/wp-content\/uploads\/13408027-5ffa-4168-9298-2abf6a3a3e48-edited-scaled.jpeg\" alt=\"\" class=\"wp-image-24563\" style=\"width:372px;height:auto\" srcset=\"https:\/\/iletim.istanbul.edu.tr\/wp-content\/uploads\/13408027-5ffa-4168-9298-2abf6a3a3e48-edited-scaled.jpeg 2560w, https:\/\/iletim.istanbul.edu.tr\/wp-content\/uploads\/13408027-5ffa-4168-9298-2abf6a3a3e48-edited-300x225.jpeg 300w, https:\/\/iletim.istanbul.edu.tr\/wp-content\/uploads\/13408027-5ffa-4168-9298-2abf6a3a3e48-edited-1024x768.jpeg 1024w, https:\/\/iletim.istanbul.edu.tr\/wp-content\/uploads\/13408027-5ffa-4168-9298-2abf6a3a3e48-edited-768x576.jpeg 768w, https:\/\/iletim.istanbul.edu.tr\/wp-content\/uploads\/13408027-5ffa-4168-9298-2abf6a3a3e48-edited-1536x1152.jpeg 1536w, https:\/\/iletim.istanbul.edu.tr\/wp-content\/uploads\/13408027-5ffa-4168-9298-2abf6a3a3e48-edited-2048x1536.jpeg 2048w, https:\/\/iletim.istanbul.edu.tr\/wp-content\/uploads\/13408027-5ffa-4168-9298-2abf6a3a3e48-edited-750x563.jpeg 750w, https:\/\/iletim.istanbul.edu.tr\/wp-content\/uploads\/13408027-5ffa-4168-9298-2abf6a3a3e48-edited-1140x855.jpeg 1140w\" sizes=\"(max-width: 2560px) 100vw, 2560px\" \/><\/figure><\/div>\n\n\n<p><strong>Serginin Haz\u0131rl\u0131k S\u00fcreci<\/strong><\/p>\n\n\n\n<p>Serginin haz\u0131rl\u0131klar\u0131, yaz d\u00f6neminde ba\u015flad\u0131. Prof. Do\u011fruer, sergi s\u00fcrecini \u015fu&nbsp;s\u00f6zlerle anlatt\u0131:<\/p>\n\n\n\n<p>\u201cGaleriye davet edilerek mek\u00e2n\u0131n gen\u00e7 sanat\u00e7\u0131lara a\u00e7\u0131laca\u011f\u0131n\u0131n bildirilmesiyle \u00e7al\u0131\u015fmalara ba\u015flad\u0131k. Galerinin fiziki ko\u015fullar\u0131n\u0131 inceleyerek eser se\u00e7imlerini ve yerle\u015ftirme planlar\u0131n\u0131 olu\u015fturduk. Bu s\u00fcre\u00e7te gen\u00e7 sanat\u00e7\u0131lar\u0131m\u0131zla b\u00fcy\u00fck bir uyum i\u00e7inde \u00e7al\u0131\u015ft\u0131k. Eserler, hem sergi mek\u00e2n\u0131na uygunluk hem de sanat\u00e7\u0131lar\u0131n \u00fcretimlerini temsil etme&nbsp;kriterlerine&nbsp;g\u00f6re se\u00e7ildi.\u201d<\/p>\n\n\n\n<p><br><\/p>\n\n\n\n<p><strong>Eserlerin Belirlenmesi<\/strong><\/p>\n\n\n\n<p>Prof. Nil\u00fcfer Ergin Do\u011fruer, eserlerin&nbsp;<a><\/a>se\u00e7im s\u00fcrecini hakk\u0131nda:<\/p>\n\n\n\n<p>\u201c40 ya\u015f alt\u0131ndaki aktif sanat\u00e7\u0131lara ula\u015ft\u0131k ve sergi fikrimizi payla\u015ft\u0131k. Kat\u0131lmay\u0131 kabul eden sanat\u00e7\u0131lardan birden fazla heykel \u00f6nerisi ald\u0131k. Lale ve U\u011fur, bu \u00f6neriler aras\u0131ndan, sanat\u00e7\u0131n\u0131n bi\u00e7imsel anlay\u0131\u015f\u0131 ve malzeme se\u00e7imlerine g\u00f6re heykelleri se\u00e7erek sergiyi olu\u015fturdu. Galerinin fiziki yap\u0131s\u0131 g\u00f6z \u00f6n\u00fcnde bulundurularak b\u00fcy\u00fck yerine orta boy heykeller tercih edildi. Eserlerin bir k\u0131sm\u0131 daha \u00f6nce \u00fcretilmi\u015f, baz\u0131lar\u0131 ise \u00f6zel olarak bu sergi i\u00e7in yap\u0131ld\u0131.\u201d<\/p>\n\n\n\n<p><strong>Gen\u00e7 Sanat\u00e7\u0131lara Mesaj<\/strong><\/p>\n\n\n\n<p>Prof. Do\u011fruer, gen\u00e7 sanat\u00e7\u0131lara ve sanata destek olmak isteyenlere \u015fu mesaj\u0131 iletti:<\/p>\n\n\n\n<p>\u201cHeykel sanat\u0131, \u00fcretiminin teknik \u00f6zellikleri nedeniyle di\u011fer sanat dallar\u0131ndan ayr\u0131l\u0131r. Gen\u00e7 sanat\u00e7\u0131lar\u0131n \u00fcretimlerini s\u00fcrd\u00fcrebilmeleri i\u00e7in donan\u0131ml\u0131 at\u00f6lyelere ihtiya\u00e7 var.&nbsp;Yerel y\u00f6netimlerin bu alanda at\u00f6lye deste\u011fi sa\u011flamas\u0131 \u00e7ok \u00f6nemli.&nbsp;Sanata destek vermek isteyen herkesin gen\u00e7 sanat\u00e7\u0131lara alan a\u00e7mas\u0131, onlar\u0131n yarat\u0131c\u0131l\u0131\u011f\u0131n\u0131 g\u00fc\u00e7lendirecektir.\u201d<\/p>\n\n\n<div class=\"wp-block-image\">\n<figure class=\"alignleft size-large is-resized\"><img decoding=\"async\" width=\"2560\" height=\"2560\" src=\"https:\/\/iletim.istanbul.edu.tr\/wp-content\/uploads\/2194a964-7433-49ce-88e6-bf8a45324c0e-edited-scaled.jpeg\" alt=\"\" class=\"wp-image-24565\" style=\"width:332px;height:auto\" srcset=\"https:\/\/iletim.istanbul.edu.tr\/wp-content\/uploads\/2194a964-7433-49ce-88e6-bf8a45324c0e-edited-scaled.jpeg 2560w, https:\/\/iletim.istanbul.edu.tr\/wp-content\/uploads\/2194a964-7433-49ce-88e6-bf8a45324c0e-edited-300x300.jpeg 300w, https:\/\/iletim.istanbul.edu.tr\/wp-content\/uploads\/2194a964-7433-49ce-88e6-bf8a45324c0e-edited-1024x1024.jpeg 1024w, https:\/\/iletim.istanbul.edu.tr\/wp-content\/uploads\/2194a964-7433-49ce-88e6-bf8a45324c0e-edited-150x150.jpeg 150w, https:\/\/iletim.istanbul.edu.tr\/wp-content\/uploads\/2194a964-7433-49ce-88e6-bf8a45324c0e-edited-768x768.jpeg 768w, https:\/\/iletim.istanbul.edu.tr\/wp-content\/uploads\/2194a964-7433-49ce-88e6-bf8a45324c0e-edited-1536x1536.jpeg 1536w, https:\/\/iletim.istanbul.edu.tr\/wp-content\/uploads\/2194a964-7433-49ce-88e6-bf8a45324c0e-edited-2048x2048.jpeg 2048w, https:\/\/iletim.istanbul.edu.tr\/wp-content\/uploads\/2194a964-7433-49ce-88e6-bf8a45324c0e-edited-24x24.jpeg 24w, https:\/\/iletim.istanbul.edu.tr\/wp-content\/uploads\/2194a964-7433-49ce-88e6-bf8a45324c0e-edited-48x48.jpeg 48w, https:\/\/iletim.istanbul.edu.tr\/wp-content\/uploads\/2194a964-7433-49ce-88e6-bf8a45324c0e-edited-96x96.jpeg 96w, https:\/\/iletim.istanbul.edu.tr\/wp-content\/uploads\/2194a964-7433-49ce-88e6-bf8a45324c0e-edited-75x75.jpeg 75w, https:\/\/iletim.istanbul.edu.tr\/wp-content\/uploads\/2194a964-7433-49ce-88e6-bf8a45324c0e-edited-350x350.jpeg 350w, https:\/\/iletim.istanbul.edu.tr\/wp-content\/uploads\/2194a964-7433-49ce-88e6-bf8a45324c0e-edited-750x750.jpeg 750w, https:\/\/iletim.istanbul.edu.tr\/wp-content\/uploads\/2194a964-7433-49ce-88e6-bf8a45324c0e-edited-1140x1140.jpeg 1140w\" sizes=\"(max-width: 2560px) 100vw, 2560px\" \/><\/figure><\/div>\n\n\n<p><strong>Sanat ve \u0130leti\u015fim<\/strong><\/p>\n\n\n\n<p>\u201cD\u00f6ng\u00fc\u201d sergisi, sadece gen\u00e7 heykelt\u0131ra\u015flar\u0131 de\u011fil, sanatla ilgilenen t\u00fcm gen\u00e7 ku\u015faklar\u0131 bir araya getiriyor. Prof. Do\u011fruer, sanat\u0131n yayg\u0131nla\u015fmas\u0131nda ileti\u015fimcilerin rol\u00fcne dikkat \u00e7ekerek \u015funlar\u0131 ekledi:<\/p>\n\n\n\n<p>\u201cSizin gibi gen\u00e7 gazeteciler ve ileti\u015fimciler, sanat haberlerinin bilin\u00e7li bir \u015fekilde yay\u0131lmas\u0131n\u0131 sa\u011flayarak bu d\u00f6ng\u00fcy\u00fc tamaml\u0131yor. Medyada sanat\u0131n daha fazla yer bulmas\u0131, sanat \u00fcretimini de olumlu y\u00f6nde etkiliyor.\u201d<\/p>\n\n\n\n<p><\/p>\n","protected":false},"excerpt":{"rendered":"<p>Muhabir \/ foto\u011fraf : Necmiye Tuncer\u0130stanbul \u2013 (\u0130\u00dc Haber Merkezi) \u0130stiklal Sanat Galerisi, Marmara \u00dcniversitesi Heykel B\u00f6l\u00fcm\u00fc taraf\u0131ndan d\u00fczenlenen \u201cD\u00d6NG\u00dc\u201d sergisini sanatseverlerle bulu\u015fturdu.Marmara \u00dcniversitesi G\u00fczel Sanatlar Fak\u00fcltesi Heykel B\u00f6l\u00fcm\u00fc \u00d6\u011fretim \u00dcyesi Prof. Nil\u00fcfer Ergin Do\u011fruer\u00a0\u0130letim gazetesine konu\u015ftu. A\u00e7\u0131l\u0131\u015f, Beyo\u011flu Belediye Ba\u015fkan\u0131 \u0130nan G\u00fcney, Prof. Nil\u00fcfer Ergin Do\u011fruer ve gen\u00e7 sanat\u00e7\u0131lar\u0131n kat\u0131l\u0131m\u0131yla 13 Aral\u0131k\u2019ta ger\u00e7ekle\u015ftirildi.\u00a010 Ocak [&hellip;]<\/p>\n","protected":false},"author":14,"featured_media":24559,"comment_status":"closed","ping_status":"open","sticky":false,"template":"","format":"standard","meta":{"jnews-multi-image_gallery":[],"jnews_single_post":{"format":"standard"},"jnews_primary_category":[],"jnews_social_meta":[],"jnews_override_counter":[],"footnotes":""},"categories":[30,2348],"tags":[3240],"class_list":["post-24558","post","type-post","status-publish","format-standard","has-post-thumbnail","hentry","category-kultur-sanat","category-manset-yani","tag-dongu-sergisi"],"_links":{"self":[{"href":"https:\/\/iletim.istanbul.edu.tr\/index.php\/wp-json\/wp\/v2\/posts\/24558","targetHints":{"allow":["GET"]}}],"collection":[{"href":"https:\/\/iletim.istanbul.edu.tr\/index.php\/wp-json\/wp\/v2\/posts"}],"about":[{"href":"https:\/\/iletim.istanbul.edu.tr\/index.php\/wp-json\/wp\/v2\/types\/post"}],"author":[{"embeddable":true,"href":"https:\/\/iletim.istanbul.edu.tr\/index.php\/wp-json\/wp\/v2\/users\/14"}],"replies":[{"embeddable":true,"href":"https:\/\/iletim.istanbul.edu.tr\/index.php\/wp-json\/wp\/v2\/comments?post=24558"}],"version-history":[{"count":0,"href":"https:\/\/iletim.istanbul.edu.tr\/index.php\/wp-json\/wp\/v2\/posts\/24558\/revisions"}],"wp:featuredmedia":[{"embeddable":true,"href":"https:\/\/iletim.istanbul.edu.tr\/index.php\/wp-json\/wp\/v2\/media\/24559"}],"wp:attachment":[{"href":"https:\/\/iletim.istanbul.edu.tr\/index.php\/wp-json\/wp\/v2\/media?parent=24558"}],"wp:term":[{"taxonomy":"category","embeddable":true,"href":"https:\/\/iletim.istanbul.edu.tr\/index.php\/wp-json\/wp\/v2\/categories?post=24558"},{"taxonomy":"post_tag","embeddable":true,"href":"https:\/\/iletim.istanbul.edu.tr\/index.php\/wp-json\/wp\/v2\/tags?post=24558"}],"curies":[{"name":"wp","href":"https:\/\/api.w.org\/{rel}","templated":true}]}}