{"id":24568,"date":"2025-01-10T18:33:37","date_gmt":"2025-01-10T15:33:37","guid":{"rendered":"https:\/\/iletim.istanbul.edu.tr\/?p=24568"},"modified":"2025-01-10T19:08:13","modified_gmt":"2025-01-10T16:08:13","slug":"10-ocak-calisan-gazeteciler-gunu-kutlu-olsun-3","status":"publish","type":"post","link":"https:\/\/iletim.istanbul.edu.tr\/index.php\/2025\/01\/10\/10-ocak-calisan-gazeteciler-gunu-kutlu-olsun-3\/","title":{"rendered":"10 Ocak \u00c7al\u0131\u015fan Gazeteciler G\u00fcn\u00fc Kutlu Olsun"},"content":{"rendered":"\n<p><strong><em>Muhabir: S\u00fcmeyye Akta\u015f-Hatice D\u00fcz<\/em><\/strong><\/p>\n\n\n\n<p><strong><em>Edit\u00f6r: Zehra Nur Altun<\/em><\/strong><\/p>\n\n\n\n<p><strong><em>\u0130stanbul \u2013 (\u0130\u00dc Haber Merkezi)<\/em><\/strong><\/p>\n\n\n\n<p><strong><em>Sports TV muhabiri Livanur Engin ve CNN T\u00fcrk edit\u00f6r\u00fc Mariye Ekinci, Gazetecilerin hak m\u00fccadelelerini simgeleyen 10 Ocak \u00c7al\u0131\u015fan Gazeteciler G\u00fcn\u00fc\u2019n\u00fcn 48. y\u0131l d\u00f6n\u00fcm\u00fcne \u00f6zel \u0130letim Gazetesi\u2018ne konu\u015ftu.<\/em><\/strong><br><\/p>\n\n\n\n<p>Bas\u0131n \u00e7al\u0131\u015fanlar\u0131na \u00f6nemli haklar ve yasal g\u00fcvenceler sa\u011flayan Bas\u0131n \u0130\u015f Kanunu, 4 Ocak 1961\u2019de Resm\u00ee Gazete\u2019de yay\u0131mland\u0131. Ancak, 9 gazete patronu, 212 say\u0131l\u0131 yasaya ve Bas\u0131n \u0130lan Kurumu\u2019nun olu\u015fmas\u0131na ili\u015fkin yasaya kar\u015f\u0131 \u00e7\u0131karak yay\u0131mlad\u0131klar\u0131 bildiriyle gazetelerini 3 g\u00fcn s\u00fcreyle kapatm\u0131\u015ft\u0131. Bas\u0131n tarihine \u201c9 Patron Olay\u0131\u201d olarak ge\u00e7en bu 3 g\u00fcnl\u00fck gazete kapatma boykotu, gazetecilerin patronlar kar\u015f\u0131s\u0131ndaki i\u015f haklar\u0131 m\u00fccadelesinde \u00f6nemli bir olay olarak tarihe ge\u00e7ti.<\/p>\n\n\n\n<p><br>\u0130stanbul Gazeteciler Sendikas\u0131 Y\u00f6netim Kurulu, 9 gazete patronunun yay\u0131n durdurma karar\u0131 ile yaratt\u0131\u011f\u0131 bo\u015flu\u011fu doldurmak i\u00e7in \u201cBas\u0131n\u201d isimli bir gazete \u00e7\u0131kard\u0131. Bas\u0131n Gazetesi, 3 g\u00fcn boyunca yay\u0131mlanmaya devam etti. \u0130stanbul Gazeteciler Sendikas\u0131, bu g\u00fcn\u00fc 10 Ocak \u00c7al\u0131\u015fan Gazeteciler Bayram\u0131 olarak anmaya ba\u015flad\u0131. Ancak, 1971\u2019de \u201cbayram\u201d kelimesi de\u011fi\u015ftirilerek, 10 Ocak \u00c7al\u0131\u015fan Gazeteciler G\u00fcn\u00fc olarak kutlanmaya ba\u015fland\u0131.<\/p>\n\n\n<div class=\"wp-block-image\">\n<figure class=\"alignleft size-large is-resized\"><img decoding=\"async\" width=\"1024\" height=\"768\" src=\"https:\/\/iletim.istanbul.edu.tr\/wp-content\/uploads\/whatsapp-image-2024-12-30-at-140007-1-1024x768.jpeg\" alt=\"\" class=\"wp-image-24578\" style=\"width:326px;height:auto\" srcset=\"https:\/\/iletim.istanbul.edu.tr\/wp-content\/uploads\/whatsapp-image-2024-12-30-at-140007-1-1024x768.jpeg 1024w, https:\/\/iletim.istanbul.edu.tr\/wp-content\/uploads\/whatsapp-image-2024-12-30-at-140007-1-300x225.jpeg 300w, https:\/\/iletim.istanbul.edu.tr\/wp-content\/uploads\/whatsapp-image-2024-12-30-at-140007-1-768x576.jpeg 768w, https:\/\/iletim.istanbul.edu.tr\/wp-content\/uploads\/whatsapp-image-2024-12-30-at-140007-1-1536x1152.jpeg 1536w, https:\/\/iletim.istanbul.edu.tr\/wp-content\/uploads\/whatsapp-image-2024-12-30-at-140007-1-750x563.jpeg 750w, https:\/\/iletim.istanbul.edu.tr\/wp-content\/uploads\/whatsapp-image-2024-12-30-at-140007-1-1140x855.jpeg 1140w, https:\/\/iletim.istanbul.edu.tr\/wp-content\/uploads\/whatsapp-image-2024-12-30-at-140007-1.jpeg 2048w\" sizes=\"(max-width: 1024px) 100vw, 1024px\" \/><\/figure><\/div>\n\n\n<p><strong><em>\u201cGeceli g\u00fcnd\u00fczl\u00fc \u00e7al\u0131\u015fan gazeteciler i\u00e7in anlaml\u0131 bir g\u00fcn\u201d<br><\/em><\/strong>CNN T\u00fcrk haber edit\u00f6r\u00fc Mariye Ekinci, 10 Ocak \u00c7al\u0131\u015fan Gazeteciler G\u00fcn\u00fc\u2019n\u00fcn, di\u011fer meslek gruplar\u0131nda kutlanan \u00f6zel g\u00fcnlerde oldu\u011fu gibi onurland\u0131rma niteli\u011fi ta\u015f\u0131mas\u0131 gerekti\u011fini s\u00f6yledi. Ekinci s\u00f6zlerine \u201cGeceli g\u00fcnd\u00fczl\u00fc \u00e7al\u0131\u015fan gazeteciler i\u00e7in anlaml\u0131 bir g\u00fcn\u201d \u015feklinde devam etti. Ekinci, Gazetecilere tan\u0131nan Bas\u0131n kart\u0131 gibi haklar\u0131n yeterli olmad\u0131\u011f\u0131n\u0131 ve olmas\u0131 gereken haklar\u0131n verildi\u011finde gazetecilik mesle\u011finin de verimlili\u011finin artaca\u011f\u0131n\u0131n alt\u0131n\u0131 \u00e7izdi.<\/p>\n\n\n<div class=\"wp-block-image\">\n<figure class=\"alignright size-large is-resized\"><img decoding=\"async\" width=\"1365\" height=\"1024\" src=\"https:\/\/iletim.istanbul.edu.tr\/wp-content\/uploads\/whatsapp-image-2024-12-30-at-140011-1-edited.jpeg\" alt=\"\" class=\"wp-image-24580\" style=\"width:323px;height:auto\" srcset=\"https:\/\/iletim.istanbul.edu.tr\/wp-content\/uploads\/whatsapp-image-2024-12-30-at-140011-1-edited.jpeg 1365w, https:\/\/iletim.istanbul.edu.tr\/wp-content\/uploads\/whatsapp-image-2024-12-30-at-140011-1-edited-300x225.jpeg 300w, https:\/\/iletim.istanbul.edu.tr\/wp-content\/uploads\/whatsapp-image-2024-12-30-at-140011-1-edited-1024x768.jpeg 1024w, https:\/\/iletim.istanbul.edu.tr\/wp-content\/uploads\/whatsapp-image-2024-12-30-at-140011-1-edited-768x576.jpeg 768w, https:\/\/iletim.istanbul.edu.tr\/wp-content\/uploads\/whatsapp-image-2024-12-30-at-140011-1-edited-750x563.jpeg 750w, https:\/\/iletim.istanbul.edu.tr\/wp-content\/uploads\/whatsapp-image-2024-12-30-at-140011-1-edited-1140x855.jpeg 1140w\" sizes=\"(max-width: 1365px) 100vw, 1365px\" \/><\/figure><\/div>\n\n\n<p><br><strong><em>Gazetecili\u011fin Dijitale D\u00f6n\u00fc\u015f\u00fcm\u00fc<br><\/em><\/strong>Mesle\u011fin dijitale d\u00f6n\u00fc\u015f\u00fcm\u00fc hakk\u0131nda konu\u015fan Ekinci, \u201cGazetecilik, dijital d\u00fcnyada varl\u0131\u011f\u0131n\u0131 s\u00fcrd\u00fcrebilmek i\u00e7in eski pratiklerini geride b\u0131rak\u0131yor ve internet gazetecili\u011finin gereksinimlerine uygun olarak d\u00f6n\u00fc\u015f\u00fcyor.\u201d dedi. Ekinci, dijital mecralarda bir\u00e7ok yetiye sahip olunmas\u0131 beklense de mesle\u011fe yeni ba\u015flayan bireyler i\u00e7in kategorisel anlamda herhangi bir alanda uzmanla\u015fman\u0131n ,i\u015f hayat\u0131nda \u00f6ne \u00e7\u0131kmak i\u00e7in \u00f6nemli oldu\u011funu hat\u0131rlatt\u0131.<\/p>\n\n\n\n<p><br><\/p>\n\n\n\n<p><\/p>\n\n\n\n<p><strong><em>\u201c\u0130nsanl\u0131\u011f\u0131n Sonuna Kadar Devam Edecek Tek \u015eey, Kamuoyunu Bilgilendirmektir\u2019\u2019<\/em><\/strong><\/p>\n\n\n<div class=\"wp-block-image\">\n<figure class=\"alignleft size-large is-resized\"><img decoding=\"async\" width=\"1024\" height=\"683\" src=\"https:\/\/iletim.istanbul.edu.tr\/wp-content\/uploads\/img-6009-2-1024x683.jpg\" alt=\"\" class=\"wp-image-24586\" style=\"width:398px;height:auto\" srcset=\"https:\/\/iletim.istanbul.edu.tr\/wp-content\/uploads\/img-6009-2-1024x683.jpg 1024w, https:\/\/iletim.istanbul.edu.tr\/wp-content\/uploads\/img-6009-2-300x200.jpg 300w, https:\/\/iletim.istanbul.edu.tr\/wp-content\/uploads\/img-6009-2-768x512.jpg 768w, https:\/\/iletim.istanbul.edu.tr\/wp-content\/uploads\/img-6009-2-1536x1024.jpg 1536w, https:\/\/iletim.istanbul.edu.tr\/wp-content\/uploads\/img-6009-2-2048x1365.jpg 2048w, https:\/\/iletim.istanbul.edu.tr\/wp-content\/uploads\/img-6009-2-750x500.jpg 750w, https:\/\/iletim.istanbul.edu.tr\/wp-content\/uploads\/img-6009-2-1140x760.jpg 1140w\" sizes=\"(max-width: 1024px) 100vw, 1024px\" \/><\/figure><\/div>\n\n\n<p><\/p>\n\n\n\n<p>\u0130stanbul \u00dcniversitesi \u0130leti\u015fim Fak\u00fcltesi mezunu ve Sports TV muhabiri Livanur Engin, \u201dGazetecilik d\u0131\u015far\u0131dan bak\u0131ld\u0131\u011f\u0131 kadar kolay de\u011fil. Herkes gazetecili\u011fin getirdi\u011fi sorumlulu\u011fu ta\u015f\u0131yamaz.\u201d dedi. Zorluklar\u0131n hat\u0131rlanmas\u0131n\u0131n gazeteciler i\u00e7in motive edici oldu\u011funu s\u00f6yleyen Engin, gazetecilere tan\u0131nan haklar\u0131n g\u00fcn\u00fcm\u00fcze oranla ge\u00e7mi\u015fte kald\u0131\u011f\u0131n\u0131 ve bu haklar\u0131n sekt\u00f6rde her yerde sa\u011flanmad\u0131\u011f\u0131n\u0131 da ifade etti. \u00c7ok iyi olmayan \u015fartlar\u0131n gazetecilerin \u00e7abalar\u0131yla iyile\u015ftirilebilece\u011fini bildiren Engin, h\u0131z ve an\u0131n egemenli\u011fini s\u00fcrd\u00fc\u011f\u00fc bu d\u00f6nemde konvansiyonel gazetecili\u011fe oranla dijital gazetecili\u011fin \u00f6ne ge\u00e7ti\u011fini kaydetti. Engin, gazetecili\u011fin devaml\u0131 d\u00f6n\u00fc\u015ft\u00fc\u011f\u00fcn\u00fc ancak gazetecili\u011fin en \u00f6nemli unsurlar\u0131ndan 5N-1K&#8217;n\u0131n sabit kald\u0131\u011f\u0131n\u0131 s\u00f6yledi. Engin, s\u00f6zlerini \u201cGazetecilik de objektif g\u00f6r\u00fc\u015f \u00f6nemli, bu objektiflik ancak meslek eti\u011fini ki\u015fisel g\u00f6r\u00fc\u015flerin \u00fczerinde tutarak sa\u011flanabilir\u201d \u015feklinde noktalad\u0131.<\/p>\n\n\n<div class=\"wp-block-image\">\n<figure class=\"aligncenter size-large is-resized\"><img decoding=\"async\" width=\"1024\" height=\"683\" src=\"https:\/\/iletim.istanbul.edu.tr\/wp-content\/uploads\/img-6025-2-1024x683.jpg\" alt=\"\" class=\"wp-image-24587\" style=\"width:491px;height:auto\" srcset=\"https:\/\/iletim.istanbul.edu.tr\/wp-content\/uploads\/img-6025-2-1024x683.jpg 1024w, https:\/\/iletim.istanbul.edu.tr\/wp-content\/uploads\/img-6025-2-300x200.jpg 300w, https:\/\/iletim.istanbul.edu.tr\/wp-content\/uploads\/img-6025-2-768x512.jpg 768w, https:\/\/iletim.istanbul.edu.tr\/wp-content\/uploads\/img-6025-2-1536x1024.jpg 1536w, https:\/\/iletim.istanbul.edu.tr\/wp-content\/uploads\/img-6025-2-2048x1365.jpg 2048w, https:\/\/iletim.istanbul.edu.tr\/wp-content\/uploads\/img-6025-2-750x500.jpg 750w, https:\/\/iletim.istanbul.edu.tr\/wp-content\/uploads\/img-6025-2-1140x760.jpg 1140w\" sizes=\"(max-width: 1024px) 100vw, 1024px\" \/><\/figure><\/div>\n\n\n<p><\/p>\n\n\n\n<p><\/p>\n","protected":false},"excerpt":{"rendered":"<p>Muhabir: S\u00fcmeyye Akta\u015f-Hatice D\u00fcz Edit\u00f6r: Zehra Nur Altun \u0130stanbul \u2013 (\u0130\u00dc Haber Merkezi) Sports TV muhabiri Livanur Engin ve CNN T\u00fcrk edit\u00f6r\u00fc Mariye Ekinci, Gazetecilerin hak m\u00fccadelelerini simgeleyen 10 Ocak \u00c7al\u0131\u015fan Gazeteciler G\u00fcn\u00fc\u2019n\u00fcn 48. y\u0131l d\u00f6n\u00fcm\u00fcne \u00f6zel \u0130letim Gazetesi\u2018ne konu\u015ftu. Bas\u0131n \u00e7al\u0131\u015fanlar\u0131na \u00f6nemli haklar ve yasal g\u00fcvenceler sa\u011flayan Bas\u0131n \u0130\u015f Kanunu, 4 Ocak 1961\u2019de Resm\u00ee [&hellip;]<\/p>\n","protected":false},"author":14,"featured_media":24582,"comment_status":"closed","ping_status":"open","sticky":false,"template":"","format":"standard","meta":{"jnews-multi-image_gallery":[],"jnews_single_post":{"format":"standard","override":[{"template":"1","parallax":"1","fullscreen":"1","layout":"double-sidebar","sidebar":"single-left","second_sidebar":"default-sidebar","sticky_sidebar":"1","share_position":"top","share_float_style":"share-monocrhome","show_share_counter":"1","show_view_counter":"1","show_featured":"1","show_post_meta":"1","show_post_author":"1","show_post_author_image":"1","show_post_date":"1","post_date_format":"default","post_date_format_custom":"Y\/m\/d","show_post_category":"1","post_reading_time_wpm":"300","post_calculate_word_method":"str_word_count","zoom_button_out_step":"2","zoom_button_in_step":"3","show_post_tag":"1","show_prev_next_post":"1","show_popup_post":"1","number_popup_post":"1","show_post_related":"0","show_inline_post_related":"1"}],"image_override":[{"single_post_thumbnail_size":"crop-500","single_post_gallery_size":"crop-500"}],"trending_post_position":"meta","trending_post_label":"Trending","sponsored_post_label":"Sponsored by","disable_ad":"0"},"jnews_primary_category":[],"jnews_social_meta":[],"jnews_override_counter":{"view_counter_number":"0","share_counter_number":"0","like_counter_number":"0","dislike_counter_number":"0"},"footnotes":""},"categories":[25,1,159,28,34,178,30,2348,35],"tags":[300,40,410,43,148,52],"class_list":["post-24568","post","type-post","status-publish","format-standard","has-post-thumbnail","hentry","category-egitim","category-genel","category-sag-manset","category-istanbul","category-universite","category-fakultemizden","category-kultur-sanat","category-manset-yani","category-yasam","tag-iletim","tag-iletisim-fakultesi","tag-istanbul","tag-istanbul-universitesi","tag-istanbul-universitesi-iletisim-fakultesi","tag-iu-iletisim-fakultesi"],"_links":{"self":[{"href":"https:\/\/iletim.istanbul.edu.tr\/index.php\/wp-json\/wp\/v2\/posts\/24568","targetHints":{"allow":["GET"]}}],"collection":[{"href":"https:\/\/iletim.istanbul.edu.tr\/index.php\/wp-json\/wp\/v2\/posts"}],"about":[{"href":"https:\/\/iletim.istanbul.edu.tr\/index.php\/wp-json\/wp\/v2\/types\/post"}],"author":[{"embeddable":true,"href":"https:\/\/iletim.istanbul.edu.tr\/index.php\/wp-json\/wp\/v2\/users\/14"}],"replies":[{"embeddable":true,"href":"https:\/\/iletim.istanbul.edu.tr\/index.php\/wp-json\/wp\/v2\/comments?post=24568"}],"version-history":[{"count":0,"href":"https:\/\/iletim.istanbul.edu.tr\/index.php\/wp-json\/wp\/v2\/posts\/24568\/revisions"}],"wp:featuredmedia":[{"embeddable":true,"href":"https:\/\/iletim.istanbul.edu.tr\/index.php\/wp-json\/wp\/v2\/media\/24582"}],"wp:attachment":[{"href":"https:\/\/iletim.istanbul.edu.tr\/index.php\/wp-json\/wp\/v2\/media?parent=24568"}],"wp:term":[{"taxonomy":"category","embeddable":true,"href":"https:\/\/iletim.istanbul.edu.tr\/index.php\/wp-json\/wp\/v2\/categories?post=24568"},{"taxonomy":"post_tag","embeddable":true,"href":"https:\/\/iletim.istanbul.edu.tr\/index.php\/wp-json\/wp\/v2\/tags?post=24568"}],"curies":[{"name":"wp","href":"https:\/\/api.w.org\/{rel}","templated":true}]}}