{"id":24616,"date":"2025-01-22T22:59:21","date_gmt":"2025-01-22T19:59:21","guid":{"rendered":"https:\/\/iletim.istanbul.edu.tr\/?p=24616"},"modified":"2025-01-22T23:24:42","modified_gmt":"2025-01-22T20:24:42","slug":"ebru-sanatinin-izinde-dokusu-sanat-atolyesi","status":"publish","type":"post","link":"https:\/\/iletim.istanbul.edu.tr\/index.php\/2025\/01\/22\/ebru-sanatinin-izinde-dokusu-sanat-atolyesi\/","title":{"rendered":"Ebru Sanat\u0131n\u0131n \u0130zinde: Dokusu Sanat At\u00f6lyesi\u00a0"},"content":{"rendered":"\n<p><strong><em>Muhabir: Sena Sand\u0131k\u00e7\u0131<\/em><\/strong><\/p>\n\n\n\n<p><strong><em>Foto\u011fraf: Melek \u00d6zt\u00fcrk, Elif K\u00f6ys\u00fcren<\/em><\/strong><\/p>\n\n\n\n<p><strong><em>Edit\u00f6r: \u00d6zg\u00fcr Recep Kocao\u011flu<\/em><\/strong><\/p>\n\n\n\n<p><em><strong>\u0130stanbul &#8211;&nbsp;(\u0130\u00dc Haber&nbsp;Merkezi)<\/strong>&nbsp;<\/em><\/p>\n\n\n\n<p><strong><em>K\u00fclt\u00fcr ve Turizm Bakanl\u0131\u011f\u0131ndan&nbsp;\u00f6d\u00fcller alan ebru sanat\u00e7\u0131s\u0131 Fatih Ye\u015fil deneyimlerini \u0130letim gazetesiyle payla\u015ft\u0131.<\/em><\/strong><\/p>\n\n\n\n<p>Dokusu Sanat\u2019\u0131n kurucusu&nbsp;ve&nbsp;ebru sanat\u00e7\u0131s\u0131&nbsp;Fatih Ye\u015fil geleneksel ebru sanat\u0131n\u0131 hayat\u0131na nas\u0131l d\u00e2hil etti\u011fini, deneyimlerini ve sanat anlay\u0131\u015f\u0131n\u0131&nbsp;\u0130letim gazetesi ile&nbsp;payla\u015ft\u0131. Ye\u015fil,&nbsp;ebru ve hat sanatlar\u0131n\u0131n ge\u00e7mi\u015fini, bu sanatlar\u0131n k\u00fclt\u00fcrel ve ruhsal derinli\u011fini, sanat yolculu\u011funun k\u0131r\u0131lma noktalar\u0131n\u0131 ve bu sanatlar\u0131n gelece\u011fi hakk\u0131ndaki g\u00f6r\u00fc\u015flerini anlatt\u0131.<\/p>\n\n\n<div class=\"wp-block-image\">\n<figure class=\"alignleft size-large is-resized\"><img decoding=\"async\" width=\"989\" height=\"989\" src=\"https:\/\/iletim.istanbul.edu.tr\/wp-content\/uploads\/b383194c-ef5d-46a0-be9c-3f56b6bc6601-edited.jpeg\" alt=\"\" class=\"wp-image-24619\" style=\"width:268px;height:auto\" srcset=\"https:\/\/iletim.istanbul.edu.tr\/wp-content\/uploads\/b383194c-ef5d-46a0-be9c-3f56b6bc6601-edited.jpeg 989w, https:\/\/iletim.istanbul.edu.tr\/wp-content\/uploads\/b383194c-ef5d-46a0-be9c-3f56b6bc6601-edited-300x300.jpeg 300w, https:\/\/iletim.istanbul.edu.tr\/wp-content\/uploads\/b383194c-ef5d-46a0-be9c-3f56b6bc6601-edited-150x150.jpeg 150w, https:\/\/iletim.istanbul.edu.tr\/wp-content\/uploads\/b383194c-ef5d-46a0-be9c-3f56b6bc6601-edited-768x768.jpeg 768w, https:\/\/iletim.istanbul.edu.tr\/wp-content\/uploads\/b383194c-ef5d-46a0-be9c-3f56b6bc6601-edited-24x24.jpeg 24w, https:\/\/iletim.istanbul.edu.tr\/wp-content\/uploads\/b383194c-ef5d-46a0-be9c-3f56b6bc6601-edited-48x48.jpeg 48w, https:\/\/iletim.istanbul.edu.tr\/wp-content\/uploads\/b383194c-ef5d-46a0-be9c-3f56b6bc6601-edited-96x96.jpeg 96w, https:\/\/iletim.istanbul.edu.tr\/wp-content\/uploads\/b383194c-ef5d-46a0-be9c-3f56b6bc6601-edited-75x75.jpeg 75w, https:\/\/iletim.istanbul.edu.tr\/wp-content\/uploads\/b383194c-ef5d-46a0-be9c-3f56b6bc6601-edited-350x350.jpeg 350w, https:\/\/iletim.istanbul.edu.tr\/wp-content\/uploads\/b383194c-ef5d-46a0-be9c-3f56b6bc6601-edited-750x750.jpeg 750w\" sizes=\"(max-width: 989px) 100vw, 989px\" \/><\/figure><\/div>\n\n\n<p><strong>Ebru Sanat\u0131na \u0130lk Ad\u0131m: Bir Matbaada \u00c7\u0131rakl\u0131k Yaparken Ba\u015flayan Yolculuk<\/strong><\/p>\n\n\n\n<p>Ebru sanat\u0131yla tan\u0131\u015fmas\u0131n\u0131n&nbsp;\u00e7ocukluk y\u0131llar\u0131nda ba\u015flad\u0131\u011f\u0131n\u0131 s\u00f6yleyen&nbsp;Ye\u015fil,&nbsp;gen\u00e7 ya\u015flarda matbaada \u00e7\u0131rakl\u0131k yaparken bir ustan\u0131n ebru \u00e7al\u0131\u015fmalar\u0131n\u0131n dikkatini \u00e7ekmesiyle ebru sanat\u0131na ilgi duymaya ba\u015flad\u0131\u011f\u0131n\u0131 aktard\u0131. Ye\u015fil, ebru ile olan ili\u015fkisindeki k\u0131r\u0131lma noktas\u0131n\u0131n 2006 y\u0131l\u0131nda bir vak\u0131ftaki ebru derslerine kat\u0131lmas\u0131 vesilesiyle oldu\u011funu s\u00f6yledi.<\/p>\n\n\n\n<p><strong>Ebru ve Hat Sanat\u0131: Gelenekten Modernizme<\/strong><\/p>\n\n\n\n<p>Ebru sanat\u0131n\u0131n&nbsp;\u00f6zellikle hat sanat\u0131yla yak\u0131ndan ili\u015fkili&nbsp;oldu\u011funu vurgulayan&nbsp;Ye\u015fil,&nbsp;hat sanat\u0131n\u0131n T\u00fcrk k\u00fclt\u00fcr\u00fcnde \u00e7ok derin bir yeri oldu\u011funu belirtti. Ye\u015fil,&nbsp;\u201cKur\u2019an Mekke\u2019de nazil oldu, M\u0131s\u0131r\u2019da okundu, \u0130stanbul\u2019da yaz\u0131ld\u0131.\u201d s\u00f6z\u00fcn\u00fc hat\u0131rlatarak&nbsp;ebru ve hat&nbsp;sanat\u0131n\u0131n&nbsp;\u00f6nemine&nbsp;dikkat \u00e7ekti.&nbsp;Hat ve ebru sanatlar\u0131n\u0131nsadece estetik bir de\u011fer ta\u015f\u0131makla kalmay\u0131p&nbsp;ayn\u0131 zamanda manevi bir y\u00fck\u00fcml\u00fcl\u00fck ve sayg\u0131n\u0131n ifadesi olarak da kabul edildi\u011fini aktaran Ye\u015fil, \u201c\u00d6zellikle eski hattatlar\u0131n yazarken ibadet eder gibi \u00e7al\u0131\u015fmalar\u0131&nbsp;bu sanatlar\u0131n de\u011ferini katlamaktad\u0131r.\u201d ifadesini kulland\u0131.&nbsp;Sanat\u00e7\u0131,&nbsp;ebru sanat\u0131n\u0131n tarihsel geli\u015fimini&nbsp;anlat\u0131rken&nbsp;ebrunun&nbsp;T\u00fcrkistan, \u0130ran ve Osmanl\u0131 co\u011frafyas\u0131ndaki etkilerinden&nbsp;de&nbsp;bahsetti.&nbsp;Ye\u015fil,&nbsp;&#8220;Ebru,&nbsp;Anadolu co\u011frafyas\u0131nda yap\u0131lmaya ba\u015fland\u0131ktan sonra \u00e7ok farkl\u0131 bir noktaya gelinmi\u015f ve teknik a\u00e7\u0131dan \u00e7ok ileri gidilmi\u015ftir. Motifler, kullan\u0131lan boyalar, hatta kullan\u0131lan teknikler tamamen bu topraklara \u00f6zg\u00fc hale gelmi\u015ftir.&#8221; diyerek T\u00fcrk ebru sanat\u0131n\u0131n geli\u015fimini anlatt\u0131.<\/p>\n\n\n\n<p><strong>Geleneksellik ve Modernlik Aras\u0131nda Bir Denge<\/strong><\/p>\n\n\n\n<p>Ye\u015fil,&nbsp;baz\u0131 sanat eserlerinde geleneksel motifleri modern dokunu\u015flarla harmanlad\u0131\u011f\u0131n\u0131, eserlerini \u00fcretirken&nbsp;\u201cModern&nbsp;mi,&nbsp;geleneksel mi?\u201d&nbsp;diye endi\u015fe etmek yerine i\u00e7inden geldi\u011fi gibi hareket etmeyi daha uygun g\u00f6rd\u00fc\u011f\u00fcn\u00fc&nbsp;dile getirdi.&nbsp;Sanat\u0131nda kulland\u0131\u011f\u0131 malzemelerin&nbsp;ve tekniklerin&nbsp;klasik ebru ve hat sanat\u0131na sad\u0131k kald\u0131\u011f\u0131n\u0131 s\u00f6yleyen Ye\u015fil,&nbsp;kendi tarz\u0131n\u0131 yarat\u0131rken&nbsp;ki\u015fisel \u00f6zg\u00fcrl\u00fck alan\u0131nda oldu\u011funu vurgulad\u0131. Sanat\u0131n\u0131&nbsp;en \u00e7ok kendisinin sevmesi gerekti\u011fine inanan&nbsp;sanat\u00e7\u0131&nbsp;Ye\u015fil,&nbsp;ba\u015fkalar\u0131n\u0131n ne d\u00fc\u015f\u00fcnd\u00fc\u011f\u00fcnden \u00e7ok&nbsp;kendi i\u00e7sel huzuruna odakland\u0131\u011f\u0131n\u0131 ifade etti.&nbsp;\u201cSanat\u00e7\u0131lar i\u00e7in ilham, her zaman belirli bir kaynaktan gelmeyebilir.&nbsp;\u0130lham bakt\u0131\u011f\u0131n\u0131z bir \u015feyin \u015fekli, rengi, \u0131\u015f\u0131\u011f\u0131 olabilir. Bazen \u00fczg\u00fcn oldu\u011funuzda da farkl\u0131 bir \u015fey \u00e7\u0131kar.&nbsp;Sanat\u00e7\u0131n\u0131n hisleri, ruh hali ve \u00e7evresi eserin do\u011fu\u015funda \u00f6nemli bir rol oynar.\u201d diyerek ilham\u0131n \u00e7evredeki her \u015feyden gelebilece\u011finin alt\u0131n\u0131 \u00e7izdi.<\/p>\n\n\n<div class=\"wp-block-image\">\n<figure class=\"alignleft size-full is-resized\"><img decoding=\"async\" width=\"490\" height=\"490\" src=\"https:\/\/iletim.istanbul.edu.tr\/wp-content\/uploads\/IMG_6007-edited-1.jpeg\" alt=\"\" class=\"wp-image-24623\" style=\"width:265px;height:auto\" srcset=\"https:\/\/iletim.istanbul.edu.tr\/wp-content\/uploads\/IMG_6007-edited-1.jpeg 490w, https:\/\/iletim.istanbul.edu.tr\/wp-content\/uploads\/IMG_6007-edited-1-300x300.jpeg 300w, https:\/\/iletim.istanbul.edu.tr\/wp-content\/uploads\/IMG_6007-edited-1-150x150.jpeg 150w, https:\/\/iletim.istanbul.edu.tr\/wp-content\/uploads\/IMG_6007-edited-1-24x24.jpeg 24w, https:\/\/iletim.istanbul.edu.tr\/wp-content\/uploads\/IMG_6007-edited-1-48x48.jpeg 48w, https:\/\/iletim.istanbul.edu.tr\/wp-content\/uploads\/IMG_6007-edited-1-96x96.jpeg 96w, https:\/\/iletim.istanbul.edu.tr\/wp-content\/uploads\/IMG_6007-edited-1-75x75.jpeg 75w, https:\/\/iletim.istanbul.edu.tr\/wp-content\/uploads\/IMG_6007-edited-1-350x350.jpeg 350w\" sizes=\"(max-width: 490px) 100vw, 490px\" \/><\/figure><\/div>\n\n\n<p><strong>Sanat\u0131n G\u00fcc\u00fc ve Yurt D\u0131\u015f\u0131ndaki Sergiler<\/strong><\/p>\n\n\n\n<p>Yurt d\u0131\u015f\u0131nda&nbsp;d\u00fczenledi\u011fi&nbsp;sergilerde T\u00fcrkiye\u2019yi en iyi \u015fekilde temsil etmeye \u00e7al\u0131\u015ft\u0131\u011f\u0131n\u0131 belirten Ye\u015fil,&nbsp;\u201cSanatla bir mesaj vermek istiyorum.\u201d&nbsp;dedi.&nbsp;Yurt d\u0131\u015f\u0131nda ebru sanat\u0131 h\u00e2l\u00e2&nbsp;\u00e7ok tan\u0131nmam\u0131\u015f bir alan oldu\u011fu i\u00e7ind\u00fczenledi\u011fi sergilerin&nbsp;k\u00fclt\u00fcrel&nbsp;bir&nbsp;el\u00e7i olma f\u0131rsat\u0131 sundu\u011funu vurgulayan&nbsp;sanat\u00e7\u0131,&nbsp;T\u00fcrkiye&#8217;nin geleneksel sanatlar\u0131n\u0131&nbsp;d\u00fcnyaya tan\u0131tma arzusuyla hareket&nbsp;etti\u011fini ve yurt d\u0131\u015f\u0131ndaki&nbsp;sergilerde,&nbsp;hem k\u00fclt\u00fcrel de\u011ferleri hem de kendi sanat\u0131n\u0131 geni\u015f kitlelere ula\u015ft\u0131rmay\u0131 ama\u00e7lad\u0131\u011f\u0131n\u0131 belirtti.<\/p>\n\n\n\n<p>Ye\u015fil,&nbsp;yak\u0131n gelecekte \u0130zmit\u2019te yeni bir sergi haz\u0131rl\u0131\u011f\u0131 i\u00e7inde olduklar\u0131n\u0131n haberini veren&nbsp;Ye\u015fil,&nbsp;son d\u00f6nemdeki eserlerini sanatseverlerle bulu\u015fturacak&nbsp;olan&nbsp;bu&nbsp;serginin ayr\u0131ca yurt d\u0131\u015f\u0131nda da a\u00e7\u0131labilece\u011fini&nbsp;belirtti.<\/p>\n\n\n\n<p><strong>Sanat\u0131n Gelece\u011fi: Yeni Nesillere Mesajlar<\/strong><\/p>\n\n\n\n<p>Sanat\u00e7\u0131,&nbsp;sanata ilgi duyan gen\u00e7lere sevdikleri i\u015fin pe\u015finden gitmelerini, sevgi ve tutku ile \u00e7al\u0131\u015farak ba\u015far\u0131ya ula\u015fabileceklerini tavsiye etti. &#8220;Sanatla u\u011fra\u015fmak isteyen birinin ticari kayg\u0131lar\u0131 olmamal\u0131.&#8221;&nbsp;diyen Ye\u015fil, kendisi&nbsp;i\u00e7in \u00f6nemli olan\u0131n&nbsp;sanat\u0131n\u0131 icra ederken i\u00e7sel bir tatmin duygusu ya\u015famak ve bu s\u00fcreci en derin \u015fekilde deneyimlemek&nbsp;oldu\u011funu aktard\u0131.<\/p>\n\n\n\n<p>Ye\u015fil, geli\u015fen teknoloji ve h\u0131zla de\u011fi\u015fen d\u00fcnya \u015fartlar\u0131n\u0131n&nbsp;geleneksel sanatlar\u0131n pe\u015finden gitmek isteyenler i\u00e7in engel&nbsp;olmad\u0131\u011f\u0131n\u0131&nbsp;aksine f\u0131rsatlar sundu\u011funu dile getirdi.&nbsp;Ye\u015fil, kendi&nbsp;sanat yolculu\u011funun, sadece teknik bilgiye dayal\u0131 de\u011fil&nbsp;ayn\u0131 zamanda bir ruh yolculu\u011fu&nbsp;oldu\u011funu ve eserlerinin&nbsp;ge\u00e7mi\u015fle gelece\u011fi, gelenekselle moderni bir araya getirerek&nbsp;sanatseverlere&nbsp;benzersiz bir deneyim sundu\u011funu savundu.<\/p>\n","protected":false},"excerpt":{"rendered":"<p>Muhabir: Sena Sand\u0131k\u00e7\u0131 Foto\u011fraf: Melek \u00d6zt\u00fcrk, Elif K\u00f6ys\u00fcren Edit\u00f6r: \u00d6zg\u00fcr Recep Kocao\u011flu \u0130stanbul &#8211;&nbsp;(\u0130\u00dc Haber&nbsp;Merkezi)&nbsp; K\u00fclt\u00fcr ve Turizm Bakanl\u0131\u011f\u0131ndan&nbsp;\u00f6d\u00fcller alan ebru sanat\u00e7\u0131s\u0131 Fatih Ye\u015fil deneyimlerini \u0130letim gazetesiyle payla\u015ft\u0131. Dokusu Sanat\u2019\u0131n kurucusu&nbsp;ve&nbsp;ebru sanat\u00e7\u0131s\u0131&nbsp;Fatih Ye\u015fil geleneksel ebru sanat\u0131n\u0131 hayat\u0131na nas\u0131l d\u00e2hil etti\u011fini, deneyimlerini ve sanat anlay\u0131\u015f\u0131n\u0131&nbsp;\u0130letim gazetesi ile&nbsp;payla\u015ft\u0131. Ye\u015fil,&nbsp;ebru ve hat sanatlar\u0131n\u0131n ge\u00e7mi\u015fini, bu sanatlar\u0131n k\u00fclt\u00fcrel ve [&hellip;]<\/p>\n","protected":false},"author":14,"featured_media":24617,"comment_status":"closed","ping_status":"open","sticky":false,"template":"","format":"standard","meta":{"jnews-multi-image_gallery":[],"jnews_single_post":{"format":"standard"},"jnews_primary_category":[],"jnews_social_meta":[],"jnews_override_counter":[],"footnotes":""},"categories":[28,30,2085],"tags":[3241],"class_list":["post-24616","post","type-post","status-publish","format-standard","has-post-thumbnail","hentry","category-istanbul","category-kultur-sanat","category-manset-haber","tag-ebru-sanati"],"_links":{"self":[{"href":"https:\/\/iletim.istanbul.edu.tr\/index.php\/wp-json\/wp\/v2\/posts\/24616","targetHints":{"allow":["GET"]}}],"collection":[{"href":"https:\/\/iletim.istanbul.edu.tr\/index.php\/wp-json\/wp\/v2\/posts"}],"about":[{"href":"https:\/\/iletim.istanbul.edu.tr\/index.php\/wp-json\/wp\/v2\/types\/post"}],"author":[{"embeddable":true,"href":"https:\/\/iletim.istanbul.edu.tr\/index.php\/wp-json\/wp\/v2\/users\/14"}],"replies":[{"embeddable":true,"href":"https:\/\/iletim.istanbul.edu.tr\/index.php\/wp-json\/wp\/v2\/comments?post=24616"}],"version-history":[{"count":0,"href":"https:\/\/iletim.istanbul.edu.tr\/index.php\/wp-json\/wp\/v2\/posts\/24616\/revisions"}],"wp:featuredmedia":[{"embeddable":true,"href":"https:\/\/iletim.istanbul.edu.tr\/index.php\/wp-json\/wp\/v2\/media\/24617"}],"wp:attachment":[{"href":"https:\/\/iletim.istanbul.edu.tr\/index.php\/wp-json\/wp\/v2\/media?parent=24616"}],"wp:term":[{"taxonomy":"category","embeddable":true,"href":"https:\/\/iletim.istanbul.edu.tr\/index.php\/wp-json\/wp\/v2\/categories?post=24616"},{"taxonomy":"post_tag","embeddable":true,"href":"https:\/\/iletim.istanbul.edu.tr\/index.php\/wp-json\/wp\/v2\/tags?post=24616"}],"curies":[{"name":"wp","href":"https:\/\/api.w.org\/{rel}","templated":true}]}}