{"id":24630,"date":"2025-01-25T02:17:32","date_gmt":"2025-01-24T23:17:32","guid":{"rendered":"https:\/\/iletim.istanbul.edu.tr\/?p=24630"},"modified":"2025-01-25T02:17:32","modified_gmt":"2025-01-24T23:17:32","slug":"prof-dr-sevil-atasoy-ile-adli-tip-basin-madde-bagimliligi","status":"publish","type":"post","link":"https:\/\/iletim.istanbul.edu.tr\/index.php\/2025\/01\/25\/prof-dr-sevil-atasoy-ile-adli-tip-basin-madde-bagimliligi\/","title":{"rendered":"Prof. Dr. Sevil Atasoy\u00a0 \u0130le Adli T\u0131p, Bas\u0131n, Madde Ba\u011f\u0131ml\u0131l\u0131\u011f\u0131"},"content":{"rendered":"\n<p><strong><em>Muhabir: R\u00fcmeysa Kocaman<\/em><\/strong><\/p>\n\n\n\n<p><strong><em>Foto\u011fraf: Ece \u00d6zdemir<\/em><\/strong><\/p>\n\n\n\n<p><strong><em>Edit\u00f6r: Zehra Nur Altun<\/em><\/strong><\/p>\n\n\n\n<p><strong><em>\u0130stanbul \u2013 (\u0130\u00dc Haber Merkezi)&nbsp;<\/em><\/strong><\/p>\n\n\n\n<p><strong><em>Prof. Dr. Sevil Atasoy; adli t\u0131pta \u00e7al\u0131\u015fmak, bas\u0131n ve medyan\u0131n adli su\u00e7larda etkisi ve her y\u0131l d\u00fczenli olarak ger\u00e7ekle\u015fen INCB kurulunun \u00f6nemiyle ilgili g\u00f6r\u00fc\u015flerini \u0130letim Gazetesi\u2019ne anlatt\u0131.\u00a0<\/em><\/strong><\/p>\n\n\n\n<p>Prof.Dr. Sevil Atasoy, kariyerini \u015fekillendirmesinde ailesinin etkisini, adli t\u0131pta kad\u0131nlar\u0131n yerini, medyada adli su\u00e7lara ne kadar yer verilmesi gerekti\u011fini, INCB\u2019nin \u00f6nemi, g\u00f6revleri, kararlar\u0131 ve y\u00f6netim bi\u00e7imi hakk\u0131nda merak edilenleri cevaplad\u0131.&nbsp;<\/p>\n\n\n<div class=\"wp-block-image\">\n<figure class=\"alignleft size-large is-resized\"><img decoding=\"async\" width=\"1062\" height=\"1594\" src=\"https:\/\/iletim.istanbul.edu.tr\/wp-content\/uploads\/PHOTO-2024-12-25-17-17-45-6-edited.jpeg\" alt=\"\" class=\"wp-image-24633\" style=\"width:286px;height:auto\" srcset=\"https:\/\/iletim.istanbul.edu.tr\/wp-content\/uploads\/PHOTO-2024-12-25-17-17-45-6-edited.jpeg 1062w, https:\/\/iletim.istanbul.edu.tr\/wp-content\/uploads\/PHOTO-2024-12-25-17-17-45-6-edited-200x300.jpeg 200w, https:\/\/iletim.istanbul.edu.tr\/wp-content\/uploads\/PHOTO-2024-12-25-17-17-45-6-edited-682x1024.jpeg 682w, https:\/\/iletim.istanbul.edu.tr\/wp-content\/uploads\/PHOTO-2024-12-25-17-17-45-6-edited-768x1153.jpeg 768w, https:\/\/iletim.istanbul.edu.tr\/wp-content\/uploads\/PHOTO-2024-12-25-17-17-45-6-edited-1023x1536.jpeg 1023w, https:\/\/iletim.istanbul.edu.tr\/wp-content\/uploads\/PHOTO-2024-12-25-17-17-45-6-edited-750x1126.jpeg 750w\" sizes=\"(max-width: 1062px) 100vw, 1062px\" \/><\/figure><\/div>\n\n\n<p><strong>\u201cProf. Dr. \u015eemsi G\u00f6k\u2019\u00fcn k\u0131z\u0131 olmak\u201d<\/strong><\/p>\n\n\n\n<p>Kimya b\u00f6l\u00fcm\u00fc se\u00e7mesinde en b\u00fcy\u00fck etkenin babas\u0131 oldu\u011funu s\u00f6yleyen Sevil Atasoy, s\u00fcrecin nas\u0131l geli\u015fti\u011fini \u201cBabam bu yapt\u0131\u011f\u0131m mesle\u011fin hemen hemen benzerini yapt\u0131. Hayat\u0131 boyunca hem adli t\u0131p uzman\u0131 hem Patoloji uzman\u0131yd\u0131. Daha sonra da adli t\u0131p uzman\u0131 olmu\u015f birisiydi. Annem babamla ben onlar\u0131n vefat\u0131na kadar hep yak\u0131n evlerde oturduk. Yani \u00e7ok yak\u0131n bir ili\u015fkimiz vard\u0131. Dolay\u0131s\u0131yla babam\u0131n mesleki ya\u015fam\u0131nda kar\u015f\u0131la\u015ft\u0131\u011f\u0131 her \u015feyde ayn\u0131 zamanda benimle de payla\u015ft\u0131\u011f\u0131 i\u00e7in haberdard\u0131m, yani kendimi bildim bileli adli t\u0131pla ilgili T\u00fcrkiye&#8217;de ne olup bitiyorsa hepsinden bilgim oldu.\u201d s\u00f6zleriyle anlatt\u0131.<\/p>\n\n\n\n<p><strong>&nbsp;\u201cAl\u0131\u015fagelmi\u015f baba-k\u0131z ili\u015fkisinden&nbsp; farkl\u0131 bir ili\u015fkimiz vard\u0131\u201d<\/strong><\/p>\n\n\n\n<p>Atasoy, babas\u0131yla olan ili\u015fkisini anlatmaya \u201cBabam her \u015feyini payla\u015fan ve bana \u00e7ok d\u00fc\u015fk\u00fcn bir insand\u0131. Dolay\u0131s\u0131yla al\u0131\u015f\u0131lagelmi\u015f bir baba k\u0131z ili\u015fkisinin \u00e7ok \u00f6tesinde, ayn\u0131 zamanda iki meslekta\u015f olarak da yard\u0131mla\u015fmaya devam ettik.Ba\u015fkalar\u0131na s\u00f6ylenmesi icap eden ele\u015ftirilerini bana y\u00f6nelterek asl\u0131nda ayr\u0131mc\u0131l\u0131k yapmad\u0131\u011f\u0131n\u0131 g\u00f6stermeye \u00e7al\u0131\u015f\u0131yordu belki.\u201d s\u00f6zleriyle devam etti.&nbsp;<\/p>\n\n\n\n<p>Adli t\u0131p lisans e\u011fitimini kurarak, y\u00fcksek lisans ve doktoras\u0131n\u0131 bu \u00fclkeye getirerek onlar\u0131n tasvip edece\u011fi bir kariyer kurdu\u011funu d\u00fc\u015f\u00fcnd\u00fc\u011f\u00fcn\u00fc s\u00f6yleyen Atasoy, \u015funlar\u0131 ekledi \u201cBenim k\u0131z\u0131m\u0131n \u00fczerinde de \u00e7ok b\u00fcy\u00fck etkileri olmu\u015ftur babam\u0131n, yani sadece benim de\u011fil. Ayn\u0131 zamanda bir sonraki ku\u015fa\u011f\u0131nda yeti\u015fmesinde \u00e7ok b\u00fcy\u00fck faydas\u0131 olmu\u015ftur.\u201d<\/p>\n\n\n\n<p><strong>\u201cAlman lisesinden mezun oldum\u201d<\/strong><\/p>\n\n\n\n<p>Alman lisesinden mezun olman\u0131n hem zarar\u0131 hemde faydas\u0131 oldu\u011funu s\u00f6yleyen Prof. Dr. Atasoy \u201dAlman lisesinde okuman\u0131n \u00e7ok b\u00fcy\u00fck faydas\u0131n\u0131 g\u00f6rd\u00fcm. Tabii zarar\u0131 da var \u00e7\u00fcnk\u00fc asosyal bir insan oluyorsunuz. Yani size tek ba\u015f\u0131na her \u015feyle ba\u015fa \u00e7\u0131kmay\u0131 \u00f6\u011frettikleri zaman, ba\u015fka insanlara muhta\u00e7 olmadan ya\u015famay\u0131, d\u00fcnyan\u0131n herhangi bir yerinde hayat\u0131n\u0131za devam etmeyi tabii ki \u00f6\u011freniyorsunuz. \u00d6\u011fretici olarak bunun \u00e7ok b\u00fcy\u00fck bir faydas\u0131 vard\u0131. Art\u0131k arkada\u015flarla bir araya gelme sosyalle\u015fme ihtiyac\u0131 da hissetmiyorum zaten.\u201d dedi.<\/p>\n\n\n\n<p><strong>\u201c\u00c7ok k\u00fc\u00e7\u00fck ya\u015flarda ilk kez ceset g\u00f6rmek\u201d<\/strong><\/p>\n\n\n\n<p>\u00c7ok k\u00fc\u00e7\u00fck ya\u015fta ceset g\u00f6rmenin psikolojik olarak etkisi olmayaca\u011f\u0131n\u0131 iddia eden Sevil Atasoy,&nbsp; \u201cPsikolojik etkisi olmaz, insan&nbsp; onu da i\u015fin bir par\u00e7as\u0131 olarak g\u00f6r\u00fcr yani. Bir tarafta otopsi masas\u0131 var ve onun \u00fczerinde bir cenaze var. Sonra bu tarafta da babam, onun asistanlar\u0131 ve ba\u015fka hocalar var ve beraber ayn\u0131 zamanda yemek yiyebiliyorsunuz. Yani onun ne oldu\u011funu bilemeyecek kadar k\u00fc\u00e7\u00fck ya\u015fta oldu\u011funuz zaman etkilemiyor ve daha sonra da, belki de o nedenle, o olay\u0131n tabiat\u0131n bir ger\u00e7e\u011fi oldu\u011funu ve herkesin ba\u015f\u0131na gelebilece\u011fini g\u00f6r\u00fcyorsunuz. Ayr\u0131ca orada biri \u00f6ld\u00fcrd\u00fcyse kim \u00f6ld\u00fcrm\u00fc\u015f onu biz buluruz diyen insanlarla berabersiniz ve onlar bu konuyu tart\u0131\u015f\u0131yorlar. Konu\u015fulan \u015feyler, o diyaloglar; o insan\u0131n hakk\u0131n\u0131 aramak ve ger\u00e7e\u011fi bulabilmek y\u00f6n\u00fcnde oldu\u011fu i\u00e7in bu size \u00e7ok cazip geliyor. Hi\u00e7 kimsenin bilemeyece\u011fi bir ger\u00e7e\u011fi ortaya \u00e7\u0131karmak i\u00e7in bu i\u015f yap\u0131l\u0131yor, bunun bir par\u00e7as\u0131 olmak, yani o akan kan yerde kalmas\u0131n \u015feklindeki s\u00f6ylemi dolduran bir meslek grubuyla beraber oldu\u011funuzu bilmek; bunlar\u0131n manevi tatmini \u00e7ok y\u00fcksek.\u201ddedi.<\/p>\n\n\n<div class=\"wp-block-image\">\n<figure class=\"alignleft size-large is-resized\"><img decoding=\"async\" width=\"1024\" height=\"680\" src=\"https:\/\/iletim.istanbul.edu.tr\/wp-content\/uploads\/PHOTO-2024-12-25-17-17-45-9-1024x680.jpeg\" alt=\"\" class=\"wp-image-24634\" style=\"width:342px;height:auto\" srcset=\"https:\/\/iletim.istanbul.edu.tr\/wp-content\/uploads\/PHOTO-2024-12-25-17-17-45-9-1024x680.jpeg 1024w, https:\/\/iletim.istanbul.edu.tr\/wp-content\/uploads\/PHOTO-2024-12-25-17-17-45-9-300x199.jpeg 300w, https:\/\/iletim.istanbul.edu.tr\/wp-content\/uploads\/PHOTO-2024-12-25-17-17-45-9-768x510.jpeg 768w, https:\/\/iletim.istanbul.edu.tr\/wp-content\/uploads\/PHOTO-2024-12-25-17-17-45-9-1536x1020.jpeg 1536w, https:\/\/iletim.istanbul.edu.tr\/wp-content\/uploads\/PHOTO-2024-12-25-17-17-45-9-750x498.jpeg 750w, https:\/\/iletim.istanbul.edu.tr\/wp-content\/uploads\/PHOTO-2024-12-25-17-17-45-9-1140x757.jpeg 1140w, https:\/\/iletim.istanbul.edu.tr\/wp-content\/uploads\/PHOTO-2024-12-25-17-17-45-9.jpeg 1600w\" sizes=\"(max-width: 1024px) 100vw, 1024px\" \/><\/figure><\/div>\n\n\n<p><strong>\u201cMesle\u011fimi sevmeyi \u00f6\u011frendim\u201d<\/strong><\/p>\n\n\n\n<p>Adli t\u0131p ve kimya alan\u0131nda kariyer yapmadan \u00f6nce lise \u00e7a\u011flar\u0131nda asl\u0131nda mimar olmak istedi\u011fini belirten Atasoy \u201cLise \u00e7a\u011flar\u0131mda hi\u00e7bir \u015fekilde bu mesle\u011fi d\u00fc\u015f\u00fcnmedim, mimar olmak isterdim. Benim halen de mimariye \u00e7ok b\u00fcy\u00fck bir yatk\u0131nl\u0131\u011f\u0131m ve merak\u0131m var. \u0130\u00e7 mimar yani dekorasyona da \u00e7ok merak\u0131m vard\u0131 ama yapt\u0131\u011f\u0131m i\u015fi sevmeyi \u00f6\u011frendim.\u201d dedi.<\/p>\n\n\n\n<p><strong>\u201cKendimi i\u015fkolik&nbsp; biri olarak tan\u0131mlam\u0131yorum\u201d<\/strong><\/p>\n\n\n\n<p>Atasoy, i\u015fkolik kelimesini hayat\u0131n di\u011fer taraflar\u0131ndan hi\u00e7 keyif almayan ki\u015filer \u015feklinde tan\u0131mlayarak kendisinin&nbsp; ayn\u0131 zamanda bir yazar, bir televizyon&nbsp; program\u0131 sunucusu oldu\u011funu belirtti. \u0130\u015fini sevdi\u011fini ve yayg\u0131nla\u015ft\u0131rmaya \u00e7al\u0131\u015ft\u0131\u011f\u0131n\u0131 ifade eden Atasoy, \u201cBa\u015fka insanlar\u0131n da bu i\u015fi yapmas\u0131 i\u00e7in bir motivasyon kayna\u011f\u0131 olmaya \u00e7al\u0131\u015f\u0131yorum. Ayr\u0131ca yap\u0131lan i\u015fin nas\u0131l yap\u0131l\u0131rsa iyi olaca\u011f\u0131n\u0131, nas\u0131l yap\u0131l\u0131rsa hatalar yap\u0131laca\u011f\u0131n\u0131 s\u00f6ylemeye ve hak arama bilincini de&nbsp; topluma yaymaya \u00e7al\u0131\u015f\u0131yorum.\u201d ifadelerini kulland\u0131. Atasoy, konuyla ilgili s\u00f6zlerini; bunlar\u0131 birbirinden ay\u0131rman\u0131n m\u00fcmk\u00fcn oldu\u011funu vurgulayarak sonland\u0131rd\u0131.<\/p>\n\n\n\n<p><strong>\u201cKad\u0131nlarla \u00e7al\u0131\u015fmay\u0131 pek tercih etmiyorum\u201d<\/strong><\/p>\n\n\n\n<p>Kad\u0131nlarla \u00e7al\u0131\u015fmak istemedi\u011fini ifade eden Sevil Atasoy, bu durumun sebeplerini \u201cToplumda erkeklerin kad\u0131nlara yeterince el vermemesinden kaynaklanan bir \u015fey. Yani bir evlilik i\u00e7indeki i\u015fin tam olarak yar\u0131 yar\u0131ya payla\u015f\u0131lmamas\u0131ndan kaynaklan\u0131yor. Evle ilgili sorunlar \u00e7\u00f6z\u00fcm bekliyor ve genelde \u00e7\u00f6z\u00fcmler kad\u0131nlardan bekleniyor. O nedenle s\u00fcrd\u00fcr\u00fclebilir bir meslek hayat\u0131n\u0131 kesen yerler ve a\u015famalar oluyor. \u00d6rne\u011fin \u00e7ocuk hastalan\u0131yor. Sonu\u00e7ta da s\u00fcrd\u00fcr\u00fclebilirlik olmuyor.\u201d s\u00f6zleriyle anlatt\u0131. Atasoy, konu\u015fmas\u0131n\u0131n devam\u0131nda buna ra\u011fmen laboratuvar a\u011f\u0131rl\u0131kl\u0131 \u00e7o\u011fu meslekte her zaman kad\u0131nlar\u0131n \u00e7al\u0131\u015fma oran\u0131n erkeklere g\u00f6re fazla oldu\u011funu belirtti.<\/p>\n\n\n\n<p><strong>\u201cMesle\u011fimi zor olarak tan\u0131mlam\u0131yorum\u201d<\/strong><\/p>\n\n\n\n<p>Mesle\u011fini zor olarak tan\u0131mlamad\u0131\u011f\u0131n\u0131 s\u00f6yleyen Atasoy; sadece nedensellik ili\u015fkisini iyi kurmay\u0131 gerektirdi\u011fini, somut deliller \u00fczerinde objektif ve varsay\u0131mlardan uzak bir \u015fekilde \u00e7al\u0131\u015f\u0131lmas\u0131 gerekti\u011fini vurgulad\u0131. Atasoy, \u201cYapt\u0131\u011f\u0131m meslek \u00f6nyarg\u0131dan uzak, somut delillerle \u00e7al\u0131\u015fmam\u0131zdan kaynakl\u0131 hata pay\u0131n\u0131 en aza indiren bir meslek.\u201d diyerek s\u00f6zlerini noktalad\u0131.&nbsp;<\/p>\n\n\n<div class=\"wp-block-image\">\n<figure class=\"alignleft size-large is-resized\"><img decoding=\"async\" width=\"1126\" height=\"750\" src=\"https:\/\/iletim.istanbul.edu.tr\/wp-content\/uploads\/PHOTO-2024-12-25-17-17-45-10-1-edited-1.jpeg\" alt=\"\" class=\"wp-image-24644\" style=\"width:340px;height:auto\" srcset=\"https:\/\/iletim.istanbul.edu.tr\/wp-content\/uploads\/PHOTO-2024-12-25-17-17-45-10-1-edited-1.jpeg 1126w, https:\/\/iletim.istanbul.edu.tr\/wp-content\/uploads\/PHOTO-2024-12-25-17-17-45-10-1-edited-1-300x200.jpeg 300w, https:\/\/iletim.istanbul.edu.tr\/wp-content\/uploads\/PHOTO-2024-12-25-17-17-45-10-1-edited-1-1024x682.jpeg 1024w, https:\/\/iletim.istanbul.edu.tr\/wp-content\/uploads\/PHOTO-2024-12-25-17-17-45-10-1-edited-1-768x512.jpeg 768w, https:\/\/iletim.istanbul.edu.tr\/wp-content\/uploads\/PHOTO-2024-12-25-17-17-45-10-1-edited-1-750x500.jpeg 750w\" sizes=\"(max-width: 1126px) 100vw, 1126px\" \/><\/figure><\/div>\n\n\n<p><strong>\u201cKANIT\u201d<\/strong><\/p>\n\n\n\n<p>Televizyon dizisi olarak 2009 tarihinde ba\u015flayan \u201cKan\u0131t\u201d projesinin \u00f6\u011frencileri \u00fczerinde etkisinden bahseden Atasoy, \u201cAradan seneler ge\u00e7mesine ra\u011fmen tekrarlar\u0131n\u0131n devaml\u0131 g\u00f6sterilmesi sebebiyle gen\u00e7 ku\u015faklara da motivasyon oluyor. Bir de piyasada \u00e7ok kitab\u0131m olmas\u0131, ayn\u0131 zamanda de\u011fi\u015fik tart\u0131\u015fma programlar\u0131nda da konu\u015ftu\u011fum \u015feyler olmas\u0131, insanlar\u0131 hakl\u0131 olarak etkiliyor.\u201d ifadelerini kulland\u0131.<\/p>\n\n\n\n<p><strong>Do\u011fru bilgiyi yanl\u0131\u015f bilgiden ay\u0131rt etmek<\/strong><\/p>\n\n\n\n<p>\u00c7a\u011f\u0131m\u0131zda do\u011fru bilgiyi yanl\u0131\u015f bilgiden ay\u0131rt edebilmenin tek yolunun; onun do\u011frulu\u011funu ba\u015fka bilgi kaynaklar\u0131ndan s\u0131nayabilecek beceriye sahip olmak oldu\u011fumu belirten Sevil Atasoy, yapay zekay\u0131 ise bilgi kaynaklar\u0131na ula\u015fmak konusunda ele\u015ftirdi.&nbsp;<\/p>\n\n\n\n<p><strong>Ay\u015fenur Halil ve \u0130kbal Uzuner&nbsp;<\/strong><\/p>\n\n\n\n<p>Ay\u015fenur Halil ve \u0130kbal Uzuner davas\u0131 hakk\u0131nda konu\u015fan Sevil Atasoy medyadaki bilgi kirlili\u011fini ele\u015ftirdi ve katil Semih \u00c7elik\u2019e destek i\u00e7erikli payla\u015f\u0131mlar yapan ki\u015filerin bili\u015fim su\u00e7lar\u0131 b\u00fcrosunca belirlenip yarg\u0131lanmas\u0131 gerekti\u011fini ifade etti.<\/p>\n\n\n\n<p><strong>\u201cResmi kurumlar\u0131n medya s\u00f6zc\u00fcs\u00fc olmal\u0131\u201d<\/strong><\/p>\n\n\n\n<p>Bilgi kirlili\u011fini \u00f6nlemek amac\u0131yla yeterli, do\u011fru ve g\u00fcvenilir bilginin verilmesini destekledi\u011fini belirten Atasoy, \u015funlar\u0131 ekledi \u201cMutlaka resmi kurumlar\u0131n bir medya s\u00f6zc\u00fcs\u00fc olmal\u0131. Onlar soru\u015fturmay\u0131 y\u00f6nlendirmek i\u00e7in gerekli. O videolar bir yetkiliyle muhakkak payla\u015f\u0131lmal\u0131 fakat bunlar\u0131n bas\u0131na s\u0131zd\u0131r\u0131lmas\u0131n\u0131 yanl\u0131\u015f buluyorum ben.\u201d<\/p>\n\n\n<div class=\"wp-block-image\">\n<figure class=\"alignleft size-large is-resized\"><img decoding=\"async\" width=\"1594\" height=\"1062\" src=\"https:\/\/iletim.istanbul.edu.tr\/wp-content\/uploads\/PHOTO-2024-12-25-17-17-45-5-1-edited.jpeg\" alt=\"\" class=\"wp-image-24640\" style=\"width:347px;height:auto\" srcset=\"https:\/\/iletim.istanbul.edu.tr\/wp-content\/uploads\/PHOTO-2024-12-25-17-17-45-5-1-edited.jpeg 1594w, https:\/\/iletim.istanbul.edu.tr\/wp-content\/uploads\/PHOTO-2024-12-25-17-17-45-5-1-edited-300x200.jpeg 300w, https:\/\/iletim.istanbul.edu.tr\/wp-content\/uploads\/PHOTO-2024-12-25-17-17-45-5-1-edited-1024x682.jpeg 1024w, https:\/\/iletim.istanbul.edu.tr\/wp-content\/uploads\/PHOTO-2024-12-25-17-17-45-5-1-edited-768x512.jpeg 768w, https:\/\/iletim.istanbul.edu.tr\/wp-content\/uploads\/PHOTO-2024-12-25-17-17-45-5-1-edited-1536x1023.jpeg 1536w, https:\/\/iletim.istanbul.edu.tr\/wp-content\/uploads\/PHOTO-2024-12-25-17-17-45-5-1-edited-750x500.jpeg 750w, https:\/\/iletim.istanbul.edu.tr\/wp-content\/uploads\/PHOTO-2024-12-25-17-17-45-5-1-edited-1140x760.jpeg 1140w\" sizes=\"(max-width: 1594px) 100vw, 1594px\" \/><\/figure><\/div>\n\n\n<p><strong>\u201cINCB\u201d<\/strong><\/p>\n\n\n\n<p>\u201cUluslararas\u0131 Uyu\u015fturucu Kontrol Kurulu\u201d INCB\u2019nin; 2022-2027 tarihleri aras\u0131ndaki 5 y\u0131ll\u0131k s\u00fcre\u00e7te T\u00fcrkiye s\u00f6zc\u00fcs\u00fc olarak se\u00e7ilen Sevil Atasoy, INCB\u2019yi \u015f\u00f6yle tan\u0131mlad\u0131: \u201c10\u2019u H\u00fck\u00fcmetler, 3\u2019\u00fc&nbsp; D\u00fcnya Sa\u011fl\u0131k \u00d6rg\u00fct\u00fc taraf\u0131ndan \u00f6nerilen 13 ki\u015fi aras\u0131ndan aras\u0131ndan; Birle\u015fmi\u015f Milletler Ekonomik ve Sosyal Konseyi\u2019nin 5 y\u0131ll\u0131\u011f\u0131na se\u00e7ti\u011fi uzmanlardan olu\u015fur. Se\u00e7ilen bu insanlar kendi h\u00fck\u00fcmetlerini temsil etmezler. Kendi bilgi birikimleri ve konuyla ilgili deneyimleri sayesinde se\u00e7ilirler.\u201d<\/p>\n\n\n\n<p>Atasoy, Kurul taraf\u0131ndan haz\u0131rlanan 2024 raporunun, 2025 y\u0131l\u0131n\u0131n Mart ay\u0131nda ger\u00e7ekle\u015ftirilecek bas\u0131n toplant\u0131s\u0131yla yay\u0131nlanaca\u011f\u0131n\u0131 da&nbsp; ekledi.<\/p>\n\n\n\n<p><strong>Madde ba\u011f\u0131ml\u0131l\u0131\u011f\u0131<\/strong><\/p>\n\n\n\n<p>Sevil Atasoy, madde ba\u011f\u0131ml\u0131l\u0131\u011f\u0131n\u0131n temel sebepleri olarak \u00e7evre, okul, aile gibi etkenleri g\u00f6sterirken&nbsp; sosyal medya \u00fczerinden madde kullan\u0131m\u0131n\u0131 \u00f6zendirenlerin yarg\u0131lanmas\u0131n\u0131 da do\u011fru buldu\u011funu belirtti. Madde ba\u011f\u0131ml\u0131l\u0131\u011f\u0131ndan tamamen kurtulman\u0131n m\u00fcmk\u00fcn oldu\u011funu savunan Atasoy, bunun i\u00e7in rehabilite edilmi\u015f bireyin kontrol alt\u0131nda tutulmas\u0131 gerekti\u011fini vurgulad\u0131.<\/p>\n\n\n\n<p>Sevil Atasoy s\u00f6zlerini, bir \u00fclkede madde ba\u011f\u0131ml\u0131l\u0131\u011f\u0131n\u0131 tam olarak bitirmenin m\u00fcmk\u00fcn olmad\u0131\u011f\u0131n\u0131 ancak en aza indirmek i\u00e7in m\u00fccadele edilmesi gerekti\u011fini belirterek sonland\u0131rd\u0131.<\/p>\n","protected":false},"excerpt":{"rendered":"<p>Muhabir: R\u00fcmeysa Kocaman Foto\u011fraf: Ece \u00d6zdemir Edit\u00f6r: Zehra Nur Altun \u0130stanbul \u2013 (\u0130\u00dc Haber Merkezi)&nbsp; Prof. Dr. Sevil Atasoy; adli t\u0131pta \u00e7al\u0131\u015fmak, bas\u0131n ve medyan\u0131n adli su\u00e7larda etkisi ve her y\u0131l d\u00fczenli olarak ger\u00e7ekle\u015fen INCB kurulunun \u00f6nemiyle ilgili g\u00f6r\u00fc\u015flerini \u0130letim Gazetesi\u2019ne anlatt\u0131.\u00a0 Prof.Dr. Sevil Atasoy, kariyerini \u015fekillendirmesinde ailesinin etkisini, adli t\u0131pta kad\u0131nlar\u0131n yerini, medyada adli [&hellip;]<\/p>\n","protected":false},"author":14,"featured_media":24631,"comment_status":"closed","ping_status":"open","sticky":false,"template":"","format":"standard","meta":{"jnews-multi-image_gallery":[],"jnews_single_post":{"format":"standard"},"jnews_primary_category":[],"jnews_social_meta":[],"jnews_override_counter":[],"footnotes":""},"categories":[2085,2348],"tags":[3243,3242],"class_list":["post-24630","post","type-post","status-publish","format-standard","has-post-thumbnail","hentry","category-manset-haber","category-manset-yani","tag-adli-tip","tag-sevil-atasoy"],"_links":{"self":[{"href":"https:\/\/iletim.istanbul.edu.tr\/index.php\/wp-json\/wp\/v2\/posts\/24630","targetHints":{"allow":["GET"]}}],"collection":[{"href":"https:\/\/iletim.istanbul.edu.tr\/index.php\/wp-json\/wp\/v2\/posts"}],"about":[{"href":"https:\/\/iletim.istanbul.edu.tr\/index.php\/wp-json\/wp\/v2\/types\/post"}],"author":[{"embeddable":true,"href":"https:\/\/iletim.istanbul.edu.tr\/index.php\/wp-json\/wp\/v2\/users\/14"}],"replies":[{"embeddable":true,"href":"https:\/\/iletim.istanbul.edu.tr\/index.php\/wp-json\/wp\/v2\/comments?post=24630"}],"version-history":[{"count":0,"href":"https:\/\/iletim.istanbul.edu.tr\/index.php\/wp-json\/wp\/v2\/posts\/24630\/revisions"}],"wp:featuredmedia":[{"embeddable":true,"href":"https:\/\/iletim.istanbul.edu.tr\/index.php\/wp-json\/wp\/v2\/media\/24631"}],"wp:attachment":[{"href":"https:\/\/iletim.istanbul.edu.tr\/index.php\/wp-json\/wp\/v2\/media?parent=24630"}],"wp:term":[{"taxonomy":"category","embeddable":true,"href":"https:\/\/iletim.istanbul.edu.tr\/index.php\/wp-json\/wp\/v2\/categories?post=24630"},{"taxonomy":"post_tag","embeddable":true,"href":"https:\/\/iletim.istanbul.edu.tr\/index.php\/wp-json\/wp\/v2\/tags?post=24630"}],"curies":[{"name":"wp","href":"https:\/\/api.w.org\/{rel}","templated":true}]}}