{"id":24691,"date":"2025-02-22T14:27:35","date_gmt":"2025-02-22T11:27:35","guid":{"rendered":"https:\/\/iletim.istanbul.edu.tr\/?p=24691"},"modified":"2025-02-22T14:27:35","modified_gmt":"2025-02-22T11:27:35","slug":"istanbul-universitesi-iletisim-fakultesi-akademidada-birincilik-odulu-kazandi","status":"publish","type":"post","link":"https:\/\/iletim.istanbul.edu.tr\/index.php\/2025\/02\/22\/istanbul-universitesi-iletisim-fakultesi-akademidada-birincilik-odulu-kazandi\/","title":{"rendered":"\u0130stanbul \u00dcniversitesi \u0130leti\u015fim Fak\u00fcltesi Akadem\u0130DA\u2019da Birincilik \u00d6d\u00fcl\u00fc Kazand\u0131"},"content":{"rendered":"\n<p><strong><em>Muhabir: Medine Yavuz<\/em><\/strong><\/p>\n\n\n\n<p><strong><em>Edit\u00f6r: Buse Sever <\/em><\/strong><\/p>\n\n\n\n<p><strong><em>\u0130stanbul-(\u0130\u00dc Haber Merkezi)\u00a0<\/em><\/strong><\/p>\n\n\n\n<p><strong><em>\u0130stanbul \u00dcniversitesi \u0130leti\u015fim Fak\u00fcltesi Halkla \u0130li\u015fkiler ve Tan\u0131t\u0131m (H\u0130T) B\u00f6l\u00fcm\u00fc 4. s\u0131n\u0131f \u00f6\u011frencileri, &#8220;Depresyolday\u0131z&#8221; adl\u0131 projeleriyle Akadem\u0130DA 2024 finalinde birincilik \u00f6d\u00fcl\u00fcn\u00fc kazand\u0131.<\/em><\/strong><\/p>\n\n\n\n<p>\u0130stanbul \u00dcniversitesi (\u0130\u00dc) \u0130leti\u015fim Fak\u00fcltesi H\u0130T B\u00f6l\u00fcm\u00fc 4. s\u0131n\u0131f \u00f6\u011frencileri Fahriye Safarova, Fatma Nur Tekya\u015far ve \u00d6m\u00fcr Ercenik, \u0130leti\u015fim Dan\u0131\u015fmanl\u0131\u011f\u0131 \u015eirketleri Derne\u011fi (\u0130DA) taraf\u0131ndan d\u00fczenlenen Akadem\u0130DA\u2019da birincilik \u00f6d\u00fcl\u00fcn\u00fc kazand\u0131. \u00dc\u00e7l\u00fc ekip, \u00f6d\u00fcl\u00fcn\u00fc, Dada Salon Kabarett\u2019te ger\u00e7ekle\u015ftirilen PR\u0130DA Suare Gecesi\u2019nde, \u201cAkadem\u0130DA 2024 \u015eampiyonu\u201d kupas\u0131n\u0131 ald\u0131.<\/p>\n\n\n\n<figure class=\"wp-block-image size-full is-resized\"><img decoding=\"async\" width=\"256\" height=\"45\" src=\"https:\/\/iletim.istanbul.edu.tr\/wp-content\/uploads\/F7266835-F776-459B-A40A-B6D9D7FB0147.jpeg\" alt=\"\" class=\"wp-image-24693\" style=\"width:314px;height:auto\" \/><\/figure>\n\n\n\n<p>Safarova, Tekya\u015far ve Ercenik, &#8220;Akademida Talks&#8221; ve &#8220;Akademida Boot Camp&#8221; a\u015famalar\u0131n\u0131 ge\u00e7tikten sonra, 1 ve 2 \u015eubat tarihlerinde yap\u0131lan final a\u015famas\u0131 &#8220;Akademida PR Jam&#8221;de j\u00fcriye sunduklar\u0131 &#8220;Depresyolday\u0131z&#8221; ba\u015fl\u0131kl\u0131 projeleriyle birincilik \u00f6d\u00fcl\u00fcn\u00fc kazand\u0131. Ekip, projelerini \u0130\u00dc \u0130leti\u015fim Fak\u00fcltesi H\u0130T B\u00f6l\u00fcm\u00fc \u00d6\u011fr. G\u00f6r. Dr. Fatih \u00d6zkoyuncu\u2019nun dan\u0131\u015fmanl\u0131\u011f\u0131nda haz\u0131rlad\u0131. Finalde sunum yapmaya hak kazanan 9 ekip aras\u0131nda, \u0130\u00dc \u0130leti\u015fim Fak\u00fcltesi H\u0130T B\u00f6l\u00fcm\u00fc 3. s\u0131n\u0131f \u00f6\u011frencileri Burak Bekik ve Ey\u00fcpcan Bilik\u2019ten olu\u015fan bir ba\u015fka tak\u0131m da yer ald\u0131.<\/p>\n\n\n\n<p>Akadem\u0130DA \u00d6d\u00fclleri, ileti\u015fim sekt\u00f6r\u00fcne donan\u0131ml\u0131 profesyoneller kazand\u0131rmak ve ileti\u015fim fak\u00fcltesi \u00f6\u011frencilerinin geli\u015fimini te\u015fvik etmek amac\u0131yla \u0130leti\u015fim Dan\u0131\u015fmanl\u0131\u011f\u0131 \u015eirketleri Derne\u011fi (\u0130DA) taraf\u0131ndan d\u00fczenleniyor. \u00d6d\u00fcllere, yurti\u00e7i ve yurtd\u0131\u015f\u0131ndaki ileti\u015fim fak\u00fclteleri ile ileti\u015fimle ilgili farkl\u0131 fak\u00fclte b\u00f6l\u00fcmlerinde e\u011fitim g\u00f6ren \u00f6\u011frenciler kat\u0131labiliyor. \u0130stanbul \u00dcniversitesi (\u0130\u00dc) \u0130leti\u015fim Fak\u00fcltesi \u00f6\u011frencileri, \u00f6nceki Akadem\u0130DA yar\u0131\u015fmalar\u0131nda bir \u00fc\u00e7\u00fcnc\u00fcl\u00fck ve bir ikincilik \u00f6d\u00fcl\u00fc kazanm\u0131\u015flard\u0131. <\/p>\n\n\n\n<p><strong>\u0130leti\u015fim Dan\u0131\u015fmanl\u0131\u011f\u0131 \u015eirketleri Derne\u011fi (\u0130DA)<\/strong><\/p>\n\n\n\n<p>\u0130leti\u015fim Dan\u0131\u015fmanl\u0131\u011f\u0131 \u015eirketleri Derne\u011fi (\u0130DA), Uluslararas\u0131 \u0130leti\u015fim Dan\u0131\u015fmanl\u0131\u011f\u0131 Birli\u011fi\u2019nin (ICCO) T\u00fcrkiye temsilcisi olarak bulunuyor. \u0130DA&#8217;n\u0131n amac\u0131, halkla ili\u015fkiler sekt\u00f6r\u00fcn\u00fc geli\u015ftirmek, sekt\u00f6rdeki haks\u0131z rekabet, kay\u0131t d\u0131\u015f\u0131 faaliyet ve etik d\u0131\u015f\u0131 davran\u0131\u015flara kar\u015f\u0131 bilin\u00e7 yaratmak. Ayr\u0131ca, ajanslar\u0131n uluslararas\u0131 hizmet standartlar\u0131na ve etik kodlara uyarak \u00f6rnek olmalar\u0131n\u0131 te\u015fvik etmek, mesleki performanslar\u0131n\u0131 ve y\u00f6netim becerilerini geli\u015ftirmelerini sa\u011flamak ve hizmet kalitelerini art\u0131rmak i\u00e7in \u00e7al\u0131\u015fmalar yap\u0131yor. Bug\u00fcn, T\u00fcrkiye&#8217;nin \u00f6nde gelen 27 ileti\u015fim dan\u0131\u015fmanl\u0131\u011f\u0131 ajans\u0131n\u0131n \u00fcye oldu\u011fu \u0130DA&#8217;n\u0131n Y\u00f6netim Kurulu Ba\u015fkanl\u0131\u011f\u0131&#8217;n\u0131 Lobby \u0130leti\u015fim Ajans\u0131 Ba\u015fkan\u0131 \u00d6zge Uzun y\u00fcr\u00fct\u00fcyor.<\/p>\n","protected":false},"excerpt":{"rendered":"<p>Muhabir: Medine Yavuz Edit\u00f6r: Buse Sever \u0130stanbul-(\u0130\u00dc Haber Merkezi)\u00a0 \u0130stanbul \u00dcniversitesi \u0130leti\u015fim Fak\u00fcltesi Halkla \u0130li\u015fkiler ve Tan\u0131t\u0131m (H\u0130T) B\u00f6l\u00fcm\u00fc 4. s\u0131n\u0131f \u00f6\u011frencileri, &#8220;Depresyolday\u0131z&#8221; adl\u0131 projeleriyle Akadem\u0130DA 2024 finalinde birincilik \u00f6d\u00fcl\u00fcn\u00fc kazand\u0131. \u0130stanbul \u00dcniversitesi (\u0130\u00dc) \u0130leti\u015fim Fak\u00fcltesi H\u0130T B\u00f6l\u00fcm\u00fc 4. s\u0131n\u0131f \u00f6\u011frencileri Fahriye Safarova, Fatma Nur Tekya\u015far ve \u00d6m\u00fcr Ercenik, \u0130leti\u015fim Dan\u0131\u015fmanl\u0131\u011f\u0131 \u015eirketleri Derne\u011fi (\u0130DA) taraf\u0131ndan [&hellip;]<\/p>\n","protected":false},"author":14,"featured_media":24692,"comment_status":"closed","ping_status":"open","sticky":false,"template":"","format":"standard","meta":{"jnews-multi-image_gallery":[],"jnews_single_post":{"format":"standard"},"jnews_primary_category":[],"jnews_social_meta":[],"jnews_override_counter":[],"footnotes":""},"categories":[34,2085],"tags":[3253],"class_list":["post-24691","post","type-post","status-publish","format-standard","has-post-thumbnail","hentry","category-universite","category-manset-haber","tag-istanbul-ajans"],"_links":{"self":[{"href":"https:\/\/iletim.istanbul.edu.tr\/index.php\/wp-json\/wp\/v2\/posts\/24691","targetHints":{"allow":["GET"]}}],"collection":[{"href":"https:\/\/iletim.istanbul.edu.tr\/index.php\/wp-json\/wp\/v2\/posts"}],"about":[{"href":"https:\/\/iletim.istanbul.edu.tr\/index.php\/wp-json\/wp\/v2\/types\/post"}],"author":[{"embeddable":true,"href":"https:\/\/iletim.istanbul.edu.tr\/index.php\/wp-json\/wp\/v2\/users\/14"}],"replies":[{"embeddable":true,"href":"https:\/\/iletim.istanbul.edu.tr\/index.php\/wp-json\/wp\/v2\/comments?post=24691"}],"version-history":[{"count":0,"href":"https:\/\/iletim.istanbul.edu.tr\/index.php\/wp-json\/wp\/v2\/posts\/24691\/revisions"}],"wp:featuredmedia":[{"embeddable":true,"href":"https:\/\/iletim.istanbul.edu.tr\/index.php\/wp-json\/wp\/v2\/media\/24692"}],"wp:attachment":[{"href":"https:\/\/iletim.istanbul.edu.tr\/index.php\/wp-json\/wp\/v2\/media?parent=24691"}],"wp:term":[{"taxonomy":"category","embeddable":true,"href":"https:\/\/iletim.istanbul.edu.tr\/index.php\/wp-json\/wp\/v2\/categories?post=24691"},{"taxonomy":"post_tag","embeddable":true,"href":"https:\/\/iletim.istanbul.edu.tr\/index.php\/wp-json\/wp\/v2\/tags?post=24691"}],"curies":[{"name":"wp","href":"https:\/\/api.w.org\/{rel}","templated":true}]}}