{"id":24703,"date":"2025-03-07T12:18:13","date_gmt":"2025-03-07T09:18:13","guid":{"rendered":"https:\/\/iletim.istanbul.edu.tr\/?p=24703"},"modified":"2025-08-19T15:44:27","modified_gmt":"2025-08-19T12:44:27","slug":"muzigin-sesiyle-beraber-gonulden-gonule","status":"publish","type":"post","link":"https:\/\/iletim.istanbul.edu.tr\/index.php\/2025\/03\/07\/muzigin-sesiyle-beraber-gonulden-gonule\/","title":{"rendered":"M\u00fczi\u011fin Sesiyle Beraber G\u00f6n\u00fclden G\u00f6n\u00fcle\u00a0"},"content":{"rendered":"\n<p><strong><em>Muhabir\/foto\u011fraf : Berk Balc\u0131<\/em><\/strong><\/p>\n\n\n\n<p><strong><em>Samsun &#8211; ( \u0130\u00dc Haber Merkezi)\u00a0<\/em><\/strong><\/p>\n\n\n\n<p><strong><em>Samsun L\u00e2dik \u0130l\u00e7e Kaymakaml\u0131\u011f\u0131 Yaz\u0131 \u0130\u015fleri M\u00fcd\u00fcr\u00fc ve G\u00f6n\u00fclden G\u00f6n\u00fcle Yeti\u015fkinler Korosu&#8217;nun ba\u015f sorumlusu \u015eahin \u00d6rnek, \u0130letim gazetesine projeyi anlatt\u0131.<\/em><\/strong><\/p>\n\n\n\n<p>Samsun\u2019un L\u00e2dik il\u00e7esinde bulunan Ambark\u00f6y A\u00e7\u0131k Hava M\u00fczesi\u2019nin g\u00fcvenli\u011fi amac\u0131yla vakit ge\u00e7iren \u015eahin \u00d6rnek, arkada\u015flar\u0131n\u0131n da kat\u0131lmas\u0131yla bir toplanma merkezi olu\u015fturduklar\u0131n\u0131 ifade ederken m\u00fczede m\u00fczik yapmaya ba\u015flad\u0131klar\u0131 ve s\u00fcrecin nas\u0131l geli\u015fti\u011fi hakk\u0131nda bilgi verdi.<\/p>\n\n\n<div class=\"wp-block-image\">\n<figure class=\"alignleft size-large is-resized\"><img decoding=\"async\" width=\"1024\" height=\"576\" src=\"https:\/\/iletim.istanbul.edu.tr\/wp-content\/uploads\/97b09328-7e6d-416b-b6d1-2ef77c0395c3-1024x576.jpg\" alt=\"\" class=\"wp-image-24705\" style=\"width:410px;height:auto\" srcset=\"https:\/\/iletim.istanbul.edu.tr\/wp-content\/uploads\/97b09328-7e6d-416b-b6d1-2ef77c0395c3-1024x576.jpg 1024w, https:\/\/iletim.istanbul.edu.tr\/wp-content\/uploads\/97b09328-7e6d-416b-b6d1-2ef77c0395c3-300x169.jpg 300w, https:\/\/iletim.istanbul.edu.tr\/wp-content\/uploads\/97b09328-7e6d-416b-b6d1-2ef77c0395c3-768x432.jpg 768w, https:\/\/iletim.istanbul.edu.tr\/wp-content\/uploads\/97b09328-7e6d-416b-b6d1-2ef77c0395c3-1536x864.jpg 1536w, https:\/\/iletim.istanbul.edu.tr\/wp-content\/uploads\/97b09328-7e6d-416b-b6d1-2ef77c0395c3-750x422.jpg 750w, https:\/\/iletim.istanbul.edu.tr\/wp-content\/uploads\/97b09328-7e6d-416b-b6d1-2ef77c0395c3-1140x641.jpg 1140w, https:\/\/iletim.istanbul.edu.tr\/wp-content\/uploads\/97b09328-7e6d-416b-b6d1-2ef77c0395c3.jpg 2048w\" sizes=\"(max-width: 1024px) 100vw, 1024px\" \/><\/figure><\/div>\n\n\n<p><strong>M\u00fczik ile Gelen Dayan\u0131\u015fma<\/strong>&nbsp;<\/p>\n\n\n\n<p>Samsun\u2019un L\u00e2dik il\u00e7esinde bulunan Ambark\u00f6y A\u00e7\u0131k Hava M\u00fczesi\u2019nde g\u00fcvenlik amac\u0131yla vakit ge\u00e7iren \u015eahin \u00d6rnek, arkada\u015flar\u0131n\u0131n da kat\u0131lmas\u0131yla bir toplanma merkezi olu\u015fturduklar\u0131n\u0131 ve burada m\u00fczik yapmaya ba\u015flad\u0131klar\u0131n\u0131 anlatt\u0131. Bu s\u00fcrecin do\u011fal bir \u015fekilde geli\u015fti\u011fini belirten \u00d6rnek, \u201cProjemiz g\u00f6n\u00fcll\u00fcl\u00fck esas\u0131na dayand\u0131\u011f\u0131 i\u00e7in buraya s\u00fcrekli gelip gidiyorduk. Bu s\u00fcre\u00e7te bir arkada\u015f\u0131m da bana kat\u0131ld\u0131 ve ba\u011flama \u00f6\u011frenmeye ba\u015flad\u0131m. Haberi alan fabrikada \u00e7al\u0131\u015fan bir arkada\u015f da bize kat\u0131ld\u0131. Ard\u0131ndan sanayide usta olan bir ba\u015fka arkada\u015f\u0131m\u0131z da ekibe dahil oldu ve zamanla say\u0131m\u0131z katlanarak artt\u0131. Bu \u015fekilde do\u011fal bir geli\u015fim s\u00fcreci ya\u015fand\u0131.<em>\u201d <\/em>ifadelerini kulland\u0131.&nbsp;<\/p>\n\n\n\n<p><strong>\u2018\u2019K\u00fclt\u00fcrel de\u011ferleri tan\u0131t\u0131p ya\u015fatmaya \u00e7al\u0131\u015f\u0131yoruz\u2019\u2019<\/strong>&nbsp;<\/p>\n\n\n\n<p>A\u00e7\u0131k Hava M\u00fczesi\u2019nde bek\u00e7i olmad\u0131\u011f\u0131ndan dolay\u0131 b\u00f6lgenin g\u00fcvenli\u011fini sa\u011flarken kendi aralar\u0131nda m\u00fczik yapmaya ba\u015flad\u0131klar\u0131n\u0131 belirten \u00d6rnek, zamanla bu faaliyeti bir ad\u0131m ileriye ta\u015f\u0131ma fikrinin ortaya \u00e7\u0131kt\u0131\u011f\u0131n\u0131 s\u00f6yledi. L\u00e2dik\u2019e \u00f6zg\u00fc t\u00fcrk\u00fcler \u00fczerine \u00e7al\u0131\u015fmak i\u00e7in TRT ar\u015fivlerinden notalar ve s\u00f6zleri temin ettiklerini belirten \u00d6rnek, bir m\u00fczik \u00f6\u011fretmeni e\u015fli\u011finde 3 ay boyunca t\u00fcrk\u00fcler \u00fczerinde \u00e7al\u0131\u015ft\u0131klar\u0131n\u0131 ve nihayetinde 4 Haziran 2013\u2019te ilk konserlerini verdiklerini dile getirirken&nbsp; <em>\u201cKoromuzda 12 erkek ve 13 kad\u0131n \u00fcyemiz bulunuyor. L\u00e2dik t\u00fcrk\u00fclerini \u00e7e\u015fitli platformlarda seslendiriyoruz. Bununla da s\u0131n\u0131rl\u0131 kalmay\u0131p L\u00e2dik\u2019in k\u00fclt\u00fcrel de\u011ferlerini tan\u0131t\u0131p ya\u015fatmaya \u00e7al\u0131\u015f\u0131yoruz.\u201d<\/em>&nbsp; ifadelerine yer verdi.&nbsp;<\/p>\n\n\n<div class=\"wp-block-image\">\n<figure class=\"alignleft size-large is-resized\"><img decoding=\"async\" width=\"2048\" height=\"1152\" src=\"https:\/\/iletim.istanbul.edu.tr\/wp-content\/uploads\/3612a434-f743-4eea-aaf0-70fa1a6f7eee-edited.jpg\" alt=\"\" class=\"wp-image-24707\" style=\"width:412px;height:auto\" srcset=\"https:\/\/iletim.istanbul.edu.tr\/wp-content\/uploads\/3612a434-f743-4eea-aaf0-70fa1a6f7eee-edited.jpg 2048w, https:\/\/iletim.istanbul.edu.tr\/wp-content\/uploads\/3612a434-f743-4eea-aaf0-70fa1a6f7eee-edited-300x169.jpg 300w, https:\/\/iletim.istanbul.edu.tr\/wp-content\/uploads\/3612a434-f743-4eea-aaf0-70fa1a6f7eee-edited-1024x576.jpg 1024w, https:\/\/iletim.istanbul.edu.tr\/wp-content\/uploads\/3612a434-f743-4eea-aaf0-70fa1a6f7eee-edited-768x432.jpg 768w, https:\/\/iletim.istanbul.edu.tr\/wp-content\/uploads\/3612a434-f743-4eea-aaf0-70fa1a6f7eee-edited-1536x864.jpg 1536w, https:\/\/iletim.istanbul.edu.tr\/wp-content\/uploads\/3612a434-f743-4eea-aaf0-70fa1a6f7eee-edited-750x422.jpg 750w, https:\/\/iletim.istanbul.edu.tr\/wp-content\/uploads\/3612a434-f743-4eea-aaf0-70fa1a6f7eee-edited-1140x641.jpg 1140w\" sizes=\"(max-width: 2048px) 100vw, 2048px\" \/><\/figure><\/div>\n\n\n<p><strong>G\u00f6n\u00fclden G\u00f6n\u00fcle Bir Ba\u011f<\/strong>&nbsp;<\/p>\n\n\n\n<p>Koronun isminin anlam\u0131na da de\u011finen \u00d6rnek, Ambark\u00f6y A\u00e7\u0131k Hava M\u00fczesi\u2019nin tamamen g\u00f6n\u00fcll\u00fcl\u00fck esas\u0131yla kuruldu\u011funu ve bu \u00e7al\u0131\u015fman\u0131n da ayn\u0131 prensiple ilerledi\u011fini belirtti. M\u00fczikle insanlar aras\u0131nda g\u00f6n\u00fcl ba\u011f\u0131 kurduklar\u0131n\u0131 ifade eden \u00d6rnek, koronun isminin buradan geldi\u011fini dile getirdi.&nbsp;<\/p>\n\n\n\n<p>Bunun yan\u0131 s\u0131ra, koro \u00fcyelerinin farkl\u0131 mesleklerden geldi\u011fini ve zaman zaman program uyumunda zorluklar ya\u015fad\u0131klar\u0131n\u0131 ancak herkesin elinden geldi\u011fince katk\u0131 sundu\u011funu da vurgulad\u0131. Zorluklarla ilgili ya\u015fad\u0131klar\u0131 bir an\u0131 ise \u015fu s\u00f6zlerle anlatt\u0131:&nbsp;<\/p>\n\n\n\n<p><em>\u201cL\u00e2dik\u2019e bir televizyon kanal\u0131 program \u00e7ekimi i\u00e7in gelmi\u015fti. Koromuzdan bahsetti\u011fim zaman, onlar i\u00e7in bir organizasyon yapabilir miyiz diye sordular. Arkada\u015flarla konu\u015fup kabul ettik. Ancak o g\u00fcn Ramazan ay\u0131n\u0131n ilk g\u00fcn\u00fcyd\u00fc. H\u0131zl\u0131ca iftar\u0131m\u0131z\u0131 yapt\u0131k ve sadece 15 dakika sonra toplanarak program\u0131m\u0131z\u0131 ger\u00e7ekle\u015ftirdik. Arkada\u015flar\u0131m\u0131z bu i\u015fe g\u00f6n\u00fcllerini verdikleri i\u00e7in b\u00fct\u00fcn zorluklar\u0131 \u00f6zveriyle a\u015fmay\u0131 ba\u015fard\u0131lar.\u201d<\/em>&nbsp;<\/p>\n\n\n\n<p><em>\u201cBu noktaya gelebilece\u011fimizi d\u00fc\u015f\u00fcnm\u00fcyorduk. Biz, Ambark\u00f6y\u2019de bek\u00e7ilik yaparken m\u00fczik yapmaya ba\u015flad\u0131k. Ancak zamanla insanlar\u0131n kalplerine dokunduk ve manevi bir destek a\u011flar\u0131 kurduk. Bu s\u00fcre\u00e7te \u00f6ncelikle bize e\u015flik eden ve destek ekip arkada\u015flar\u0131m olmak \u00fczere herkese te\u015fekk\u00fcr ediyorum.\u2019\u2019 <\/em>\u015feklinde s\u00f6zlerini noktalad\u0131.<\/p>\n","protected":false},"excerpt":{"rendered":"<p>Muhabir\/foto\u011fraf : Berk Balc\u0131 Samsun &#8211; ( \u0130\u00dc Haber Merkezi)\u00a0 Samsun L\u00e2dik \u0130l\u00e7e Kaymakaml\u0131\u011f\u0131 Yaz\u0131 \u0130\u015fleri M\u00fcd\u00fcr\u00fc ve G\u00f6n\u00fclden G\u00f6n\u00fcle Yeti\u015fkinler Korosu&#8217;nun ba\u015f sorumlusu \u015eahin \u00d6rnek, \u0130letim gazetesine projeyi anlatt\u0131. Samsun\u2019un L\u00e2dik il\u00e7esinde bulunan Ambark\u00f6y A\u00e7\u0131k Hava M\u00fczesi\u2019nin g\u00fcvenli\u011fi amac\u0131yla vakit ge\u00e7iren \u015eahin \u00d6rnek, arkada\u015flar\u0131n\u0131n da kat\u0131lmas\u0131yla bir toplanma merkezi olu\u015fturduklar\u0131n\u0131 ifade ederken m\u00fczede m\u00fczik [&hellip;]<\/p>\n","protected":false},"author":14,"featured_media":24704,"comment_status":"closed","ping_status":"open","sticky":false,"template":"","format":"standard","meta":{"jnews-multi-image_gallery":[],"jnews_single_post":{"format":"standard"},"jnews_primary_category":[],"jnews_social_meta":[],"jnews_override_counter":[],"footnotes":""},"categories":[159,30,2085,35],"tags":[3254],"class_list":["post-24703","post","type-post","status-publish","format-standard","has-post-thumbnail","hentry","category-sag-manset","category-kultur-sanat","category-manset-haber","category-yasam","tag-ambarkoy-acik-hava-muzesi"],"_links":{"self":[{"href":"https:\/\/iletim.istanbul.edu.tr\/index.php\/wp-json\/wp\/v2\/posts\/24703","targetHints":{"allow":["GET"]}}],"collection":[{"href":"https:\/\/iletim.istanbul.edu.tr\/index.php\/wp-json\/wp\/v2\/posts"}],"about":[{"href":"https:\/\/iletim.istanbul.edu.tr\/index.php\/wp-json\/wp\/v2\/types\/post"}],"author":[{"embeddable":true,"href":"https:\/\/iletim.istanbul.edu.tr\/index.php\/wp-json\/wp\/v2\/users\/14"}],"replies":[{"embeddable":true,"href":"https:\/\/iletim.istanbul.edu.tr\/index.php\/wp-json\/wp\/v2\/comments?post=24703"}],"version-history":[{"count":1,"href":"https:\/\/iletim.istanbul.edu.tr\/index.php\/wp-json\/wp\/v2\/posts\/24703\/revisions"}],"predecessor-version":[{"id":25998,"href":"https:\/\/iletim.istanbul.edu.tr\/index.php\/wp-json\/wp\/v2\/posts\/24703\/revisions\/25998"}],"wp:featuredmedia":[{"embeddable":true,"href":"https:\/\/iletim.istanbul.edu.tr\/index.php\/wp-json\/wp\/v2\/media\/24704"}],"wp:attachment":[{"href":"https:\/\/iletim.istanbul.edu.tr\/index.php\/wp-json\/wp\/v2\/media?parent=24703"}],"wp:term":[{"taxonomy":"category","embeddable":true,"href":"https:\/\/iletim.istanbul.edu.tr\/index.php\/wp-json\/wp\/v2\/categories?post=24703"},{"taxonomy":"post_tag","embeddable":true,"href":"https:\/\/iletim.istanbul.edu.tr\/index.php\/wp-json\/wp\/v2\/tags?post=24703"}],"curies":[{"name":"wp","href":"https:\/\/api.w.org\/{rel}","templated":true}]}}