{"id":2474,"date":"2018-02-15T16:36:44","date_gmt":"2018-02-15T13:36:44","guid":{"rendered":"https:\/\/iletim.istanbul.edu.tr\/?p=2474"},"modified":"2018-02-16T16:39:24","modified_gmt":"2018-02-16T13:39:24","slug":"turkiyede-lepra-mucadelesi-ele-alindi","status":"publish","type":"post","link":"https:\/\/iletim.istanbul.edu.tr\/index.php\/2018\/02\/15\/turkiyede-lepra-mucadelesi-ele-alindi\/","title":{"rendered":"\u201cT\u00fcrkiye\u2019de Lepra M\u00fccadelesi\u201d Ele Al\u0131nd\u0131"},"content":{"rendered":"<p><strong>Beyza Nur KIZILDEM\u0130R<\/strong><\/p>\n<p>\u0130\u00dc Engelliler Uygulama ve Ara\u015ft\u0131rma Merkezi (ENUYGAR) \u2018nin bahar d\u00f6nemi seminerleri kapsam\u0131nda d\u00fczenledi\u011fi ilk etkinlik \u201cT\u00fcrkiye\u2019de Lepra M\u00fccadelesi ve T\u00fcrkan Saylan\u2019\u0131n Kazand\u0131rd\u0131klar\u0131\u201d 14 \u015eubat\u2019ta ger\u00e7ekle\u015ftirildi.<\/p>\n<p>\u0130\u00dc \u0130leti\u015fim Fak\u00fcltesi Cep Sinemas\u0131\u2019nda ger\u00e7ekle\u015ftirilen seminerin sunumu C\u00fczzamla Sava\u015f Derne\u011fi Ba\u015fkan\u0131 Prof. Dr. Ay\u015fe Y\u00fcksel taraf\u0131ndan yap\u0131ld\u0131. Etkinli\u011fin a\u00e7\u0131l\u0131\u015f konu\u015fmas\u0131n\u0131 ise \u0130\u00dc ENUYGAR Merkez M\u00fcd\u00fcr\u00fc Prof. Dr. Ay\u015fe Resa Ayd\u0131n \u00fcstlendi. Prof. Dr. Ayd\u0131n, \u0130\u00dc ENUYGAR\u2019\u0131n faaliyetlerine ve ama\u00e7lar\u0131na k\u0131saca de\u011findi. 15\u201cBu seminerde lepra m\u00fccadelesini hem birinci elden dinleme f\u0131rsat\u0131 elde etmi\u015f olaca\u011f\u0131z hem de Prof. Dr.T\u00fcrkan Saylan\u2019\u0131 minnetle anarken bu konuda topluma kazand\u0131rd\u0131klar\u0131n\u0131 hep birlikte g\u00f6rm\u00fc\u015f olaca\u011f\u0131z\u201d dedi.<\/p>\n<p><img decoding=\"async\" class=\"alignnone wp-image-2476 size-large\" src=\"https:\/\/iletim.istanbul.edu.tr\/wp-content\/uploads\/DSC0121-1024x680.jpg\" alt=\"\" width=\"702\" height=\"466\" srcset=\"https:\/\/iletim.istanbul.edu.tr\/wp-content\/uploads\/DSC0121-1024x680.jpg 1024w, https:\/\/iletim.istanbul.edu.tr\/wp-content\/uploads\/DSC0121-300x199.jpg 300w, https:\/\/iletim.istanbul.edu.tr\/wp-content\/uploads\/DSC0121-768x510.jpg 768w\" sizes=\"(max-width: 702px) 100vw, 702px\" \/>Prof. Dr. Y\u00fcksel ise konu\u015fmas\u0131na lepra hastal\u0131\u011f\u0131n\u0131n ne oldu\u011fu ile ilgili bilgi vererek ba\u015flad\u0131. Hastal\u0131\u011f\u0131 bulan ilk ki\u015finin 1874 y\u0131l\u0131nda Dr. Armeuer Hansen oldu\u011funu vurgulayan Prof. Dr. Y\u00fcksel, hastal\u0131kla ilgili birtak\u0131m \u00f6nyarg\u0131lar\u0131n oldu\u011funu kaydetti. Lepran\u0131n ba\u011f\u0131\u015f\u0131kl\u0131k sistemi ile alakal\u0131 bir hastal\u0131k oldu\u011funu belirten Prof. Dr. Y\u00fcksel, \u201cLepra yaln\u0131zca insanlar aras\u0131nda nefes al\u0131p verirken ge\u00e7ebilir, bunun i\u00e7in de ki\u015finin ba\u011f\u0131\u015f\u0131kl\u0131k sisteminde zay\u0131fl\u0131k olmas\u0131 gerekir\u201d dedi.<\/p>\n<p><img decoding=\"async\" class=\"alignnone wp-image-2478 size-large\" src=\"https:\/\/iletim.istanbul.edu.tr\/wp-content\/uploads\/DSC0127-1024x680.jpg\" alt=\"\" width=\"702\" height=\"466\" srcset=\"https:\/\/iletim.istanbul.edu.tr\/wp-content\/uploads\/DSC0127-1024x680.jpg 1024w, https:\/\/iletim.istanbul.edu.tr\/wp-content\/uploads\/DSC0127-300x199.jpg 300w, https:\/\/iletim.istanbul.edu.tr\/wp-content\/uploads\/DSC0127-768x510.jpg 768w\" sizes=\"(max-width: 702px) 100vw, 702px\" \/><strong>\u201cD\u00f6k\u00fcnt\u00fclerin Lepra Olmas\u0131 \u0130\u00e7in Duyu Kayb\u0131 Olmas\u0131 Gerekir\u201d<\/strong><\/p>\n<p>Lepran\u0131n kendisini hemen g\u00f6stermedi\u011fini ve genelde 2-5 y\u0131l aras\u0131nda bazen de 30 y\u0131l\u0131 bulabilecek bir zaman diliminde \u2013kulu\u00e7ka d\u00f6nemi- hastal\u0131\u011f\u0131n ortaya \u00e7\u0131kt\u0131\u011f\u0131n\u0131 s\u00f6yleyen Prof. Dr. Y\u00fcksel, hastal\u0131\u011f\u0131n ilk belirtilerini g\u00f6rsellerle destekleyerek a\u00e7\u0131klad\u0131. Lepran\u0131n tespitinin olduk\u00e7a kolay oldu\u011funu vurgulayan Prof. Dr. Y\u00fcksel, neredeyse tek bir kriterin yeterli olaca\u011f\u0131n\u0131 \u015fu \u015fekilde belirtti: \u201cD\u00f6k\u00fcnt\u00fclerin lepra olmas\u0131 i\u00e7in duyu kayb\u0131 olmas\u0131 gerekir.\u201d<\/p>\n<p><img decoding=\"async\" class=\"alignnone wp-image-2479 size-large\" src=\"https:\/\/iletim.istanbul.edu.tr\/wp-content\/uploads\/DSC0131-1024x680.jpg\" alt=\"\" width=\"702\" height=\"466\" srcset=\"https:\/\/iletim.istanbul.edu.tr\/wp-content\/uploads\/DSC0131-1024x680.jpg 1024w, https:\/\/iletim.istanbul.edu.tr\/wp-content\/uploads\/DSC0131-300x199.jpg 300w, https:\/\/iletim.istanbul.edu.tr\/wp-content\/uploads\/DSC0131-768x510.jpg 768w\" sizes=\"(max-width: 702px) 100vw, 702px\" \/>Prof. Dr. Y\u00fcksel ayr\u0131ca tedavi s\u00fcrecinden ve bu s\u00fcre\u00e7te hastaya verilen ila\u00e7lardan da s\u00f6z etti. \u201cLepra bildirilmesi gereken bir hastal\u0131k\u201d diyen Prof. Dr. Y\u00fcksel, d\u00fcnyada lepra hastas\u0131 say\u0131s\u0131n\u0131n olduk\u00e7a azald\u0131\u011f\u0131n\u0131 T\u00fcrkiye\u2019de ise neredeyse hi\u00e7 kalmad\u0131\u011f\u0131n\u0131 s\u00f6yledi. Hastal\u0131kla ilgili gerekli bilgilendirmelerin ard\u0131ndan Prof. Dr. T\u00fcrkan Saylan\u2019\u0131n hayat\u0131na da de\u011finen Prof. Dr. Y\u00fcksel, onun yapt\u0131\u011f\u0131 \u00e7e\u015fitli \u00e7al\u0131\u015fmalar\u0131 ve giri\u015fimleri anlatt\u0131.<\/p>\n<p><strong>\u201cLepra Sosyal Bir Hastal\u0131kt\u0131r\u201d<\/strong><\/p>\n<p>Lepra hastanesine ve hastalar\u0131n ilk ve son hallerine ait g\u00f6rsellerle destekledi\u011fi sunumunu g\u00fcn\u00fcm\u00fczde hastal\u0131\u011f\u0131n durumuna ili\u015fkin say\u0131sal verilerle ta\u00e7land\u0131ran Prof. Dr. Y\u00fcksel, \u201cLepra sosyal bir hastal\u0131kt\u0131r\u201d diyerek s\u00f6zlerini noktalad\u0131.<\/p>\n<p><img decoding=\"async\" class=\"alignnone wp-image-2480 size-large\" src=\"https:\/\/iletim.istanbul.edu.tr\/wp-content\/uploads\/DSC0136-1024x680.jpg\" alt=\"\" width=\"702\" height=\"466\" srcset=\"https:\/\/iletim.istanbul.edu.tr\/wp-content\/uploads\/DSC0136-1024x680.jpg 1024w, https:\/\/iletim.istanbul.edu.tr\/wp-content\/uploads\/DSC0136-300x199.jpg 300w, https:\/\/iletim.istanbul.edu.tr\/wp-content\/uploads\/DSC0136-768x510.jpg 768w\" sizes=\"(max-width: 702px) 100vw, 702px\" \/>Prof. Dr. Y\u00fcksel\u2019e seminer sonras\u0131nda Prof. Dr. Ayd\u0131n taraf\u0131ndan te\u015fekk\u00fcr belgesi takdim edildi.<\/p>\n<p><img decoding=\"async\" class=\"alignnone wp-image-2481 size-large\" src=\"https:\/\/iletim.istanbul.edu.tr\/wp-content\/uploads\/DSC0141-1024x680.jpg\" alt=\"\" width=\"702\" height=\"466\" srcset=\"https:\/\/iletim.istanbul.edu.tr\/wp-content\/uploads\/DSC0141-1024x680.jpg 1024w, https:\/\/iletim.istanbul.edu.tr\/wp-content\/uploads\/DSC0141-300x199.jpg 300w, https:\/\/iletim.istanbul.edu.tr\/wp-content\/uploads\/DSC0141-768x510.jpg 768w\" sizes=\"(max-width: 702px) 100vw, 702px\" \/><\/p>\n","protected":false},"excerpt":{"rendered":"<p>\u0130\u00dc Engelliler Uygulama ve Ara\u015ft\u0131rma Merkezi (ENUYGAR)\u2018nin bahar d\u00f6nemi seminerleri kapsam\u0131nda d\u00fczenledi\u011fi ilk etkinlik \u201cT\u00fcrkiye\u2019de Lepra M\u00fccadelesi ve T\u00fcrkan Saylan\u2019\u0131n Kazand\u0131rd\u0131klar\u0131\u201d 14 \u015eubat\u2019ta ger\u00e7ekle\u015ftirildi.<\/p>\n","protected":false},"author":14,"featured_media":2483,"comment_status":"open","ping_status":"open","sticky":false,"template":"","format":"standard","meta":{"jnews-multi-image_gallery":[],"jnews_single_post":[],"jnews_primary_category":[],"jnews_social_meta":[],"jnews_override_counter":[],"footnotes":""},"categories":[32],"tags":[73,107,106,105,104],"class_list":["post-2474","post","type-post","status-publish","format-standard","has-post-thumbnail","hentry","category-saglik","tag-beyza-nur-kizildemir","tag-iu-enuygar","tag-prof-dr-ayse-yuksel","tag-prof-dr-turkan-saylan","tag-turkiyede-lepra-mucadelesi"],"_links":{"self":[{"href":"https:\/\/iletim.istanbul.edu.tr\/index.php\/wp-json\/wp\/v2\/posts\/2474","targetHints":{"allow":["GET"]}}],"collection":[{"href":"https:\/\/iletim.istanbul.edu.tr\/index.php\/wp-json\/wp\/v2\/posts"}],"about":[{"href":"https:\/\/iletim.istanbul.edu.tr\/index.php\/wp-json\/wp\/v2\/types\/post"}],"author":[{"embeddable":true,"href":"https:\/\/iletim.istanbul.edu.tr\/index.php\/wp-json\/wp\/v2\/users\/14"}],"replies":[{"embeddable":true,"href":"https:\/\/iletim.istanbul.edu.tr\/index.php\/wp-json\/wp\/v2\/comments?post=2474"}],"version-history":[{"count":0,"href":"https:\/\/iletim.istanbul.edu.tr\/index.php\/wp-json\/wp\/v2\/posts\/2474\/revisions"}],"wp:featuredmedia":[{"embeddable":true,"href":"https:\/\/iletim.istanbul.edu.tr\/index.php\/wp-json\/wp\/v2\/media\/2483"}],"wp:attachment":[{"href":"https:\/\/iletim.istanbul.edu.tr\/index.php\/wp-json\/wp\/v2\/media?parent=2474"}],"wp:term":[{"taxonomy":"category","embeddable":true,"href":"https:\/\/iletim.istanbul.edu.tr\/index.php\/wp-json\/wp\/v2\/categories?post=2474"},{"taxonomy":"post_tag","embeddable":true,"href":"https:\/\/iletim.istanbul.edu.tr\/index.php\/wp-json\/wp\/v2\/tags?post=2474"}],"curies":[{"name":"wp","href":"https:\/\/api.w.org\/{rel}","templated":true}]}}