{"id":24745,"date":"2025-03-11T16:07:39","date_gmt":"2025-03-11T13:07:39","guid":{"rendered":"https:\/\/iletim.istanbul.edu.tr\/?p=24745"},"modified":"2025-03-11T16:07:40","modified_gmt":"2025-03-11T13:07:40","slug":"medya-endustrisi-soylesilerinin-ilki-gerceklesti","status":"publish","type":"post","link":"https:\/\/iletim.istanbul.edu.tr\/index.php\/2025\/03\/11\/medya-endustrisi-soylesilerinin-ilki-gerceklesti\/","title":{"rendered":"Medya End\u00fcstrisi S\u00f6yle\u015filerinin \u0130lki Ger\u00e7ekle\u015fti"},"content":{"rendered":"\n<p><strong>Muhabir: Sena Sand\u0131k\u00e7\u0131<\/strong><\/p>\n\n\n\n<p><strong>Foto\u011fraf: Zehra Nur Ta\u015fdemir, Obada Arf, Ufuk Topta\u015f<\/strong><\/p>\n\n\n\n<p><strong>\u0130stanbul &#8211; (\u0130\u00dc Haber Merkezi<\/strong>)<\/p>\n\n\n\n<p><strong>Medya End\u00fcstrisi S\u00f6yle\u015filerinin&nbsp;<\/strong><strong>ilkinde&nbsp;<\/strong><strong>\u201c<\/strong><strong>Yaz\u0131l\u0131 Bas\u0131nda Neler Oluyor?\u201d sorusu<\/strong><strong>na<\/strong><strong>&nbsp;<\/strong><strong>Sabah Gazetesi Sorumlu Yaz\u0131 \u0130\u015fleri M\u00fcd\u00fcr\u00fc Mesut&nbsp;<\/strong><strong>Altun<\/strong><strong>&nbsp;<\/strong><strong>ile<\/strong><strong>&nbsp;cevap arand\u0131.<\/strong><\/p>\n\n\n<div class=\"wp-block-image\">\n<figure class=\"alignleft size-large is-resized\"><img decoding=\"async\" width=\"1200\" height=\"900\" src=\"https:\/\/iletim.istanbul.edu.tr\/wp-content\/uploads\/bed45011-d04d-437d-ae92-776cff80412e-edited.jpeg\" alt=\"\" class=\"wp-image-24748\" style=\"width:324px;height:auto\" srcset=\"https:\/\/iletim.istanbul.edu.tr\/wp-content\/uploads\/bed45011-d04d-437d-ae92-776cff80412e-edited.jpeg 1200w, https:\/\/iletim.istanbul.edu.tr\/wp-content\/uploads\/bed45011-d04d-437d-ae92-776cff80412e-edited-300x225.jpeg 300w, https:\/\/iletim.istanbul.edu.tr\/wp-content\/uploads\/bed45011-d04d-437d-ae92-776cff80412e-edited-1024x768.jpeg 1024w, https:\/\/iletim.istanbul.edu.tr\/wp-content\/uploads\/bed45011-d04d-437d-ae92-776cff80412e-edited-768x576.jpeg 768w, https:\/\/iletim.istanbul.edu.tr\/wp-content\/uploads\/bed45011-d04d-437d-ae92-776cff80412e-edited-750x563.jpeg 750w, https:\/\/iletim.istanbul.edu.tr\/wp-content\/uploads\/bed45011-d04d-437d-ae92-776cff80412e-edited-1140x855.jpeg 1140w\" sizes=\"(max-width: 1200px) 100vw, 1200px\" \/><\/figure><\/div>\n\n\n<p>\u0130stanbul \u00dcniversitesi (\u0130\u00dc) \u0130leti\u015fim Fak\u00fcltesi\u2019nde Medya End\u00fcstrisi dersi kapsam\u0131nda d\u00fczenlenen Medya End\u00fcstrisi S\u00f6yle\u015filerinin birincisi \u201cYaz\u0131l\u0131 Bas\u0131nda Neler Oluyor?\u201d ba\u015fl\u0131\u011f\u0131 alt\u0131nda 10 Mart Pazartesi g\u00fcn\u00fc Amfi A\u2019da yap\u0131ld\u0131. S\u00f6yle\u015fiye \u0130\u00dc \u0130leti\u015fim Fak\u00fcltesi&nbsp;2002 mezunlar\u0131ndan&nbsp;Sabah Gazetesi Sorumlu Yaz\u0131 \u0130\u015fleri M\u00fcd\u00fcr\u00fc Mesut&nbsp;Altun&nbsp;konuk oldu.<\/p>\n\n\n\n<p>S\u00f6yle\u015finin&nbsp;a\u00e7\u0131l\u0131\u015f konu\u015fmas\u0131n\u0131&nbsp;\u0130\u00dc \u0130leti\u015fim Fak\u00fcltesi Radyo, Televizyon ve Sinema B\u00f6l\u00fcm\u00fc \u00d6\u011fretim \u00dcyesi Do\u00e7. Dr. Mesut Aytekin ger\u00e7ekle\u015ftirdi. Do\u00e7. Dr. Aytekin&nbsp;konu\u015fmas\u0131nda&nbsp;Medya End\u00fcstrisi S\u00f6yle\u015filerinin d\u00f6nem boyunca devam&nbsp;edece\u011fini&nbsp;ve&nbsp;\u0130\u00dc mezunlar\u0131n, \u00f6\u011frencilerin&nbsp;bu s\u00f6yle\u015filerde bir araya gelece\u011fini s\u00f6yledi.<\/p>\n\n\n\n<p>A\u00e7\u0131l\u0131\u015f konu\u015fmas\u0131n\u0131n ard\u0131ndan&nbsp;Mesut&nbsp;Altun\u2019u, Radyo Televizyon ve Sinema B\u00f6l\u00fcm\u00fc \u00f6\u011frencisi Ruba&nbsp;Avam Taha&nbsp;Nasser&nbsp;takdim etti.&nbsp;S\u00f6yle\u015finin&nbsp;moderat\u00f6rl\u00fc\u011f\u00fcn\u00fc&nbsp;Gazetecilik&nbsp;\u00f6\u011frencisi&nbsp;Aziz Berke Duran&nbsp;yapt\u0131.<\/p>\n\n\n\n<p><strong>\u201c<\/strong><strong>Ki\u015fi Cevherini Kendi<\/strong><strong>nde<\/strong><strong>&nbsp;<\/strong><strong>Aramal\u0131\u201d<\/strong><\/p>\n\n\n\n<p>Altun, s\u00f6zlerine&nbsp;okurken deneyim kazanman\u0131n \u00f6nemine vurgu&nbsp;yaparak ba\u015flad\u0131. Okurken&nbsp;Ca\u011falo\u011f\u0142u&nbsp;taraflar\u0131nda&nbsp;bir ajansta 4-5 ay \u00e7al\u0131\u015ft\u0131\u011f\u0131n\u0131, mezun olduktan sonra bu deneyiminin kendisine art\u0131 bir de\u011fer katt\u0131\u011f\u0131n\u0131 ifade etti.Altun,&nbsp;\u00f6\u011frencilere \u201cE\u011fer bu i\u015fi sevmezseniz, severek yapam\u0131yorsan\u0131z, yapamazsan\u0131z yani&nbsp;yapamayaca\u011f\u0131n\u0131zakani olursan\u0131z bu i\u015fe devam etmeyin. Ben do\u011fru i\u015fi se\u00e7iyor muyum \u00f6ncelikle ona karar vermeniz laz\u0131m.\u201d \u015feklinde tavsiyelerde bulundu.&nbsp;Bu ba\u011flamda ki\u015finin cevheri kendisinde aramas\u0131 gerekti\u011fini ifade etti.<\/p>\n\n\n<div class=\"wp-block-image\">\n<figure class=\"alignleft size-large is-resized\"><img decoding=\"async\" width=\"1200\" height=\"900\" src=\"https:\/\/iletim.istanbul.edu.tr\/wp-content\/uploads\/84e54bcf-955b-4761-bad0-6cdf50f03ceb-edited.jpeg\" alt=\"\" class=\"wp-image-24750\" style=\"width:279px;height:auto\" srcset=\"https:\/\/iletim.istanbul.edu.tr\/wp-content\/uploads\/84e54bcf-955b-4761-bad0-6cdf50f03ceb-edited.jpeg 1200w, https:\/\/iletim.istanbul.edu.tr\/wp-content\/uploads\/84e54bcf-955b-4761-bad0-6cdf50f03ceb-edited-300x225.jpeg 300w, https:\/\/iletim.istanbul.edu.tr\/wp-content\/uploads\/84e54bcf-955b-4761-bad0-6cdf50f03ceb-edited-1024x768.jpeg 1024w, https:\/\/iletim.istanbul.edu.tr\/wp-content\/uploads\/84e54bcf-955b-4761-bad0-6cdf50f03ceb-edited-768x576.jpeg 768w, https:\/\/iletim.istanbul.edu.tr\/wp-content\/uploads\/84e54bcf-955b-4761-bad0-6cdf50f03ceb-edited-750x563.jpeg 750w, https:\/\/iletim.istanbul.edu.tr\/wp-content\/uploads\/84e54bcf-955b-4761-bad0-6cdf50f03ceb-edited-1140x855.jpeg 1140w\" sizes=\"(max-width: 1200px) 100vw, 1200px\" \/><\/figure><\/div>\n\n\n<p><strong>\u201c<\/strong><strong>Gazetecili\u011fin Temeli Muhabirlik, Tavan\u0131 da Muhabirlik<\/strong><strong>\u201d<\/strong><strong>&nbsp;<\/strong><\/p>\n\n\n\n<p>Muhabirlik mesle\u011finin zorluluklar\u0131na de\u011finen&nbsp;Altun, bu meslekte&nbsp;saatlerce \u00e7al\u0131\u015f\u0131ld\u0131\u011f\u0131n\u0131&nbsp;ve belirli mesai saatlerinin olmad\u0131\u011f\u0131n\u0131 belirtti&nbsp;ve s\u00f6zlerine \u015f\u00f6yle devam etti:&nbsp;\u201cMuhabir olmayan gazeteci, bence&nbsp;iyi&nbsp;gazeteci de\u011fildir asl\u0131nda.&nbsp;O, ba\u015fka bir \u015fey yap\u0131yordur. \u00c7\u00fcnk\u00fc muhabirlik asl\u0131nda bu i\u015fin \u00f6z\u00fcd\u00fcr; i\u015fin \u00f6z\u00fc&nbsp;haber \u00fcretmektir.<strong>&nbsp;<\/strong>Gazetecili\u011fin temeli&nbsp;muhabirlik, tavan\u0131 da muhabirliktir.\u201d&nbsp;Altun,&nbsp;gazetelerin ve gazete dilinin \u00f6nemine de vurgu yapt\u0131, medyan\u0131n, gazetenin kitleleri y\u00f6nlendirme g\u00fcc\u00fcne sahip oldu\u011funu belirtti.&nbsp;<\/p>\n\n\n\n<p><strong>Teknolojik De\u011fi\u015fimlerin Gazetecili\u011fe Etkileri&nbsp;<\/strong><\/p>\n\n\n\n<p>Teknolojik geli\u015fmelerden bahsederken&nbsp;Altun,&nbsp;kendi \u00fcniversite y\u0131llar\u0131nda kulland\u0131\u011f\u0131&nbsp;analog&nbsp;foto\u011fraf makinelerinden&nbsp;bahsederek o d\u00f6nemki foto\u011fraf \u00e7ekim s\u00fcre\u00e7lerinin zorluklar\u0131n\u0131 anlatt\u0131. &nbsp;G\u00fcn\u00fcm\u00fcz&nbsp;teknolojisiyledaha kaliteli,&nbsp;daha nitelikli,&nbsp;daha fazla foto\u011fraf \u00e7ekebilme&nbsp;imk\u00e2n\u0131&nbsp;olu\u015ftu\u011funu,&nbsp;\u00f6rne\u011fin ak\u0131ll\u0131 telefonlarla&nbsp;her an foto\u011fraf yakalayabilme&nbsp;\u015fans\u0131n\u0131n&nbsp;ortaya&nbsp;\u00e7\u0131kt\u0131\u011f\u0131n\u0131 s\u00f6yledi.&nbsp;<\/p>\n\n\n\n<p><strong>Yapay Zek\u00e2 ve Gazetecilik<\/strong><\/p>\n\n\n\n<p>G\u00fcn\u00fcm\u00fcz medyas\u0131n\u0131n en \u00e7ok sorulan sorular\u0131ndan biri olan \u201cyapay&nbsp;zek\u00e2&nbsp;medyay\u0131 nas\u0131l etkileyecek?\u201d sorusu da s\u00f6yle\u015fide g\u00fcndeme geldi.&nbsp;Altun,&nbsp;yapay&nbsp;zek\u00e2y\u0131&nbsp;kendisinin kullanmad\u0131\u011f\u0131n\u0131 belirterek daha \u00f6nce kullanm\u0131\u015f olan&nbsp;meslekta\u015flar\u0131ndan&nbsp;g\u00f6rd\u00fckleri \u00fczerine yapay zek\u00e2n\u0131n insan eliyle&nbsp;yaz\u0131lm\u0131\u015f&nbsp;haberdeki&nbsp;n\u00fcanslar\u0131&nbsp;yakalayamad\u0131\u011f\u0131n\u0131 belirtti. Yapay&nbsp;zek\u00e2n\u0131n&nbsp;gazetecilikte bir destek arac\u0131 olarak kullan\u0131laca\u011f\u0131n\u0131 ama gazetecili\u011fin \u00f6n\u00fcne ge\u00e7emeyece\u011fini ifade etti.<\/p>\n\n\n<div class=\"wp-block-image\">\n<figure class=\"alignleft size-large is-resized\"><img decoding=\"async\" width=\"900\" height=\"900\" src=\"https:\/\/iletim.istanbul.edu.tr\/wp-content\/uploads\/c088d9b0-003d-44d9-9ec7-b24fc63c1096-edited.jpeg\" alt=\"\" class=\"wp-image-24752\" style=\"width:276px;height:auto\" srcset=\"https:\/\/iletim.istanbul.edu.tr\/wp-content\/uploads\/c088d9b0-003d-44d9-9ec7-b24fc63c1096-edited.jpeg 900w, https:\/\/iletim.istanbul.edu.tr\/wp-content\/uploads\/c088d9b0-003d-44d9-9ec7-b24fc63c1096-edited-300x300.jpeg 300w, https:\/\/iletim.istanbul.edu.tr\/wp-content\/uploads\/c088d9b0-003d-44d9-9ec7-b24fc63c1096-edited-150x150.jpeg 150w, https:\/\/iletim.istanbul.edu.tr\/wp-content\/uploads\/c088d9b0-003d-44d9-9ec7-b24fc63c1096-edited-768x768.jpeg 768w, https:\/\/iletim.istanbul.edu.tr\/wp-content\/uploads\/c088d9b0-003d-44d9-9ec7-b24fc63c1096-edited-24x24.jpeg 24w, https:\/\/iletim.istanbul.edu.tr\/wp-content\/uploads\/c088d9b0-003d-44d9-9ec7-b24fc63c1096-edited-48x48.jpeg 48w, https:\/\/iletim.istanbul.edu.tr\/wp-content\/uploads\/c088d9b0-003d-44d9-9ec7-b24fc63c1096-edited-96x96.jpeg 96w, https:\/\/iletim.istanbul.edu.tr\/wp-content\/uploads\/c088d9b0-003d-44d9-9ec7-b24fc63c1096-edited-75x75.jpeg 75w, https:\/\/iletim.istanbul.edu.tr\/wp-content\/uploads\/c088d9b0-003d-44d9-9ec7-b24fc63c1096-edited-350x350.jpeg 350w, https:\/\/iletim.istanbul.edu.tr\/wp-content\/uploads\/c088d9b0-003d-44d9-9ec7-b24fc63c1096-edited-750x750.jpeg 750w\" sizes=\"(max-width: 900px) 100vw, 900px\" \/><\/figure><\/div>\n\n\n<p>S\u00f6yle\u015finin son b\u00f6l\u00fcm\u00fcnde \u00f6\u011frenciler,&nbsp;Altun\u2019a&nbsp;sekt\u00f6rdeki son geli\u015fmeler, i\u015f olanaklar\u0131, zorluklar, mesleki etik de\u011ferler konular\u0131nda \u00e7e\u015fitli sorular sordular.&nbsp;Ard\u0131ndan&nbsp;s\u00f6yle\u015fininsunucular\u0131ndan&nbsp;Radyo Televizyon ve Sinema B\u00f6l\u00fcm\u00fc \u00f6\u011frencisi&nbsp;Nur\u015fah&nbsp;Asan\u2019\u0131n&nbsp;kapan\u0131\u015f takdimiyle&nbsp;Mesut&nbsp;Altun\u2019ate\u015fekk\u00fcr belgesi&nbsp;ve hediyesi&nbsp;verildi.&nbsp;\u0130\u00dc \u0130leti\u015fim Fak\u00fcltesi Dekan Yard\u0131mc\u0131s\u0131 Do\u00e7. Dr. Onur Akyol\u2019un&nbsp;Altun\u2019a&nbsp;hediyesini ve te\u015fekk\u00fcr belgesini&nbsp;vermesinin ard\u0131ndan \u00f6\u011frencilerle birlikte&nbsp;toplu&nbsp;foto\u011fraf&nbsp;\u00e7ekildi.&nbsp;Altun, s\u00f6yle\u015fi sonras\u0131nda da \u00f6\u011frencilerle sohbete devam etti.<\/p>\n\n\n\n<p><strong>Mesut Altun<\/strong><strong>\u00a0Kimdir?<\/strong><\/p>\n\n\n\n<p>Mesut&nbsp;Altun,&nbsp;\u0130\u00dc \u0130leti\u015fim&nbsp;Fak\u00fcltesi\u2019nden&nbsp;mezun oldu\u011fu&nbsp;2002 y\u0131l\u0131nda&nbsp;Sabah Gazetesi Yurt Haberler&nbsp;Servisi\u2019nde \u00e7al\u0131\u015fmaya ba\u015flad\u0131. Redakt\u00f6r olarak ba\u015flad\u0131\u011f\u0131 mesleki kariyerine 2009y\u0131l\u0131ndan itibaren \u0130stihbarat Servisi muhabiri olarak devam etti. Ya\u015fam, e\u011fitim ve&nbsp;siyaset alan\u0131nda \u00e7ok say\u0131da habere imza att\u0131. 2015-2018 y\u0131llar\u0131 aras\u0131nda&nbsp;Cumhurba\u015fkan\u0131 Muhabiri olarak g\u00f6rev yapt\u0131. 2018 y\u0131l\u0131ndan itibaren Sabah Yaz\u0131 \u0130\u015fleri\u2019nde Siyaset ve Politika Edit\u00f6r\u00fc olarak \u00e7al\u0131\u015fan deneyimli gazeteci, ayn\u0131 zamanda gazetenin Sorumlu Yaz\u0131 \u0130\u015fleri M\u00fcd\u00fcrl\u00fc\u011f\u00fc g\u00f6revini de \u00fcstlenmektedir.<\/p>\n\n\n\n<figure class=\"wp-block-gallery has-nested-images columns-default is-cropped wp-block-gallery-1 is-layout-flex wp-block-gallery-is-layout-flex\">\n\n\n<figure class=\"wp-block-image size-large\"><img decoding=\"async\" width=\"1024\" height=\"576\" data-id=\"24753\" src=\"https:\/\/iletim.istanbul.edu.tr\/wp-content\/uploads\/70374876-0b39-40a1-b6df-f4df749a54e7-1024x576.jpeg\" alt=\"\" class=\"wp-image-24753\" srcset=\"https:\/\/iletim.istanbul.edu.tr\/wp-content\/uploads\/70374876-0b39-40a1-b6df-f4df749a54e7-1024x576.jpeg 1024w, https:\/\/iletim.istanbul.edu.tr\/wp-content\/uploads\/70374876-0b39-40a1-b6df-f4df749a54e7-300x169.jpeg 300w, https:\/\/iletim.istanbul.edu.tr\/wp-content\/uploads\/70374876-0b39-40a1-b6df-f4df749a54e7-768x432.jpeg 768w, https:\/\/iletim.istanbul.edu.tr\/wp-content\/uploads\/70374876-0b39-40a1-b6df-f4df749a54e7-1536x864.jpeg 1536w, https:\/\/iletim.istanbul.edu.tr\/wp-content\/uploads\/70374876-0b39-40a1-b6df-f4df749a54e7-750x422.jpeg 750w, https:\/\/iletim.istanbul.edu.tr\/wp-content\/uploads\/70374876-0b39-40a1-b6df-f4df749a54e7-1140x641.jpeg 1140w, https:\/\/iletim.istanbul.edu.tr\/wp-content\/uploads\/70374876-0b39-40a1-b6df-f4df749a54e7.jpeg 1600w\" sizes=\"(max-width: 1024px) 100vw, 1024px\" \/><\/figure>\n\n\n\n<figure class=\"wp-block-image size-large\"><img decoding=\"async\" width=\"1024\" height=\"576\" data-id=\"24754\" src=\"https:\/\/iletim.istanbul.edu.tr\/wp-content\/uploads\/118785c9-79ee-4b3d-8def-db715137c2b4-1024x576.jpeg\" alt=\"\" class=\"wp-image-24754\" srcset=\"https:\/\/iletim.istanbul.edu.tr\/wp-content\/uploads\/118785c9-79ee-4b3d-8def-db715137c2b4-1024x576.jpeg 1024w, https:\/\/iletim.istanbul.edu.tr\/wp-content\/uploads\/118785c9-79ee-4b3d-8def-db715137c2b4-300x169.jpeg 300w, https:\/\/iletim.istanbul.edu.tr\/wp-content\/uploads\/118785c9-79ee-4b3d-8def-db715137c2b4-768x432.jpeg 768w, https:\/\/iletim.istanbul.edu.tr\/wp-content\/uploads\/118785c9-79ee-4b3d-8def-db715137c2b4-1536x864.jpeg 1536w, https:\/\/iletim.istanbul.edu.tr\/wp-content\/uploads\/118785c9-79ee-4b3d-8def-db715137c2b4-750x422.jpeg 750w, https:\/\/iletim.istanbul.edu.tr\/wp-content\/uploads\/118785c9-79ee-4b3d-8def-db715137c2b4-1140x641.jpeg 1140w, https:\/\/iletim.istanbul.edu.tr\/wp-content\/uploads\/118785c9-79ee-4b3d-8def-db715137c2b4.jpeg 1600w\" sizes=\"(max-width: 1024px) 100vw, 1024px\" \/><\/figure>\n\n\n\n<figure class=\"wp-block-image size-large\"><img decoding=\"async\" width=\"1024\" height=\"576\" data-id=\"24757\" src=\"https:\/\/iletim.istanbul.edu.tr\/wp-content\/uploads\/b37759d9-3e92-4d0c-95ca-72a6a08ee96e-1024x576.jpeg\" alt=\"\" class=\"wp-image-24757\" srcset=\"https:\/\/iletim.istanbul.edu.tr\/wp-content\/uploads\/b37759d9-3e92-4d0c-95ca-72a6a08ee96e-1024x576.jpeg 1024w, https:\/\/iletim.istanbul.edu.tr\/wp-content\/uploads\/b37759d9-3e92-4d0c-95ca-72a6a08ee96e-300x169.jpeg 300w, https:\/\/iletim.istanbul.edu.tr\/wp-content\/uploads\/b37759d9-3e92-4d0c-95ca-72a6a08ee96e-768x432.jpeg 768w, https:\/\/iletim.istanbul.edu.tr\/wp-content\/uploads\/b37759d9-3e92-4d0c-95ca-72a6a08ee96e-1536x864.jpeg 1536w, https:\/\/iletim.istanbul.edu.tr\/wp-content\/uploads\/b37759d9-3e92-4d0c-95ca-72a6a08ee96e-750x422.jpeg 750w, https:\/\/iletim.istanbul.edu.tr\/wp-content\/uploads\/b37759d9-3e92-4d0c-95ca-72a6a08ee96e-1140x641.jpeg 1140w, https:\/\/iletim.istanbul.edu.tr\/wp-content\/uploads\/b37759d9-3e92-4d0c-95ca-72a6a08ee96e.jpeg 1600w\" sizes=\"(max-width: 1024px) 100vw, 1024px\" \/><\/figure>\n\n\n\n<figure class=\"wp-block-image size-large\"><img decoding=\"async\" width=\"1024\" height=\"576\" data-id=\"24756\" src=\"https:\/\/iletim.istanbul.edu.tr\/wp-content\/uploads\/0639fc0a-3782-4abc-a241-9ffc7b31b895-1024x576.jpeg\" alt=\"\" class=\"wp-image-24756\" srcset=\"https:\/\/iletim.istanbul.edu.tr\/wp-content\/uploads\/0639fc0a-3782-4abc-a241-9ffc7b31b895-1024x576.jpeg 1024w, https:\/\/iletim.istanbul.edu.tr\/wp-content\/uploads\/0639fc0a-3782-4abc-a241-9ffc7b31b895-300x169.jpeg 300w, https:\/\/iletim.istanbul.edu.tr\/wp-content\/uploads\/0639fc0a-3782-4abc-a241-9ffc7b31b895-768x432.jpeg 768w, https:\/\/iletim.istanbul.edu.tr\/wp-content\/uploads\/0639fc0a-3782-4abc-a241-9ffc7b31b895-1536x864.jpeg 1536w, https:\/\/iletim.istanbul.edu.tr\/wp-content\/uploads\/0639fc0a-3782-4abc-a241-9ffc7b31b895-750x422.jpeg 750w, https:\/\/iletim.istanbul.edu.tr\/wp-content\/uploads\/0639fc0a-3782-4abc-a241-9ffc7b31b895-1140x641.jpeg 1140w, https:\/\/iletim.istanbul.edu.tr\/wp-content\/uploads\/0639fc0a-3782-4abc-a241-9ffc7b31b895.jpeg 1600w\" sizes=\"(max-width: 1024px) 100vw, 1024px\" \/><\/figure>\n\n\n\n<figure class=\"wp-block-image size-large\"><img decoding=\"async\" width=\"1024\" height=\"576\" data-id=\"24755\" src=\"https:\/\/iletim.istanbul.edu.tr\/wp-content\/uploads\/3e95aca7-f134-4cb3-ab5f-53701b576391-1024x576.jpeg\" alt=\"\" class=\"wp-image-24755\" srcset=\"https:\/\/iletim.istanbul.edu.tr\/wp-content\/uploads\/3e95aca7-f134-4cb3-ab5f-53701b576391-1024x576.jpeg 1024w, https:\/\/iletim.istanbul.edu.tr\/wp-content\/uploads\/3e95aca7-f134-4cb3-ab5f-53701b576391-300x169.jpeg 300w, https:\/\/iletim.istanbul.edu.tr\/wp-content\/uploads\/3e95aca7-f134-4cb3-ab5f-53701b576391-768x432.jpeg 768w, https:\/\/iletim.istanbul.edu.tr\/wp-content\/uploads\/3e95aca7-f134-4cb3-ab5f-53701b576391-1536x864.jpeg 1536w, https:\/\/iletim.istanbul.edu.tr\/wp-content\/uploads\/3e95aca7-f134-4cb3-ab5f-53701b576391-750x422.jpeg 750w, https:\/\/iletim.istanbul.edu.tr\/wp-content\/uploads\/3e95aca7-f134-4cb3-ab5f-53701b576391-1140x641.jpeg 1140w, https:\/\/iletim.istanbul.edu.tr\/wp-content\/uploads\/3e95aca7-f134-4cb3-ab5f-53701b576391.jpeg 1600w\" sizes=\"(max-width: 1024px) 100vw, 1024px\" \/><\/figure>\n<\/figure>\n","protected":false},"excerpt":{"rendered":"<p>Muhabir: Sena Sand\u0131k\u00e7\u0131 Foto\u011fraf: Zehra Nur Ta\u015fdemir, Obada Arf, Ufuk Topta\u015f \u0130stanbul &#8211; (\u0130\u00dc Haber Merkezi) Medya End\u00fcstrisi S\u00f6yle\u015filerinin&nbsp;ilkinde&nbsp;\u201cYaz\u0131l\u0131 Bas\u0131nda Neler Oluyor?\u201d sorusuna&nbsp;Sabah Gazetesi Sorumlu Yaz\u0131 \u0130\u015fleri M\u00fcd\u00fcr\u00fc Mesut&nbsp;Altun&nbsp;ile&nbsp;cevap arand\u0131. \u0130stanbul \u00dcniversitesi (\u0130\u00dc) \u0130leti\u015fim Fak\u00fcltesi\u2019nde Medya End\u00fcstrisi dersi kapsam\u0131nda d\u00fczenlenen Medya End\u00fcstrisi S\u00f6yle\u015filerinin birincisi \u201cYaz\u0131l\u0131 Bas\u0131nda Neler Oluyor?\u201d ba\u015fl\u0131\u011f\u0131 alt\u0131nda 10 Mart Pazartesi g\u00fcn\u00fc Amfi [&hellip;]<\/p>\n","protected":false},"author":14,"featured_media":24746,"comment_status":"closed","ping_status":"open","sticky":false,"template":"","format":"standard","meta":{"jnews-multi-image_gallery":[],"jnews_single_post":{"format":"standard"},"jnews_primary_category":[],"jnews_social_meta":[],"jnews_override_counter":[],"footnotes":""},"categories":[1,34,178,2085,2348],"tags":[],"class_list":["post-24745","post","type-post","status-publish","format-standard","has-post-thumbnail","hentry","category-genel","category-universite","category-fakultemizden","category-manset-haber","category-manset-yani"],"_links":{"self":[{"href":"https:\/\/iletim.istanbul.edu.tr\/index.php\/wp-json\/wp\/v2\/posts\/24745","targetHints":{"allow":["GET"]}}],"collection":[{"href":"https:\/\/iletim.istanbul.edu.tr\/index.php\/wp-json\/wp\/v2\/posts"}],"about":[{"href":"https:\/\/iletim.istanbul.edu.tr\/index.php\/wp-json\/wp\/v2\/types\/post"}],"author":[{"embeddable":true,"href":"https:\/\/iletim.istanbul.edu.tr\/index.php\/wp-json\/wp\/v2\/users\/14"}],"replies":[{"embeddable":true,"href":"https:\/\/iletim.istanbul.edu.tr\/index.php\/wp-json\/wp\/v2\/comments?post=24745"}],"version-history":[{"count":0,"href":"https:\/\/iletim.istanbul.edu.tr\/index.php\/wp-json\/wp\/v2\/posts\/24745\/revisions"}],"wp:featuredmedia":[{"embeddable":true,"href":"https:\/\/iletim.istanbul.edu.tr\/index.php\/wp-json\/wp\/v2\/media\/24746"}],"wp:attachment":[{"href":"https:\/\/iletim.istanbul.edu.tr\/index.php\/wp-json\/wp\/v2\/media?parent=24745"}],"wp:term":[{"taxonomy":"category","embeddable":true,"href":"https:\/\/iletim.istanbul.edu.tr\/index.php\/wp-json\/wp\/v2\/categories?post=24745"},{"taxonomy":"post_tag","embeddable":true,"href":"https:\/\/iletim.istanbul.edu.tr\/index.php\/wp-json\/wp\/v2\/tags?post=24745"}],"curies":[{"name":"wp","href":"https:\/\/api.w.org\/{rel}","templated":true}]}}