{"id":24983,"date":"2025-05-05T16:36:38","date_gmt":"2025-05-05T13:36:38","guid":{"rendered":"https:\/\/iletim.istanbul.edu.tr\/?p=24983"},"modified":"2025-05-05T18:30:08","modified_gmt":"2025-05-05T15:30:08","slug":"auzeften-yuksekogretimde-degisim-ve-donusum-paneli-gerceklestirildi","status":"publish","type":"post","link":"https:\/\/iletim.istanbul.edu.tr\/index.php\/2025\/05\/05\/auzeften-yuksekogretimde-degisim-ve-donusum-paneli-gerceklestirildi\/","title":{"rendered":"AUZEF\u2019ten \u201cY\u00fcksek\u00f6\u011fretimde De\u011fi\u015fim ve D\u00f6n\u00fc\u015f\u00fcm\u201d Paneli Ger\u00e7ekle\u015ftirildi"},"content":{"rendered":"\n<p><strong>Muhabir: Hatice Beyza \u00c7akmak<\/strong><\/p>\n\n\n\n<p><strong>\u0130\u00dc Haber Merkezi (\u0130stanbul)-<\/strong><\/p>\n\n\n\n<p><strong>\u0130stanbul \u00dcniversitesi(\u0130\u00dc) A\u00e7\u0131k ve Uzaktan E\u011fitim Fak\u00fcltesi(AUZEF) taraf\u0131ndan d\u00fczenlenen \u201cAUZEF \u00c7evrim \u0130\u00e7i Panel\u201d program\u0131n\u0131n 9.\u2019sunu ger\u00e7ekle\u015ftirildi. Ulusal ve uluslararas\u0131 y\u00fcksek\u00f6\u011fretimdeki de\u011fi\u015fimler de\u011ferlendirildi.<\/strong><\/p>\n\n\n\n<p>AUZEF\u2019in YouTube kanal\u0131ndan(@acikveuzaktan) 29 Nisan\u2019da saat 16.00\u2019da&nbsp; canl\u0131 olarak yay\u0131nlanan panelin moderat\u00f6rl\u00fc\u011f\u00fcn\u00fc AUZEF Dekan Yard\u0131mc\u0131s\u0131 Do\u00e7. Dr. Metin \u00dcnver \u00fcstlendi. \u201cY\u00fcksek\u00f6\u011fretimde De\u011fi\u015fim ve D\u00f6n\u00fc\u015f\u00fcm\u00fc Anlamak\u201d ba\u015fl\u0131\u011f\u0131yla ger\u00e7ekle\u015ftirilen programa, \u0130stanbul \u00dcniversitesi Rekt\u00f6r Yard\u0131mc\u0131s\u0131 ve AUZEF Dekan\u0131 Prof. Dr. Levent \u015eahin, Prof. Dr. Deniz Melanl\u0131o\u011flu ve Prof. Dr. Asl\u0131 Beyhan Acar konu\u015fmac\u0131 olarak kat\u0131ld\u0131.<\/p>\n\n\n\n<p>Panelde konu\u015fan Prof. Dr. Levent \u015eahin, e\u011fitim ile istihdam ili\u015fkisini de\u011ferlendirerek \u201cE\u011fitim 5.0\u201d kavram\u0131n\u0131 anlatt\u0131. \u015eahin, World Economic Forum\u2019un \u201cThe Future of Jobs 2025\u201d raporuna at\u0131f yaparak, gelecekte y\u00fcksek\u00f6\u011fretimde ve i\u015f g\u00fcc\u00fc beklentilerinde ya\u015fanacak de\u011fi\u015fimlere dikkat \u00e7ekti.<\/p>\n\n\n<div class=\"wp-block-image\">\n<figure class=\"alignleft size-full is-resized\"><img decoding=\"async\" width=\"400\" height=\"400\" src=\"https:\/\/iletim.istanbul.edu.tr\/wp-content\/uploads\/WhatsApp-Image-2025-05-05-at-16.35.00.jpeg\" alt=\"\" class=\"wp-image-24993\" style=\"width:236px;height:auto\" srcset=\"https:\/\/iletim.istanbul.edu.tr\/wp-content\/uploads\/WhatsApp-Image-2025-05-05-at-16.35.00.jpeg 400w, https:\/\/iletim.istanbul.edu.tr\/wp-content\/uploads\/WhatsApp-Image-2025-05-05-at-16.35.00-300x300.jpeg 300w, https:\/\/iletim.istanbul.edu.tr\/wp-content\/uploads\/WhatsApp-Image-2025-05-05-at-16.35.00-150x150.jpeg 150w, https:\/\/iletim.istanbul.edu.tr\/wp-content\/uploads\/WhatsApp-Image-2025-05-05-at-16.35.00-24x24.jpeg 24w, https:\/\/iletim.istanbul.edu.tr\/wp-content\/uploads\/WhatsApp-Image-2025-05-05-at-16.35.00-48x48.jpeg 48w, https:\/\/iletim.istanbul.edu.tr\/wp-content\/uploads\/WhatsApp-Image-2025-05-05-at-16.35.00-96x96.jpeg 96w, https:\/\/iletim.istanbul.edu.tr\/wp-content\/uploads\/WhatsApp-Image-2025-05-05-at-16.35.00-75x75.jpeg 75w, https:\/\/iletim.istanbul.edu.tr\/wp-content\/uploads\/WhatsApp-Image-2025-05-05-at-16.35.00-350x350.jpeg 350w\" sizes=\"(max-width: 400px) 100vw, 400px\" \/><\/figure><\/div>\n\n\n<p><strong>&nbsp;End\u00fcstri 4.0\u2019da stratejik davranan \u00fclkeler avantaj kazanacak<\/strong><\/p>\n\n\n\n<p>\u015eahin, \u201cKlasik i\u015fg\u00fcc\u00fc sisteminden tamamen kopmak m\u00fcmk\u00fcn de\u011fil. Ancak bilgi ve hizmet sekt\u00f6rleri ile \u00fcniversiteler ba\u015fta olmak \u00fczere e\u011fitim kurumlar\u0131nda yapay zeka ve End\u00fcstri 4.0 ara\u00e7lar\u0131 \u00f6ne \u00e7\u0131k\u0131yor. Bu alanlarda stratejik davranan \u00fclkeler ekonomik ve toplumsal anlamda avantaj sa\u011flayacak\u201d dedi.<\/p>\n\n\n\n<p><strong>Hibrit model hayat boyu \u00f6\u011frenme odakl\u0131 b\u00fct\u00fcnle\u015fik bir yap\u0131<\/strong><\/p>\n\n\n\n<p>Japonya\u2019n\u0131n \u201cS\u00fcper Ak\u0131ll\u0131 Toplum\u201d vizyonuna da de\u011finen \u015eahin, bu do\u011frultuda e\u011fitim sistemlerinin \u00fcr\u00fcn ve hizmet \u00fcretimine entegre \u015fekilde d\u00f6n\u00fc\u015f\u00fcm ya\u015famas\u0131 gerekti\u011fini s\u00f6yledi. Hibrit modelin bu d\u00f6n\u00fc\u015f\u00fcme yan\u0131t olabilece\u011fini belirten \u015eahin, \u201cHibrit model yaln\u0131zca uzaktan e\u011fitim de\u011fil; sanal s\u0131n\u0131flar\u0131n da i\u00e7inde yer ald\u0131\u011f\u0131, hayat boyu \u00f6\u011frenme odakl\u0131 b\u00fct\u00fcnle\u015fik bir yap\u0131 sunuyor\u201d ifadelerini kulland\u0131.<\/p>\n\n\n<div class=\"wp-block-image\">\n<figure class=\"alignright size-full is-resized\"><img decoding=\"async\" width=\"429\" height=\"429\" src=\"https:\/\/iletim.istanbul.edu.tr\/wp-content\/uploads\/Resim1-3.png\" alt=\"\" class=\"wp-image-24988\" style=\"width:216px;height:auto\" srcset=\"https:\/\/iletim.istanbul.edu.tr\/wp-content\/uploads\/Resim1-3.png 429w, https:\/\/iletim.istanbul.edu.tr\/wp-content\/uploads\/Resim1-3-300x300.png 300w, https:\/\/iletim.istanbul.edu.tr\/wp-content\/uploads\/Resim1-3-150x150.png 150w, https:\/\/iletim.istanbul.edu.tr\/wp-content\/uploads\/Resim1-3-24x24.png 24w, https:\/\/iletim.istanbul.edu.tr\/wp-content\/uploads\/Resim1-3-48x48.png 48w, https:\/\/iletim.istanbul.edu.tr\/wp-content\/uploads\/Resim1-3-96x96.png 96w, https:\/\/iletim.istanbul.edu.tr\/wp-content\/uploads\/Resim1-3-75x75.png 75w, https:\/\/iletim.istanbul.edu.tr\/wp-content\/uploads\/Resim1-3-350x350.png 350w\" sizes=\"(max-width: 429px) 100vw, 429px\" \/><\/figure><\/div>\n\n\n<p><strong>E\u011fitim art\u0131k sadece bili\u015fsel de\u011fil: \u00e7ok y\u00f6nl\u00fc bir \u00f6\u011frenme s\u00fcreci<\/strong><\/p>\n\n\n\n<p>Panele kat\u0131lan Prof. Dr. Deniz Melanl\u0131o\u011flu, T\u00fcrkiye&#8217;de 2024 y\u0131l\u0131ndan itibaren uygulamaya konulan Maarif Modeli\u2019ne dikkat \u00e7ekti. Melanl\u0131o\u011flu, \u201cE\u011fitim art\u0131k sadece bili\u015fsel de\u011fil; duygusal ve sosyal becerilerin de dahil oldu\u011fu \u00e7ok y\u00f6nl\u00fc bir s\u00fcre\u00e7 haline geldi. \u00d6\u011frenme yaln\u0131zca bilgi edinmek de\u011fil, bu bilgiyi sosyal ya\u015famda etkin kullanabilmek ile anlam kazan\u0131yor\u201d dedi.<\/p>\n\n\n\n<p>E\u011fitim sisteminin \u201cMutlu birey, mutlu aile, mutlu toplum\u201d yakla\u015f\u0131m\u0131 \u00fczerine in\u015fa edildi\u011fini vurgulayan Melanl\u0131o\u011flu, bu yakla\u015f\u0131m\u0131n sosyal-duygusal b\u00fct\u00fcnl\u00fckle \u015fekillendi\u011fini belirtti.<\/p>\n\n\n\n<p><strong>&#8220;Nas\u0131l daha ileri d\u00fczey bir bilgiye ula\u015fabiliriz&#8221;<\/strong><\/p>\n\n\n<div class=\"wp-block-image\">\n<figure class=\"alignleft size-full is-resized\"><img decoding=\"async\" width=\"500\" height=\"500\" src=\"https:\/\/iletim.istanbul.edu.tr\/wp-content\/uploads\/67.png\" alt=\"\" class=\"wp-image-24990\" style=\"width:237px;height:auto\" srcset=\"https:\/\/iletim.istanbul.edu.tr\/wp-content\/uploads\/67.png 500w, https:\/\/iletim.istanbul.edu.tr\/wp-content\/uploads\/67-300x300.png 300w, https:\/\/iletim.istanbul.edu.tr\/wp-content\/uploads\/67-150x150.png 150w, https:\/\/iletim.istanbul.edu.tr\/wp-content\/uploads\/67-24x24.png 24w, https:\/\/iletim.istanbul.edu.tr\/wp-content\/uploads\/67-48x48.png 48w, https:\/\/iletim.istanbul.edu.tr\/wp-content\/uploads\/67-96x96.png 96w, https:\/\/iletim.istanbul.edu.tr\/wp-content\/uploads\/67-75x75.png 75w, https:\/\/iletim.istanbul.edu.tr\/wp-content\/uploads\/67-350x350.png 350w\" sizes=\"(max-width: 500px) 100vw, 500px\" \/><\/figure><\/div>\n\n\n<p>Panelde disiplinleraras\u0131 \u00e7al\u0131\u015fman\u0131n ve disiplinleraras\u0131 ge\u00e7irgenli\u011fin \u00fczerinde duran Prof. Dr. Asl\u0131 Beyhan Acar, gelecek d\u00f6nemde ortaya konacak \u00fcr\u00fcnlerin bir tak\u0131m \u00e7al\u0131\u015fmas\u0131na ait olmas\u0131 gerekti\u011fini ifade etti. Prof. Dr. Acar, bireyin ki\u015fisel bilgilerinden ziyade \u2018o ne biliyor, benim bilgim onunla nas\u0131l tamamlan\u0131yor ve buradan nas\u0131l bir ortak, daha d\u00fczg\u00fcn, ileri d\u00fczey bir bilgiye ula\u015fabiliriz\u2019 \u015feklinde d\u00fc\u015f\u00fcnmenin \u00f6nemini belirtti.<\/p>\n\n\n\n<p><strong>\u00d6\u011frencileri daha ileriye nas\u0131l ta\u015f\u0131r\u0131z<\/strong><\/p>\n\n\n\n<p>Acar, \u201cArt\u0131k yaln\u0131zca m\u00fcfredat\u0131 aktarmak de\u011fil, \u00f6\u011frencileri ileriye ta\u015f\u0131yacak projeler \u00fcretmek ve bu y\u00f6nde s\u00fcrekli d\u00fc\u015f\u00fcnen bir yap\u0131ya sahip olmak gerekiyor. Bunlar bizim s\u00fcrekli olarak sorgulad\u0131\u011f\u0131m\u0131z sadece m\u00fcfredat\u0131 anlat\u0131p ge\u00e7ti\u011fimiz ya da sadece ilgili alanda ara\u015ft\u0131rmalar yapt\u0131\u011f\u0131m\u0131z konular de\u011fil, \u00f6\u011frencileri daha ileriye nas\u0131l ta\u015f\u0131r\u0131z diye s\u00fcrekli kafa yordu\u011fumuz planlar ve projelerdir\u201d dedi.<\/p>\n\n\n\n<p>Y\u00fcksek\u00f6\u011fretimde ya\u015fanan d\u00f6n\u00fc\u015f\u00fcm s\u00fcre\u00e7lerinin kapsaml\u0131 bi\u00e7imde ele al\u0131nd\u0131\u011f\u0131 panel, saat 17.00\u2019de sona erdi. Etkinlik, daha sonra izlenebilmesi i\u00e7in AUZEF\u2019in YouTube kanal\u0131na video olarak y\u00fcklendi.<\/p>\n","protected":false},"excerpt":{"rendered":"<p>Muhabir: Hatice Beyza \u00c7akmak \u0130\u00dc Haber Merkezi (\u0130stanbul)- \u0130stanbul \u00dcniversitesi(\u0130\u00dc) A\u00e7\u0131k ve Uzaktan E\u011fitim Fak\u00fcltesi(AUZEF) taraf\u0131ndan d\u00fczenlenen \u201cAUZEF \u00c7evrim \u0130\u00e7i Panel\u201d program\u0131n\u0131n 9.\u2019sunu ger\u00e7ekle\u015ftirildi. Ulusal ve uluslararas\u0131 y\u00fcksek\u00f6\u011fretimdeki de\u011fi\u015fimler de\u011ferlendirildi. AUZEF\u2019in YouTube kanal\u0131ndan(@acikveuzaktan) 29 Nisan\u2019da saat 16.00\u2019da&nbsp; canl\u0131 olarak yay\u0131nlanan panelin moderat\u00f6rl\u00fc\u011f\u00fcn\u00fc AUZEF Dekan Yard\u0131mc\u0131s\u0131 Do\u00e7. Dr. Metin \u00dcnver \u00fcstlendi. \u201cY\u00fcksek\u00f6\u011fretimde De\u011fi\u015fim ve D\u00f6n\u00fc\u015f\u00fcm\u00fc Anlamak\u201d [&hellip;]<\/p>\n","protected":false},"author":14,"featured_media":24985,"comment_status":"closed","ping_status":"open","sticky":false,"template":"","format":"standard","meta":{"jnews-multi-image_gallery":[],"jnews_single_post":{"format":"standard"},"jnews_primary_category":[],"jnews_social_meta":[],"jnews_override_counter":[],"footnotes":""},"categories":[25,34,2085,2348],"tags":[3299,3302,43,3300,1730,3301],"class_list":["post-24983","post","type-post","status-publish","format-standard","has-post-thumbnail","hentry","category-egitim","category-universite","category-manset-haber","category-manset-yani","tag-auzef","tag-disiplinlerarasi","tag-istanbul-universitesi","tag-leventsahin","tag-universite","tag-yuksekogretim"],"_links":{"self":[{"href":"https:\/\/iletim.istanbul.edu.tr\/index.php\/wp-json\/wp\/v2\/posts\/24983","targetHints":{"allow":["GET"]}}],"collection":[{"href":"https:\/\/iletim.istanbul.edu.tr\/index.php\/wp-json\/wp\/v2\/posts"}],"about":[{"href":"https:\/\/iletim.istanbul.edu.tr\/index.php\/wp-json\/wp\/v2\/types\/post"}],"author":[{"embeddable":true,"href":"https:\/\/iletim.istanbul.edu.tr\/index.php\/wp-json\/wp\/v2\/users\/14"}],"replies":[{"embeddable":true,"href":"https:\/\/iletim.istanbul.edu.tr\/index.php\/wp-json\/wp\/v2\/comments?post=24983"}],"version-history":[{"count":6,"href":"https:\/\/iletim.istanbul.edu.tr\/index.php\/wp-json\/wp\/v2\/posts\/24983\/revisions"}],"predecessor-version":[{"id":25031,"href":"https:\/\/iletim.istanbul.edu.tr\/index.php\/wp-json\/wp\/v2\/posts\/24983\/revisions\/25031"}],"wp:featuredmedia":[{"embeddable":true,"href":"https:\/\/iletim.istanbul.edu.tr\/index.php\/wp-json\/wp\/v2\/media\/24985"}],"wp:attachment":[{"href":"https:\/\/iletim.istanbul.edu.tr\/index.php\/wp-json\/wp\/v2\/media?parent=24983"}],"wp:term":[{"taxonomy":"category","embeddable":true,"href":"https:\/\/iletim.istanbul.edu.tr\/index.php\/wp-json\/wp\/v2\/categories?post=24983"},{"taxonomy":"post_tag","embeddable":true,"href":"https:\/\/iletim.istanbul.edu.tr\/index.php\/wp-json\/wp\/v2\/tags?post=24983"}],"curies":[{"name":"wp","href":"https:\/\/api.w.org\/{rel}","templated":true}]}}