{"id":25089,"date":"2025-05-06T18:47:15","date_gmt":"2025-05-06T15:47:15","guid":{"rendered":"https:\/\/iletim.istanbul.edu.tr\/?p=25089"},"modified":"2025-05-13T14:12:39","modified_gmt":"2025-05-13T11:12:39","slug":"istanbul-universitesi-rektorluk-akademik-birim-bulusmalari-gerceklesti","status":"publish","type":"post","link":"https:\/\/iletim.istanbul.edu.tr\/index.php\/2025\/05\/06\/istanbul-universitesi-rektorluk-akademik-birim-bulusmalari-gerceklesti\/","title":{"rendered":"\u0130stanbul \u00dcniversitesi &#8216;Rekt\u00f6rl\u00fck-Akademik Birim Bulu\u015fmalar\u0131&#8217; Ger\u00e7ekle\u015fti"},"content":{"rendered":"\n<p><strong>Haber: \u00d6zg\u00fcr Recep Kocao\u011flu<\/strong><\/p>\n\n\n\n<p><strong>Foto\u011fraf: Berk Balc\u0131<\/strong><\/p>\n\n\n\n<p><strong>Edit\u00f6r: Zeynep R\u00fcmeysa G\u00f6kg\u00f6z<\/strong><\/p>\n\n\n\n<p><strong>\u0130stanbul \u2013 (\u0130\u00dc Haber Merkezi<\/strong>)<\/p>\n\n\n\n<p><strong>\u0130stanbul \u00dcniversitesi\u2019nin (\u0130\u00dc) Perspektif 2053 vizyonu kapsam\u0131nda d\u00fczenlenen Rekt\u00f6rl\u00fck-Akademik Birim Bulu\u015fmalar\u0131\u2019n\u0131n \u0130leti\u015fim Fak\u00fcltesi basama\u011f\u0131 ger\u00e7ekle\u015fti.<\/strong><\/p>\n\n\n\n<p>Perspektif 2053 vizyonu do\u011frultusunda 2024 &#8211; 2025 E\u011fitim-\u00d6\u011fretim y\u0131l\u0131 bahar yar\u0131y\u0131l\u0131ndan itibaren d\u00fczenlenen \u2018Rekt\u00f6rl\u00fck &#8211; Akademik Birim Bulu\u015fmalar\u0131\u2019n\u0131n \u0130leti\u015fim Fak\u00fcltesi k\u0131sm\u0131 \u0130\u00dc \u0130leti\u015fim Fak\u00fcltesi Amfi A\u2019da 6 May\u0131s saat 10.00\u2019da Rekt\u00f6r Yard\u0131mc\u0131s\u0131 Prof. Dr. Cemil Kaya, Rekt\u00f6r Ba\u015f Dan\u0131\u015fman\u0131 Prof. Dr. Haluk Z\u00fclfikar, Vekil Dekan Prof. Dr. Levent \u015eahin ile \u0130\u00dc \u0130leti\u015fim Fak\u00fcltesi \u00f6\u011fretim \u00fcyelerinin kat\u0131l\u0131m\u0131yla d\u00fczenlendi.<\/p>\n\n\n\n<figure class=\"wp-block-image size-large is-resized\"><img decoding=\"async\" width=\"1024\" height=\"683\" src=\"https:\/\/iletim.istanbul.edu.tr\/wp-content\/uploads\/IMG_0014-1024x683.jpg\" alt=\"\" class=\"wp-image-25097\" style=\"width:737px;height:auto\" srcset=\"https:\/\/iletim.istanbul.edu.tr\/wp-content\/uploads\/IMG_0014-1024x683.jpg 1024w, https:\/\/iletim.istanbul.edu.tr\/wp-content\/uploads\/IMG_0014-300x200.jpg 300w, https:\/\/iletim.istanbul.edu.tr\/wp-content\/uploads\/IMG_0014-768x512.jpg 768w, https:\/\/iletim.istanbul.edu.tr\/wp-content\/uploads\/IMG_0014-750x500.jpg 750w, https:\/\/iletim.istanbul.edu.tr\/wp-content\/uploads\/IMG_0014-1140x760.jpg 1140w, https:\/\/iletim.istanbul.edu.tr\/wp-content\/uploads\/IMG_0014.jpg 1296w\" sizes=\"(max-width: 1024px) 100vw, 1024px\" \/><\/figure>\n\n\n\n<p>Rekt\u00f6rl\u00fck ile akademik birimler aras\u0131ndaki ortak vizyonu peki\u015ftirmek, bilimsel \u00e7al\u0131\u015fmalar\u0131n gelece\u011fi hakk\u0131nda bilgi al\u0131\u015fveri\u015finde bulunmak, e\u011fitim &#8211; \u00f6\u011fretim stratejisini yeniden g\u00f6zden ge\u00e7irmek ve toplumsal katk\u0131ya ili\u015fkin yeni bir bak\u0131\u015f a\u00e7\u0131s\u0131 olu\u015fturmak amac\u0131yla ger\u00e7ekle\u015fen bulu\u015fma; Rekt\u00f6r Yard\u0131mc\u0131s\u0131 Prof. Dr. Cemil Kaya\u2019n\u0131n konu\u015fmas\u0131yla ba\u015flad\u0131. Prof. Dr. Kaya son iki y\u0131lda yap\u0131lan iyi uygulamalar konusunda bilgi verdi.<\/p>\n\n\n\n<p><strong>\u00dcniversitenin yeni kurulan merkezleri bilimsel ve kurumsal geli\u015fime katk\u0131 sa\u011fl\u0131yor<\/strong><\/p>\n\n\n\n<p>\u0130stanbul \u00dcniversitesi\u2019nin \u201cA\u00e7\u0131k Kap\u0131, A\u00e7\u0131k Bilim\u201d politikas\u0131 \u00e7er\u00e7evesinde faaliyetlerini s\u00fcrd\u00fcrd\u00fc\u011f\u00fcn\u00fc s\u00f6yleyen Prof. Dr. Kaya, \u0130\u00dc \u0130leti\u015fim Fak\u00fcltesi\u2019nin \u0130LEDAK\u2019tan 5 y\u0131ll\u0131k akreditasyon almas\u0131n\u0131n, \u0130\u00dc Merkez K\u00fct\u00fcphanesi\u2019nin hizmete a\u00e7\u0131lmas\u0131n\u0131n, hastanelerin yeniden organize edilmesinin ve yeni merkezlerin kurulmas\u0131n\u0131n \u00fcniversitenin bilimsel ve kurumsal geli\u015fimine katk\u0131 sa\u011flad\u0131\u011f\u0131n\u0131 belirtti.<\/p>\n\n\n\n<figure class=\"wp-block-image size-large is-resized\"><img decoding=\"async\" width=\"1024\" height=\"683\" src=\"https:\/\/iletim.istanbul.edu.tr\/wp-content\/uploads\/IMG_0057-1024x683.jpg\" alt=\"\" class=\"wp-image-25093\" style=\"width:656px;height:auto\" srcset=\"https:\/\/iletim.istanbul.edu.tr\/wp-content\/uploads\/IMG_0057-1024x683.jpg 1024w, https:\/\/iletim.istanbul.edu.tr\/wp-content\/uploads\/IMG_0057-300x200.jpg 300w, https:\/\/iletim.istanbul.edu.tr\/wp-content\/uploads\/IMG_0057-768x512.jpg 768w, https:\/\/iletim.istanbul.edu.tr\/wp-content\/uploads\/IMG_0057-1536x1024.jpg 1536w, https:\/\/iletim.istanbul.edu.tr\/wp-content\/uploads\/IMG_0057-2048x1365.jpg 2048w, https:\/\/iletim.istanbul.edu.tr\/wp-content\/uploads\/IMG_0057-750x500.jpg 750w, https:\/\/iletim.istanbul.edu.tr\/wp-content\/uploads\/IMG_0057-1140x760.jpg 1140w\" sizes=\"(max-width: 1024px) 100vw, 1024px\" \/><\/figure>\n\n\n\n<p><strong>\u00d6\u011frencilerin&nbsp;evrensel de\u011ferlere a\u00e7\u0131k bireyler olarak yeti\u015ftirilmesi gerek<\/strong><\/p>\n\n\n\n<p>Rekt\u00f6r Ba\u015f Dan\u0131\u015fman\u0131 Prof. Dr. Haluk Z\u00fclfikar,&nbsp;Perspektif 2053 kapsam\u0131nda yapt\u0131\u011f\u0131 konu\u015fmada T\u00fcrkiye&#8217;nin gen\u00e7 n\u00fcfus potansiyeline dikkat \u00e7ekerek bu potansiyelin do\u011fru y\u00f6nlendirilmesi gerekti\u011fini vurgulad\u0131.&nbsp;Prof. Dr. Z\u00fclfikar,&nbsp;gelece\u011fi in\u015fa etmede e\u011fitim, de\u011ferler sistemi ve teknolojiye adaptasyonun \u00f6nemine de\u011findi. Dijitalle\u015fmenin getirdi\u011fi f\u0131rsatlar\u0131n yan\u0131 s\u0131ra tehditleri de oldu\u011funu belirten&nbsp;Prof. Dr. Z\u00fclfikar, \u00f6\u011frencilerin&nbsp;<em>mill\u00ee<\/em> kimliklerini kaybetmeden evrensel de\u011ferlere a\u00e7\u0131k bireyler olarak yeti\u015ftirilmesi gerekti\u011fini ifade etti.<\/p>\n\n\n\n<figure class=\"wp-block-image size-large is-resized\"><img decoding=\"async\" width=\"1024\" height=\"683\" src=\"https:\/\/iletim.istanbul.edu.tr\/wp-content\/uploads\/IMG_0071-1024x683.jpg\" alt=\"\" class=\"wp-image-25094\" style=\"width:715px;height:auto\" srcset=\"https:\/\/iletim.istanbul.edu.tr\/wp-content\/uploads\/IMG_0071-1024x683.jpg 1024w, https:\/\/iletim.istanbul.edu.tr\/wp-content\/uploads\/IMG_0071-300x200.jpg 300w, https:\/\/iletim.istanbul.edu.tr\/wp-content\/uploads\/IMG_0071-768x512.jpg 768w, https:\/\/iletim.istanbul.edu.tr\/wp-content\/uploads\/IMG_0071-750x500.jpg 750w, https:\/\/iletim.istanbul.edu.tr\/wp-content\/uploads\/IMG_0071-1140x760.jpg 1140w, https:\/\/iletim.istanbul.edu.tr\/wp-content\/uploads\/IMG_0071.jpg 1296w\" sizes=\"(max-width: 1024px) 100vw, 1024px\" \/><\/figure>\n\n\n\n<p>\u0130\u00dc \u0130leti\u015fim Fak\u00fcltesi Vekil Dekan\u0131 Prof. Dr. Levent \u015eahin konu\u015fmas\u0131na \u0130\u00dc \u0130leti\u015fim Fak\u00fcltesi\u2019nin tarih\u00e7esini anlatarak ba\u015flad\u0131. Prof. Dr. \u015eahin konu\u015fmas\u0131nda fak\u00fcltenin lisans ve lisans\u00fcst\u00fc b\u00f6l\u00fcmlerini, b\u00f6l\u00fcmlere ili\u015fkin \u00f6\u011frenci verilerini, akademisyenlerin say\u0131lar\u0131n\u0131, fak\u00fcltenin uygulama alanlar\u0131n\u0131, fak\u00fcltenin kul\u00fcplerini, akademisyenlerin ve \u00f6\u011frencilerin ald\u0131\u011f\u0131 \u00f6d\u00fclleri aktard\u0131. Prof. Dr. \u015eahin \u0130\u00dc \u0130leti\u015fim Fak\u00fcltesi\u2019nin \u00fc\u00e7 b\u00f6l\u00fcm\u00fcn\u00fcn \u0130LEDAK onayl\u0131 oldu\u011funu hat\u0131rlatt\u0131.<\/p>\n\n\n\n<figure class=\"wp-block-image size-large is-resized\"><img decoding=\"async\" width=\"1024\" height=\"683\" src=\"https:\/\/iletim.istanbul.edu.tr\/wp-content\/uploads\/IMG_0041-1024x683.jpg\" alt=\"\" class=\"wp-image-25095\" style=\"width:728px;height:auto\" srcset=\"https:\/\/iletim.istanbul.edu.tr\/wp-content\/uploads\/IMG_0041-1024x683.jpg 1024w, https:\/\/iletim.istanbul.edu.tr\/wp-content\/uploads\/IMG_0041-300x200.jpg 300w, https:\/\/iletim.istanbul.edu.tr\/wp-content\/uploads\/IMG_0041-768x512.jpg 768w, https:\/\/iletim.istanbul.edu.tr\/wp-content\/uploads\/IMG_0041-750x500.jpg 750w, https:\/\/iletim.istanbul.edu.tr\/wp-content\/uploads\/IMG_0041-1140x760.jpg 1140w, https:\/\/iletim.istanbul.edu.tr\/wp-content\/uploads\/IMG_0041.jpg 1296w\" sizes=\"(max-width: 1024px) 100vw, 1024px\" \/><\/figure>\n\n\n\n<p>Program, idari personelin kat\u0131ld\u0131\u011f\u0131 ve Fak\u00fclte Sekreteri Leyla Alaca\u2019n\u0131n fak\u00fcltenin idari i\u015fleyi\u015fi hakk\u0131nda sunum yapt\u0131\u011f\u0131 ikinci oturumla sonland\u0131.<\/p>\n\n\n\n<figure class=\"wp-block-gallery has-nested-images columns-default is-cropped wp-block-gallery-1 is-layout-flex wp-block-gallery-is-layout-flex\">\n<figure class=\"wp-block-image size-large\"><img decoding=\"async\" width=\"1024\" height=\"683\" data-id=\"25100\" src=\"https:\/\/iletim.istanbul.edu.tr\/wp-content\/uploads\/IMG_0044-1024x683.jpg\" alt=\"\" class=\"wp-image-25100\" srcset=\"https:\/\/iletim.istanbul.edu.tr\/wp-content\/uploads\/IMG_0044-1024x683.jpg 1024w, https:\/\/iletim.istanbul.edu.tr\/wp-content\/uploads\/IMG_0044-300x200.jpg 300w, https:\/\/iletim.istanbul.edu.tr\/wp-content\/uploads\/IMG_0044-768x512.jpg 768w, https:\/\/iletim.istanbul.edu.tr\/wp-content\/uploads\/IMG_0044-1536x1024.jpg 1536w, https:\/\/iletim.istanbul.edu.tr\/wp-content\/uploads\/IMG_0044-2048x1365.jpg 2048w, https:\/\/iletim.istanbul.edu.tr\/wp-content\/uploads\/IMG_0044-750x500.jpg 750w, https:\/\/iletim.istanbul.edu.tr\/wp-content\/uploads\/IMG_0044-1140x760.jpg 1140w\" sizes=\"(max-width: 1024px) 100vw, 1024px\" \/><\/figure>\n\n\n\n<figure class=\"wp-block-image size-large\"><img decoding=\"async\" width=\"1024\" height=\"683\" data-id=\"25103\" src=\"https:\/\/iletim.istanbul.edu.tr\/wp-content\/uploads\/IMG_9887-1024x683.jpg\" alt=\"\" class=\"wp-image-25103\" srcset=\"https:\/\/iletim.istanbul.edu.tr\/wp-content\/uploads\/IMG_9887-1024x683.jpg 1024w, https:\/\/iletim.istanbul.edu.tr\/wp-content\/uploads\/IMG_9887-300x200.jpg 300w, https:\/\/iletim.istanbul.edu.tr\/wp-content\/uploads\/IMG_9887-768x512.jpg 768w, https:\/\/iletim.istanbul.edu.tr\/wp-content\/uploads\/IMG_9887-1536x1024.jpg 1536w, https:\/\/iletim.istanbul.edu.tr\/wp-content\/uploads\/IMG_9887-2048x1365.jpg 2048w, https:\/\/iletim.istanbul.edu.tr\/wp-content\/uploads\/IMG_9887-750x500.jpg 750w, https:\/\/iletim.istanbul.edu.tr\/wp-content\/uploads\/IMG_9887-1140x760.jpg 1140w\" sizes=\"(max-width: 1024px) 100vw, 1024px\" \/><\/figure>\n\n\n\n<figure class=\"wp-block-image size-large\"><img decoding=\"async\" width=\"1024\" height=\"683\" data-id=\"25105\" src=\"https:\/\/iletim.istanbul.edu.tr\/wp-content\/uploads\/IMG_9917-1024x683.jpg\" alt=\"\" class=\"wp-image-25105\" srcset=\"https:\/\/iletim.istanbul.edu.tr\/wp-content\/uploads\/IMG_9917-1024x683.jpg 1024w, https:\/\/iletim.istanbul.edu.tr\/wp-content\/uploads\/IMG_9917-300x200.jpg 300w, https:\/\/iletim.istanbul.edu.tr\/wp-content\/uploads\/IMG_9917-768x512.jpg 768w, https:\/\/iletim.istanbul.edu.tr\/wp-content\/uploads\/IMG_9917-1536x1024.jpg 1536w, https:\/\/iletim.istanbul.edu.tr\/wp-content\/uploads\/IMG_9917-2048x1365.jpg 2048w, https:\/\/iletim.istanbul.edu.tr\/wp-content\/uploads\/IMG_9917-750x500.jpg 750w, https:\/\/iletim.istanbul.edu.tr\/wp-content\/uploads\/IMG_9917-1140x760.jpg 1140w\" sizes=\"(max-width: 1024px) 100vw, 1024px\" \/><\/figure>\n\n\n\n<figure class=\"wp-block-image size-large\"><img decoding=\"async\" width=\"1024\" height=\"488\" data-id=\"25106\" src=\"https:\/\/iletim.istanbul.edu.tr\/wp-content\/uploads\/IMG_9921-2-1024x488.jpg\" alt=\"\" class=\"wp-image-25106\" srcset=\"https:\/\/iletim.istanbul.edu.tr\/wp-content\/uploads\/IMG_9921-2-1024x488.jpg 1024w, https:\/\/iletim.istanbul.edu.tr\/wp-content\/uploads\/IMG_9921-2-300x143.jpg 300w, https:\/\/iletim.istanbul.edu.tr\/wp-content\/uploads\/IMG_9921-2-768x366.jpg 768w, https:\/\/iletim.istanbul.edu.tr\/wp-content\/uploads\/IMG_9921-2-1536x732.jpg 1536w, https:\/\/iletim.istanbul.edu.tr\/wp-content\/uploads\/IMG_9921-2-2048x976.jpg 2048w, https:\/\/iletim.istanbul.edu.tr\/wp-content\/uploads\/IMG_9921-2-750x357.jpg 750w, https:\/\/iletim.istanbul.edu.tr\/wp-content\/uploads\/IMG_9921-2-1140x543.jpg 1140w\" sizes=\"(max-width: 1024px) 100vw, 1024px\" \/><\/figure>\n<\/figure>\n","protected":false},"excerpt":{"rendered":"<p>Haber: \u00d6zg\u00fcr Recep Kocao\u011flu Foto\u011fraf: Berk Balc\u0131 Edit\u00f6r: Zeynep R\u00fcmeysa G\u00f6kg\u00f6z \u0130stanbul \u2013 (\u0130\u00dc Haber Merkezi) \u0130stanbul \u00dcniversitesi\u2019nin (\u0130\u00dc) Perspektif 2053 vizyonu kapsam\u0131nda d\u00fczenlenen Rekt\u00f6rl\u00fck-Akademik Birim Bulu\u015fmalar\u0131\u2019n\u0131n \u0130leti\u015fim Fak\u00fcltesi basama\u011f\u0131 ger\u00e7ekle\u015fti. Perspektif 2053 vizyonu do\u011frultusunda 2024 &#8211; 2025 E\u011fitim-\u00d6\u011fretim y\u0131l\u0131 bahar yar\u0131y\u0131l\u0131ndan itibaren d\u00fczenlenen \u2018Rekt\u00f6rl\u00fck &#8211; Akademik Birim Bulu\u015fmalar\u0131\u2019n\u0131n \u0130leti\u015fim Fak\u00fcltesi k\u0131sm\u0131 \u0130\u00dc \u0130leti\u015fim Fak\u00fcltesi [&hellip;]<\/p>\n","protected":false},"author":14,"featured_media":25092,"comment_status":"closed","ping_status":"open","sticky":false,"template":"","format":"standard","meta":{"jnews-multi-image_gallery":[],"jnews_single_post":{"format":"standard"},"jnews_primary_category":[],"jnews_social_meta":[],"jnews_override_counter":[],"footnotes":""},"categories":[24,25,1,159,34,178,2085,2348],"tags":[300,40,410,43,148],"class_list":["post-25089","post","type-post","status-publish","format-standard","has-post-thumbnail","hentry","category-bilim","category-egitim","category-genel","category-sag-manset","category-universite","category-fakultemizden","category-manset-haber","category-manset-yani","tag-iletim","tag-iletisim-fakultesi","tag-istanbul","tag-istanbul-universitesi","tag-istanbul-universitesi-iletisim-fakultesi"],"_links":{"self":[{"href":"https:\/\/iletim.istanbul.edu.tr\/index.php\/wp-json\/wp\/v2\/posts\/25089","targetHints":{"allow":["GET"]}}],"collection":[{"href":"https:\/\/iletim.istanbul.edu.tr\/index.php\/wp-json\/wp\/v2\/posts"}],"about":[{"href":"https:\/\/iletim.istanbul.edu.tr\/index.php\/wp-json\/wp\/v2\/types\/post"}],"author":[{"embeddable":true,"href":"https:\/\/iletim.istanbul.edu.tr\/index.php\/wp-json\/wp\/v2\/users\/14"}],"replies":[{"embeddable":true,"href":"https:\/\/iletim.istanbul.edu.tr\/index.php\/wp-json\/wp\/v2\/comments?post=25089"}],"version-history":[{"count":4,"href":"https:\/\/iletim.istanbul.edu.tr\/index.php\/wp-json\/wp\/v2\/posts\/25089\/revisions"}],"predecessor-version":[{"id":25226,"href":"https:\/\/iletim.istanbul.edu.tr\/index.php\/wp-json\/wp\/v2\/posts\/25089\/revisions\/25226"}],"wp:featuredmedia":[{"embeddable":true,"href":"https:\/\/iletim.istanbul.edu.tr\/index.php\/wp-json\/wp\/v2\/media\/25092"}],"wp:attachment":[{"href":"https:\/\/iletim.istanbul.edu.tr\/index.php\/wp-json\/wp\/v2\/media?parent=25089"}],"wp:term":[{"taxonomy":"category","embeddable":true,"href":"https:\/\/iletim.istanbul.edu.tr\/index.php\/wp-json\/wp\/v2\/categories?post=25089"},{"taxonomy":"post_tag","embeddable":true,"href":"https:\/\/iletim.istanbul.edu.tr\/index.php\/wp-json\/wp\/v2\/tags?post=25089"}],"curies":[{"name":"wp","href":"https:\/\/api.w.org\/{rel}","templated":true}]}}