{"id":25297,"date":"2025-05-14T16:40:04","date_gmt":"2025-05-14T13:40:04","guid":{"rendered":"https:\/\/iletim.istanbul.edu.tr\/?p=25297"},"modified":"2025-05-14T16:40:05","modified_gmt":"2025-05-14T13:40:05","slug":"azerbaycan-sinema-gunleri-etkinligi-gerceklesti","status":"publish","type":"post","link":"https:\/\/iletim.istanbul.edu.tr\/index.php\/2025\/05\/14\/azerbaycan-sinema-gunleri-etkinligi-gerceklesti\/","title":{"rendered":"Azerbaycan Sinema G\u00fcnleri Etkinli\u011fi Ger\u00e7ekle\u015fti\u00a0"},"content":{"rendered":"\n<p><strong><em>Foto\u011fraf-Muhabir: Berk Balc\u0131&nbsp;<\/em><\/strong><\/p>\n\n\n\n<p><strong><em>\u0130stanbul- (\u0130\u00dc Haber Merkezi)&nbsp;<\/em><\/strong><\/p>\n\n\n\n<p><strong><em>\u0130stanbul \u00dcniversitesi (\u0130\u00dc) \u0130leti\u015fim Fak\u00fcltesi\u2019nde \u2018Azerbaycan Sinema G\u00fcnleri\u2019&nbsp;<\/em><\/strong><strong><em>etkinli\u011fi 13 May\u0131s Sal\u0131 g\u00fcn\u00fc Amfi A\u2019da ger\u00e7ekle\u015fti. D\u00fczenlenen etkinli\u011fe Azerbaycan&nbsp;<\/em><\/strong><strong><em>K\u00fclt\u00fcr Merkezi Ba\u015fkan\u0131 Samir Abbasov ve y\u00f6netmen Emin Efendiyev konu\u015fmac\u0131&nbsp;<\/em><\/strong><strong><em>olarak konuk oldu.&nbsp;<\/em><\/strong><\/p>\n\n\n\n<p>Azerbaycan ve T\u00fcrkiye K\u00fclt\u00fcr Bakanl\u0131klar\u0131n\u0131n ortakl\u0131\u011f\u0131yla d\u00fczenlenen etkinlikte\u00a0moderat\u00f6rl\u00fck yapan TRT sunucusu Seide \u00d6mer a\u00e7\u0131l\u0131\u015f konu\u015fmas\u0131n\u0131 yapmas\u0131n\u0131n\u00a0ard\u0131ndan Azerbaycan K\u00fclt\u00fcr Merkezi Ba\u015fkan\u0131 Samir Abbasov\u2019u konu\u015fmas\u0131n\u0131 yapt\u0131ktan sonra \u2018\u2019Tenha \u0130nsan\u0131n\u00a0Monologu\u2019\u2019 filmi izlendi.<\/p>\n\n\n\n<p><strong>\u2018\u2019Bir Milletin \u0130ki Devleti\u2019\u2019&nbsp;<\/strong><\/p>\n\n\n<div class=\"wp-block-image\">\n<figure class=\"alignleft size-large is-resized\"><img decoding=\"async\" width=\"1729\" height=\"1728\" src=\"https:\/\/iletim.istanbul.edu.tr\/wp-content\/uploads\/IMG_0377-1-edited.jpg\" alt=\"\" class=\"wp-image-25300\" style=\"width:198px;height:auto\" srcset=\"https:\/\/iletim.istanbul.edu.tr\/wp-content\/uploads\/IMG_0377-1-edited.jpg 1729w, https:\/\/iletim.istanbul.edu.tr\/wp-content\/uploads\/IMG_0377-1-edited-300x300.jpg 300w, https:\/\/iletim.istanbul.edu.tr\/wp-content\/uploads\/IMG_0377-1-edited-1024x1024.jpg 1024w, https:\/\/iletim.istanbul.edu.tr\/wp-content\/uploads\/IMG_0377-1-edited-150x150.jpg 150w, https:\/\/iletim.istanbul.edu.tr\/wp-content\/uploads\/IMG_0377-1-edited-768x768.jpg 768w, https:\/\/iletim.istanbul.edu.tr\/wp-content\/uploads\/IMG_0377-1-edited-1536x1536.jpg 1536w, https:\/\/iletim.istanbul.edu.tr\/wp-content\/uploads\/IMG_0377-1-edited-24x24.jpg 24w, https:\/\/iletim.istanbul.edu.tr\/wp-content\/uploads\/IMG_0377-1-edited-48x48.jpg 48w, https:\/\/iletim.istanbul.edu.tr\/wp-content\/uploads\/IMG_0377-1-edited-96x96.jpg 96w, https:\/\/iletim.istanbul.edu.tr\/wp-content\/uploads\/IMG_0377-1-edited-75x75.jpg 75w, https:\/\/iletim.istanbul.edu.tr\/wp-content\/uploads\/IMG_0377-1-edited-350x350.jpg 350w, https:\/\/iletim.istanbul.edu.tr\/wp-content\/uploads\/IMG_0377-1-edited-750x750.jpg 750w, https:\/\/iletim.istanbul.edu.tr\/wp-content\/uploads\/IMG_0377-1-edited-1140x1139.jpg 1140w\" sizes=\"(max-width: 1729px) 100vw, 1729px\" \/><\/figure><\/div>\n\n\n<p>Konu\u015fmalar\u0131nda Azerbaycan sinemas\u0131n\u0131 ve k\u00fclt\u00fcr\u00fcn\u00fc tan\u0131tmak i\u00e7in yola \u00e7\u0131kt\u0131klar\u0131n\u0131&nbsp;ileten Abbasov T\u00fcrkiye ile Azerbaycan halklar\u0131n\u0131n s\u0131k\u0131 ili\u015fkilerini, ortak de\u011ferlerini ve&nbsp;tarihi karde\u015fliklerini Haydar Aliyev\u2019in \u2018\u2019Bir milletin iki devleti\u2019\u2019 c\u00fcmlesiyle vurgulad\u0131. &nbsp;<\/p>\n\n\n\n<p><strong>K\u00fclt\u00fcr Halklar\u0131m\u0131z\u0131 Birle\u015ftirir&nbsp;<\/strong><\/p>\n\n\n\n<p>S\u00f6zlerine sineman\u0131n halklar\u0131n k\u00fclt\u00fcrlerini, geleneklerini ve ya\u015fama bi\u00e7imlerini&nbsp;tan\u0131tmada ne kadar etkili oldu\u011fundan bahseden Abbasov, kat\u0131l\u0131mc\u0131lara Azerbaycan\u2019\u0131n&nbsp;zengin medeniyetini tan\u0131tacaklar\u0131n\u0131 ve d\u00fczenlenen etkinlik sayesinde iki devletin halklar\u0131&nbsp;aras\u0131ndaki k\u00fclt\u00fcrel ili\u015fkilerin geli\u015fece\u011fini iletti.&nbsp;<\/p>\n\n\n\n<p>Konu\u015fmas\u0131n\u0131 sonland\u0131ran Samir Abbasov \u0130stanbul \u00dcniversitesi\u2019ne te\u015fekk\u00fcrlerini&nbsp;sunduktan sonra hat\u0131ra olarak Azerbaycan\u2019\u0131n k\u00fclt\u00fcrel hal\u0131s\u0131 ve Karaba\u011f Sava\u015f\u0131\u2019n\u0131 konu&nbsp;alan&nbsp;<em>\u015eu\u015fa<\/em>&nbsp;kitab\u0131n\u0131 hediye etti.&nbsp;<\/p>\n\n\n\n<p><strong>\u2018\u2019Sinema En \u00d6nemli K\u00fclt\u00fcr Ta\u015f\u0131y\u0131c\u0131s\u0131\u2019\u2019&nbsp;<\/strong><\/p>\n\n\n\n<p>Hediyeleri kabul etmesinin ard\u0131ndan konu\u015fmay\u0131 devralan \u0130stanbul \u00dcniversitesi \u0130leti\u015fim&nbsp;Fak\u00fcltesi Dekan Yard\u0131mc\u0131s\u0131 Onur Akyol konuklara te\u015fekk\u00fcrlerini ilettikten sonra&nbsp;sineman\u0131n en \u00f6nemli k\u00fclt\u00fcr ta\u015f\u0131y\u0131c\u0131s\u0131 oldu\u011funu ve bu etkinliklerin T\u00fcrk D\u00fcnyas\u0131\u2019na katk\u0131&nbsp;sa\u011flayacak kat\u0131l\u0131mc\u0131lar a\u00e7\u0131s\u0131ndan faydalar\u0131n\u0131 dile getirdi. &nbsp;<\/p>\n\n\n\n<p>Etkinli\u011fin devam\u0131nda Emin Efendiyev\u2019in y\u00f6netmen koltu\u011funda oldu\u011fu \u2018\u2019Tenha \u0130nsan\u0131n\u00a0Monologu\u2019\u2019 filmi g\u00f6sterime sunuldu. Film g\u00f6steriminin tamamlanmas\u0131n\u0131n ard\u0131ndan\u00a0y\u00f6netmen Efendiyev kat\u0131l\u0131mc\u0131lardan gelen sorular\u0131 cevapland\u0131rmak ad\u0131na davet edildi.\u00a0Toplu foto\u011fraf \u00e7ekimiyle etkinlik sonland\u0131.\u00a0<\/p>\n\n\n\n<figure class=\"wp-block-gallery has-nested-images columns-default is-cropped wp-block-gallery-1 is-layout-flex wp-block-gallery-is-layout-flex\">\n<figure class=\"wp-block-image size-large\"><img decoding=\"async\" width=\"1024\" height=\"683\" data-id=\"25301\" src=\"https:\/\/iletim.istanbul.edu.tr\/wp-content\/uploads\/IMG_0394-1-1024x683.jpg\" alt=\"\" class=\"wp-image-25301\" srcset=\"https:\/\/iletim.istanbul.edu.tr\/wp-content\/uploads\/IMG_0394-1-1024x683.jpg 1024w, https:\/\/iletim.istanbul.edu.tr\/wp-content\/uploads\/IMG_0394-1-300x200.jpg 300w, https:\/\/iletim.istanbul.edu.tr\/wp-content\/uploads\/IMG_0394-1-768x512.jpg 768w, https:\/\/iletim.istanbul.edu.tr\/wp-content\/uploads\/IMG_0394-1-1536x1024.jpg 1536w, https:\/\/iletim.istanbul.edu.tr\/wp-content\/uploads\/IMG_0394-1-2048x1365.jpg 2048w, https:\/\/iletim.istanbul.edu.tr\/wp-content\/uploads\/IMG_0394-1-750x500.jpg 750w, https:\/\/iletim.istanbul.edu.tr\/wp-content\/uploads\/IMG_0394-1-1140x760.jpg 1140w\" sizes=\"(max-width: 1024px) 100vw, 1024px\" \/><\/figure>\n\n\n\n<figure class=\"wp-block-image size-large\"><img decoding=\"async\" width=\"1024\" height=\"683\" data-id=\"25302\" src=\"https:\/\/iletim.istanbul.edu.tr\/wp-content\/uploads\/IMG_0397-1024x683.jpg\" alt=\"\" class=\"wp-image-25302\" srcset=\"https:\/\/iletim.istanbul.edu.tr\/wp-content\/uploads\/IMG_0397-1024x683.jpg 1024w, https:\/\/iletim.istanbul.edu.tr\/wp-content\/uploads\/IMG_0397-300x200.jpg 300w, https:\/\/iletim.istanbul.edu.tr\/wp-content\/uploads\/IMG_0397-768x512.jpg 768w, https:\/\/iletim.istanbul.edu.tr\/wp-content\/uploads\/IMG_0397-1536x1024.jpg 1536w, https:\/\/iletim.istanbul.edu.tr\/wp-content\/uploads\/IMG_0397-2048x1365.jpg 2048w, https:\/\/iletim.istanbul.edu.tr\/wp-content\/uploads\/IMG_0397-750x500.jpg 750w, https:\/\/iletim.istanbul.edu.tr\/wp-content\/uploads\/IMG_0397-1140x760.jpg 1140w\" sizes=\"(max-width: 1024px) 100vw, 1024px\" \/><\/figure>\n\n\n\n<figure class=\"wp-block-image size-large\"><img decoding=\"async\" width=\"1024\" height=\"683\" data-id=\"25303\" src=\"https:\/\/iletim.istanbul.edu.tr\/wp-content\/uploads\/IMG_0408-1024x683.jpg\" alt=\"\" class=\"wp-image-25303\" srcset=\"https:\/\/iletim.istanbul.edu.tr\/wp-content\/uploads\/IMG_0408-1024x683.jpg 1024w, https:\/\/iletim.istanbul.edu.tr\/wp-content\/uploads\/IMG_0408-300x200.jpg 300w, https:\/\/iletim.istanbul.edu.tr\/wp-content\/uploads\/IMG_0408-768x512.jpg 768w, https:\/\/iletim.istanbul.edu.tr\/wp-content\/uploads\/IMG_0408-1536x1024.jpg 1536w, https:\/\/iletim.istanbul.edu.tr\/wp-content\/uploads\/IMG_0408-2048x1366.jpg 2048w, https:\/\/iletim.istanbul.edu.tr\/wp-content\/uploads\/IMG_0408-750x500.jpg 750w, https:\/\/iletim.istanbul.edu.tr\/wp-content\/uploads\/IMG_0408-1140x760.jpg 1140w\" sizes=\"(max-width: 1024px) 100vw, 1024px\" \/><\/figure>\n\n\n\n<figure class=\"wp-block-image size-large\"><img decoding=\"async\" width=\"1024\" height=\"683\" data-id=\"25304\" src=\"https:\/\/iletim.istanbul.edu.tr\/wp-content\/uploads\/IMG_0421-1024x683.jpg\" alt=\"\" class=\"wp-image-25304\" srcset=\"https:\/\/iletim.istanbul.edu.tr\/wp-content\/uploads\/IMG_0421-1024x683.jpg 1024w, https:\/\/iletim.istanbul.edu.tr\/wp-content\/uploads\/IMG_0421-300x200.jpg 300w, https:\/\/iletim.istanbul.edu.tr\/wp-content\/uploads\/IMG_0421-768x512.jpg 768w, https:\/\/iletim.istanbul.edu.tr\/wp-content\/uploads\/IMG_0421-1536x1024.jpg 1536w, https:\/\/iletim.istanbul.edu.tr\/wp-content\/uploads\/IMG_0421-2048x1365.jpg 2048w, https:\/\/iletim.istanbul.edu.tr\/wp-content\/uploads\/IMG_0421-750x500.jpg 750w, https:\/\/iletim.istanbul.edu.tr\/wp-content\/uploads\/IMG_0421-1140x760.jpg 1140w\" sizes=\"(max-width: 1024px) 100vw, 1024px\" \/><\/figure>\n\n\n\n<figure class=\"wp-block-image size-large\"><img decoding=\"async\" width=\"1024\" height=\"683\" data-id=\"25305\" src=\"https:\/\/iletim.istanbul.edu.tr\/wp-content\/uploads\/IMG_0443-1024x683.jpg\" alt=\"\" class=\"wp-image-25305\" srcset=\"https:\/\/iletim.istanbul.edu.tr\/wp-content\/uploads\/IMG_0443-1024x683.jpg 1024w, https:\/\/iletim.istanbul.edu.tr\/wp-content\/uploads\/IMG_0443-300x200.jpg 300w, https:\/\/iletim.istanbul.edu.tr\/wp-content\/uploads\/IMG_0443-768x512.jpg 768w, https:\/\/iletim.istanbul.edu.tr\/wp-content\/uploads\/IMG_0443-1536x1024.jpg 1536w, https:\/\/iletim.istanbul.edu.tr\/wp-content\/uploads\/IMG_0443-2048x1365.jpg 2048w, https:\/\/iletim.istanbul.edu.tr\/wp-content\/uploads\/IMG_0443-750x500.jpg 750w, https:\/\/iletim.istanbul.edu.tr\/wp-content\/uploads\/IMG_0443-1140x760.jpg 1140w\" sizes=\"(max-width: 1024px) 100vw, 1024px\" \/><\/figure>\n<\/figure>\n","protected":false},"excerpt":{"rendered":"<p>Foto\u011fraf-Muhabir: Berk Balc\u0131&nbsp; \u0130stanbul- (\u0130\u00dc Haber Merkezi)&nbsp; \u0130stanbul \u00dcniversitesi (\u0130\u00dc) \u0130leti\u015fim Fak\u00fcltesi\u2019nde \u2018Azerbaycan Sinema G\u00fcnleri\u2019&nbsp;etkinli\u011fi 13 May\u0131s Sal\u0131 g\u00fcn\u00fc Amfi A\u2019da ger\u00e7ekle\u015fti. D\u00fczenlenen etkinli\u011fe Azerbaycan&nbsp;K\u00fclt\u00fcr Merkezi Ba\u015fkan\u0131 Samir Abbasov ve y\u00f6netmen Emin Efendiyev konu\u015fmac\u0131&nbsp;olarak konuk oldu.&nbsp; Azerbaycan ve T\u00fcrkiye K\u00fclt\u00fcr Bakanl\u0131klar\u0131n\u0131n ortakl\u0131\u011f\u0131yla d\u00fczenlenen etkinlikte\u00a0moderat\u00f6rl\u00fck yapan TRT sunucusu Seide \u00d6mer a\u00e7\u0131l\u0131\u015f konu\u015fmas\u0131n\u0131 yapmas\u0131n\u0131n\u00a0ard\u0131ndan Azerbaycan K\u00fclt\u00fcr Merkezi [&hellip;]<\/p>\n","protected":false},"author":14,"featured_media":25306,"comment_status":"closed","ping_status":"open","sticky":false,"template":"","format":"standard","meta":{"jnews-multi-image_gallery":[],"jnews_single_post":{"format":"standard"},"jnews_primary_category":[],"jnews_social_meta":[],"jnews_override_counter":[],"footnotes":""},"categories":[159,28,178,2085,2348],"tags":[],"class_list":["post-25297","post","type-post","status-publish","format-standard","has-post-thumbnail","hentry","category-sag-manset","category-istanbul","category-fakultemizden","category-manset-haber","category-manset-yani"],"_links":{"self":[{"href":"https:\/\/iletim.istanbul.edu.tr\/index.php\/wp-json\/wp\/v2\/posts\/25297","targetHints":{"allow":["GET"]}}],"collection":[{"href":"https:\/\/iletim.istanbul.edu.tr\/index.php\/wp-json\/wp\/v2\/posts"}],"about":[{"href":"https:\/\/iletim.istanbul.edu.tr\/index.php\/wp-json\/wp\/v2\/types\/post"}],"author":[{"embeddable":true,"href":"https:\/\/iletim.istanbul.edu.tr\/index.php\/wp-json\/wp\/v2\/users\/14"}],"replies":[{"embeddable":true,"href":"https:\/\/iletim.istanbul.edu.tr\/index.php\/wp-json\/wp\/v2\/comments?post=25297"}],"version-history":[{"count":1,"href":"https:\/\/iletim.istanbul.edu.tr\/index.php\/wp-json\/wp\/v2\/posts\/25297\/revisions"}],"predecessor-version":[{"id":25307,"href":"https:\/\/iletim.istanbul.edu.tr\/index.php\/wp-json\/wp\/v2\/posts\/25297\/revisions\/25307"}],"wp:featuredmedia":[{"embeddable":true,"href":"https:\/\/iletim.istanbul.edu.tr\/index.php\/wp-json\/wp\/v2\/media\/25306"}],"wp:attachment":[{"href":"https:\/\/iletim.istanbul.edu.tr\/index.php\/wp-json\/wp\/v2\/media?parent=25297"}],"wp:term":[{"taxonomy":"category","embeddable":true,"href":"https:\/\/iletim.istanbul.edu.tr\/index.php\/wp-json\/wp\/v2\/categories?post=25297"},{"taxonomy":"post_tag","embeddable":true,"href":"https:\/\/iletim.istanbul.edu.tr\/index.php\/wp-json\/wp\/v2\/tags?post=25297"}],"curies":[{"name":"wp","href":"https:\/\/api.w.org\/{rel}","templated":true}]}}