{"id":25693,"date":"2025-06-11T18:28:51","date_gmt":"2025-06-11T15:28:51","guid":{"rendered":"https:\/\/iletim.istanbul.edu.tr\/?p=25693"},"modified":"2025-06-11T18:35:02","modified_gmt":"2025-06-11T15:35:02","slug":"radyo-tiyatrosu-projesiyle-gorme-engelli-cocuklara-erisilebilir-sanat-deneyimi","status":"publish","type":"post","link":"https:\/\/iletim.istanbul.edu.tr\/index.php\/2025\/06\/11\/radyo-tiyatrosu-projesiyle-gorme-engelli-cocuklara-erisilebilir-sanat-deneyimi\/","title":{"rendered":"Radyo Tiyatrosu Projesiyle G\u00f6rme Engelli \u00c7ocuklara Eri\u015filebilir Sanat Deneyimi"},"content":{"rendered":"\n<p><strong>Haber: Hatice Beyza \u00c7akmak<\/strong><\/p>\n\n\n\n<p><strong>Foto\u011fraf: \u00d6zg\u00fcr Recep Kocao\u011flu<\/strong><\/p>\n\n\n\n<p><strong>\u0130stanbul, (\u0130\u00dc Haber Merkezi)-<\/strong><\/p>\n\n\n\n<p><strong>G\u00f6rme engelli \u00e7ocuklar\u0131n sanatsal geli\u015fimini ve sosyal hayata kat\u0131l\u0131mlar\u0131n\u0131 desteklemeyi ama\u00e7layan &#8220;Radyoda Engel Yok: Sesimizle Biz de Var\u0131z&#8221; isimli radyo tiyatrosu projesi, \u0130stanbul \u00dcniversitesi(\u0130\u00dc) \u0130leti\u015fim Fak\u00fcltesi b\u00fcnyesinde bir sosyal sorumluluk \u00e7al\u0131\u015fmas\u0131 olarak hayata ge\u00e7irildi.<\/strong><\/p>\n\n\n\n<p>\u0130\u00dc \u0130leti\u015fim Fak\u00fcltesi\u2019nin \u0130leti\u015fim St\u00fcdyolar\u0131\u2019nda kayda al\u0131nan ve Toplumsal Sorumluluk \u00c7al\u0131\u015fmalar\u0131 Komisyonu alt\u0131nda \u00fcretilen projenin y\u00fcr\u00fct\u00fcc\u00fcl\u00fc\u011f\u00fcn\u00fc Prof. Dr. Belk\u0131s Ulusoy yapt\u0131. Muzaffer \u0130zg\u00fc\u2019n\u00fcn ayn\u0131 isimli k\u0131sa \u00f6yk\u00fcs\u00fcnden Cansu D\u00fczda\u015f\u2019\u0131n uyarlay\u0131p y\u00f6netti\u011fi \u201cBana mektup var m\u0131?\u201d radyo tiyatrosu ayn\u0131 zamanda dayan\u0131\u015fma ve yarat\u0131c\u0131l\u0131\u011f\u0131n d\u00f6n\u00fc\u015ft\u00fcr\u00fcc\u00fc etkisine de \u0131\u015f\u0131k tuttu. G\u00f6rme engelli \u00e7ocuklar\u0131n ve \u00f6\u011fretmenlerinin radyo tiyatrosu \u00fcretme ser\u00fcvenini y\u00f6netmen ve dramaturg Cansu D\u00fczda\u015f ve Prof. Dr. Belk\u0131s Ulusoy \u0130letim Gazetesi\u2019ne anlatt\u0131.<\/p>\n\n\n\n<figure class=\"wp-block-image size-large is-resized\"><img decoding=\"async\" width=\"1024\" height=\"680\" src=\"https:\/\/iletim.istanbul.edu.tr\/wp-content\/uploads\/1000141324-1024x680.jpg\" alt=\"\" class=\"wp-image-25703\" style=\"width:604px;height:auto\" srcset=\"https:\/\/iletim.istanbul.edu.tr\/wp-content\/uploads\/1000141324-1024x680.jpg 1024w, https:\/\/iletim.istanbul.edu.tr\/wp-content\/uploads\/1000141324-300x199.jpg 300w, https:\/\/iletim.istanbul.edu.tr\/wp-content\/uploads\/1000141324-768x510.jpg 768w, https:\/\/iletim.istanbul.edu.tr\/wp-content\/uploads\/1000141324-1536x1020.jpg 1536w, https:\/\/iletim.istanbul.edu.tr\/wp-content\/uploads\/1000141324-750x498.jpg 750w, https:\/\/iletim.istanbul.edu.tr\/wp-content\/uploads\/1000141324-1140x757.jpg 1140w, https:\/\/iletim.istanbul.edu.tr\/wp-content\/uploads\/1000141324.jpg 1600w\" sizes=\"(max-width: 1024px) 100vw, 1024px\" \/><\/figure>\n\n\n\n<p>Pandemi d\u00f6neminde ba\u015flayan sesli kitap okuma etkinliklerinin ard\u0131ndan, radyo tiyatrosu \u00fcretme fikri ortaya \u00e7\u0131kt\u0131 ve bu fikri hayata ge\u00e7irmek \u00fczere ad\u0131mlar at\u0131ld\u0131. Proje kapsam\u0131nda \u00e7ocuklarla \u00e7al\u0131\u015fmak \u00fczere, pedagojik hassasiyet i\u00e7eren tiyatro metinleri incelendi. Metinin b\u00fcy\u00fck b\u00f6l\u00fcm\u00fc, Radyo Televizyon Sinema B\u00f6l\u00fcm\u00fc Anabilim Dal\u0131 y\u00fckseklisans \u00f6\u011frensisi Cansu D\u00fczda\u015f taraf\u0131ndan \u00e7ocuklar\u0131n ya\u015f grubu ve ihtiya\u00e7lar\u0131 g\u00f6z \u00f6n\u00fcnde bulundurularak yeniden yaz\u0131ld\u0131 ya da sadele\u015ftirildi.<\/p>\n\n\n<div class=\"wp-block-image\">\n<figure class=\"alignleft size-large is-resized\"><img decoding=\"async\" width=\"768\" height=\"1024\" src=\"https:\/\/iletim.istanbul.edu.tr\/wp-content\/uploads\/1000141298-768x1024.jpg\" alt=\"\" class=\"wp-image-25698\" style=\"width:370px;height:auto\" srcset=\"https:\/\/iletim.istanbul.edu.tr\/wp-content\/uploads\/1000141298-768x1024.jpg 768w, https:\/\/iletim.istanbul.edu.tr\/wp-content\/uploads\/1000141298-225x300.jpg 225w, https:\/\/iletim.istanbul.edu.tr\/wp-content\/uploads\/1000141298-1152x1536.jpg 1152w, https:\/\/iletim.istanbul.edu.tr\/wp-content\/uploads\/1000141298-750x1000.jpg 750w, https:\/\/iletim.istanbul.edu.tr\/wp-content\/uploads\/1000141298-1140x1520.jpg 1140w, https:\/\/iletim.istanbul.edu.tr\/wp-content\/uploads\/1000141298.jpg 1200w\" sizes=\"(max-width: 768px) 100vw, 768px\" \/><\/figure><\/div>\n\n\n<p><strong>Engelli bireylerle daha anlaml\u0131 ba\u011flar kurmak<\/strong><\/p>\n\n\n\n<p>Komisyonun s\u00fcrece dahil olmas\u0131 hakk\u0131nda Prof. Dr. Belk\u0131s Ulusoy, \u201casl\u0131nda her \u015fey, \u00e7ocuklara ula\u015fman\u0131n yarat\u0131c\u0131 bir yolunu ararken ba\u015flad\u0131. Fak\u00fcltemizdeki toplumsal sorumluluk komisyonunun uzun s\u00fcredir hedefi, engelli bireylerle daha anlaml\u0131 ba\u011flar kurabilece\u011fimiz projeler \u00fcretmekti. Radyo tiyatrosu fikri, hem g\u00f6rme engelli bireylerin g\u00fc\u00e7l\u00fc i\u015fitsel duyusuna hitap etmesi hem de ileti\u015fim \u00f6\u011frencileri i\u00e7in e\u015fsiz bir deneyim sunmas\u0131 bak\u0131m\u0131ndan \u00e7ok cazipti\u201d ifadelerini kulland\u0131.<\/p>\n\n\n\n<p><strong>Birlikte \u00fcretmek, birlikte hayal etmek<\/strong><\/p>\n\n\n\n<p>D\u00fczda\u015f, g\u00f6rme engelli \u00e7ocuklarla \u00fcrettikleri radyo tiyatrosunun onlar i\u00e7in neden bu kadar \u00f6nemli oldu\u011funu \u015fu s\u00f6zlerle anlatt\u0131:<\/p>\n\n\n\n<p>\u201cG\u00f6rme engelli \u00e7ocuklar\u0131n d\u00fcnyas\u0131 sesle, t\u0131n\u0131yla, tonla \u015fekilleniyor. Onlar i\u00e7in ses, hem ileti\u015fim arac\u0131 hem de hayal kurman\u0131n kap\u0131s\u0131. Bu projede biz de o kap\u0131dan girdik. Onlara sadece bir tiyatro sunmad\u0131k, ayn\u0131 zamanda birlikte \u00fcretmenin, birlikte hayal etmenin hazz\u0131n\u0131 ya\u015fatt\u0131k.\u201d<\/p>\n\n\n\n<figure class=\"wp-block-image size-large is-resized\"><img decoding=\"async\" width=\"1024\" height=\"771\" src=\"https:\/\/iletim.istanbul.edu.tr\/wp-content\/uploads\/1000141297-1024x771.jpg\" alt=\"\" class=\"wp-image-25704\" style=\"width:434px;height:auto\" srcset=\"https:\/\/iletim.istanbul.edu.tr\/wp-content\/uploads\/1000141297-1024x771.jpg 1024w, https:\/\/iletim.istanbul.edu.tr\/wp-content\/uploads\/1000141297-300x226.jpg 300w, https:\/\/iletim.istanbul.edu.tr\/wp-content\/uploads\/1000141297-768x579.jpg 768w, https:\/\/iletim.istanbul.edu.tr\/wp-content\/uploads\/1000141297-750x565.jpg 750w, https:\/\/iletim.istanbul.edu.tr\/wp-content\/uploads\/1000141297-1140x859.jpg 1140w, https:\/\/iletim.istanbul.edu.tr\/wp-content\/uploads\/1000141297.jpg 1200w\" sizes=\"(max-width: 1024px) 100vw, 1024px\" \/><\/figure>\n\n\n\n<p>&#8220;<strong>\u00d6nce hik\u00e2yeleri oyunla\u015ft\u0131rd\u0131k, sonra roller verdik\u201d<\/strong><\/p>\n\n\n\n<p>\u00c7al\u0131\u015fma s\u00fcrecinde, \u00e7ocuklar\u0131n seslerini kullanma becerilerinde ve \u00f6zg\u00fcvenlerinde belirgin ilerlemeler oldu\u011funu ifade eden D\u00fczda\u015f, \u201c\u0130lk bulu\u015fmada biraz \u00e7ekingenlik vard\u0131 ancak sesin ve oyunun do\u011fas\u0131 sayesinde \u00e7ocuklar bizlerle \u00e7ok \u00e7abuk bir yak\u0131nl\u0131k kurdu. Onlara \u00f6nce dinledikleri hik\u00e2yeleri oyunla\u015ft\u0131rd\u0131k, sonra roller verdik. Kimi ilk ba\u015fta konu\u015fmak bile istemezken, birka\u00e7 prova sonra en y\u00fcksek sesle replik s\u00f6yleyen ki\u015fi oluverdi. Bu d\u00f6n\u00fc\u015f\u00fcm bizim i\u00e7in \u00e7ok k\u0131ymetliydi\u201d dedi.<\/p>\n\n\n\n<figure class=\"wp-block-image size-large is-resized\"><img decoding=\"async\" width=\"1024\" height=\"680\" src=\"https:\/\/iletim.istanbul.edu.tr\/wp-content\/uploads\/1000141325-1024x680.jpg\" alt=\"\" class=\"wp-image-25706\" style=\"width:729px;height:auto\" srcset=\"https:\/\/iletim.istanbul.edu.tr\/wp-content\/uploads\/1000141325-1024x680.jpg 1024w, https:\/\/iletim.istanbul.edu.tr\/wp-content\/uploads\/1000141325-300x199.jpg 300w, https:\/\/iletim.istanbul.edu.tr\/wp-content\/uploads\/1000141325-768x510.jpg 768w, https:\/\/iletim.istanbul.edu.tr\/wp-content\/uploads\/1000141325-1536x1020.jpg 1536w, https:\/\/iletim.istanbul.edu.tr\/wp-content\/uploads\/1000141325-750x498.jpg 750w, https:\/\/iletim.istanbul.edu.tr\/wp-content\/uploads\/1000141325-1140x757.jpg 1140w, https:\/\/iletim.istanbul.edu.tr\/wp-content\/uploads\/1000141325.jpg 1600w\" sizes=\"(max-width: 1024px) 100vw, 1024px\" \/><\/figure>\n\n\n\n<p>Projede yer alan \u00e7ocuklar\u0131n \u00e7o\u011funun ilk kez bu t\u00fcr bir sanatsal faaliyete kat\u0131ld\u0131\u011f\u0131 belirten D\u00fczda\u015f, \u201cmetin se\u00e7iminde ya\u015f gruplar\u0131na uygun, kolay anla\u015f\u0131l\u0131r ama duygusal derinli\u011fi olan hik\u00e2yelere \u00f6ncelik verdik. Klasik masallar\u0131 ve onlar\u0131n yeniden uyarlanm\u0131\u015f versiyonlar\u0131n\u0131 kulland\u0131k. \u00c7ocuklar\u0131n seslendirme yaparken kendilerini karakterin yerine koyabilmeleri bizim i\u00e7in \u00e7ok \u00f6nemliydi. Bu y\u00fczden provalarda bol bol karakter \u00e7al\u0131\u015fmalar\u0131 yapt\u0131k\u201d ifadelerini kulland\u0131.<\/p>\n\n\n<div class=\"wp-block-image\">\n<figure class=\"alignright size-large is-resized\"><img decoding=\"async\" width=\"768\" height=\"1024\" src=\"https:\/\/iletim.istanbul.edu.tr\/wp-content\/uploads\/1000141296-768x1024.jpg\" alt=\"\" class=\"wp-image-25705\" style=\"width:431px;height:auto\" srcset=\"https:\/\/iletim.istanbul.edu.tr\/wp-content\/uploads\/1000141296-768x1024.jpg 768w, https:\/\/iletim.istanbul.edu.tr\/wp-content\/uploads\/1000141296-225x300.jpg 225w, https:\/\/iletim.istanbul.edu.tr\/wp-content\/uploads\/1000141296-1152x1536.jpg 1152w, https:\/\/iletim.istanbul.edu.tr\/wp-content\/uploads\/1000141296-750x1000.jpg 750w, https:\/\/iletim.istanbul.edu.tr\/wp-content\/uploads\/1000141296-1140x1520.jpg 1140w, https:\/\/iletim.istanbul.edu.tr\/wp-content\/uploads\/1000141296.jpg 1200w\" sizes=\"(max-width: 768px) 100vw, 768px\" \/><\/figure><\/div>\n\n\n<p><strong>Ebeveynlerin projeye olumlu katk\u0131s\u0131<\/strong><\/p>\n\n\n\n<p>Ebeveynlerin projeye olumlu katk\u0131 sunmas\u0131n\u0131n, \u00e7ocuklar\u0131n motivasyonunu art\u0131rd\u0131\u011f\u0131 belirten ve \u201cAileler ba\u015ftan sona s\u00fcrecin i\u00e7indeydi. Kimi zaman provalara geldiler, kimi zaman \u00e7ocuklar\u0131na evde tekrar yapt\u0131rd\u0131lar. Son kay\u0131tlar tamamland\u0131\u011f\u0131nda \u00e7ocuklar\u0131n\u0131 bir st\u00fcdyoda dinlemek onlar i\u00e7in de \u00e7ok duygusal bir an oldu\u201d diyen D\u00fczda\u015f, baz\u0131 velilerin \u2018\u00e7ocu\u011fumun bu kadar \u00f6zg\u00fcvenle konu\u015ftu\u011funu ilk defa duydum\u2019 dedi\u011fini belirtti.<\/p>\n\n\n\n<p><strong>Bir hayalin ger\u00e7e\u011fe d\u00f6n\u00fc\u015fmesi<\/strong><\/p>\n\n\n\n<p>Projenin en etkileyici noktalar\u0131ndan biri olarak D\u00fczda\u015f \u015fu an\u0131 payla\u015ft\u0131:<\/p>\n\n\n\n<p>\u201cBir \u00f6\u011frencimiz projenin sonunda, \u2018Art\u0131k ben de hik\u00e2yelere ses verebiliyorum\u2019 dedi. \u0130\u015fte o an, bu projenin neden bu kadar anlaml\u0131 oldu\u011funu anlad\u0131k. Onlar\u0131n g\u00f6z\u00fcnde bir hayalin ger\u00e7e\u011fe d\u00f6n\u00fc\u015fmesine katk\u0131 sa\u011flamak, san\u0131r\u0131m hepimiz i\u00e7in en unutulmaz anlardan biriydi.\u201d<\/p>\n\n\n<div class=\"wp-block-image\">\n<figure class=\"alignleft size-large is-resized\"><img decoding=\"async\" width=\"680\" height=\"1024\" src=\"https:\/\/iletim.istanbul.edu.tr\/wp-content\/uploads\/1000141301-1-680x1024.jpg\" alt=\"\" class=\"wp-image-25707\" style=\"width:278px;height:auto\" srcset=\"https:\/\/iletim.istanbul.edu.tr\/wp-content\/uploads\/1000141301-1-680x1024.jpg 680w, https:\/\/iletim.istanbul.edu.tr\/wp-content\/uploads\/1000141301-1-199x300.jpg 199w, https:\/\/iletim.istanbul.edu.tr\/wp-content\/uploads\/1000141301-1-768x1157.jpg 768w, https:\/\/iletim.istanbul.edu.tr\/wp-content\/uploads\/1000141301-1-1020x1536.jpg 1020w, https:\/\/iletim.istanbul.edu.tr\/wp-content\/uploads\/1000141301-1-750x1129.jpg 750w, https:\/\/iletim.istanbul.edu.tr\/wp-content\/uploads\/1000141301-1-1140x1717.jpg 1140w, https:\/\/iletim.istanbul.edu.tr\/wp-content\/uploads\/1000141301-1.jpg 1360w\" sizes=\"(max-width: 680px) 100vw, 680px\" \/><\/figure><\/div>\n\n\n<p><strong>Elde edilen somut kazan\u0131mlar<\/strong><\/p>\n\n\n\n<p>Projenin ilerleme s\u00fcreci ve sonu\u00e7lar\u0131 hakk\u0131nda Prof. Dr. Belk\u0131s Ulusoy \u015funlar\u0131 s\u00f6yledi:<\/p>\n\n\n\n<p>\u201cKomisyona \u00fcye olmam sebebiyle projenin ba\u015f\u0131ndan beri vard\u0131m fakat Prof. Dr. Rengin \u0130ske\u00e7e\u2019nin ayr\u0131lmas\u0131ndan sonra komisyon ba\u015fkanl\u0131\u011f\u0131n\u0131 devrald\u0131m. \u0130yi ki de alm\u0131\u015f\u0131m \u00e7\u00fcnk\u00fc \u00e7ok faydal\u0131 bir projeyle sonu\u00e7land\u0131rd\u0131k. Bu s\u00fcre\u00e7te, g\u00f6rme engelli \u00e7ocuklar\u0131n gelecekteki istihdam olanaklar\u0131na dair bir fark\u0131ndal\u0131k olu\u015fturmay\u0131 ba\u015fard\u0131k. \u00d6zellikle \u00e7ocuklar\u0131n y\u00f6nlendirilmesi konusunda elde etti\u011fimiz somut kazan\u0131mlar, hem ailelerin hem de \u00e7ocuklar\u0131n memnuniyetiyle peki\u015fti. Radyo tiyatrosunun farkl\u0131 platformlarda yay\u0131nlanmaya ba\u015flamas\u0131 ise geni\u015f bir dinleyici kitlesine ula\u015farak projenin etkisini art\u0131rd\u0131.\u201d<\/p>\n\n\n<div class=\"wp-block-image\">\n<figure class=\"alignright size-large is-resized\"><img decoding=\"async\" width=\"1024\" height=\"979\" src=\"https:\/\/iletim.istanbul.edu.tr\/wp-content\/uploads\/1000141326-e1749655641466-1024x979.jpg\" alt=\"\" class=\"wp-image-25716\" style=\"width:259px;height:auto\" srcset=\"https:\/\/iletim.istanbul.edu.tr\/wp-content\/uploads\/1000141326-e1749655641466-1024x979.jpg 1024w, https:\/\/iletim.istanbul.edu.tr\/wp-content\/uploads\/1000141326-e1749655641466-300x287.jpg 300w, https:\/\/iletim.istanbul.edu.tr\/wp-content\/uploads\/1000141326-e1749655641466-768x734.jpg 768w, https:\/\/iletim.istanbul.edu.tr\/wp-content\/uploads\/1000141326-e1749655641466-24x24.jpg 24w, https:\/\/iletim.istanbul.edu.tr\/wp-content\/uploads\/1000141326-e1749655641466-750x717.jpg 750w, https:\/\/iletim.istanbul.edu.tr\/wp-content\/uploads\/1000141326-e1749655641466.jpg 1060w\" sizes=\"(max-width: 1024px) 100vw, 1024px\" \/><\/figure><\/div>\n\n\n<p><strong>Radyo tiyatrosu yay\u0131nda<\/strong><\/p>\n\n\n\n<p>Radyo tiyatrosu projesi sonucunda ortaya \u00e7\u0131kan ses kay\u0131tlar\u0131, dijital ortamda yay\u0131mland\u0131. Kay\u0131tlar\u0131n \u00fcniversitenin spotify gibi ilgili platformlar\u0131nda eri\u015fime a\u00e7\u0131ld\u0131\u011f\u0131 belirtildi. Ayr\u0131ca Ulusoy, \u00fcretilen tiyatroya; A\u00e7\u0131k Radyo, TRT 1 ve NTV Radyo gibi kanallar\u0131nda ilgi g\u00f6sterdi\u011fini ve bu konuda projenin \u00e7\u0131kt\u0131lar\u0131n\u0131n daha geni\u015f kitlelere ula\u015fmas\u0131n\u0131n sa\u011flamak amac\u0131yla g\u00f6r\u00fc\u015f\u00fcld\u00fc\u011f\u00fcn\u00fc s\u00f6yledi.<\/p>\n\n\n\n<p>Proje y\u00fcr\u00fct\u00fcc\u00fcleri, bu uygulaman\u0131n g\u00f6rme engelli bireyler i\u00e7in sanat\u0131n eri\u015filebilirli\u011fini art\u0131rmay\u0131 hedefledi\u011fini ve benzer \u00e7al\u0131\u015fmalar\u0131nda dezavantajl\u0131 gruplarla s\u00fcrd\u00fcr\u00fclebilirli\u011fi konusunda planlamalar\u0131n\u0131n devam etti\u011fini bildirdi.<\/p>\n\n\n\n<p><\/p>\n\n\n\n<figure class=\"wp-block-embed is-type-rich is-provider-spotify wp-block-embed-spotify wp-embed-aspect-21-9 wp-has-aspect-ratio\"><div class=\"wp-block-embed__wrapper\">\n<iframe title=\"Spotify Embed: Radyo Tiyatrosu - Bana Mektup Var m\u0131?\" style=\"border-radius: 12px\" width=\"100%\" height=\"152\" frameborder=\"0\" allowfullscreen allow=\"autoplay; clipboard-write; encrypted-media; fullscreen; picture-in-picture\" loading=\"lazy\" src=\"https:\/\/open.spotify.com\/embed\/episode\/7E7v1SklRHn1GaghDGT8Ry?si=Yzs_4-ULTvSC4keV33S1vw&#038;utm_source=oembed\"><\/iframe>\n<\/div><\/figure>\n","protected":false},"excerpt":{"rendered":"<p>Haber: Hatice Beyza \u00c7akmak Foto\u011fraf: \u00d6zg\u00fcr Recep Kocao\u011flu \u0130stanbul, (\u0130\u00dc Haber Merkezi)- G\u00f6rme engelli \u00e7ocuklar\u0131n sanatsal geli\u015fimini ve sosyal hayata kat\u0131l\u0131mlar\u0131n\u0131 desteklemeyi ama\u00e7layan &#8220;Radyoda Engel Yok: Sesimizle Biz de Var\u0131z&#8221; isimli radyo tiyatrosu projesi, \u0130stanbul \u00dcniversitesi(\u0130\u00dc) \u0130leti\u015fim Fak\u00fcltesi b\u00fcnyesinde bir sosyal sorumluluk \u00e7al\u0131\u015fmas\u0131 olarak hayata ge\u00e7irildi. \u0130\u00dc \u0130leti\u015fim Fak\u00fcltesi\u2019nin \u0130leti\u015fim St\u00fcdyolar\u0131\u2019nda kayda al\u0131nan ve Toplumsal [&hellip;]<\/p>\n","protected":false},"author":14,"featured_media":25695,"comment_status":"closed","ping_status":"open","sticky":false,"template":"","format":"standard","meta":{"jnews-multi-image_gallery":[],"jnews_single_post":{"format":"standard"},"jnews_primary_category":[],"jnews_social_meta":[],"jnews_override_counter":[],"footnotes":""},"categories":[25,1,34,30,2085,2348],"tags":[3431,3425,3427,3429,300,40,43,148,52,3430,3433,966,3428,769],"class_list":["post-25693","post","type-post","status-publish","format-standard","has-post-thumbnail","hentry","category-egitim","category-genel","category-universite","category-kultur-sanat","category-manset-haber","category-manset-yani","tag-banamektupvarmi","tag-cansuduzdas","tag-dramaturg","tag-gormeengelli","tag-iletim","tag-iletisim-fakultesi","tag-istanbul-universitesi","tag-istanbul-universitesi-iletisim-fakultesi","tag-iu-iletisim-fakultesi","tag-muzafferizgu","tag-prof-dr-belkisulusoy","tag-radyo","tag-radyotiyatrosu","tag-tiyatro"],"_links":{"self":[{"href":"https:\/\/iletim.istanbul.edu.tr\/index.php\/wp-json\/wp\/v2\/posts\/25693","targetHints":{"allow":["GET"]}}],"collection":[{"href":"https:\/\/iletim.istanbul.edu.tr\/index.php\/wp-json\/wp\/v2\/posts"}],"about":[{"href":"https:\/\/iletim.istanbul.edu.tr\/index.php\/wp-json\/wp\/v2\/types\/post"}],"author":[{"embeddable":true,"href":"https:\/\/iletim.istanbul.edu.tr\/index.php\/wp-json\/wp\/v2\/users\/14"}],"replies":[{"embeddable":true,"href":"https:\/\/iletim.istanbul.edu.tr\/index.php\/wp-json\/wp\/v2\/comments?post=25693"}],"version-history":[{"count":13,"href":"https:\/\/iletim.istanbul.edu.tr\/index.php\/wp-json\/wp\/v2\/posts\/25693\/revisions"}],"predecessor-version":[{"id":25720,"href":"https:\/\/iletim.istanbul.edu.tr\/index.php\/wp-json\/wp\/v2\/posts\/25693\/revisions\/25720"}],"wp:featuredmedia":[{"embeddable":true,"href":"https:\/\/iletim.istanbul.edu.tr\/index.php\/wp-json\/wp\/v2\/media\/25695"}],"wp:attachment":[{"href":"https:\/\/iletim.istanbul.edu.tr\/index.php\/wp-json\/wp\/v2\/media?parent=25693"}],"wp:term":[{"taxonomy":"category","embeddable":true,"href":"https:\/\/iletim.istanbul.edu.tr\/index.php\/wp-json\/wp\/v2\/categories?post=25693"},{"taxonomy":"post_tag","embeddable":true,"href":"https:\/\/iletim.istanbul.edu.tr\/index.php\/wp-json\/wp\/v2\/tags?post=25693"}],"curies":[{"name":"wp","href":"https:\/\/api.w.org\/{rel}","templated":true}]}}