{"id":2586,"date":"2018-01-10T10:40:02","date_gmt":"2018-01-10T07:40:02","guid":{"rendered":"https:\/\/iletim.istanbul.edu.tr\/?p=2586"},"modified":"2018-02-20T13:19:01","modified_gmt":"2018-02-20T10:19:01","slug":"istanbul-universitesinde-olmaktan-gururluyum","status":"publish","type":"post","link":"https:\/\/iletim.istanbul.edu.tr\/index.php\/2018\/01\/10\/istanbul-universitesinde-olmaktan-gururluyum\/","title":{"rendered":"\u201c\u0130stanbul \u00dcniversitesi\u2019nde Olmaktan Gururluyum\u201d"},"content":{"rendered":"<p><strong>Aliseydi TURGUT, Eda SA\u011eLAM<\/strong><\/p>\n<p>\u0130stanbul \u00dcniversitesi Hukuk Fak\u00fcltesi 1972-1980 ve 1986-1994 D\u00f6nemleri Dekan\u0131 Prof. Dr. \u0130lhan Ak\u0131n\u2019a Sayg\u0131 Program\u0131, 9 Ocak\u2019ta \u0130\u00dc Rekt\u00f6rl\u00fck Binas\u0131 Mavi Salon\u2019da d\u00fczenlendi.\u00a0Program, Prof. Dr. \u0130lhan Ak\u0131n\u2019\u0131n hayat\u0131 ile ilgili film g\u00f6sterimi ile ba\u015flad\u0131. \u0130\u00dc Bas\u0131n ve Halkla \u0130li\u015fkiler M\u00fcd\u00fcrl\u00fc\u011f\u00fc taraf\u0131ndan haz\u0131rlanan film, programa kat\u0131lanlara duygu dolu anlar ya\u015fatt\u0131.<\/p>\n<p>Programda konu\u015fan \u0130\u00dc Rekt\u00f6r\u00fc Prof. Dr. Mahmut Ak \u015funlar\u0131 dile getirdi: \u201cProf. Dr. \u0130lhan Ak\u0131n, \u0130stanbul \u00dcniversitesi Hukuk Fak\u00fcltesi\u2019nin bug\u00fcn geldi\u011fi noktada b\u00fcy\u00fck emekleri olan hocalar\u0131m\u0131z aras\u0131ndad\u0131r. 1946\u2019da girdi\u011fi Hukuk Fak\u00fcltesi\u2019ne, emekli oldu\u011fu 1994\u2019e kadar hem hoca hem de y\u00f6netici olarak b\u00fcy\u00fck bir \u00f6zveriyle hizmet etmi\u015ftir. Bu d\u00f6nem zarf\u0131nda binlerce \u00f6\u011frenci ve onlarca akademisyenin yeti\u015fmesinde b\u00fcy\u00fck katk\u0131lar\u0131 bulunmaktad\u0131r. Emekli olmas\u0131n\u0131n \u00fczerinden ge\u00e7en neredeyse 25 y\u0131ll\u0131k zamana kar\u015f\u0131l\u0131k bug\u00fcn hala \u0130stanbul \u00dcniversitesi Hukuk Fak\u00fcltesi\u2019nde yaln\u0131zca sayg\u0131 ile de\u011fil, ayn\u0131 zamanda sevgi ile an\u0131lmaktad\u0131r.\u201d<\/p>\n<p>Prof. Dr. \u0130lhan Ak\u0131n ile an\u0131lar\u0131n\u0131 anlatan ve program\u0131n d\u00fczenlenmesinden dolay\u0131 mutlulu\u011funu dile getiren \u0130\u00dc Hukuk Fak\u00fcltesi Emekli \u00d6\u011fretim \u00dcyesi Prof. Dr. Semih Gemalmaz ise konu\u015fmas\u0131nda \u015funlar\u0131 s\u00f6yledi:\u00a0\u00a0\u201cBen, \u0130lhan Ak\u0131n Hoca ile akademik hayata \u0130\u00dc Siyasal Bilgiler Fak\u00fcltesi\u2019nde ba\u015flad\u0131m.\u00a0Prof. Dr. \u0130lhan Ak\u0131n Siyasal Bilgiler Fak\u00fcltesi\u2019ne ge\u00e7mi\u015fti. Ben de o d\u00f6nem kendisi ile orada \u00e7al\u0131\u015fmaya ba\u015flad\u0131m. \u0130lhan Ak\u0131n ile \u00f6zel bir ili\u015fkim var benim. Biz sabahlar\u0131 hocan\u0131n evinin \u00f6n\u00fcnde bulu\u015fur, birlikte fak\u00fclteye gelir, ak\u015fam da birlikte d\u00f6nerdik. Onun i\u00e7in \u0130lhan Ak\u0131n Hoca benim i\u00e7in sadece k\u00fcrs\u00fc i\u00e7erisindeki bir hoca olman\u0131n \u00f6tesinde b\u00fcy\u00fck anlam ifade eder.\u201d<\/p>\n<p><strong>\u201cHocam\u0131z\u0131 Dekanl\u0131\u011f\u0131m S\u0131ras\u0131nda da Hep \u00d6rnek Alm\u0131\u015f\u0131md\u0131r\u201d<\/strong><\/p>\n<p>\u0130\u00dc Hukuk Fak\u00fcltesi 1999-2005 D\u00f6nemleri Dekan\u0131 Prof. Dr. Tankut Centel, konu\u015fmas\u0131nda, Prof. Dr. \u0130lhan Ak\u0131n\u2019\u0131n akademik kariyerinde \u00e7ok \u00f6nemli bir yere sahip oldu\u011funu s\u00f6yleyerek, \u201cBu toplant\u0131 ile \u0130stanbul \u00dcniversitesi, vefan\u0131n \u0130stanbul\u2019da bir semt olmaktan \u00f6te bir \u015fey oldu\u011funu bir kez daha yak\u0131ndan g\u00f6stermi\u015ftir. Bu vesile ile bu toplant\u0131y\u0131 d\u00fczenleyenlere tekrar te\u015fekk\u00fcr ediyorum. \u0130lhan Ak\u0131n Hocama ailesi ile birlikte daha nice sa\u011fl\u0131kl\u0131 y\u0131llar ge\u00e7irmesini diliyorum\u201d dedi.<\/p>\n<p><strong>\u201cProf. Dr. \u0130lhan Ak\u0131n Se\u00e7kin Bir Bilim \u0130nsan\u0131d\u0131r\u201d<\/strong><\/p>\n<p>\u0130\u00dc Hukuk Fak\u00fcltesi 1994-1999 D\u00f6nemleri Dekan\u0131 Prof. Dr. Aysel \u00c7elikel ise konu\u015fmas\u0131nda Prof. Dr. \u0130lhan Ak\u0131n i\u00e7in \u015funlar\u0131 s\u00f6yledi: \u201c\u0130stanbul \u00dcniversitesi Hukuk Fak\u00fcltesi T\u00fcrkiye\u2019nin ilk hukuk fak\u00fcltesi ama esas olarak 1933 \u00dcniversite Reformu\u2019ndan sonra bilimsel \u00e7al\u0131\u015fman\u0131n nas\u0131l yap\u0131laca\u011f\u0131n\u0131 \u00f6\u011freten, bilimsel eserler veren hocalar\u0131m\u0131z\u0131n varl\u0131\u011f\u0131yla g\u00fc\u00e7 kazanm\u0131\u015ft\u0131r. Sevgili dostumuz Prof. Dr. \u0130lhan Ak\u0131n, en az 40 y\u0131l \u00f6\u011fretim \u00fcyeli\u011fi ve toplam 16 y\u0131l da \u0130\u00dc Hukuk Fak\u00fcltesi\u2019ne Dekanl\u0131k yapm\u0131\u015f se\u00e7kin bir bilim insan\u0131d\u0131r.\u201d<\/p>\n<p><strong>\u201cProf. Dr. \u0130lhan Ak\u0131n\u2019\u0131\u00a0\u00a0Kendimize \u00d6rnek Ald\u0131k\u201d<\/strong><\/p>\n<p>Prof. Dr. \u00c7elikel&#8217;in ard\u0131ndan k\u00fcrs\u00fcye gelen \u0130\u00dc Hukuk Fak\u00fcltesi Dekan\u0131 Prof. Dr. Abuzer Kendigelen konu\u015fmas\u0131nda \u015funlar\u0131 dile getirdi: \u201cProf. Dr. \u0130lhan Ak\u0131n\u2019\u0131 kendimize gen\u00e7 ku\u015fak olarak \u00f6rnek ald\u0131k. Abartmak istemiyorum giyimini dahi \u00f6rnek ald\u0131k. \u00c7\u00fcnk\u00fc fak\u00fcltemizin en g\u00fczel giyinen hocalar\u0131m\u0131zdan birisi sizdiniz. G\u00fcl\u00fcmsemenizi \u00f6rnek ald\u0131k, \u00e7\u00fcnk\u00fc o g\u00fcl\u00fcmseme kar\u015f\u0131la\u015ft\u0131\u011f\u0131 insana duygu veriyor. Y\u00f6netim anlay\u0131\u015f\u0131n\u0131z\u0131 \u00f6rnek ald\u0131k. Bug\u00fcn bu n\u00f6beti ben s\u00fcrd\u00fcr\u00fcyorum, bu bayra\u011f\u0131 ben devrald\u0131m ama emin olun ki bu g\u00f6revi yaparken yerle\u015fmi\u015f olan genele sad\u0131k kalmaya \u00f6zen g\u00f6steriyorum. Bu gelene\u011fin yerle\u015fmesinde de sizin katk\u0131n\u0131z oldu\u011fu kan\u0131s\u0131nda da en ufak bir teredd\u00fctt\u00fcm yok.\u201d<\/p>\n<p>Konu\u015fmalar\u0131n ard\u0131ndan k\u00fcrs\u00fcye gelen \u0130\u00dc Hukuk Fak\u00fcltesi 1972-1980 ve 1986-1994 D\u00f6nemleri Dekan\u0131 Prof. Dr. \u0130lhan Ak\u0131n, \u201cBundan 24 sene \u00f6nce bu fak\u00fclteden emekli olarak ayr\u0131ld\u0131m. Emekli olduktan sonra tekrar buraya gelmek bana \u00e7ok b\u00fcy\u00fck bir gurur ve onur ya\u015fatt\u0131. 24 y\u0131l sonra tekrar buraya gelmek, konu\u015fmak sizlerin benim hakk\u0131mda s\u00f6ylediklerinizi dinlemek fevkalade cazip, fevkalade onur verici bir olay\u201d ifadelerini kulland\u0131.<\/p>\n<div id='gallery_1' class='gallery galleryid-2586 gallery-columns-5 gallery-size-thumbnail'><figure class='gallery-item'>\n                <div class='gallery-icon landscape'>\n                    <a href='https:\/\/iletim.istanbul.edu.tr\/wp-content\/uploads\/FileHandler-1-1.jpg'><img loading=\"lazy\" decoding=\"async\" width=\"150\" height=\"150\" src=\"\" class=\"attachment-thumbnail size-thumbnail lazyload\" alt=\"\" data-src=\"https:\/\/iletim.istanbul.edu.tr\/wp-content\/uploads\/FileHandler-1-1-150x150.jpg\" data-sizes=\"auto\" data-srcset=\"\" data-expand=\"700\" \/><\/a>\n                <\/div><\/figure><figure class='gallery-item'>\n                <div class='gallery-icon landscape'>\n                    <a href='https:\/\/iletim.istanbul.edu.tr\/wp-content\/uploads\/FileHandler-2-1.jpg'><img loading=\"lazy\" decoding=\"async\" width=\"150\" height=\"150\" src=\"\" class=\"attachment-thumbnail size-thumbnail lazyload\" alt=\"\" data-src=\"https:\/\/iletim.istanbul.edu.tr\/wp-content\/uploads\/FileHandler-2-1-150x150.jpg\" data-sizes=\"auto\" data-srcset=\"\" data-expand=\"700\" \/><\/a>\n                <\/div><\/figure><figure class='gallery-item'>\n                <div class='gallery-icon landscape'>\n                    <a href='https:\/\/iletim.istanbul.edu.tr\/wp-content\/uploads\/FileHandler-3-1.jpg'><img loading=\"lazy\" decoding=\"async\" width=\"150\" height=\"150\" src=\"\" class=\"attachment-thumbnail size-thumbnail lazyload\" alt=\"\" data-src=\"https:\/\/iletim.istanbul.edu.tr\/wp-content\/uploads\/FileHandler-3-1-150x150.jpg\" data-sizes=\"auto\" data-srcset=\"\" data-expand=\"700\" \/><\/a>\n                <\/div><\/figure><figure class='gallery-item'>\n                <div class='gallery-icon landscape'>\n                    <a href='https:\/\/iletim.istanbul.edu.tr\/wp-content\/uploads\/FileHandler-4-1.jpg'><img loading=\"lazy\" decoding=\"async\" width=\"150\" height=\"150\" src=\"\" class=\"attachment-thumbnail size-thumbnail lazyload\" alt=\"\" data-src=\"https:\/\/iletim.istanbul.edu.tr\/wp-content\/uploads\/FileHandler-4-1-150x150.jpg\" data-sizes=\"auto\" data-srcset=\"\" data-expand=\"700\" \/><\/a>\n                <\/div><\/figure><figure class='gallery-item'>\n                <div class='gallery-icon landscape'>\n                    <a href='https:\/\/iletim.istanbul.edu.tr\/wp-content\/uploads\/FileHandler-5-1.jpg'><img loading=\"lazy\" decoding=\"async\" width=\"150\" height=\"150\" src=\"\" class=\"attachment-thumbnail size-thumbnail lazyload\" alt=\"\" data-src=\"https:\/\/iletim.istanbul.edu.tr\/wp-content\/uploads\/FileHandler-5-1-150x150.jpg\" data-sizes=\"auto\" data-srcset=\"\" data-expand=\"700\" \/><\/a>\n                <\/div><\/figure><br style=\"clear: both\" \/><figure class='gallery-item'>\n                <div class='gallery-icon landscape'>\n                    <a href='https:\/\/iletim.istanbul.edu.tr\/wp-content\/uploads\/FileHandler-6-1.jpg'><img loading=\"lazy\" decoding=\"async\" width=\"150\" height=\"150\" src=\"\" class=\"attachment-thumbnail size-thumbnail lazyload\" alt=\"\" data-src=\"https:\/\/iletim.istanbul.edu.tr\/wp-content\/uploads\/FileHandler-6-1-150x150.jpg\" data-sizes=\"auto\" data-srcset=\"\" data-expand=\"700\" \/><\/a>\n                <\/div><\/figure><figure class='gallery-item'>\n                <div class='gallery-icon landscape'>\n                    <a href='https:\/\/iletim.istanbul.edu.tr\/wp-content\/uploads\/FileHandler-7-1.jpg'><img loading=\"lazy\" decoding=\"async\" width=\"150\" height=\"150\" src=\"\" class=\"attachment-thumbnail size-thumbnail lazyload\" alt=\"\" data-src=\"https:\/\/iletim.istanbul.edu.tr\/wp-content\/uploads\/FileHandler-7-1-150x150.jpg\" data-sizes=\"auto\" data-srcset=\"\" data-expand=\"700\" \/><\/a>\n                <\/div><\/figure><figure class='gallery-item'>\n                <div class='gallery-icon landscape'>\n                    <a href='https:\/\/iletim.istanbul.edu.tr\/wp-content\/uploads\/FileHandler-9.jpg'><img loading=\"lazy\" decoding=\"async\" width=\"150\" height=\"150\" src=\"\" class=\"attachment-thumbnail size-thumbnail lazyload\" alt=\"\" data-src=\"https:\/\/iletim.istanbul.edu.tr\/wp-content\/uploads\/FileHandler-9-150x150.jpg\" data-sizes=\"auto\" data-srcset=\"\" data-expand=\"700\" \/><\/a>\n                <\/div><\/figure><figure class='gallery-item'>\n                <div class='gallery-icon landscape'>\n                    <a href='https:\/\/iletim.istanbul.edu.tr\/wp-content\/uploads\/FileHandler-10.jpg'><img loading=\"lazy\" decoding=\"async\" width=\"150\" height=\"150\" src=\"\" class=\"attachment-thumbnail size-thumbnail lazyload\" alt=\"\" data-src=\"https:\/\/iletim.istanbul.edu.tr\/wp-content\/uploads\/FileHandler-10-150x150.jpg\" data-sizes=\"auto\" data-srcset=\"\" data-expand=\"700\" \/><\/a>\n                <\/div><\/figure><figure class='gallery-item'>\n                <div class='gallery-icon landscape'>\n                    <a href='https:\/\/iletim.istanbul.edu.tr\/wp-content\/uploads\/FileHandler-8.jpg'><img loading=\"lazy\" decoding=\"async\" width=\"150\" height=\"150\" src=\"\" class=\"attachment-thumbnail size-thumbnail lazyload\" alt=\"\" data-src=\"https:\/\/iletim.istanbul.edu.tr\/wp-content\/uploads\/FileHandler-8-150x150.jpg\" data-sizes=\"auto\" data-srcset=\"\" data-expand=\"700\" \/><\/a>\n                <\/div><\/figure><br style=\"clear: both\" \/>\n            <\/div>\n\n","protected":false},"excerpt":{"rendered":"<p>\u0130stanbul \u00dcniversitesi Hukuk Fak\u00fcltesi 1972-1980 ve 1986-1994 D\u00f6nemleri Dekan\u0131 Prof. Dr. \u0130lhan Ak\u0131n\u2019a Sayg\u0131 Program\u0131, 9 Ocak\u2019ta \u0130\u00dc Rekt\u00f6rl\u00fck Binas\u0131 Mavi Salon\u2019da d\u00fczenlendi.<\/p>\n","protected":false},"author":14,"featured_media":2606,"comment_status":"open","ping_status":"open","sticky":false,"template":"","format":"standard","meta":{"jnews-multi-image_gallery":[],"jnews_single_post":[],"jnews_primary_category":[],"jnews_social_meta":[],"jnews_override_counter":[],"footnotes":""},"categories":[1],"tags":[138,43],"class_list":["post-2586","post","type-post","status-publish","format-standard","has-post-thumbnail","hentry","category-genel","tag-ilhan-akin","tag-istanbul-universitesi"],"_links":{"self":[{"href":"https:\/\/iletim.istanbul.edu.tr\/index.php\/wp-json\/wp\/v2\/posts\/2586","targetHints":{"allow":["GET"]}}],"collection":[{"href":"https:\/\/iletim.istanbul.edu.tr\/index.php\/wp-json\/wp\/v2\/posts"}],"about":[{"href":"https:\/\/iletim.istanbul.edu.tr\/index.php\/wp-json\/wp\/v2\/types\/post"}],"author":[{"embeddable":true,"href":"https:\/\/iletim.istanbul.edu.tr\/index.php\/wp-json\/wp\/v2\/users\/14"}],"replies":[{"embeddable":true,"href":"https:\/\/iletim.istanbul.edu.tr\/index.php\/wp-json\/wp\/v2\/comments?post=2586"}],"version-history":[{"count":0,"href":"https:\/\/iletim.istanbul.edu.tr\/index.php\/wp-json\/wp\/v2\/posts\/2586\/revisions"}],"wp:featuredmedia":[{"embeddable":true,"href":"https:\/\/iletim.istanbul.edu.tr\/index.php\/wp-json\/wp\/v2\/media\/2606"}],"wp:attachment":[{"href":"https:\/\/iletim.istanbul.edu.tr\/index.php\/wp-json\/wp\/v2\/media?parent=2586"}],"wp:term":[{"taxonomy":"category","embeddable":true,"href":"https:\/\/iletim.istanbul.edu.tr\/index.php\/wp-json\/wp\/v2\/categories?post=2586"},{"taxonomy":"post_tag","embeddable":true,"href":"https:\/\/iletim.istanbul.edu.tr\/index.php\/wp-json\/wp\/v2\/tags?post=2586"}],"curies":[{"name":"wp","href":"https:\/\/api.w.org\/{rel}","templated":true}]}}