{"id":26562,"date":"2025-10-16T18:35:02","date_gmt":"2025-10-16T15:35:02","guid":{"rendered":"https:\/\/iletim.istanbul.edu.tr\/?p=26562"},"modified":"2025-10-16T18:35:03","modified_gmt":"2025-10-16T15:35:03","slug":"sesin-arkasindaki-hayat-guncel-gursel-artiktay-ile-muzikoloji-uzerine","status":"publish","type":"post","link":"https:\/\/iletim.istanbul.edu.tr\/index.php\/2025\/10\/16\/sesin-arkasindaki-hayat-guncel-gursel-artiktay-ile-muzikoloji-uzerine\/","title":{"rendered":"Sesin Arkas\u0131ndaki Hayat: G\u00fcncel G\u00fcrsel Art\u0131ktay ile M\u00fczikoloji \u00dczerine"},"content":{"rendered":"\n<p><strong>Haber: Melek \u00d6zt\u00fcrk<\/strong><\/p>\n\n\n\n<p><strong>Edit\u00f6r: \u00d6zg\u00fcr Recep Kocao\u011flu<\/strong><\/p>\n\n\n\n<p><strong>\u0130stanbul, (\u0130\u00dc Haber Merkezi) &#8211; Akademisyen ve m\u00fczisyen G\u00fcncel G\u00fcrsel Art\u0131ktay; m\u00fczikoloji ve kompozisyon \u00e7al\u0131\u015fmalar\u0131 ile m\u00fczikoloji b\u00f6l\u00fcm\u00fcn\u00fc tercih etme nedenlerini \u0130letim Gazetesi\u2019ne anlatt\u0131.&nbsp;<\/strong><\/p>\n\n\n\n<p>M\u00fczikoloji alan\u0131ndaki akademik yolculu\u011fu ile beste s\u00fcre\u00e7lerinde yararland\u0131\u011f\u0131 ilham kaynaklar\u0131n\u0131 de\u011ferlendiren Art\u0131ktay, hem kuramsal hem de pratik bir perspektiften m\u00fczikolojiye yakla\u015farak sanat ve bilim aras\u0131ndaki etkile\u015fimi kendi deneyimleri do\u011frultusunda \u0130letim Gazetesi ile payla\u015ft\u0131.<\/p>\n\n\n\n<p><strong>Sesin arkas\u0131ndaki hayat<\/strong><\/p>\n\n\n\n<p>M\u00fczi\u011fin yaln\u0131zca estetik ya da g\u00fczel seslerden ibaret olmad\u0131\u011f\u0131n\u0131 vurgulayan Art\u0131ktay; insan\u0131, toplumu ve zihni anlamada m\u00fczi\u011fin g\u00fc\u00e7l\u00fc bir ara\u00e7 oldu\u011funu s\u00f6yledi. M\u00fczikolojiye olan ilgisinin \u00fcniversite y\u0131llar\u0131nda ba\u015flad\u0131\u011f\u0131n\u0131 belirten Art\u0131ktay, \u201cLisans y\u0131llar\u0131mda sesin arkas\u0131ndaki akl\u0131 ve hayat\u0131 merak ettim. Bu merak beni m\u00fczikolojiye ta\u015f\u0131d\u0131\u201d ifadelerini kulland\u0131. M\u00fczikolojiyi bir meslekten \u00e7ok, hayat\u0131 anlama ve anlamland\u0131rma yolculu\u011fu olarak tan\u0131mlayan Art\u0131ktay, bu alan\u0131n ya\u015fam boyu s\u00fcren bir ke\u015fif s\u00fcreci sundu\u011funu belirtti.<\/p>\n\n\n\n<p>M\u00fczikoloji yolculu\u011funun m\u00fczisyen kimli\u011fine etkilerini de\u011ferlendiren Art\u0131ktay, bu s\u00fcrecin m\u00fczi\u011fe bak\u0131\u015f a\u00e7\u0131s\u0131n\u0131 de\u011fi\u015ftirdi\u011fini s\u00f6yledi. Eskiden i\u00e7g\u00fcd\u00fcyle hareket etti\u011fini belirten Art\u0131ktay, \u201cArt\u0131k yapt\u0131\u011f\u0131m ve yapmak istedi\u011fim m\u00fczi\u011fe bilin\u00e7le bak\u0131yorum. H\u0131rs\u0131m kaybolmad\u0131, y\u00f6n de\u011fi\u015ftirdi. \u015eeffaf hedefler, \u00f6l\u00e7\u00fclebilir ad\u0131mlar ve sakin bir \u00e7al\u0131\u015fma disipliniyle ilerliyorum\u201d dedi. Tutkusunu d\u00fczenle, sezgisini ise analizle bulu\u015fturdu\u011funu ifade eden Art\u0131ktay, bu yakla\u015f\u0131m\u0131n ona daha b\u00fcy\u00fck bir \u00f6zg\u00fcrl\u00fck alan\u0131 sundu\u011funu vurgulad\u0131.<\/p>\n\n\n<div class=\"wp-block-image\">\n<figure class=\"aligncenter size-large is-resized\"><img decoding=\"async\" width=\"1024\" height=\"1024\" src=\"https:\/\/iletim.istanbul.edu.tr\/wp-content\/uploads\/oldugun-gibi-ruhumda-sesin.foto-@cagataynn-1024x1024.jpg\" alt=\"\" class=\"wp-image-26579\" style=\"width:756px;height:auto\" srcset=\"https:\/\/iletim.istanbul.edu.tr\/wp-content\/uploads\/oldugun-gibi-ruhumda-sesin.foto-@cagataynn-1024x1024.jpg 1024w, https:\/\/iletim.istanbul.edu.tr\/wp-content\/uploads\/oldugun-gibi-ruhumda-sesin.foto-@cagataynn-300x300.jpg 300w, https:\/\/iletim.istanbul.edu.tr\/wp-content\/uploads\/oldugun-gibi-ruhumda-sesin.foto-@cagataynn-150x150.jpg 150w, https:\/\/iletim.istanbul.edu.tr\/wp-content\/uploads\/oldugun-gibi-ruhumda-sesin.foto-@cagataynn-768x768.jpg 768w, https:\/\/iletim.istanbul.edu.tr\/wp-content\/uploads\/oldugun-gibi-ruhumda-sesin.foto-@cagataynn-24x24.jpg 24w, https:\/\/iletim.istanbul.edu.tr\/wp-content\/uploads\/oldugun-gibi-ruhumda-sesin.foto-@cagataynn-48x48.jpg 48w, https:\/\/iletim.istanbul.edu.tr\/wp-content\/uploads\/oldugun-gibi-ruhumda-sesin.foto-@cagataynn-96x96.jpg 96w, https:\/\/iletim.istanbul.edu.tr\/wp-content\/uploads\/oldugun-gibi-ruhumda-sesin.foto-@cagataynn-75x75.jpg 75w, https:\/\/iletim.istanbul.edu.tr\/wp-content\/uploads\/oldugun-gibi-ruhumda-sesin.foto-@cagataynn-350x350.jpg 350w, https:\/\/iletim.istanbul.edu.tr\/wp-content\/uploads\/oldugun-gibi-ruhumda-sesin.foto-@cagataynn-750x750.jpg 750w, https:\/\/iletim.istanbul.edu.tr\/wp-content\/uploads\/oldugun-gibi-ruhumda-sesin.foto-@cagataynn.jpg 1080w\" sizes=\"(max-width: 1024px) 100vw, 1024px\" \/><\/figure><\/div>\n\n\n<p><strong>\u201cEskiden sadece duyard\u0131m, \u015fimdi b\u00fcy\u00fcte\u00e7le dinliyorum\u201d<\/strong><\/p>\n\n\n\n<p>Bir m\u00fczikolog olarak dinleme al\u0131\u015fkanl\u0131klar\u0131n\u0131n zamanla de\u011fi\u015fti\u011fini belirten Art\u0131ktay, m\u00fczi\u011fe art\u0131k \u00e7ok daha derinlikli ve analitik bir bak\u0131\u015fla yakla\u015ft\u0131\u011f\u0131n\u0131 s\u00f6yledi. \u201cEskiden sadece duyard\u0131m; \u015fimdi b\u00fcy\u00fcte\u00e7le dinliyorum. Form ge\u00e7i\u015flerini, tekrar oranlar\u0131n\u0131, benzerlik\u2013farkl\u0131l\u0131k dengesini takip ediyorum\u201d diyen Art\u0131ktay, bu yakla\u015f\u0131m\u0131n estetik hazdan \u00f6d\u00fcn vermek anlam\u0131na gelmedi\u011fini vurgulad\u0131.<\/p>\n\n\n\n<p>Kendisine ilham veren m\u00fczik d\u00f6nemlerinden bahseden Art\u0131ktay, 1990\u2019lar\u0131n alternatif rock m\u00fczi\u011finin ona cesaret ve \u00f6zg\u00fcrl\u00fck duygusu kazand\u0131rd\u0131\u011f\u0131n\u0131 s\u00f6yledi. Postminimalist yakla\u015f\u0131mdan ise az malzemeyle derinlik kurmay\u0131 \u00f6\u011frendi\u011fini belirten Art\u0131ktay, \u201cBu iki damar, m\u00fczi\u011fimde ritmik-melodikekonomi ile katmanl\u0131 dramaturjiyi bulu\u015fturuyor\u201d dedi.<\/p>\n\n\n<div class=\"wp-block-image\">\n<figure class=\"aligncenter size-large is-resized\"><img decoding=\"async\" width=\"819\" height=\"1024\" src=\"https:\/\/iletim.istanbul.edu.tr\/wp-content\/uploads\/SaveClip.App_469649037_18453628000069377_2377083812184908281_n-1-819x1024.jpg\" alt=\"\" class=\"wp-image-26583\" style=\"width:757px;height:auto\" srcset=\"https:\/\/iletim.istanbul.edu.tr\/wp-content\/uploads\/SaveClip.App_469649037_18453628000069377_2377083812184908281_n-1-819x1024.jpg 819w, https:\/\/iletim.istanbul.edu.tr\/wp-content\/uploads\/SaveClip.App_469649037_18453628000069377_2377083812184908281_n-1-240x300.jpg 240w, https:\/\/iletim.istanbul.edu.tr\/wp-content\/uploads\/SaveClip.App_469649037_18453628000069377_2377083812184908281_n-1-768x960.jpg 768w, https:\/\/iletim.istanbul.edu.tr\/wp-content\/uploads\/SaveClip.App_469649037_18453628000069377_2377083812184908281_n-1-1229x1536.jpg 1229w, https:\/\/iletim.istanbul.edu.tr\/wp-content\/uploads\/SaveClip.App_469649037_18453628000069377_2377083812184908281_n-1-750x938.jpg 750w, https:\/\/iletim.istanbul.edu.tr\/wp-content\/uploads\/SaveClip.App_469649037_18453628000069377_2377083812184908281_n-1-1140x1425.jpg 1140w, https:\/\/iletim.istanbul.edu.tr\/wp-content\/uploads\/SaveClip.App_469649037_18453628000069377_2377083812184908281_n-1.jpg 1440w\" sizes=\"(max-width: 819px) 100vw, 819px\" \/><\/figure><\/div>\n\n\n<p><strong>K\u00fc\u00e7\u00fck bir fikirden b\u00fcy\u00fck bir yap\u0131ya<\/strong><\/p>\n\n\n\n<p>Beste s\u00fcre\u00e7leri ve ilham kaynaklar\u0131 hakk\u0131nda konu\u015fan Art\u0131ktay, \u00e7al\u0131\u015fmalar\u0131na genellikle k\u00fc\u00e7\u00fck bir fikirle ba\u015flad\u0131\u011f\u0131n\u0131 s\u00f6yledi. \u201cGenelde bir ritim, bir akor y\u00fcr\u00fcy\u00fc\u015f\u00fc ya da bir c\u00fcmleyle ba\u015flar\u0131m. O; k\u00fc\u00e7\u00fck \u00e7ekirdek, kontroll\u00fc tekrar ve ince de\u011fi\u015fimlerle b\u00fcy\u00fcr\u201d diyen Art\u0131ktay, bestelerinde formun dinleyici beklentisi ile bilgi ak\u0131\u015f\u0131 aras\u0131ndaki dengede \u015fekillendi\u011fini belirtti.<\/p>\n\n\n\n<p>\u0130lham kaynaklar\u0131 aras\u0131nda Anadolu\u2019nun k\u00fclt\u00fcrel belle\u011fi, bilim tarihi, felsefe ve do\u011fadaki \u00f6r\u00fcnt\u00fcler oldu\u011funu s\u00f6yleyen Art\u0131ktay, \u201cKendili\u011finden \u00f6rg\u00fctlenme fikri kula\u011f\u0131m\u0131 diri tutar\u201d dedi.<\/p>\n\n\n\n<p><strong>\u0130nsanlar aras\u0131ndaki g\u00fc\u00e7l\u00fc ba\u011f: M\u00fczik<\/strong><\/p>\n\n\n\n<p>M\u00fczi\u011fin t\u00fcm k\u00fclt\u00fcrlerde ortak bir unsur olarak bulunmas\u0131na dikkat \u00e7eken Art\u0131ktay, m\u00fczi\u011fin insanlar\u0131 bir arada tutan g\u00fc\u00e7l\u00fc bir ba\u011f oldu\u011funu s\u00f6yledi. \u201cM\u00fczik, hem biyolojik hem toplumsal uyumun ta\u015f\u0131y\u0131c\u0131s\u0131d\u0131r, bizi bir arada tutar\u201d diyen Art\u0131ktay, ritmin birlikte hareket etmeyi kolayla\u015ft\u0131rd\u0131\u011f\u0131n\u0131, melodinin duygular\u0131 bulu\u015fturdu\u011funu belirtti.&nbsp;<\/p>\n\n\n\n<p>Art\u0131ktay, tekrar ve varyasyonun, bellek ve beklentiyle konu\u015farak g\u00fcven, i\u015f birli\u011fi ve ortak anlam ufkunu g\u00fc\u00e7lendirdi\u011fini ifade etti. \u201cM\u00fczik, insan t\u00fcr\u00fcn\u00fcn biyok\u00fclt\u00fcrel imzas\u0131d\u0131r s\u00fcs de\u011fil, ba\u011fd\u0131r\u201d diye konu\u015fan Art\u0131ktay, m\u00fczi\u011fin sadece estetik bir \u00f6\u011fe olmad\u0131\u011f\u0131n\u0131, ayn\u0131 zamanda toplumsal dayan\u0131\u015fman\u0131n temel ta\u015flar\u0131ndan biri oldu\u011funu vurgulad\u0131.<\/p>\n\n\n<div class=\"wp-block-image\">\n<figure class=\"aligncenter size-full is-resized\"><img decoding=\"async\" width=\"750\" height=\"938\" src=\"https:\/\/iletim.istanbul.edu.tr\/wp-content\/uploads\/get.jpg\" alt=\"\" class=\"wp-image-26580\" style=\"width:744px;height:auto\" srcset=\"https:\/\/iletim.istanbul.edu.tr\/wp-content\/uploads\/get.jpg 750w, https:\/\/iletim.istanbul.edu.tr\/wp-content\/uploads\/get-240x300.jpg 240w\" sizes=\"(max-width: 750px) 100vw, 750px\" \/><\/figure><\/div>\n\n\n<p><strong>M\u00fczikoloji mezunlar\u0131n\u0131n \u00e7al\u0131\u015fma alanlar\u0131<\/strong><\/p>\n\n\n\n<p>M\u00fczikoloji alan\u0131nda e\u011fitim alm\u0131\u015f ki\u015filerin \u00e7al\u0131\u015fma alanlar\u0131n\u0131n \u00e7e\u015fitlili\u011fine dikkat \u00e7eken Art\u0131ktay, bu disiplinin sundu\u011fu f\u0131rsatlar\u0131 \u015fu s\u00f6zlerle anlatt\u0131:&nbsp;<\/p>\n\n\n\n<p>\u201cAkademi (ara\u015ft\u0131rma, ders verme), yay\u0131nc\u0131l\u0131k ve edit\u00f6rl\u00fck, ar\u015fiv ve koleksiyon y\u00f6netimi, k\u00fclt\u00fcr politikalar\u0131, medya ve ele\u015ftiri, m\u00fczik end\u00fcstrisinde analiz ve strateji, veri temelli katalog y\u00f6netimi ile yapay zek\u00e2 destekli m\u00fczik teknolojileri bu alanda \u00e7al\u0131\u015f\u0131labilecek ba\u015fl\u0131ca alanlard\u0131r.\u201d<\/p>\n\n\n\n<p>Art\u0131ktay, m\u00fczikologlar\u0131n kan\u0131t toplama, veri yorumlama ve kavramsal \u00e7er\u00e7eve kurma becerileri sayesinde sanat y\u00f6netimi ve prod\u00fcksiyon s\u00fcre\u00e7lerinde de \u00f6nemli katk\u0131lar sundu\u011funu s\u00f6yledi.<\/p>\n","protected":false},"excerpt":{"rendered":"<p>Haber: Melek \u00d6zt\u00fcrk Edit\u00f6r: \u00d6zg\u00fcr Recep Kocao\u011flu \u0130stanbul, (\u0130\u00dc Haber Merkezi) &#8211; Akademisyen ve m\u00fczisyen G\u00fcncel G\u00fcrsel Art\u0131ktay; m\u00fczikoloji ve kompozisyon \u00e7al\u0131\u015fmalar\u0131 ile m\u00fczikoloji b\u00f6l\u00fcm\u00fcn\u00fc tercih etme nedenlerini \u0130letim Gazetesi\u2019ne anlatt\u0131.&nbsp; M\u00fczikoloji alan\u0131ndaki akademik yolculu\u011fu ile beste s\u00fcre\u00e7lerinde yararland\u0131\u011f\u0131 ilham kaynaklar\u0131n\u0131 de\u011ferlendiren Art\u0131ktay, hem kuramsal hem de pratik bir perspektiften m\u00fczikolojiye yakla\u015farak sanat ve bilim [&hellip;]<\/p>\n","protected":false},"author":14,"featured_media":26587,"comment_status":"closed","ping_status":"open","sticky":false,"template":"","format":"standard","meta":{"jnews-multi-image_gallery":[],"jnews_single_post":{"format":"standard"},"jnews_primary_category":[],"jnews_social_meta":[],"jnews_override_counter":[],"footnotes":""},"categories":[25,1,159,28,30,2085,2348,35],"tags":[40,43,148,52,3349,3218],"class_list":["post-26562","post","type-post","status-publish","format-standard","has-post-thumbnail","hentry","category-egitim","category-genel","category-sag-manset","category-istanbul","category-kultur-sanat","category-manset-haber","category-manset-yani","category-yasam","tag-iletisim-fakultesi","tag-istanbul-universitesi","tag-istanbul-universitesi-iletisim-fakultesi","tag-iu-iletisim-fakultesi","tag-melek-ozturk","tag-ozgur-recep-kocaoglu"],"_links":{"self":[{"href":"https:\/\/iletim.istanbul.edu.tr\/index.php\/wp-json\/wp\/v2\/posts\/26562","targetHints":{"allow":["GET"]}}],"collection":[{"href":"https:\/\/iletim.istanbul.edu.tr\/index.php\/wp-json\/wp\/v2\/posts"}],"about":[{"href":"https:\/\/iletim.istanbul.edu.tr\/index.php\/wp-json\/wp\/v2\/types\/post"}],"author":[{"embeddable":true,"href":"https:\/\/iletim.istanbul.edu.tr\/index.php\/wp-json\/wp\/v2\/users\/14"}],"replies":[{"embeddable":true,"href":"https:\/\/iletim.istanbul.edu.tr\/index.php\/wp-json\/wp\/v2\/comments?post=26562"}],"version-history":[{"count":5,"href":"https:\/\/iletim.istanbul.edu.tr\/index.php\/wp-json\/wp\/v2\/posts\/26562\/revisions"}],"predecessor-version":[{"id":26588,"href":"https:\/\/iletim.istanbul.edu.tr\/index.php\/wp-json\/wp\/v2\/posts\/26562\/revisions\/26588"}],"wp:featuredmedia":[{"embeddable":true,"href":"https:\/\/iletim.istanbul.edu.tr\/index.php\/wp-json\/wp\/v2\/media\/26587"}],"wp:attachment":[{"href":"https:\/\/iletim.istanbul.edu.tr\/index.php\/wp-json\/wp\/v2\/media?parent=26562"}],"wp:term":[{"taxonomy":"category","embeddable":true,"href":"https:\/\/iletim.istanbul.edu.tr\/index.php\/wp-json\/wp\/v2\/categories?post=26562"},{"taxonomy":"post_tag","embeddable":true,"href":"https:\/\/iletim.istanbul.edu.tr\/index.php\/wp-json\/wp\/v2\/tags?post=26562"}],"curies":[{"name":"wp","href":"https:\/\/api.w.org\/{rel}","templated":true}]}}