{"id":26591,"date":"2025-10-17T15:56:12","date_gmt":"2025-10-17T12:56:12","guid":{"rendered":"https:\/\/iletim.istanbul.edu.tr\/?p=26591"},"modified":"2025-10-17T15:56:13","modified_gmt":"2025-10-17T12:56:13","slug":"sema-karakelle-anisina-sempozyum-duzenlendi","status":"publish","type":"post","link":"https:\/\/iletim.istanbul.edu.tr\/index.php\/2025\/10\/17\/sema-karakelle-anisina-sempozyum-duzenlendi\/","title":{"rendered":"Sema Karakelle An\u0131s\u0131na Sempozyum D\u00fczenlendi\u00a0"},"content":{"rendered":"\n<p><strong>Haber: Melek \u00d6zt\u00fcrk<\/strong><\/p>\n\n\n\n<p><strong>Foto\u011fraf: \u00d6zg\u00fcr Recep Kocao\u011flu&nbsp;<\/strong><\/p>\n\n\n\n<p><strong>Edit\u00f6r: \u00d6zg\u00fcr Recep Kocao\u011flu<\/strong><\/p>\n\n\n\n<p><strong>\u0130stanbul, (\u0130\u00dc Haber Merkezi) &#8211; Sema Karakelle Geli\u015fim Ara\u015ft\u0131rmalar\u0131 Sempozyumu\u2019nun a\u00e7\u0131l\u0131\u015f program\u0131 \u0130stanbul \u00dcniversitesi Edebiyat Fak\u00fcltesi Psikoloji M\u00fczesi\u2019nde ger\u00e7ekle\u015fti.<\/strong><\/p>\n\n\n\n<p>Sema Karakelle an\u0131s\u0131na bu y\u0131l 2.si d\u00fczenlenen Sema Karakelle Geli\u015fim Ara\u015ft\u0131rmalar\u0131 Sempozyumu bug\u00fcn \u0130stanbul \u00dcniversitesi (\u0130\u00dc) Psikoloji M\u00fczesi\u2019nde ba\u015flad\u0131.<\/p>\n\n\n\n<p><strong>\u00d6nemli psikologlar an\u0131ld\u0131<\/strong><\/p>\n\n\n\n<p>Sempozyum a\u00e7\u0131l\u0131\u015f\u0131 T\u00fcrk psikoloji tarihinde yer edinen isimlerin an\u0131lmas\u0131yla ba\u015flad\u0131.&nbsp;<\/p>\n\n\n\n<p>\u0130\u00dc Edebiyat Fak\u00fcltesi Psikoloji B\u00f6l\u00fcm\u00fc \u00d6\u011fretim \u00dcyesi Dr. \u00d6\u011fr. \u00dcyesi Tolga Y\u0131ld\u0131z, M\u00fcmtaz Turhan hakk\u0131nda konu\u015ftu. Y\u0131ld\u0131z, \u201cM\u00fcmtaz Turhan: Gestalt Psikolojisinin Kayna\u011f\u0131nda Bir T\u00fcrk\u201d adl\u0131 konu\u015fmas\u0131n\u0131 ger\u00e7ekle\u015ftirdi.\u00a0<\/p>\n\n\n\n<figure class=\"wp-block-gallery has-nested-images columns-default is-cropped wp-block-gallery-1 is-layout-flex wp-block-gallery-is-layout-flex\">\n<figure class=\"wp-block-image size-large\"><img decoding=\"async\" width=\"1024\" height=\"680\" data-id=\"26597\" src=\"https:\/\/iletim.istanbul.edu.tr\/wp-content\/uploads\/DSC_6547-min-1-1-1024x680.jpg\" alt=\"\" class=\"wp-image-26597\" srcset=\"https:\/\/iletim.istanbul.edu.tr\/wp-content\/uploads\/DSC_6547-min-1-1-1024x680.jpg 1024w, https:\/\/iletim.istanbul.edu.tr\/wp-content\/uploads\/DSC_6547-min-1-1-300x199.jpg 300w, https:\/\/iletim.istanbul.edu.tr\/wp-content\/uploads\/DSC_6547-min-1-1-768x510.jpg 768w, https:\/\/iletim.istanbul.edu.tr\/wp-content\/uploads\/DSC_6547-min-1-1-1536x1020.jpg 1536w, https:\/\/iletim.istanbul.edu.tr\/wp-content\/uploads\/DSC_6547-min-1-1-2048x1360.jpg 2048w, https:\/\/iletim.istanbul.edu.tr\/wp-content\/uploads\/DSC_6547-min-1-1-750x498.jpg 750w, https:\/\/iletim.istanbul.edu.tr\/wp-content\/uploads\/DSC_6547-min-1-1-1140x757.jpg 1140w\" sizes=\"(max-width: 1024px) 100vw, 1024px\" \/><figcaption class=\"wp-element-caption\">\u0130\u00dc Edebiyat Fak\u00fcltesi Psikoloji B\u00f6l\u00fcm\u00fc \u00d6\u011fretim \u00dcyesi Dr. \u00d6\u011fr. \u00dcyesi Tolga Y\u0131ld\u0131z<\/figcaption><\/figure>\n<\/figure>\n\n\n\n<p>T\u00fcrk Psikologlar Derne\u011fi Y\u00f6netim Kurulu Ba\u015fkan\u0131 G\u00f6khan Malko\u00e7, \u201cProf. Dr. \u0130. Alev Ar\u0131k: Bir Hoca ve \u0130z B\u0131rakan Hayat\u201d konu\u015fmas\u0131n\u0131 yapt\u0131. Malko\u00e7, Ar\u0131k ve Karakelle ile olan an\u0131lar\u0131na de\u011findi.&nbsp;<\/p>\n\n\n\n<figure class=\"wp-block-gallery has-nested-images columns-default is-cropped wp-block-gallery-2 is-layout-flex wp-block-gallery-is-layout-flex\">\n<figure class=\"wp-block-image size-large\"><img decoding=\"async\" width=\"1024\" height=\"680\" data-id=\"26600\" src=\"https:\/\/iletim.istanbul.edu.tr\/wp-content\/uploads\/DSC_6592-min-1-2-1024x680.jpg\" alt=\"\" class=\"wp-image-26600\" srcset=\"https:\/\/iletim.istanbul.edu.tr\/wp-content\/uploads\/DSC_6592-min-1-2-1024x680.jpg 1024w, https:\/\/iletim.istanbul.edu.tr\/wp-content\/uploads\/DSC_6592-min-1-2-300x199.jpg 300w, https:\/\/iletim.istanbul.edu.tr\/wp-content\/uploads\/DSC_6592-min-1-2-768x510.jpg 768w, https:\/\/iletim.istanbul.edu.tr\/wp-content\/uploads\/DSC_6592-min-1-2-1536x1020.jpg 1536w, https:\/\/iletim.istanbul.edu.tr\/wp-content\/uploads\/DSC_6592-min-1-2-2048x1360.jpg 2048w, https:\/\/iletim.istanbul.edu.tr\/wp-content\/uploads\/DSC_6592-min-1-2-750x498.jpg 750w, https:\/\/iletim.istanbul.edu.tr\/wp-content\/uploads\/DSC_6592-min-1-2-1140x757.jpg 1140w\" sizes=\"(max-width: 1024px) 100vw, 1024px\" \/><figcaption class=\"wp-element-caption\">T\u00fcrk Psikologlar Derne\u011fi Y\u00f6netim Kurulu Ba\u015fkan\u0131 G\u00f6khan Malko\u00e7<\/figcaption><\/figure>\n<\/figure>\n\n\n\n<p><strong>Sema Karakelle\u2019nin an\u0131lar\u0131 ya\u015fat\u0131ld\u0131<\/strong><\/p>\n\n\n\n<p>\u0130stanbul Geli\u015fim Ara\u015ft\u0131rmalar\u0131 Laboratuvar\u0131 \u00dcyeleri, Karakelle hakk\u0131nda an\u0131lar\u0131n\u0131 ve&nbsp; Karakelle\u2019nin akademik hayat\u0131na dair ayr\u0131nt\u0131lar\u0131 anlatt\u0131.&nbsp;<\/p>\n\n\n\n<p>Karakelle\u2019nin k\u00fct\u00fcphanesinde olan kitaplardan olu\u015fan \u00f6zel psikoloji kitaplar\u0131 se\u00e7kisinin Psikoloji M\u00fczesi\u2019ne ba\u011f\u0131\u015fland\u0131\u011f\u0131 belirtildi.<\/p>\n\n\n\n<p>Sempozyum Koordinasyon Kurulu \u00fcyeleri rehberli\u011finde Psikoloji M\u00fczesi ziyareti ger\u00e7ekle\u015ftirildi.&nbsp;<\/p>\n\n\n<div class=\"wp-block-image\">\n<figure class=\"aligncenter size-large\"><img decoding=\"async\" width=\"1024\" height=\"501\" src=\"https:\/\/iletim.istanbul.edu.tr\/wp-content\/uploads\/DSC_6711-1024x501.jpg\" alt=\"\" class=\"wp-image-26592\" srcset=\"https:\/\/iletim.istanbul.edu.tr\/wp-content\/uploads\/DSC_6711-1024x501.jpg 1024w, https:\/\/iletim.istanbul.edu.tr\/wp-content\/uploads\/DSC_6711-300x147.jpg 300w, https:\/\/iletim.istanbul.edu.tr\/wp-content\/uploads\/DSC_6711-768x376.jpg 768w, https:\/\/iletim.istanbul.edu.tr\/wp-content\/uploads\/DSC_6711-1536x752.jpg 1536w, https:\/\/iletim.istanbul.edu.tr\/wp-content\/uploads\/DSC_6711-2048x1003.jpg 2048w, https:\/\/iletim.istanbul.edu.tr\/wp-content\/uploads\/DSC_6711-750x367.jpg 750w, https:\/\/iletim.istanbul.edu.tr\/wp-content\/uploads\/DSC_6711-1140x558.jpg 1140w\" sizes=\"(max-width: 1024px) 100vw, 1024px\" \/><\/figure><\/div>\n\n\n<p>Sempozyum, 17 Ekim Cumartesi ve 18 Ekim Pazar g\u00fcn\u00fc ger\u00e7ekle\u015fecek olan \u00e7evrim i\u00e7i toplant\u0131larla sona erecek.<\/p>\n","protected":false},"excerpt":{"rendered":"<p>Haber: Melek \u00d6zt\u00fcrk Foto\u011fraf: \u00d6zg\u00fcr Recep Kocao\u011flu&nbsp; Edit\u00f6r: \u00d6zg\u00fcr Recep Kocao\u011flu \u0130stanbul, (\u0130\u00dc Haber Merkezi) &#8211; Sema Karakelle Geli\u015fim Ara\u015ft\u0131rmalar\u0131 Sempozyumu\u2019nun a\u00e7\u0131l\u0131\u015f program\u0131 \u0130stanbul \u00dcniversitesi Edebiyat Fak\u00fcltesi Psikoloji M\u00fczesi\u2019nde ger\u00e7ekle\u015fti. Sema Karakelle an\u0131s\u0131na bu y\u0131l 2.si d\u00fczenlenen Sema Karakelle Geli\u015fim Ara\u015ft\u0131rmalar\u0131 Sempozyumu bug\u00fcn \u0130stanbul \u00dcniversitesi (\u0130\u00dc) Psikoloji M\u00fczesi\u2019nde ba\u015flad\u0131. \u00d6nemli psikologlar an\u0131ld\u0131 Sempozyum a\u00e7\u0131l\u0131\u015f\u0131 T\u00fcrk [&hellip;]<\/p>\n","protected":false},"author":14,"featured_media":26602,"comment_status":"closed","ping_status":"open","sticky":false,"template":"","format":"standard","meta":{"jnews-multi-image_gallery":[],"jnews_single_post":{"format":"standard"},"jnews_primary_category":[],"jnews_social_meta":[],"jnews_override_counter":[],"footnotes":""},"categories":[1,159,28,34,2085,2348,35],"tags":[571,43,3349,3218,3562],"class_list":["post-26591","post","type-post","status-publish","format-standard","has-post-thumbnail","hentry","category-genel","category-sag-manset","category-istanbul","category-universite","category-manset-haber","category-manset-yani","category-yasam","tag-edebiyat-fakultesi","tag-istanbul-universitesi","tag-melek-ozturk","tag-ozgur-recep-kocaoglu","tag-sema-karakelle"],"_links":{"self":[{"href":"https:\/\/iletim.istanbul.edu.tr\/index.php\/wp-json\/wp\/v2\/posts\/26591","targetHints":{"allow":["GET"]}}],"collection":[{"href":"https:\/\/iletim.istanbul.edu.tr\/index.php\/wp-json\/wp\/v2\/posts"}],"about":[{"href":"https:\/\/iletim.istanbul.edu.tr\/index.php\/wp-json\/wp\/v2\/types\/post"}],"author":[{"embeddable":true,"href":"https:\/\/iletim.istanbul.edu.tr\/index.php\/wp-json\/wp\/v2\/users\/14"}],"replies":[{"embeddable":true,"href":"https:\/\/iletim.istanbul.edu.tr\/index.php\/wp-json\/wp\/v2\/comments?post=26591"}],"version-history":[{"count":1,"href":"https:\/\/iletim.istanbul.edu.tr\/index.php\/wp-json\/wp\/v2\/posts\/26591\/revisions"}],"predecessor-version":[{"id":26601,"href":"https:\/\/iletim.istanbul.edu.tr\/index.php\/wp-json\/wp\/v2\/posts\/26591\/revisions\/26601"}],"wp:featuredmedia":[{"embeddable":true,"href":"https:\/\/iletim.istanbul.edu.tr\/index.php\/wp-json\/wp\/v2\/media\/26602"}],"wp:attachment":[{"href":"https:\/\/iletim.istanbul.edu.tr\/index.php\/wp-json\/wp\/v2\/media?parent=26591"}],"wp:term":[{"taxonomy":"category","embeddable":true,"href":"https:\/\/iletim.istanbul.edu.tr\/index.php\/wp-json\/wp\/v2\/categories?post=26591"},{"taxonomy":"post_tag","embeddable":true,"href":"https:\/\/iletim.istanbul.edu.tr\/index.php\/wp-json\/wp\/v2\/tags?post=26591"}],"curies":[{"name":"wp","href":"https:\/\/api.w.org\/{rel}","templated":true}]}}