{"id":2665,"date":"2017-12-10T13:13:42","date_gmt":"2017-12-10T10:13:42","guid":{"rendered":"https:\/\/iletim.istanbul.edu.tr\/?p=2665"},"modified":"2018-02-20T13:18:14","modified_gmt":"2018-02-20T10:18:14","slug":"mahalleniz-ile-ilgili-merak-ettikleriniz-mahallem-istanbulda","status":"publish","type":"post","link":"https:\/\/iletim.istanbul.edu.tr\/index.php\/2017\/12\/10\/mahalleniz-ile-ilgili-merak-ettikleriniz-mahallem-istanbulda\/","title":{"rendered":"Mahalleniz ile \u0130lgili Merak Ettikleriniz Mahallem \u0130stanbul\u2019da"},"content":{"rendered":"<p><strong>Esra MUTLU<\/strong><\/p>\n<p>\u0130stanbul \u00dcniversitesi \u0130ktisat Fak\u00fcltesi\u2019nin y\u00fcr\u00fctt\u00fc\u011f\u00fc, \u0130stanbul Kalk\u0131nma Ajans\u0131\u2019n\u0131n destekledi\u011fi Mahallem \u0130stanbul Projesi ile \u0130stanbul\u2019da ya\u015fayanlar mahalleleriyle ilgili demografik yap\u0131dan, e\u011fitime, sa\u011fl\u0131ktan sosyal ve siyasal ortama, ekonomik yap\u0131dan altyap\u0131 ve \u00e7evreye bir\u00e7ok bilgiye an\u0131nda ula\u015fabilecek.<\/p>\n<p>Mahallem \u0130stanbul projesi kapsam\u0131nda \u0130stanbul\u2019da mahalle \u00f6l\u00e7e\u011finde geni\u015f bir veritaban\u0131 ve harita tabanl\u0131 bir bilgi edinme sistemi kurguland\u0131\u011f\u0131n\u0131 belirten \u0130stanbul \u00dcniversitesi \u0130ktisat Fak\u00fcltesi \u00d6\u011fretim \u00dcyesi ve Proje Y\u00fcr\u00fct\u00fcc\u00fcs\u00fc Prof. Dr. Murat \u015eeker, projeyle birlikte \u0130stanbul\u2019da ya\u015fayanlar\u0131n mahalleleriyle ilgili demografik yap\u0131dan, e\u011fitime, sa\u011fl\u0131ktan sosyal ve siyasal ortama, ekonomik yap\u0131dan altyap\u0131 ve \u00e7evreye kadar bir\u00e7ok bilgiye an\u0131nda ula\u015fabilece\u011fini vurgulad\u0131. Projenin yerel y\u00f6netimlere de faydal\u0131 hizmetler \u00fcretece\u011fini belirten Prof. Dr. \u015eeker, ayn\u0131 zamanda yat\u0131r\u0131mc\u0131lar i\u00e7in mahalle \u00f6l\u00e7e\u011finde geni\u015f bir veritaban\u0131n\u0131n haz\u0131rland\u0131\u011f\u0131n\u0131 ifade etti.<\/p>\n<p><strong>\u201cMahallem \u0130stanbul\u201d Art\u0131k Hem Online Hem De Mobil Ortamda Yay\u0131nda<\/strong><\/p>\n<p>Mahallem \u0130stanbul projesi t\u00fcm verileri ve ilerde a\u00e7\u0131klanacak yeni bilgileriyle birlikte online ve mobil ortamda kullan\u0131c\u0131lara \u00fccretsiz olarak sunulmaya ba\u015fland\u0131. Ak\u0131ll\u0131 telefonlara indirilebilen mobil uygulama ve projenin websitesi olan <a href=\"http:\/\/www.mahallemistanbul.com\">www.mahallemistanbul.com<\/a> adresindeki haritalar ile t\u00fcm \u0130stanbullular, kamusal karar alma s\u00fcrecindeki akt\u00f6rler, yerel y\u00f6netimler, i\u015f d\u00fcnyas\u0131, sivil toplum kurulu\u015flar\u0131 ve akademisyenler \u0130stanbul\u2019da mahallelere ili\u015fkin geni\u015f bir veritaban\u0131na ula\u015fabilecek. Projenin s\u00fcrd\u00fcr\u00fclebilirli\u011fi ile ilgili g\u00f6r\u00fc\u015fmelerini yo\u011fun bir \u015fekilde s\u00fcrd\u00fcrd\u00fcklerini belirten Prof. \u015eeker, farkl\u0131 illerden gelen taleplerle \u201cMahallem \u0130stanbul\u201dun iyi uygulama modeli olarak yayg\u0131nla\u015fabilece\u011fini belirtti.<\/p>\n<p><strong>&#8220;\u0130stanbul&#8217;da Merkezden \u00c7evreye Do\u011fru Geni\u015fleme ve Hareketlilik Var&#8221;<\/strong><\/p>\n<p>\u0130stanbul gibi metropol bir kentte, kent i\u00e7i n\u00fcfus hareketlili\u011finin ve demografik de\u011fi\u015fimin \u00f6nemine dikkati \u00e7eken Prof. Dr. \u015eeker, proje ekibi olarak toplam 959 mahalleyi incelediklerini dile getirdi.<\/p>\n<p>N\u00fcfus hareketlili\u011fine genel olarak bak\u0131ld\u0131\u011f\u0131nda, \u0130stanbul\u2019da merkezden \u00e7evre il\u00e7e ve mahallelere do\u011fru bir geni\u015flemenin ve hareketlili\u011fin oldu\u011funa i\u015faret eden Prof. Dr. \u015eeker, s\u00f6zlerine \u015f\u00f6yle devam etti:<\/p>\n<p>&#8220;N\u00fcfus hareketlili\u011finde art\u0131\u015f\u0131n oldu\u011fu b\u00f6lgelerin daha \u00e7ok yeni yerle\u015fim alanlar\u0131 oldu\u011fu g\u00f6ze \u00e7arp\u0131yor. \u0130stanbul\u2019un yeni say\u0131labilecek il\u00e7eleri olan bu b\u00f6lgeler, her ne kadar \u015fehir merkezine uzak g\u00f6r\u00fcnse de \u00f6zellikle metro, metrob\u00fcs, Marmaray hatlar\u0131n\u0131n yayg\u0131nla\u015fmas\u0131 ve entegrasyonuyla bu olumsuz etki nispeten ortadan kald\u0131r\u0131l\u0131yor. \u0130stanbul\u2019daki en \u00f6nemli sorun olan ula\u015f\u0131m alan\u0131ndaki iyile\u015ftirmeler devam ettik\u00e7e \u015fehir d\u0131\u015fa do\u011fru geni\u015fleyecek.&#8221;<\/p>\n<p>\u0130ktisat Fak\u00fcltesi \u00d6\u011fretim \u00dcyesi Prof. Dr. Murat \u015eeker\u2019in koordinasyonunda y\u00fcr\u00fct\u00fclen projede, \u0130\u00dc Rekt\u00f6r Yard\u0131mc\u0131s\u0131 Prof. Dr. Halis Yunus Ers\u00f6z ve \u0130\u00dc \u0130ktisat Fak\u00fcltesi \u0130\u015fletme B\u00f6l\u00fcm\u00fc Ba\u015fkan\u0131 Prof. Dr. Halim Kazan Proje Dan\u0131\u015fman\u0131, Do\u00e7. Dr. Sema Ulut\u00fcrk Akman, Yrd. Do\u00e7. Dr. Arif Saldanl\u0131, Yrd. Do\u00e7. Dr. Hakan Bekta\u015f, Ar\u015f. G\u00f6r. Dr. El\u00e7in \u015ei\u015fmano\u011flu, Ar\u015f. G\u00f6r. Yi\u011fit Yurder ve Ar\u015f. G\u00f6r. S\u00fcmeyra Uzun ara\u015ft\u0131rmac\u0131 olarak proje ekibinde yer ald\u0131.<\/p>\n<p><img decoding=\"async\" class=\"alignnone wp-image-2667 size-large\" src=\"https:\/\/iletim.istanbul.edu.tr\/wp-content\/uploads\/MahallemIstanbul_Foto-1024x683.jpg\" alt=\"\" width=\"702\" height=\"468\" srcset=\"https:\/\/iletim.istanbul.edu.tr\/wp-content\/uploads\/MahallemIstanbul_Foto-1024x683.jpg 1024w, https:\/\/iletim.istanbul.edu.tr\/wp-content\/uploads\/MahallemIstanbul_Foto-300x200.jpg 300w, https:\/\/iletim.istanbul.edu.tr\/wp-content\/uploads\/MahallemIstanbul_Foto-768x512.jpg 768w, https:\/\/iletim.istanbul.edu.tr\/wp-content\/uploads\/MahallemIstanbul_Foto.jpg 2048w\" sizes=\"(max-width: 702px) 100vw, 702px\" \/><\/p>\n<p>Projeyle ilgili ayr\u0131nt\u0131l\u0131 bilgiye &#8220;<a href=\"http:\/\/www.mahallemistanbul.com\">www.mahallemistanbul.com<\/a>&#8221; adresinden ula\u015f\u0131labilir.<\/p>\n","protected":false},"excerpt":{"rendered":"<p>\u0130stanbul \u00dcniversitesi \u0130ktisat Fak\u00fcltesi\u2019nin y\u00fcr\u00fctt\u00fc\u011f\u00fc, \u0130stanbul Kalk\u0131nma Ajans\u0131\u2019n\u0131n destekledi\u011fi Mahallem \u0130stanbul Projesi ile \u0130stanbul\u2019da ya\u015fayanlar mahalleleriyle ilgili demografik yap\u0131dan, e\u011fitime, sa\u011fl\u0131ktan sosyal ve siyasal ortama, ekonomik yap\u0131dan altyap\u0131 ve \u00e7evreye bir\u00e7ok bilgiye an\u0131nda ula\u015fabilecek.<\/p>\n","protected":false},"author":14,"featured_media":2666,"comment_status":"open","ping_status":"open","sticky":false,"template":"","format":"standard","meta":{"jnews-multi-image_gallery":[],"jnews_single_post":{"format":"standard"},"jnews_primary_category":[],"jnews_social_meta":[],"jnews_override_counter":[],"footnotes":""},"categories":[28],"tags":[136,43,135],"class_list":["post-2665","post","type-post","status-publish","format-standard","has-post-thumbnail","hentry","category-istanbul","tag-iktisat-fakultesi","tag-istanbul-universitesi","tag-mahallem-istanbul"],"_links":{"self":[{"href":"https:\/\/iletim.istanbul.edu.tr\/index.php\/wp-json\/wp\/v2\/posts\/2665","targetHints":{"allow":["GET"]}}],"collection":[{"href":"https:\/\/iletim.istanbul.edu.tr\/index.php\/wp-json\/wp\/v2\/posts"}],"about":[{"href":"https:\/\/iletim.istanbul.edu.tr\/index.php\/wp-json\/wp\/v2\/types\/post"}],"author":[{"embeddable":true,"href":"https:\/\/iletim.istanbul.edu.tr\/index.php\/wp-json\/wp\/v2\/users\/14"}],"replies":[{"embeddable":true,"href":"https:\/\/iletim.istanbul.edu.tr\/index.php\/wp-json\/wp\/v2\/comments?post=2665"}],"version-history":[{"count":0,"href":"https:\/\/iletim.istanbul.edu.tr\/index.php\/wp-json\/wp\/v2\/posts\/2665\/revisions"}],"wp:featuredmedia":[{"embeddable":true,"href":"https:\/\/iletim.istanbul.edu.tr\/index.php\/wp-json\/wp\/v2\/media\/2666"}],"wp:attachment":[{"href":"https:\/\/iletim.istanbul.edu.tr\/index.php\/wp-json\/wp\/v2\/media?parent=2665"}],"wp:term":[{"taxonomy":"category","embeddable":true,"href":"https:\/\/iletim.istanbul.edu.tr\/index.php\/wp-json\/wp\/v2\/categories?post=2665"},{"taxonomy":"post_tag","embeddable":true,"href":"https:\/\/iletim.istanbul.edu.tr\/index.php\/wp-json\/wp\/v2\/tags?post=2665"}],"curies":[{"name":"wp","href":"https:\/\/api.w.org\/{rel}","templated":true}]}}