{"id":26653,"date":"2025-10-20T12:46:12","date_gmt":"2025-10-20T09:46:12","guid":{"rendered":"https:\/\/iletim.istanbul.edu.tr\/?p=26653"},"modified":"2025-10-20T12:46:12","modified_gmt":"2025-10-20T09:46:12","slug":"istanbul-universitesinde-aile-sagligina-dikkat-cekildi","status":"publish","type":"post","link":"https:\/\/iletim.istanbul.edu.tr\/index.php\/2025\/10\/20\/istanbul-universitesinde-aile-sagligina-dikkat-cekildi\/","title":{"rendered":"\u0130stanbul \u00dcniversitesi\u2019nde Aile Sa\u011fl\u0131\u011f\u0131na Dikkat \u00c7ekildi"},"content":{"rendered":"\n<p><strong>Haber: \u00d6zg\u00fcr Recep Kocao\u011flu&nbsp;<\/strong><\/p>\n\n\n\n<p><strong>Foto\u011fraf: Berk Balc\u0131<\/strong><\/p>\n\n\n\n<p><strong>\u0130stanbul, (\u0130\u00dc Haber Merkezi) &#8211; Aile sa\u011fl\u0131\u011f\u0131n\u0131n korunmas\u0131 ve geli\u015ftirilmesi konusunda fark\u0131ndal\u0131k olu\u015fturmak amac\u0131yla \u0130stanbul \u00dcniversitesi Prof. Dr. Fuat Sezgin Kongre ve K\u00fclt\u00fcr Merkezi&#8217;nde Aile Sa\u011fl\u0131\u011f\u0131 Konferans\u0131 d\u00fczenlendi.<\/strong><\/p>\n\n\n\n<p>T\u00fcrkiye Cumhuriyeti (T.C.) Cumhurba\u015fkanl\u0131\u011f\u0131 taraf\u0131ndan 2025 y\u0131l\u0131n\u0131n Aile Y\u0131l\u0131 olarak ilan edilmesi sebebiyle d\u00fczenlenen Aile Sa\u011fl\u0131\u011f\u0131 Konferans\u0131, \u0130stanbul \u00dcniversitesi (\u0130\u00dc) Sa\u011fl\u0131k Bilimleri Enstit\u00fcs\u00fc ve \u0130\u00dc Toplum Hekimli\u011fi Uygulama ve Ara\u015ft\u0131rma Merkezi i\u015f birli\u011fiyle bug\u00fcn \u0130\u00dc Prof. Dr. Fuat Sezgin Kongre ve K\u00fclt\u00fcr Merkezi&#8217;nde ger\u00e7ekle\u015fti.<\/p>\n\n\n\n<p>\u0130\u00dc Toplum Hekimli\u011fi Uygulama ve Ara\u015ft\u0131rma Merkezi M\u00fcd\u00fcr\u00fc Prof. Dr. Ay\u015fe Emel \u00d6nal, yapt\u0131\u011f\u0131 sunumlarla aile sa\u011fl\u0131\u011f\u0131na dikkat \u00e7ekti.&nbsp;<\/p>\n\n\n\n<p><strong>Aile sa\u011fl\u0131\u011f\u0131 hizmetleri nelerdir?<\/strong><\/p>\n\n\n\n<p>\u201cAile, bireyin hayata haz\u0131rlanmas\u0131nda ve sa\u011fl\u0131kl\u0131 bir birey olarak yeti\u015fmesinde \u00f6nemli bir yap\u0131d\u0131r\u201d diyen \u00d6nal, ailenin toplumun temel ta\u015f\u0131 oldu\u011funu ve bireyin toplumsal benli\u011fini kazand\u0131\u011f\u0131 ilk sosyal kurum oldu\u011funu s\u00f6yledi.<\/p>\n\n\n\n<p>Aile sa\u011fl\u0131\u011f\u0131 hizmetlerinin T.C. Sa\u011fl\u0131k Bakanl\u0131\u011f\u0131\u2019na ba\u011fl\u0131 Aile Sa\u011fl\u0131\u011f\u0131 Merkezleri\u2019nde (ASM) verildi\u011fini ifade eden \u00d6nal, ASM\u2019lerde verilen hizmetleri \u015fu s\u00f6zlerle ifade etti:<\/p>\n\n\n\n<p>\u201cASM\u2019lerde gebelik takibi, bebeklik &#8211; \u00e7ocuk hizmetleri, a\u015f\u0131lama hizmetleri, kronik hastal\u0131klar\u0131n takibi, sa\u011fl\u0131kl\u0131 ya\u015fam dan\u0131\u015fmanl\u0131\u011f\u0131, laboratuvar ve re\u00e7ete hizmetleri, do\u011fum kontrol y\u00f6ntemleri dan\u0131\u015fmanl\u0131\u011f\u0131, ya\u015fl\u0131 sa\u011fl\u0131\u011f\u0131 muayenesi, te\u015fhis ve tedavi i\u015flemleri, evlilik raporu verilmesi, enjeksiyon ve pansuman i\u015flemleri gibi i\u015flemler halkla bulu\u015fturuluyor.\u201d<\/p>\n\n\n<div class=\"wp-block-image\">\n<figure class=\"aligncenter size-large\"><img decoding=\"async\" width=\"1024\" height=\"683\" src=\"https:\/\/iletim.istanbul.edu.tr\/wp-content\/uploads\/IMG_1302-1024x683.jpg\" alt=\"\" class=\"wp-image-26654\" srcset=\"https:\/\/iletim.istanbul.edu.tr\/wp-content\/uploads\/IMG_1302-1024x683.jpg 1024w, https:\/\/iletim.istanbul.edu.tr\/wp-content\/uploads\/IMG_1302-300x200.jpg 300w, https:\/\/iletim.istanbul.edu.tr\/wp-content\/uploads\/IMG_1302-768x512.jpg 768w, https:\/\/iletim.istanbul.edu.tr\/wp-content\/uploads\/IMG_1302-1536x1024.jpg 1536w, https:\/\/iletim.istanbul.edu.tr\/wp-content\/uploads\/IMG_1302-2048x1365.jpg 2048w, https:\/\/iletim.istanbul.edu.tr\/wp-content\/uploads\/IMG_1302-750x500.jpg 750w, https:\/\/iletim.istanbul.edu.tr\/wp-content\/uploads\/IMG_1302-1140x760.jpg 1140w\" sizes=\"(max-width: 1024px) 100vw, 1024px\" \/><figcaption class=\"wp-element-caption\">\u0130\u00dc Toplum Hekimli\u011fi Uygulama ve Ara\u015ft\u0131rma Merkezi M\u00fcd\u00fcr\u00fc Prof. Dr. Ay\u015fe Emel \u00d6nal<\/figcaption><\/figure><\/div>\n\n\n<p><strong>Sa\u011fl\u0131kl\u0131 \u00e7ocu\u011fun temeli: Sa\u011fl\u0131kl\u0131 aile<\/strong><\/p>\n\n\n\n<p>\u00c7ocuk sa\u011fl\u0131\u011f\u0131 kavram\u0131n\u0131 \u201c0-18 ya\u015f aras\u0131 bireylerin fiziksel ve duygusal geli\u015fimlerinin sa\u011fl\u0131kla y\u00f6netilmesine ili\u015fkin bir kavram\u201d olarak tan\u0131mlayan \u00d6nal, \u00e7ocu\u011fun sa\u011fl\u0131kl\u0131 geli\u015fimi i\u00e7in yap\u0131lmas\u0131 gerekenleri dengeli beslenme, d\u00fczenli uyku, a\u015f\u0131 takvimine uyma, fiziksel aktivitelerde bulunma ve g\u00fcven ortam\u0131na dikkat etme olarak s\u0131ralad\u0131.<\/p>\n\n\n\n<p>\u00c7ocukluk d\u00f6nemleri hakk\u0131nda bilgi veren \u00d6nal; 0-2 ya\u015f aras\u0131n\u0131n bebeklik, 3-6 ya\u015f aras\u0131n\u0131n ilk \u00e7ocukluk, 7-11 ya\u015f aras\u0131n\u0131n ikinci \u00e7ocukluk ve 12-18 ya\u015f aras\u0131n\u0131n ergenlik d\u00f6nemi oldu\u011funu belirtti. Ergenlik d\u00f6nemine ayr\u0131 bir parantez a\u00e7an \u00d6nal, bu d\u00f6nemde \u00e7ocuklar\u0131n duygusal geli\u015fimine \u00f6nem verilmesini ve fiziksel \u00f6zellikleri nedeniyle ki\u015fisel geli\u015fimlerinin olumsuz etkilenmemesi i\u00e7in ailesinin \u00e7ocu\u011funa destek olmas\u0131 gerekti\u011fini vurgulad\u0131.<\/p>\n\n\n\n<p>\u00c7ocuklardaki beslenmeye dikkat \u00e7eken \u00d6nal, Birle\u015fmi\u015f Milletler \u00c7ocuklara Yard\u0131m Fonu\u2019nun (UN\u0130CEF) 2020-2030 Beslenme Strateji Plan\u0131\u2019na g\u00f6re yetersiz beslenme sebebiyle g\u00f6r\u00fclen bodurluk tan\u0131s\u0131n\u0131n 2030\u2019a kadar yar\u0131 yar\u0131ya azalmas\u0131n\u0131n hedeflendi\u011fini s\u00f6yledi.<\/p>\n\n\n\n<p>Travmalar\u0131n, kayg\u0131lar\u0131n ve aile ortam\u0131n\u0131n psikolojik sa\u011fl\u0131\u011f\u0131 etkiledi\u011fini anlatan \u00d6nal, \u00e7ocuk b\u00fcy\u00fct\u00fcrken ko\u015fulsuz sevgi, destek, g\u00fcvenli ve tutarl\u0131 bir ortam olu\u015fturman\u0131n \u00f6nemli oldu\u011funu aktard\u0131. \u00d6nal, sevgi ve g\u00fcven ortam\u0131 sa\u011flayan ailelerin \u00e7ocu\u011funun duygusal geli\u015fiminin olumlu etkilendi\u011fini anlatt\u0131. \u00d6nal, \u201c\u00c7ocuklar anla\u015f\u0131ld\u0131klar\u0131n\u0131 ve de\u011fer g\u00f6rd\u00fcklerini bildi\u011fi zaman duygusal olarak g\u00fcvende hissederler ve ba\u015far\u0131l\u0131 olurlar&#8221; ifadeleriyle sa\u011fl\u0131kl\u0131 \u00e7ocu\u011fun sa\u011fl\u0131kl\u0131 ailenin temeli oldu\u011funu belirtti.<\/p>\n\n\n\n<p>ASM\u2019lerdeki \u00e7ocuk sa\u011fl\u0131k hizmetlerini anlatan \u00d6nal; i\u015fitme, g\u00f6rme ve di\u015f sa\u011fl\u0131\u011f\u0131 testleri, a\u015f\u0131lama i\u015flemleri, bebek ve \u00e7ocuk izlemlerinin yap\u0131ld\u0131\u011f\u0131n\u0131 ifade etti.<\/p>\n\n\n<div class=\"wp-block-image\">\n<figure class=\"aligncenter size-large\"><img decoding=\"async\" width=\"1024\" height=\"683\" src=\"https:\/\/iletim.istanbul.edu.tr\/wp-content\/uploads\/IMG_1327-1024x683.jpg\" alt=\"\" class=\"wp-image-26657\" srcset=\"https:\/\/iletim.istanbul.edu.tr\/wp-content\/uploads\/IMG_1327-1024x683.jpg 1024w, https:\/\/iletim.istanbul.edu.tr\/wp-content\/uploads\/IMG_1327-300x200.jpg 300w, https:\/\/iletim.istanbul.edu.tr\/wp-content\/uploads\/IMG_1327-768x512.jpg 768w, https:\/\/iletim.istanbul.edu.tr\/wp-content\/uploads\/IMG_1327-1536x1024.jpg 1536w, https:\/\/iletim.istanbul.edu.tr\/wp-content\/uploads\/IMG_1327-2048x1365.jpg 2048w, https:\/\/iletim.istanbul.edu.tr\/wp-content\/uploads\/IMG_1327-750x500.jpg 750w, https:\/\/iletim.istanbul.edu.tr\/wp-content\/uploads\/IMG_1327-1140x760.jpg 1140w\" sizes=\"(max-width: 1024px) 100vw, 1024px\" \/><figcaption class=\"wp-element-caption\">\u00d6nal&#8217;a te\u015fekk\u00fcr belgesi takdim edildi<\/figcaption><\/figure><\/div>\n\n\n<p><strong>\u201cA\u00e7\u0131k ve sa\u011fl\u0131kl\u0131 ileti\u015fim daha az stres olu\u015fturur\u201d<\/strong><\/p>\n\n\n\n<p>A\u00e7\u0131k ve sa\u011fl\u0131kl\u0131 ileti\u015fimin daha az stres olu\u015fturdu\u011funu belirten \u00d6nal, sa\u011fl\u0131kl\u0131 bireylerin temelinde sa\u011fl\u0131kl\u0131 ailenin yatt\u0131\u011f\u0131n\u0131 s\u00f6yledi.&nbsp;<\/p>\n\n\n\n<p>ASM\u2019lerdeki kad\u0131n sa\u011fl\u0131\u011f\u0131 i\u015flemleri i\u00e7in gebe izlemlerine dikkat \u00e7eken \u00d6nal, aile hekiminin en az 4 kez gebe izlemi yapmas\u0131n\u0131n beklendi\u011fini vurgulad\u0131. ASM\u2019lerdeki erkek sa\u011fl\u0131\u011f\u0131na ili\u015fkinse testis ve prostat kanserlerine ili\u015fkin erken tan\u0131 i\u015flemlerinin uygulanmas\u0131 gerekti\u011fini s\u00f6yledi.&nbsp;<\/p>\n\n\n\n<p>Ya\u015fl\u0131 sa\u011fl\u0131\u011f\u0131na dair de a\u00e7\u0131klamalarda bulunan \u00d6nal, aile deste\u011fi olmayan ya\u015fl\u0131larda depresyon, kayg\u0131 bozuklu\u011fu ve kronik hastal\u0131klar\u0131n k\u00f6t\u00fcle\u015fmesi gibi durumlar\u0131n g\u00f6r\u00fcld\u00fc\u011f\u00fcn\u00fc aktard\u0131. \u00d6nal, ailenin ya\u015fl\u0131 birey i\u00e7in sadece bir bak\u0131m ortam\u0131 de\u011fil; manevi destek, sosyal ba\u011f ve psikolojik g\u00fc\u00e7 kayna\u011f\u0131 oldu\u011funu belirtti.<\/p>\n\n\n\n<p>Konferans, \u00d6nal&#8217;a te\u015fekk\u00fcr belgesi takdimi ve toplu foto\u011fraf \u00e7ekiminin ard\u0131ndan son buldu.<\/p>\n\n\n<div class=\"wp-block-image\">\n<figure class=\"aligncenter size-large\"><img decoding=\"async\" width=\"2560\" height=\"1439\" src=\"https:\/\/iletim.istanbul.edu.tr\/wp-content\/uploads\/IMG_1321-edited-scaled.jpg\" alt=\"\" class=\"wp-image-26656\" srcset=\"https:\/\/iletim.istanbul.edu.tr\/wp-content\/uploads\/IMG_1321-edited-scaled.jpg 2560w, https:\/\/iletim.istanbul.edu.tr\/wp-content\/uploads\/IMG_1321-edited-300x169.jpg 300w, https:\/\/iletim.istanbul.edu.tr\/wp-content\/uploads\/IMG_1321-edited-1024x576.jpg 1024w, https:\/\/iletim.istanbul.edu.tr\/wp-content\/uploads\/IMG_1321-edited-768x432.jpg 768w, https:\/\/iletim.istanbul.edu.tr\/wp-content\/uploads\/IMG_1321-edited-1536x863.jpg 1536w, https:\/\/iletim.istanbul.edu.tr\/wp-content\/uploads\/IMG_1321-edited-2048x1151.jpg 2048w, https:\/\/iletim.istanbul.edu.tr\/wp-content\/uploads\/IMG_1321-edited-750x422.jpg 750w, https:\/\/iletim.istanbul.edu.tr\/wp-content\/uploads\/IMG_1321-edited-1140x641.jpg 1140w\" sizes=\"(max-width: 2560px) 100vw, 2560px\" \/><figcaption class=\"wp-element-caption\">Program sonunda dinleyicilerle hat\u0131ra foto\u011fraf\u0131 \u00e7ekildi<\/figcaption><\/figure><\/div>\n\n\n<p><\/p>\n","protected":false},"excerpt":{"rendered":"<p>Haber: \u00d6zg\u00fcr Recep Kocao\u011flu&nbsp; Foto\u011fraf: Berk Balc\u0131 \u0130stanbul, (\u0130\u00dc Haber Merkezi) &#8211; Aile sa\u011fl\u0131\u011f\u0131n\u0131n korunmas\u0131 ve geli\u015ftirilmesi konusunda fark\u0131ndal\u0131k olu\u015fturmak amac\u0131yla \u0130stanbul \u00dcniversitesi Prof. Dr. Fuat Sezgin Kongre ve K\u00fclt\u00fcr Merkezi&#8217;nde Aile Sa\u011fl\u0131\u011f\u0131 Konferans\u0131 d\u00fczenlendi. T\u00fcrkiye Cumhuriyeti (T.C.) Cumhurba\u015fkanl\u0131\u011f\u0131 taraf\u0131ndan 2025 y\u0131l\u0131n\u0131n Aile Y\u0131l\u0131 olarak ilan edilmesi sebebiyle d\u00fczenlenen Aile Sa\u011fl\u0131\u011f\u0131 Konferans\u0131, \u0130stanbul \u00dcniversitesi (\u0130\u00dc) [&hellip;]<\/p>\n","protected":false},"author":14,"featured_media":26659,"comment_status":"closed","ping_status":"open","sticky":false,"template":"","format":"standard","meta":{"jnews-multi-image_gallery":[],"jnews_single_post":{"format":"standard"},"jnews_primary_category":[],"jnews_social_meta":[],"jnews_override_counter":[],"footnotes":""},"categories":[24,1,159,28,34,2085,2348,32,35],"tags":[3577,3579,3578,3271,3581,43,3218,3582,3580],"class_list":["post-26653","post","type-post","status-publish","format-standard","has-post-thumbnail","hentry","category-bilim","category-genel","category-sag-manset","category-istanbul","category-universite","category-manset-haber","category-manset-yani","category-saglik","category-yasam","tag-aile-sagligi","tag-aile-sagligi-merkezi","tag-asm","tag-berk-balci","tag-fuat-sezgin-kongre-ve-kultur-merkezi","tag-istanbul-universitesi","tag-ozgur-recep-kocaoglu","tag-saglik-bilimleri-enstitusu","tag-toplum-hekimligi-uygulama-ve-arastirma-merkezi"],"_links":{"self":[{"href":"https:\/\/iletim.istanbul.edu.tr\/index.php\/wp-json\/wp\/v2\/posts\/26653","targetHints":{"allow":["GET"]}}],"collection":[{"href":"https:\/\/iletim.istanbul.edu.tr\/index.php\/wp-json\/wp\/v2\/posts"}],"about":[{"href":"https:\/\/iletim.istanbul.edu.tr\/index.php\/wp-json\/wp\/v2\/types\/post"}],"author":[{"embeddable":true,"href":"https:\/\/iletim.istanbul.edu.tr\/index.php\/wp-json\/wp\/v2\/users\/14"}],"replies":[{"embeddable":true,"href":"https:\/\/iletim.istanbul.edu.tr\/index.php\/wp-json\/wp\/v2\/comments?post=26653"}],"version-history":[{"count":2,"href":"https:\/\/iletim.istanbul.edu.tr\/index.php\/wp-json\/wp\/v2\/posts\/26653\/revisions"}],"predecessor-version":[{"id":26660,"href":"https:\/\/iletim.istanbul.edu.tr\/index.php\/wp-json\/wp\/v2\/posts\/26653\/revisions\/26660"}],"wp:featuredmedia":[{"embeddable":true,"href":"https:\/\/iletim.istanbul.edu.tr\/index.php\/wp-json\/wp\/v2\/media\/26659"}],"wp:attachment":[{"href":"https:\/\/iletim.istanbul.edu.tr\/index.php\/wp-json\/wp\/v2\/media?parent=26653"}],"wp:term":[{"taxonomy":"category","embeddable":true,"href":"https:\/\/iletim.istanbul.edu.tr\/index.php\/wp-json\/wp\/v2\/categories?post=26653"},{"taxonomy":"post_tag","embeddable":true,"href":"https:\/\/iletim.istanbul.edu.tr\/index.php\/wp-json\/wp\/v2\/tags?post=26653"}],"curies":[{"name":"wp","href":"https:\/\/api.w.org\/{rel}","templated":true}]}}