{"id":27106,"date":"2025-12-01T09:12:43","date_gmt":"2025-12-01T06:12:43","guid":{"rendered":"https:\/\/iletim.istanbul.edu.tr\/?p=27106"},"modified":"2025-12-01T09:12:44","modified_gmt":"2025-12-01T06:12:44","slug":"ekmeleddin-ihsanoglu-darulfununun-tarihsel-rolunu-anlatti","status":"publish","type":"post","link":"https:\/\/iletim.istanbul.edu.tr\/index.php\/2025\/12\/01\/ekmeleddin-ihsanoglu-darulfununun-tarihsel-rolunu-anlatti\/","title":{"rendered":"Ekmeleddin \u0130hsano\u011flu Dar\u00fclf\u00fcnun\u2019un Tarihsel Rol\u00fcn\u00fc Anlatt\u0131"},"content":{"rendered":"\n<p><strong>Haber: Halit D\u00fcndar<\/strong><\/p>\n\n\n\n<p><strong>Foto\u011fraf: Bulut T\u00fcmerdem<\/strong><\/p>\n\n\n\n<p><strong>Edit\u00f6r: \u00d6zg\u00fcr Recep Kocao\u011flu<\/strong><\/p>\n\n\n\n<p><strong>\u0130stanbul, (\u0130\u00dc Haber Merkezi) &#8211; Perspektif 2053 Dar\u00fclf\u00fcnun S\u00f6yle\u015fileri kapsam\u0131nda<\/strong> <strong>Prof. Dr. Ekmeleddin \u0130hsano\u011flu\u2019nun kat\u0131l\u0131m\u0131yla \u201cFenler Evi: Dar\u00fclf\u00fcnun, M\u00fcsl\u00fcman D\u00fcnyas\u0131n\u0131n \u0130lk \u00dcniversitesi\u201d ba\u015fl\u0131kl\u0131 program ger\u00e7ekle\u015ftirildi.<\/strong><\/p>\n\n\n\n<p>\u0130stanbul \u00dcniversitesi (\u0130\u00dc) Merkez K\u00fct\u00fcphanesi\u2019nde 27 Kas\u0131m g\u00fcn\u00fc Dar\u00fclf\u00fcnun S\u00f6yle\u015fileri kapsam\u0131nda Prof. Dr. Ekmeleddin \u0130hsano\u011flu\u2019nun kat\u0131l\u0131m\u0131yla ger\u00e7ekle\u015ftirilen \u201cFenler Evi: Dar\u00fclf\u00fcnun, M\u00fcsl\u00fcman D\u00fcnyas\u0131n\u0131n \u0130lk \u00dcniversitesi\u201d ba\u015fl\u0131kl\u0131 program\u0131n a\u00e7\u0131l\u0131\u015f konu\u015fmas\u0131n\u0131 \u0130\u00dc Rekt\u00f6r Yard\u0131mc\u0131s\u0131 Prof. Dr. Yahya G\u00fcldiken yapt\u0131. G\u00fcldiken, \u0130hsano\u011flu\u2019na kat\u0131l\u0131m\u0131ndan dolay\u0131 te\u015fekk\u00fcrlerini iletti.<\/p>\n\n\n<div class=\"wp-block-image\">\n<figure class=\"aligncenter size-large is-resized\"><img decoding=\"async\" width=\"1024\" height=\"680\" src=\"https:\/\/iletim.istanbul.edu.tr\/wp-content\/uploads\/dsc-8275-min-1024x680.jpg\" alt=\"\" class=\"wp-image-27108\" style=\"width:882px;height:auto\" srcset=\"https:\/\/iletim.istanbul.edu.tr\/wp-content\/uploads\/dsc-8275-min-1024x680.jpg 1024w, https:\/\/iletim.istanbul.edu.tr\/wp-content\/uploads\/dsc-8275-min-300x199.jpg 300w, https:\/\/iletim.istanbul.edu.tr\/wp-content\/uploads\/dsc-8275-min-768x510.jpg 768w, https:\/\/iletim.istanbul.edu.tr\/wp-content\/uploads\/dsc-8275-min-1536x1020.jpg 1536w, https:\/\/iletim.istanbul.edu.tr\/wp-content\/uploads\/dsc-8275-min-2048x1360.jpg 2048w, https:\/\/iletim.istanbul.edu.tr\/wp-content\/uploads\/dsc-8275-min-750x498.jpg 750w, https:\/\/iletim.istanbul.edu.tr\/wp-content\/uploads\/dsc-8275-min-1140x757.jpg 1140w\" sizes=\"(max-width: 1024px) 100vw, 1024px\" \/><figcaption class=\"wp-element-caption\">\u0130stanbul \u00dcniversitesi Rekt\u00f6r Yard\u0131mc\u0131s\u0131 Prof. Dr. Yahya G\u00fcldiken<\/figcaption><\/figure><\/div>\n\n\n<p>Konu\u015fmas\u0131na \u0130\u00dc Rekt\u00f6rl\u00fc\u011f\u00fc\u2019ne davetleri i\u00e7in te\u015fekk\u00fcrlerini ileterek ba\u015flayan \u0130hsano\u011flu; medrese ve \u00fcniversite aras\u0131ndaki farklar, Osmanl\u0131\u2019da modernle\u015fme ve e\u011fitim reformlar\u0131, Dar\u00fclf\u00fcnun\u2019un kurulu\u015f s\u00fcreci ve \u00fcniversitelerin tarihsel k\u00f6keni gibi konular\u0131 ele alan bir konu\u015fma yapt\u0131.&nbsp;&nbsp;<\/p>\n\n\n\n<p>\u0130hsano\u011flu konu\u015fmas\u0131nda \u201cO d\u00f6nemde Dar\u00fclf\u00fcnun arac\u0131l\u0131\u011f\u0131yla Osmanl\u0131\u2019n\u0131n bilim anlay\u0131\u015f\u0131n\u0131 modernle\u015ftirmek isteniyordu. Peki bu ger\u00e7ekle\u015fti mi? Bana g\u00f6re b\u00fcy\u00fck \u00f6l\u00e7\u00fcde etkili oldu. En \u00f6nemlisi de Osmanl\u0131 T\u00fcrk\u00e7esi bir bilim dili h\u00e2line geldi. Bu, daha \u00f6nce mevcut de\u011fildi\u201d diyerek e\u011fitim dilinin T\u00fcrk\u00e7eye ge\u00e7i\u015finin \u00f6nemine de\u011findi.<\/p>\n\n\n\n<p>\u0130hsano\u011flu ayr\u0131ca \u201c\u00d6nemli geli\u015fmelerden biri, T\u00fcrk e\u011fitim sisteminde kad\u0131nlar\u0131n \u00fcniversiteye kabul edilmesidir. \u0130lk y\u0131llarda k\u0131z \u00f6\u011frenciler i\u00e7in ayr\u0131 amfiler d\u00fczenlenmi\u015fti; daha sonra ayn\u0131 amfide, erkekler bir tarafta k\u0131zlar di\u011fer tarafta olacak \u015fekilde birlikte ders g\u00f6rmeye ba\u015flad\u0131lar. Bir s\u00fcre sonra ise Fen, Edebiyat ve T\u0131p y\u00fcksekokullar\u0131ndan k\u0131z mezunlar yeti\u015fti. Onlar, Dar\u00fclf\u00fcnun\u2019un bu d\u00f6n\u00fc\u015f\u00fcm\u00fcn\u00fcn canl\u0131 tan\u0131klar\u0131d\u0131r\u201d diyerek kad\u0131nlar\u0131n e\u011fitime kazand\u0131r\u0131lmas\u0131nda Dar\u00fclf\u00fcnun\u2019un edindi\u011fi b\u00fcy\u00fck role dikkat \u00e7ekti.<\/p>\n\n\n<div class=\"wp-block-image\">\n<figure class=\"aligncenter size-large\"><img decoding=\"async\" width=\"1024\" height=\"680\" src=\"https:\/\/iletim.istanbul.edu.tr\/wp-content\/uploads\/dsc-8280-min-1024x680.jpg\" alt=\"\" class=\"wp-image-27109\" srcset=\"https:\/\/iletim.istanbul.edu.tr\/wp-content\/uploads\/dsc-8280-min-1024x680.jpg 1024w, https:\/\/iletim.istanbul.edu.tr\/wp-content\/uploads\/dsc-8280-min-300x199.jpg 300w, https:\/\/iletim.istanbul.edu.tr\/wp-content\/uploads\/dsc-8280-min-768x510.jpg 768w, https:\/\/iletim.istanbul.edu.tr\/wp-content\/uploads\/dsc-8280-min-1536x1020.jpg 1536w, https:\/\/iletim.istanbul.edu.tr\/wp-content\/uploads\/dsc-8280-min-2048x1360.jpg 2048w, https:\/\/iletim.istanbul.edu.tr\/wp-content\/uploads\/dsc-8280-min-750x498.jpg 750w, https:\/\/iletim.istanbul.edu.tr\/wp-content\/uploads\/dsc-8280-min-1140x757.jpg 1140w\" sizes=\"(max-width: 1024px) 100vw, 1024px\" \/><figcaption class=\"wp-element-caption\">Prof. Dr. Ekmeleddin \u0130hsano\u011flu<\/figcaption><\/figure><\/div>\n\n\n<p>\u0130hsano\u011flu, konu\u015fmas\u0131n\u0131n ard\u0131ndan kat\u0131l\u0131mc\u0131lardan gelen sorular\u0131 yan\u0131tlad\u0131.&nbsp;<\/p>\n\n\n\n<p>Kapan\u0131\u015f konu\u015fmas\u0131nda \u0130\u00dc Rekt\u00f6r\u00fc Prof. Dr. Osman B\u00fclent Z\u00fclfikar, \u00fcniversitelerin s\u00fcrekli de\u011fi\u015fti\u011fini ama de\u011fi\u015fmeyen tek \u015feyin bilgi \u00fcretmek oldu\u011funu s\u00f6yledi.<\/p>\n\n\n\n<p>Hediye takdimi ve aile foto\u011fraf \u00e7ekiminin ard\u0131ndan program sonland\u0131r\u0131ld\u0131.<\/p>\n\n\n<div class=\"wp-block-image\">\n<figure class=\"aligncenter size-large\"><img decoding=\"async\" width=\"1024\" height=\"680\" src=\"https:\/\/iletim.istanbul.edu.tr\/wp-content\/uploads\/dsc-8304-min-1-1024x680.jpg\" alt=\"\" class=\"wp-image-27110\" srcset=\"https:\/\/iletim.istanbul.edu.tr\/wp-content\/uploads\/dsc-8304-min-1-1024x680.jpg 1024w, https:\/\/iletim.istanbul.edu.tr\/wp-content\/uploads\/dsc-8304-min-1-300x199.jpg 300w, https:\/\/iletim.istanbul.edu.tr\/wp-content\/uploads\/dsc-8304-min-1-768x510.jpg 768w, https:\/\/iletim.istanbul.edu.tr\/wp-content\/uploads\/dsc-8304-min-1-1536x1020.jpg 1536w, https:\/\/iletim.istanbul.edu.tr\/wp-content\/uploads\/dsc-8304-min-1-2048x1360.jpg 2048w, https:\/\/iletim.istanbul.edu.tr\/wp-content\/uploads\/dsc-8304-min-1-750x498.jpg 750w, https:\/\/iletim.istanbul.edu.tr\/wp-content\/uploads\/dsc-8304-min-1-1140x757.jpg 1140w\" sizes=\"(max-width: 1024px) 100vw, 1024px\" \/><figcaption class=\"wp-element-caption\">\u0130stanbul \u00dcniversitesi Rekt\u00f6r\u00fc Prof. Dr. Osman B\u00fclent Z\u00fclfikar, \u0130hsano\u011flu&#8217;na hediye takdim etti<\/figcaption><\/figure><\/div>\n\n\n<p><\/p>\n","protected":false},"excerpt":{"rendered":"<p>Haber: Halit D\u00fcndar Foto\u011fraf: Bulut T\u00fcmerdem Edit\u00f6r: \u00d6zg\u00fcr Recep Kocao\u011flu \u0130stanbul, (\u0130\u00dc Haber Merkezi) &#8211; Perspektif 2053 Dar\u00fclf\u00fcnun S\u00f6yle\u015fileri kapsam\u0131nda Prof. Dr. Ekmeleddin \u0130hsano\u011flu\u2019nun kat\u0131l\u0131m\u0131yla \u201cFenler Evi: Dar\u00fclf\u00fcnun, M\u00fcsl\u00fcman D\u00fcnyas\u0131n\u0131n \u0130lk \u00dcniversitesi\u201d ba\u015fl\u0131kl\u0131 program ger\u00e7ekle\u015ftirildi. \u0130stanbul \u00dcniversitesi (\u0130\u00dc) Merkez K\u00fct\u00fcphanesi\u2019nde 27 Kas\u0131m g\u00fcn\u00fc Dar\u00fclf\u00fcnun S\u00f6yle\u015fileri kapsam\u0131nda Prof. Dr. Ekmeleddin \u0130hsano\u011flu\u2019nun kat\u0131l\u0131m\u0131yla ger\u00e7ekle\u015ftirilen \u201cFenler Evi: Dar\u00fclf\u00fcnun, [&hellip;]<\/p>\n","protected":false},"author":14,"featured_media":27107,"comment_status":"closed","ping_status":"open","sticky":false,"template":"","format":"standard","meta":{"jnews-multi-image_gallery":[],"jnews_single_post":{"format":"standard"},"jnews_primary_category":[],"jnews_social_meta":[],"jnews_override_counter":[],"footnotes":""},"categories":[24,25,1,159,28,34,29,2085,2348,35],"tags":[3567,3684,3683,3682,43,3218],"class_list":["post-27106","post","type-post","status-publish","format-standard","has-post-thumbnail","hentry","category-bilim","category-egitim","category-genel","category-sag-manset","category-istanbul","category-universite","category-iuwebtv","category-manset-haber","category-manset-yani","category-yasam","tag-bulut-tumerdem","tag-darulfunun","tag-ekmeleddin-ihsanoglu","tag-halit-dundar","tag-istanbul-universitesi","tag-ozgur-recep-kocaoglu"],"_links":{"self":[{"href":"https:\/\/iletim.istanbul.edu.tr\/index.php\/wp-json\/wp\/v2\/posts\/27106","targetHints":{"allow":["GET"]}}],"collection":[{"href":"https:\/\/iletim.istanbul.edu.tr\/index.php\/wp-json\/wp\/v2\/posts"}],"about":[{"href":"https:\/\/iletim.istanbul.edu.tr\/index.php\/wp-json\/wp\/v2\/types\/post"}],"author":[{"embeddable":true,"href":"https:\/\/iletim.istanbul.edu.tr\/index.php\/wp-json\/wp\/v2\/users\/14"}],"replies":[{"embeddable":true,"href":"https:\/\/iletim.istanbul.edu.tr\/index.php\/wp-json\/wp\/v2\/comments?post=27106"}],"version-history":[{"count":1,"href":"https:\/\/iletim.istanbul.edu.tr\/index.php\/wp-json\/wp\/v2\/posts\/27106\/revisions"}],"predecessor-version":[{"id":27111,"href":"https:\/\/iletim.istanbul.edu.tr\/index.php\/wp-json\/wp\/v2\/posts\/27106\/revisions\/27111"}],"wp:featuredmedia":[{"embeddable":true,"href":"https:\/\/iletim.istanbul.edu.tr\/index.php\/wp-json\/wp\/v2\/media\/27107"}],"wp:attachment":[{"href":"https:\/\/iletim.istanbul.edu.tr\/index.php\/wp-json\/wp\/v2\/media?parent=27106"}],"wp:term":[{"taxonomy":"category","embeddable":true,"href":"https:\/\/iletim.istanbul.edu.tr\/index.php\/wp-json\/wp\/v2\/categories?post=27106"},{"taxonomy":"post_tag","embeddable":true,"href":"https:\/\/iletim.istanbul.edu.tr\/index.php\/wp-json\/wp\/v2\/tags?post=27106"}],"curies":[{"name":"wp","href":"https:\/\/api.w.org\/{rel}","templated":true}]}}