{"id":27159,"date":"2025-12-02T16:34:18","date_gmt":"2025-12-02T13:34:18","guid":{"rendered":"https:\/\/iletim.istanbul.edu.tr\/?p=27159"},"modified":"2025-12-02T16:34:19","modified_gmt":"2025-12-02T13:34:19","slug":"toplumsal-sorumluluk-ve-degisimin-izleri-ele-alindi","status":"publish","type":"post","link":"https:\/\/iletim.istanbul.edu.tr\/index.php\/2025\/12\/02\/toplumsal-sorumluluk-ve-degisimin-izleri-ele-alindi\/","title":{"rendered":"Toplumsal Sorumluluk ve De\u011fi\u015fimin \u0130zleri Ele Al\u0131nd\u0131"},"content":{"rendered":"\n<p><strong>Haber: Melek \u00d6zt\u00fcrk<\/strong><\/p>\n\n\n\n<p><strong>Foto\u011fraf: Eyl\u00fcl Otay<\/strong><\/p>\n\n\n\n<p><strong>Edit\u00f6r: \u00d6zg\u00fcr Recep Kocao\u011flu<\/strong><\/p>\n\n\n\n<p><strong>\u0130stanbul, (\u0130\u00dc Haber Merkezi) &#8211; Evkaf\u2019ta \u0130lham Veren S\u00f6yle\u015filer serisinin \u00fc\u00e7\u00fcnc\u00fc program\u0131 \u0130stanbul \u00dcniversitesi Rekt\u00f6rl\u00fc\u011f\u00fc Mavi Salon\u2019da ger\u00e7ekle\u015ftirildi.&nbsp;<\/strong><\/p>\n\n\n\n<p>\u0130stanbul \u00dcniversitesi Vak\u0131flar\u0131 taraf\u0131ndan 1 Aral\u0131k Pazartesi g\u00fcn\u00fc d\u00fczenlenen s\u00f6yle\u015fiye \u0130stanbul \u00dcniversitesi (\u0130\u00dc) Edebiyat Fak\u00fcltesi Sosyoloji B\u00f6l\u00fcm Ba\u015fkan\u0131 Prof. Dr. \u0130smail Co\u015fkun konuk oldu. S\u00f6yle\u015finin moderat\u00f6rl\u00fc\u011f\u00fcn\u00fc Zeynep T\u00fcrko\u011flu yapt\u0131.&nbsp;<\/p>\n\n\n\n<p>Program\u0131n ba\u015flang\u0131c\u0131nda m\u00fczik sanat\u00e7\u0131lar\u0131 Sedat Anar ve Damla G\u00fcrkan Anar taraf\u0131ndan santur dinletisi ger\u00e7ekle\u015ftirildi.&nbsp;<\/p>\n\n\n<div class=\"wp-block-image\">\n<figure class=\"aligncenter size-large is-resized\"><img decoding=\"async\" width=\"1024\" height=\"768\" src=\"https:\/\/iletim.istanbul.edu.tr\/wp-content\/uploads\/img-4756-1-min-1024x768.jpg\" alt=\"\" class=\"wp-image-27160\" style=\"width:850px;height:auto\" srcset=\"https:\/\/iletim.istanbul.edu.tr\/wp-content\/uploads\/img-4756-1-min-1024x768.jpg 1024w, https:\/\/iletim.istanbul.edu.tr\/wp-content\/uploads\/img-4756-1-min-300x225.jpg 300w, https:\/\/iletim.istanbul.edu.tr\/wp-content\/uploads\/img-4756-1-min-768x576.jpg 768w, https:\/\/iletim.istanbul.edu.tr\/wp-content\/uploads\/img-4756-1-min-1536x1152.jpg 1536w, https:\/\/iletim.istanbul.edu.tr\/wp-content\/uploads\/img-4756-1-min-2048x1536.jpg 2048w, https:\/\/iletim.istanbul.edu.tr\/wp-content\/uploads\/img-4756-1-min-750x563.jpg 750w, https:\/\/iletim.istanbul.edu.tr\/wp-content\/uploads\/img-4756-1-min-1140x855.jpg 1140w\" sizes=\"(max-width: 1024px) 100vw, 1024px\" \/><figcaption class=\"wp-element-caption\">Sedat Anar ve Damla G\u00fcrkan Anar<\/figcaption><\/figure><\/div>\n\n\n<p><strong>Sosyolojinin k\u00f6keni<\/strong><\/p>\n\n\n\n<p>S\u00f6yle\u015fide, Prof. Dr. \u0130smail Co\u015fkun ile co\u011frafyan\u0131n etkileri toplumsal sorumluluk ve de\u011fi\u015fimin takibi konu\u015fuldu. Co\u015fkun, \u00fclkenin sosyolojik durumunun kendi \u00e7ocukluk ve gen\u00e7lik y\u0131llar\u0131nda nas\u0131l oldu\u011fundan bahsetti.<\/p>\n\n\n\n<p>Konu\u015fmas\u0131nda sosyolojinin do\u011fu\u015funa de\u011finen Co\u015fkun, disiplinin toplumsal sorunlara do\u011frudan m\u00fcdahale etme ihtiyac\u0131ndan ortaya \u00e7\u0131kt\u0131\u011f\u0131n\u0131 vurgulad\u0131. Co\u015fkun, \u201cSosyoloji, toplumsal sorunlara do\u011frudan m\u00fcdahil olma gere\u011finden do\u011fmu\u015ftur \u00e7\u00fcnk\u00fc o d\u00f6nemde adeta \u2018k\u0131yamet\u2019 gibi sorunlar ya\u015fanmaktayd\u0131\u201d dedi.<\/p>\n\n\n<div class=\"wp-block-image\">\n<figure class=\"aligncenter size-large is-resized\"><img decoding=\"async\" width=\"1024\" height=\"768\" src=\"https:\/\/iletim.istanbul.edu.tr\/wp-content\/uploads\/img-5305-min-2-1024x768.jpg\" alt=\"\" class=\"wp-image-27161\" style=\"width:854px;height:auto\" srcset=\"https:\/\/iletim.istanbul.edu.tr\/wp-content\/uploads\/img-5305-min-2-1024x768.jpg 1024w, https:\/\/iletim.istanbul.edu.tr\/wp-content\/uploads\/img-5305-min-2-300x225.jpg 300w, https:\/\/iletim.istanbul.edu.tr\/wp-content\/uploads\/img-5305-min-2-768x576.jpg 768w, https:\/\/iletim.istanbul.edu.tr\/wp-content\/uploads\/img-5305-min-2-1536x1152.jpg 1536w, https:\/\/iletim.istanbul.edu.tr\/wp-content\/uploads\/img-5305-min-2-2048x1536.jpg 2048w, https:\/\/iletim.istanbul.edu.tr\/wp-content\/uploads\/img-5305-min-2-750x563.jpg 750w, https:\/\/iletim.istanbul.edu.tr\/wp-content\/uploads\/img-5305-min-2-1140x855.jpg 1140w\" sizes=\"(max-width: 1024px) 100vw, 1024px\" \/><figcaption class=\"wp-element-caption\">Zeynep T\u00fcrko\u011flu ve Prof. Dr. \u0130smail Co\u015fkun<\/figcaption><\/figure><\/div>\n\n\n<p><strong>Gen\u00e7lerden beslenen bir bak\u0131\u015f<\/strong><\/p>\n\n\n\n<p>De\u011fi\u015fimin merkezinde yer almak gerekti\u011fini vurgulayan Co\u015fkun, \u201cDe\u011fi\u015fimin tam ortas\u0131nday\u0131z. Okuyorsun, takip ediyorsun, konu\u015fuyorsun, g\u00f6r\u00fcyorsun; gen\u00e7 insanlar\u0131n sorular\u0131n\u0131 al\u0131yor, onlardan besleniyor ve cevap vermek zorunda kal\u0131yorsun. Kar\u015f\u0131ndaki insan\u0131n bir yaras\u0131 var, bir \u015fey s\u00f6yl\u00fcyor\u201d ifadelerini kulland\u0131.&nbsp;<\/p>\n\n\n\n<p>Konu\u015fmas\u0131nda toplumdaki d\u00f6n\u00fc\u015f\u00fcm\u00fc yak\u0131ndan izledi\u011fini ve \u00f6zellikle gen\u00e7lerden gelen taleplerin kendisini y\u00f6nlendirdi\u011fini vurgulayan Y\u0131lmaz, bu s\u00fcre\u00e7te sorumlulukla hareket ettiklerinin alt\u0131n\u0131 \u00e7izdi.<\/p>\n\n\n\n<p>Co\u015fkun, konu\u015fmas\u0131n\u0131n ard\u0131ndan kat\u0131l\u0131mc\u0131lardan gelen sorular\u0131 yan\u0131tlad\u0131.<\/p>\n\n\n\n<p><strong>\u0130\u00dc etkinliklerini yeni y\u0131lda da s\u00fcrd\u00fcrecek<\/strong><\/p>\n\n\n\n<p>Kapan\u0131\u015f konu\u015fmas\u0131nda \u0130\u00dc Rekt\u00f6r\u00fc Prof. Dr. Osman B\u00fclent Z\u00fclfikar s\u00f6yle\u015filerin devaml\u0131l\u0131\u011f\u0131 hakk\u0131nda \u201cAyl\u0131k olarak s\u00f6yle\u015filerimizi s\u00fcrd\u00fcr\u00fcyoruz. Her ay 1 g\u00fcn Mavi Salon\u2019da 1 g\u00fcn de Merkez K\u00fct\u00fcphane\u2019de oluyoruz. Merkez K\u00fct\u00fcphane\u2019de Dar\u00fclf\u00fcnun Sohbetleri devam ediyor. Yeni y\u0131ldan itibaren konserlerimizle birlikte ge\u00e7mi\u015f m\u00fczi\u011fimizi de hayat\u0131n i\u00e7ine katacak \u015fekilde \u00e7al\u0131\u015fmalar\u0131m\u0131z\u0131 s\u00fcrd\u00fcrmeye devam edece\u011fiz\u201d ifadelerinde bulundu.<\/p>\n\n\n<div class=\"wp-block-image\">\n<figure class=\"aligncenter size-large is-resized\"><img decoding=\"async\" width=\"1024\" height=\"768\" src=\"https:\/\/iletim.istanbul.edu.tr\/wp-content\/uploads\/img-5375-min-1024x768.jpg\" alt=\"\" class=\"wp-image-27162\" style=\"width:884px;height:auto\" srcset=\"https:\/\/iletim.istanbul.edu.tr\/wp-content\/uploads\/img-5375-min-1024x768.jpg 1024w, https:\/\/iletim.istanbul.edu.tr\/wp-content\/uploads\/img-5375-min-300x225.jpg 300w, https:\/\/iletim.istanbul.edu.tr\/wp-content\/uploads\/img-5375-min-768x576.jpg 768w, https:\/\/iletim.istanbul.edu.tr\/wp-content\/uploads\/img-5375-min-1536x1152.jpg 1536w, https:\/\/iletim.istanbul.edu.tr\/wp-content\/uploads\/img-5375-min-2048x1536.jpg 2048w, https:\/\/iletim.istanbul.edu.tr\/wp-content\/uploads\/img-5375-min-750x563.jpg 750w, https:\/\/iletim.istanbul.edu.tr\/wp-content\/uploads\/img-5375-min-1140x855.jpg 1140w\" sizes=\"(max-width: 1024px) 100vw, 1024px\" \/><figcaption class=\"wp-element-caption\">\u0130stanbul \u00dcniversitesi Rekt\u00f6r\u00fc Prof. Dr. Osman B\u00fclent Z\u00fclfikar<\/figcaption><\/figure><\/div>\n\n\n<p>Konu\u015fmalar\u0131n ard\u0131ndan T\u00fcrko\u011flu ve Co\u015fkun\u2019a hediye takdimleri yap\u0131ld\u0131. Program toplu foto\u011fraf \u00e7ekimi ile sona erdi.<\/p>\n\n\n<div class=\"wp-block-image\">\n<figure class=\"aligncenter size-large is-resized\"><img decoding=\"async\" width=\"1024\" height=\"768\" src=\"https:\/\/iletim.istanbul.edu.tr\/wp-content\/uploads\/img-5363-min-1024x768.jpg\" alt=\"\" class=\"wp-image-27163\" style=\"width:886px;height:auto\" srcset=\"https:\/\/iletim.istanbul.edu.tr\/wp-content\/uploads\/img-5363-min-1024x768.jpg 1024w, https:\/\/iletim.istanbul.edu.tr\/wp-content\/uploads\/img-5363-min-300x225.jpg 300w, https:\/\/iletim.istanbul.edu.tr\/wp-content\/uploads\/img-5363-min-768x576.jpg 768w, https:\/\/iletim.istanbul.edu.tr\/wp-content\/uploads\/img-5363-min-1536x1152.jpg 1536w, https:\/\/iletim.istanbul.edu.tr\/wp-content\/uploads\/img-5363-min-2048x1536.jpg 2048w, https:\/\/iletim.istanbul.edu.tr\/wp-content\/uploads\/img-5363-min-750x563.jpg 750w, https:\/\/iletim.istanbul.edu.tr\/wp-content\/uploads\/img-5363-min-1140x855.jpg 1140w\" sizes=\"(max-width: 1024px) 100vw, 1024px\" \/><figcaption class=\"wp-element-caption\">Program sonunda toplu foto\u011fraf \u00e7ekildi<\/figcaption><\/figure><\/div>\n\n\n<p><\/p>\n","protected":false},"excerpt":{"rendered":"<p>Haber: Melek \u00d6zt\u00fcrk Foto\u011fraf: Eyl\u00fcl Otay Edit\u00f6r: \u00d6zg\u00fcr Recep Kocao\u011flu \u0130stanbul, (\u0130\u00dc Haber Merkezi) &#8211; Evkaf\u2019ta \u0130lham Veren S\u00f6yle\u015filer serisinin \u00fc\u00e7\u00fcnc\u00fc program\u0131 \u0130stanbul \u00dcniversitesi Rekt\u00f6rl\u00fc\u011f\u00fc Mavi Salon\u2019da ger\u00e7ekle\u015ftirildi.&nbsp; \u0130stanbul \u00dcniversitesi Vak\u0131flar\u0131 taraf\u0131ndan 1 Aral\u0131k Pazartesi g\u00fcn\u00fc d\u00fczenlenen s\u00f6yle\u015fiye \u0130stanbul \u00dcniversitesi (\u0130\u00dc) Edebiyat Fak\u00fcltesi Sosyoloji B\u00f6l\u00fcm Ba\u015fkan\u0131 Prof. Dr. \u0130smail Co\u015fkun konuk oldu. S\u00f6yle\u015finin moderat\u00f6rl\u00fc\u011f\u00fcn\u00fc Zeynep [&hellip;]<\/p>\n","protected":false},"author":14,"featured_media":27164,"comment_status":"closed","ping_status":"open","sticky":false,"template":"","format":"standard","meta":{"jnews-multi-image_gallery":[],"jnews_single_post":{"format":"standard"},"jnews_primary_category":[],"jnews_social_meta":[],"jnews_override_counter":[],"footnotes":""},"categories":[24,25,1,159,28,34,2085,2348,35],"tags":[3698,3492,3695,3699,43,3349,3540,3218,3697,3696],"class_list":["post-27159","post","type-post","status-publish","format-standard","has-post-thumbnail","hentry","category-bilim","category-egitim","category-genel","category-sag-manset","category-istanbul","category-universite","category-manset-haber","category-manset-yani","category-yasam","tag-damla-gurkan-anar","tag-eylul-otay","tag-ilham-veren-soylesiler","tag-ismail-coskun","tag-istanbul-universitesi","tag-melek-ozturk","tag-osman-bulent-zulfikar","tag-ozgur-recep-kocaoglu","tag-sedat-anar","tag-zeynep-turkoglu"],"_links":{"self":[{"href":"https:\/\/iletim.istanbul.edu.tr\/index.php\/wp-json\/wp\/v2\/posts\/27159","targetHints":{"allow":["GET"]}}],"collection":[{"href":"https:\/\/iletim.istanbul.edu.tr\/index.php\/wp-json\/wp\/v2\/posts"}],"about":[{"href":"https:\/\/iletim.istanbul.edu.tr\/index.php\/wp-json\/wp\/v2\/types\/post"}],"author":[{"embeddable":true,"href":"https:\/\/iletim.istanbul.edu.tr\/index.php\/wp-json\/wp\/v2\/users\/14"}],"replies":[{"embeddable":true,"href":"https:\/\/iletim.istanbul.edu.tr\/index.php\/wp-json\/wp\/v2\/comments?post=27159"}],"version-history":[{"count":1,"href":"https:\/\/iletim.istanbul.edu.tr\/index.php\/wp-json\/wp\/v2\/posts\/27159\/revisions"}],"predecessor-version":[{"id":27165,"href":"https:\/\/iletim.istanbul.edu.tr\/index.php\/wp-json\/wp\/v2\/posts\/27159\/revisions\/27165"}],"wp:featuredmedia":[{"embeddable":true,"href":"https:\/\/iletim.istanbul.edu.tr\/index.php\/wp-json\/wp\/v2\/media\/27164"}],"wp:attachment":[{"href":"https:\/\/iletim.istanbul.edu.tr\/index.php\/wp-json\/wp\/v2\/media?parent=27159"}],"wp:term":[{"taxonomy":"category","embeddable":true,"href":"https:\/\/iletim.istanbul.edu.tr\/index.php\/wp-json\/wp\/v2\/categories?post=27159"},{"taxonomy":"post_tag","embeddable":true,"href":"https:\/\/iletim.istanbul.edu.tr\/index.php\/wp-json\/wp\/v2\/tags?post=27159"}],"curies":[{"name":"wp","href":"https:\/\/api.w.org\/{rel}","templated":true}]}}