{"id":27203,"date":"2025-12-04T16:52:55","date_gmt":"2025-12-04T13:52:55","guid":{"rendered":"https:\/\/iletim.istanbul.edu.tr\/?p=27203"},"modified":"2025-12-04T17:25:38","modified_gmt":"2025-12-04T14:25:38","slug":"dunya-engelliler-gununde-sanatin-birlestirici-gucune-vurgu-yapildi","status":"publish","type":"post","link":"https:\/\/iletim.istanbul.edu.tr\/index.php\/2025\/12\/04\/dunya-engelliler-gununde-sanatin-birlestirici-gucune-vurgu-yapildi\/","title":{"rendered":"D\u00fcnya Engelliler G\u00fcn\u00fc\u2019nde Sanat\u0131n Birle\u015ftirici G\u00fcc\u00fcne Vurgu Yap\u0131ld\u0131"},"content":{"rendered":"\n<p><strong>Haber: Melek \u00d6zt\u00fcrk<\/strong><\/p>\n\n\n\n<p><strong>Foto\u011fraf: Asil Beray Ep\u00e7eli<\/strong><\/p>\n\n\n\n<p><strong>Edit\u00f6r: \u00d6zg\u00fcr Recep Kocao\u011flu<\/strong><\/p>\n\n\n\n<p><strong>\u0130stanbul, (\u0130\u00dc Haber Merkezi) \u2013 Engellilik ve Sanat Program\u0131 \u0130stanbul \u00dcniversitesi Beyaz\u0131t Yerle\u015fkesi Rekt\u00f6rl\u00fck Binas\u0131\u2019nda ger\u00e7ekle\u015fti.<\/strong><\/p>\n\n\n\n<p>\u0130stanbul \u00dcniversitesi (\u0130\u00dc) Engelliler Uygulama ve Ara\u015ft\u0131rma Merkezi\u2019nin (ENUYGAR) 23. y\u0131l\u0131na \u00f6zel olarak 3 Aral\u0131k \u00c7ar\u015famba g\u00fcn\u00fc d\u00fczenlenen \u201cEngellilik ve Sanat\u201d ba\u015fl\u0131kl\u0131 etkinlik dizisi; sergi a\u00e7\u0131l\u0131\u015f\u0131, konser ve panelden olu\u015fan programla ger\u00e7ekle\u015fti.&nbsp;<\/p>\n\n\n<div class=\"wp-block-image\">\n<figure class=\"alignleft size-full is-resized\"><img decoding=\"async\" width=\"543\" height=\"936\" src=\"https:\/\/iletim.istanbul.edu.tr\/wp-content\/uploads\/panel1-min-1.png\" alt=\"\" class=\"wp-image-27208\" style=\"width:335px;height:auto\" srcset=\"https:\/\/iletim.istanbul.edu.tr\/wp-content\/uploads\/panel1-min-1.png 543w, https:\/\/iletim.istanbul.edu.tr\/wp-content\/uploads\/panel1-min-1-174x300.png 174w\" sizes=\"(max-width: 543px) 100vw, 543px\" \/><\/figure><\/div>\n\n\n<div class=\"wp-block-group is-nowrap is-layout-flex wp-container-core-group-is-layout-ad2f72ca wp-block-group-is-layout-flex\">\n<p>Program sayg\u0131 duru\u015funda bulunulmas\u0131 ve \u0130stiklal Mar\u015f\u0131\u2019n\u0131n okunmas\u0131yla ba\u015flad\u0131. \u0130\u00dc Rekt\u00f6r\u00fc Prof. Dr. Osman B\u00fclent Z\u00fclfikar ve \u0130\u00dc ENUYGAR M\u00fcd\u00fcr\u00fc Prof. Dr. Ay\u015fe Resa Ayd\u0131n a\u00e7\u0131l\u0131\u015f konu\u015fmas\u0131 yapt\u0131.<\/p>\n<\/div>\n\n\n\n<p>Sanat\u0131n birle\u015ftirici g\u00fcc\u00fcne dikkat \u00e7eken Z\u00fclfikar, \u201cSanat, engellili\u011fi \u2018engel\u2019 \u00fczerinden tan\u0131mlayan dar bak\u0131\u015f\u0131 k\u0131ran, hepimizi ayn\u0131 b\u00fct\u00fcnde bula\u015ft\u0131ran g\u00fc\u00e7l\u00fc bir dildir\u201d ifadelerinde bulundu. Ayd\u0131n ise sanat\u0131n g\u00f6r\u00fcn\u00fcrl\u00fc\u011f\u00fc artt\u0131rmas\u0131n\u0131n \u00f6tesinde adalet, toplumsal d\u00f6n\u00fc\u015f\u00fcm ve e\u015fitlik i\u00e7in imkan yaratt\u0131\u011f\u0131n\u0131 belirtti.<\/p>\n\n\n\n<p>Program \u201cEngellililik ve Sanat\u201d temal\u0131 serginin a\u00e7\u0131l\u0131\u015f\u0131 ve eserlerin incelenmesiyle devam etti. Sergi alan\u0131n\u0131n gezilmesinin ard\u0131ndan g\u00f6rme engelli sanat\u00e7\u0131lardan olu\u015fan ODEON Oda Korosu\u2019nun \u0130stanbul \u00dcniversitesi Rekt\u00f6rl\u00fc\u011f\u00fc Mavi Salon\u2019da ger\u00e7ekle\u015ftirdi\u011fi konsere ge\u00e7ildi.<\/p>\n\n\n\n<p><strong>Eri\u015filebilirlik ve kapsay\u0131c\u0131l\u0131k \u00fczerine dikkat \u00e7eken konu\u015fmalar<\/strong><\/p>\n\n\n\n<p>Program, \u201cSanat\u0131n D\u00f6n\u00fc\u015ft\u00fcr\u00fcc\u00fc G\u00fcc\u00fc\u201d ba\u015fl\u0131kl\u0131 panelle devam etti. ENUYGAR M\u00fcd\u00fcr\u00fc Prof. Dr. Ay\u015fe Resa Ayd\u0131n ve Mimar Sinan \u00dcniversitesi Sosyoloji B\u00f6l\u00fcm\u00fc\u2019nden Prof. Dr. Sibel Yard\u0131mc\u0131\u2019n\u0131n oturum ba\u015fkanl\u0131\u011f\u0131nda ger\u00e7ekle\u015ftirilen panele C\u00fcneyt Karaku\u015f, Tu\u011f\u00e7e Arslan ve Eser Ep\u00f6zdemir konuk oldu.<\/p>\n\n\n<div class=\"wp-block-image\">\n<figure class=\"aligncenter size-large\"><img decoding=\"async\" width=\"1024\" height=\"768\" src=\"https:\/\/iletim.istanbul.edu.tr\/wp-content\/uploads\/panel4-min-1024x768.png\" alt=\"\" class=\"wp-image-27205\" srcset=\"https:\/\/iletim.istanbul.edu.tr\/wp-content\/uploads\/panel4-min-1024x768.png 1024w, https:\/\/iletim.istanbul.edu.tr\/wp-content\/uploads\/panel4-min-300x225.png 300w, https:\/\/iletim.istanbul.edu.tr\/wp-content\/uploads\/panel4-min-768x576.png 768w, https:\/\/iletim.istanbul.edu.tr\/wp-content\/uploads\/panel4-min-750x562.png 750w, https:\/\/iletim.istanbul.edu.tr\/wp-content\/uploads\/panel4-min.png 1079w\" sizes=\"(max-width: 1024px) 100vw, 1024px\" \/><\/figure><\/div>\n\n\n<p>Toplumda artan ayr\u0131mc\u0131l\u0131\u011fa dikkat \u00e7eken Karaku\u015f, \u015funlar\u0131 s\u00f6yledi:&nbsp;<\/p>\n\n\n\n<p>\u201cArt\u0131k insanlar birbirlerini insan olarak de\u011fil; yakal\u0131\u2013yakas\u0131z, hatta engelli\u2013engelsiz gibi s\u0131n\u0131flara ay\u0131rmaya ba\u015flad\u0131lar. Do\u011fu\u015ftan sonra fizyolojik, fiziksel ya da zihinsel farkl\u0131l\u0131klar\u0131 olan bireyler \u00f6tekile\u015ftiriliyor, g\u00f6rmezden geliniyor. Oysa unutulan \u00e7ok \u00f6nemli bir ger\u00e7ek var: \u00d6z\u00fcnde herkes insand\u0131r. Engelin ya da engelsizli\u011fin etkileri, insan\u0131n toplumsal hayata, sanata veya ya\u015fama kat\u0131lmas\u0131na ger\u00e7ekten engel midir? Her insan, var oldu\u011fu andan itibaren duyan ve hisseden bir varl\u0131k de\u011fil midir? G\u00fcn\u00fcm\u00fcz ko\u015fullar\u0131nda, kelimelerle tan\u0131mlamaya \u00e7al\u0131\u015ft\u0131\u011f\u0131m\u0131z herhangi bir farkl\u0131l\u0131k nedeniyle hi\u00e7bir birey; toplumsal hayattan, \u00e7al\u0131\u015fma hayat\u0131ndan ya da sanat ya\u015fam\u0131ndan \u00f6tekile\u015ftirilemez, g\u00f6rmezden gelinemez\u201d&nbsp;<\/p>\n\n\n<div class=\"wp-block-image\">\n<figure class=\"aligncenter size-large\"><img decoding=\"async\" width=\"1024\" height=\"764\" src=\"https:\/\/iletim.istanbul.edu.tr\/wp-content\/uploads\/panel3-min-1024x764.png\" alt=\"\" class=\"wp-image-27206\" srcset=\"https:\/\/iletim.istanbul.edu.tr\/wp-content\/uploads\/panel3-min-1024x764.png 1024w, https:\/\/iletim.istanbul.edu.tr\/wp-content\/uploads\/panel3-min-300x224.png 300w, https:\/\/iletim.istanbul.edu.tr\/wp-content\/uploads\/panel3-min-768x573.png 768w, https:\/\/iletim.istanbul.edu.tr\/wp-content\/uploads\/panel3-min-750x559.png 750w, https:\/\/iletim.istanbul.edu.tr\/wp-content\/uploads\/panel3-min-1140x850.png 1140w, https:\/\/iletim.istanbul.edu.tr\/wp-content\/uploads\/panel3-min.png 1244w\" sizes=\"(max-width: 1024px) 100vw, 1024px\" \/><\/figure><\/div>\n\n\n<p>Ep\u00f6zdemir, eri\u015filebilirlik kavram\u0131n\u0131n k\u00f6kenine ili\u015fkin de\u011ferlendirmede bulundu. Konuya dair alg\u0131ya dikkat \u00e7eken Ep\u00f6zdemir, \u015fu ifadeleri kulland\u0131:<\/p>\n\n\n\n<p>\u201cBireyin ilgisinin eri\u015filebilirlik, \u00e7e\u015fitlilik ve kapsay\u0131c\u0131l\u0131k \u00fczerinde olmas\u0131 \u015f\u00f6yle alg\u0131lan\u0131yor: Belki o ki\u015finin yak\u0131n\u0131nda, hayat\u0131nda deneyimledi\u011fi ya da kendisinin bedensel olarak bir farkl\u0131l\u0131\u011f\u0131 var ve bu vesileyle alana ilgi duyuyor. \u00c7o\u011funlukla b\u00f6yle olur. Benim hik\u00e2yemde de b\u00f6yle oldu.\u201d<\/p>\n\n\n\n<p>Ailesinde kapsay\u0131c\u0131l\u0131\u011fa y\u00f6nelik bir hassasiyet oldu\u011funu ifade eden Ep\u00f6zdemir, \u00e7ocukluk d\u00f6nemine ili\u015fkin bir an\u0131s\u0131n\u0131 \u015fu s\u00f6zlerle anlatt\u0131:<\/p>\n\n\n\n<p>\u201cBenim ailemde hep kapsay\u0131c\u0131l\u0131k ilgisi varm\u0131\u015f. Yemek yemezmi\u015fim. Yine yemek yemedi\u011fim bir g\u00fcn, 2-3 ya\u015f\u0131mda, bir teyzem \u015f\u00f6yle demi\u015fti: \u2018Eser bak, yemek yemiyorsun, c\u00fcce kalacaks\u0131n. B\u00f6yle olursan hayat senin i\u00e7in \u00e7ok zor olur.\u2019 Ben de ona \u015f\u00f6yle demi\u015ftim: \u2018\u015eimdi niye \u00f6yle diyorsun? C\u00fcceler de \u00e7ok g\u00fczel insanlar.\u2019\u201d<\/p>\n\n\n\n<p>\u00c7ocuklarda empati kavram\u0131n\u0131n do\u011fru y\u00f6nlendirildi\u011finde g\u00fc\u00e7l\u00fc bir etki yaratt\u0131\u011f\u0131n\u0131 vurgulayan Ep\u00f6zdemir, konu\u015fmas\u0131n\u0131 \u201cEmpati kavram\u0131 \u00e7ocuklarda \u00e7ok y\u00fcksek; do\u011fru e\u011fitebilirsek \u00e7ok verimli bir yere g\u00f6t\u00fcr\u00fclebilecek bir konu\u201d s\u00f6zleriyle tamamlad\u0131.<\/p>\n","protected":false},"excerpt":{"rendered":"<p>Haber: Melek \u00d6zt\u00fcrk Foto\u011fraf: Asil Beray Ep\u00e7eli Edit\u00f6r: \u00d6zg\u00fcr Recep Kocao\u011flu \u0130stanbul, (\u0130\u00dc Haber Merkezi) \u2013 Engellilik ve Sanat Program\u0131 \u0130stanbul \u00dcniversitesi Beyaz\u0131t Yerle\u015fkesi Rekt\u00f6rl\u00fck Binas\u0131\u2019nda ger\u00e7ekle\u015fti. \u0130stanbul \u00dcniversitesi (\u0130\u00dc) Engelliler Uygulama ve Ara\u015ft\u0131rma Merkezi\u2019nin (ENUYGAR) 23. y\u0131l\u0131na \u00f6zel olarak 3 Aral\u0131k \u00c7ar\u015famba g\u00fcn\u00fc d\u00fczenlenen \u201cEngellilik ve Sanat\u201d ba\u015fl\u0131kl\u0131 etkinlik dizisi; sergi a\u00e7\u0131l\u0131\u015f\u0131, konser ve [&hellip;]<\/p>\n","protected":false},"author":14,"featured_media":27204,"comment_status":"closed","ping_status":"open","sticky":false,"template":"","format":"standard","meta":{"jnews-multi-image_gallery":[],"jnews_single_post":{"format":"standard"},"jnews_primary_category":[],"jnews_social_meta":[],"jnews_override_counter":[],"footnotes":""},"categories":[25,1,159,28,34,178,29,2085,2348,35],"tags":[1284,43,3349,3218],"class_list":["post-27203","post","type-post","status-publish","format-standard","has-post-thumbnail","hentry","category-egitim","category-genel","category-sag-manset","category-istanbul","category-universite","category-fakultemizden","category-iuwebtv","category-manset-haber","category-manset-yani","category-yasam","tag-dunya-engelliler-gunu","tag-istanbul-universitesi","tag-melek-ozturk","tag-ozgur-recep-kocaoglu"],"_links":{"self":[{"href":"https:\/\/iletim.istanbul.edu.tr\/index.php\/wp-json\/wp\/v2\/posts\/27203","targetHints":{"allow":["GET"]}}],"collection":[{"href":"https:\/\/iletim.istanbul.edu.tr\/index.php\/wp-json\/wp\/v2\/posts"}],"about":[{"href":"https:\/\/iletim.istanbul.edu.tr\/index.php\/wp-json\/wp\/v2\/types\/post"}],"author":[{"embeddable":true,"href":"https:\/\/iletim.istanbul.edu.tr\/index.php\/wp-json\/wp\/v2\/users\/14"}],"replies":[{"embeddable":true,"href":"https:\/\/iletim.istanbul.edu.tr\/index.php\/wp-json\/wp\/v2\/comments?post=27203"}],"version-history":[{"count":4,"href":"https:\/\/iletim.istanbul.edu.tr\/index.php\/wp-json\/wp\/v2\/posts\/27203\/revisions"}],"predecessor-version":[{"id":27212,"href":"https:\/\/iletim.istanbul.edu.tr\/index.php\/wp-json\/wp\/v2\/posts\/27203\/revisions\/27212"}],"wp:featuredmedia":[{"embeddable":true,"href":"https:\/\/iletim.istanbul.edu.tr\/index.php\/wp-json\/wp\/v2\/media\/27204"}],"wp:attachment":[{"href":"https:\/\/iletim.istanbul.edu.tr\/index.php\/wp-json\/wp\/v2\/media?parent=27203"}],"wp:term":[{"taxonomy":"category","embeddable":true,"href":"https:\/\/iletim.istanbul.edu.tr\/index.php\/wp-json\/wp\/v2\/categories?post=27203"},{"taxonomy":"post_tag","embeddable":true,"href":"https:\/\/iletim.istanbul.edu.tr\/index.php\/wp-json\/wp\/v2\/tags?post=27203"}],"curies":[{"name":"wp","href":"https:\/\/api.w.org\/{rel}","templated":true}]}}