{"id":27393,"date":"2025-12-16T12:30:00","date_gmt":"2025-12-16T09:30:00","guid":{"rendered":"https:\/\/iletim.istanbul.edu.tr\/?p=27393"},"modified":"2025-12-16T12:25:33","modified_gmt":"2025-12-16T09:25:33","slug":"15-mood-odulleri-sahiplerini-buldu","status":"publish","type":"post","link":"https:\/\/iletim.istanbul.edu.tr\/index.php\/2025\/12\/16\/15-mood-odulleri-sahiplerini-buldu\/","title":{"rendered":"15. Mood \u00d6d\u00fclleri Sahiplerini Buldu"},"content":{"rendered":"\n<p><strong>Haber: Melek \u00d6zt\u00fcrk<\/strong><\/p>\n\n\n\n<p><strong>Edit\u00f6r: \u00d6zg\u00fcr Recep Kocao\u011flu<\/strong><\/p>\n\n\n\n<p><strong>\u0130stanbul, (\u0130\u00dc Haber Merkezi) \u2013 Bu y\u0131l 15. kez d\u00fczenlenen Mood \u00d6d\u00fclleri, MKM Atilla \u0130lhan Sahnesi\u2019nde sahiplerini buldu. \u0130stanbul \u00dcniversitesi \u0130leti\u015fim Fak\u00fcltesi Gazetecilik B\u00f6l\u00fcm Ba\u015fkan\u0131 Prof. Dr. Asl\u0131 Yapar G\u00f6nen\u00e7 ve Gazetecilik B\u00f6l\u00fcm\u00fc \u00d6\u011fretim \u00dcyesi Prof. Dr. Enver \u00d6zg\u00fcr G\u00f6nen\u00e7 \u00f6d\u00fcl t\u00f6reninin j\u00fcri kadrosunda yer ald\u0131.<\/strong><\/p>\n\n\n\n<p>Sunuculu\u011funu Arzu Yanarda\u011f ve Hopdedik Ayhan\u2019\u0131n \u00fcstlendi\u011fi 15. Mood \u00d6d\u00fclleri, 9 Aral\u0131k Sal\u0131 g\u00fcn\u00fc MKM Atilla \u0130lhan Sahnesi\u2019nde d\u00fczenlendi.<\/p>\n\n\n\n<p>\u00d6d\u00fcl t\u00f6reninin j\u00fcri kadrosu; Burak Akan, \u0130stanbul \u00dcniversitesi (\u0130\u00dc) \u0130leti\u015fim Fak\u00fcltesi Gazetecilik B\u00f6l\u00fcm Ba\u015fkan\u0131 Prof. Dr. Asl\u0131 Yapar G\u00f6nen\u00e7, \u0130\u00dc \u0130leti\u015fim Fak\u00fcltesi Gazetecilik B\u00f6l\u00fcm\u00fc \u00d6\u011fretim \u00dcyesi Prof. Dr. Enver \u00d6zg\u00fcr G\u00f6nen\u00e7, Prof. Dr. Mehmet Emin G\u00fcne\u015f, Burak Hakk\u0131, Bur\u00e7in Bildik, Yasemin \u0130lan, Kahraman Sivri, Sait \u0130nan\u00e7, Soner T\u00fcrker ve G\u00fcven\u00e7 Kurtar\u2019dan olu\u015ftu.<\/p>\n\n\n\n<p>Gecenin ev sahibi Burak Akan, duygular\u0131n\u0131 \u201cBug\u00fcn bizleri yaln\u0131z b\u0131rakmayan t\u00fcm misafirlerimize sonsuz te\u015fekk\u00fcrlerimi sunuyorum. Bu ilgi, bizlere her y\u0131l daha iyisini yapmak i\u00e7in g\u00fc\u00e7 veriyor\u201d s\u00f6zleriyle ifade etti.<\/p>\n\n\n\n<p><strong>\u00d6d\u00fcller sahiplerini buldu<\/strong><\/p>\n\n\n\n<p>M\u00fczik kategorisinde En \u0130yi Erkek Pop M\u00fczik Sanat\u00e7\u0131s\u0131 dal\u0131nda \u0130lyas Yal\u00e7\u0131nta\u015f, T\u00fcrk Pop M\u00fczi\u011fi Onur \u00d6d\u00fcl\u00fc dal\u0131nda Hakan Peker, En \u0130yi Arabesk M\u00fczik Erkek Sanat\u00e7\u0131s\u0131 dal\u0131nda Fatih Bulut, En \u0130yi Erkek Performans Sanat\u00e7\u0131s\u0131 dal\u0131nda Eli T\u00fcrko\u011flu, En \u0130yi Uluslararas\u0131 Sanat\u00e7\u0131 dal\u0131nda Baby Brown, Y\u0131l\u0131n \u00c7\u0131k\u0131\u015f Yapan Kad\u0131n Sanat\u00e7\u0131s\u0131 dal\u0131nda Ayshe \u00f6d\u00fcle lay\u0131k g\u00f6r\u00fcld\u00fc. \u0130lyas Yal\u00e7\u0131nta\u015f ve Hakan Peker\u2019e \u00f6d\u00fcl\u00fcn\u00fc \u0130\u00dc \u0130leti\u015fim Fak\u00fcltesi Gazetecilik B\u00f6l\u00fcm Ba\u015fkan\u0131 Prof. Dr. Asl\u0131 Yapar G\u00f6nen\u00e7 takdim etti.<\/p>\n\n\n<div class=\"wp-block-image\">\n<figure class=\"aligncenter size-full\"><img decoding=\"async\" width=\"587\" height=\"613\" src=\"https:\/\/iletim.istanbul.edu.tr\/wp-content\/uploads\/87d958e5-eeb9-44da-9f9d-25edaf5bf9f6.jpg\" alt=\"\" class=\"wp-image-27394\" srcset=\"https:\/\/iletim.istanbul.edu.tr\/wp-content\/uploads\/87d958e5-eeb9-44da-9f9d-25edaf5bf9f6.jpg 587w, https:\/\/iletim.istanbul.edu.tr\/wp-content\/uploads\/87d958e5-eeb9-44da-9f9d-25edaf5bf9f6-287x300.jpg 287w, https:\/\/iletim.istanbul.edu.tr\/wp-content\/uploads\/87d958e5-eeb9-44da-9f9d-25edaf5bf9f6-24x24.jpg 24w\" sizes=\"(max-width: 587px) 100vw, 587px\" \/><figcaption class=\"wp-element-caption\">\u0130lyas Yal\u00e7\u0131nta\u015f&#8217;a \u00f6d\u00fcl\u00fcn\u00fc \u0130stanbul \u00dcniversitesi \u0130leti\u015fim Fak\u00fcltesi Gazetecilik B\u00f6l\u00fcm Ba\u015fkan\u0131 Prof. Dr. Asl\u0131 Yapar G\u00f6nen\u00e7 takdim etti<\/figcaption><\/figure><\/div>\n\n\n<p>En \u0130yi Erkek Haber Program\u0131 Sunucusu kategorisinde Alper Altun, En \u0130yi Erkek Haber Spikeri kategorisinde Cem \u00d6\u011fretir ve Y\u0131l\u0131n En \u0130yi Kad\u0131n Gazetecisi kategorisinde Beste S\u0131rap\u0131nar \u00f6d\u00fcl ald\u0131. En \u0130yi Gazete Eki H\u00fcrriyet Kelebek\u2019e lay\u0131k g\u00f6r\u00fcl\u00fcrken En \u0130yi R\u00f6portaj \u00f6d\u00fcl\u00fcn\u00fc Yasemin \u0130lan ald\u0131. Alper Altun\u2019a \u00f6d\u00fcl\u00fcn\u00fc \u0130\u00dc \u0130leti\u015fim Fak\u00fcltesi Gazetecilik B\u00f6l\u00fcm\u00fc \u00d6\u011fretim \u00dcyesi Prof. Dr. Enver \u00d6zg\u00fcr G\u00f6nen\u00e7 takdim etti.<\/p>\n\n\n<div class=\"wp-block-image\">\n<figure class=\"aligncenter size-large is-resized\"><img decoding=\"async\" width=\"1200\" height=\"675\" src=\"https:\/\/iletim.istanbul.edu.tr\/wp-content\/uploads\/f033bc5e-047e-4e3f-87a5-9803facad38f-edited.jpg\" alt=\"\" class=\"wp-image-27396\" style=\"width:662px;height:auto\" srcset=\"https:\/\/iletim.istanbul.edu.tr\/wp-content\/uploads\/f033bc5e-047e-4e3f-87a5-9803facad38f-edited.jpg 1200w, https:\/\/iletim.istanbul.edu.tr\/wp-content\/uploads\/f033bc5e-047e-4e3f-87a5-9803facad38f-edited-300x169.jpg 300w, https:\/\/iletim.istanbul.edu.tr\/wp-content\/uploads\/f033bc5e-047e-4e3f-87a5-9803facad38f-edited-1024x576.jpg 1024w, https:\/\/iletim.istanbul.edu.tr\/wp-content\/uploads\/f033bc5e-047e-4e3f-87a5-9803facad38f-edited-768x432.jpg 768w, https:\/\/iletim.istanbul.edu.tr\/wp-content\/uploads\/f033bc5e-047e-4e3f-87a5-9803facad38f-edited-750x422.jpg 750w, https:\/\/iletim.istanbul.edu.tr\/wp-content\/uploads\/f033bc5e-047e-4e3f-87a5-9803facad38f-edited-1140x641.jpg 1140w\" sizes=\"(max-width: 1200px) 100vw, 1200px\" \/><figcaption class=\"wp-element-caption\">Alper Altun\u2019a \u00f6d\u00fcl\u00fcn\u00fc \u0130stanbul \u00dcniversitesi \u0130leti\u015fim Fak\u00fcltesi Gazetecilik B\u00f6l\u00fcm\u00fc \u00d6\u011fretim \u00dcyesi Prof. Dr. Enver \u00d6zg\u00fcr G\u00f6nen\u00e7 takdim etti<\/figcaption><\/figure><\/div>\n\n\n<p>En \u0130yi Kad\u0131n Sunucu Zahide Yeti\u015f, En \u0130yi Erkek Sunucu Vahe K\u0131l\u0131\u00e7aslan, En \u0130yi Magazin Program\u0131 Sunucusu Ezgi Avc\u0131, En \u0130yi Moda Program\u0131 Banu Noyan\u2019la En Moda ve Y\u0131l\u0131n Moda \u0130konu \u0130vana Sert oldu.<\/p>\n\n\n\n<p>En \u0130yi Spor Yorumcusu olarak T\u00fcmer Metin ve En Objektif Spor Yorumcusu olarak Kaya \u00c7ilingiro\u011flu \u00f6d\u00fcle lay\u0131k g\u00f6r\u00fcld\u00fc.<\/p>\n\n\n\n<p>En \u0130yi Gen\u00e7 Erkek Oyuncu Berat Efe Parlar ve En \u0130yi Kad\u0131n Tiyatro Oyuncusu ise Nilg\u00fcn Kasapba\u015fo\u011flu se\u00e7ildi. Sosyal Medyada En \u00c7ok Konu\u015fulan Sanat\u00e7\u0131 Tu\u011fba Ekinci olurken, En \u0130yi Stand-Up G\u00f6sterisi Eser Yenenler &amp; Berfu Yenenler oldu.&nbsp;<\/p>\n\n\n\n<p>Ya\u015fam Boyu Onur \u00d6d\u00fcl\u00fc Ali S\u00fcrmeli, Turgay K\u0131ran ve Mahmut Tuncer\u2019e verilirken, Man of the Year \u00f6d\u00fcl\u00fcne Murat Aygen, En \u0130yi Televizyon Y\u00f6neticisi \u00f6d\u00fcl\u00fcne Hande Ertekin, Kariyer ve Ba\u015far\u0131 \u00d6d\u00fcl\u00fc\u2019ne Kenan \u00c7oban, En \u0130yi Sosyal Sorumluluk Projesi \u00f6d\u00fcl\u00fcne Av. Serkan Bayram\u2019\u0131n Bu\u011fday Tanesi projesi lay\u0131k g\u00f6r\u00fcld\u00fc.<\/p>\n","protected":false},"excerpt":{"rendered":"<p>Haber: Melek \u00d6zt\u00fcrk Edit\u00f6r: \u00d6zg\u00fcr Recep Kocao\u011flu \u0130stanbul, (\u0130\u00dc Haber Merkezi) \u2013 Bu y\u0131l 15. kez d\u00fczenlenen Mood \u00d6d\u00fclleri, MKM Atilla \u0130lhan Sahnesi\u2019nde sahiplerini buldu. \u0130stanbul \u00dcniversitesi \u0130leti\u015fim Fak\u00fcltesi Gazetecilik B\u00f6l\u00fcm Ba\u015fkan\u0131 Prof. Dr. Asl\u0131 Yapar G\u00f6nen\u00e7 ve Gazetecilik B\u00f6l\u00fcm\u00fc \u00d6\u011fretim \u00dcyesi Prof. Dr. Enver \u00d6zg\u00fcr G\u00f6nen\u00e7 \u00f6d\u00fcl t\u00f6reninin j\u00fcri kadrosunda yer ald\u0131. Sunuculu\u011funu Arzu [&hellip;]<\/p>\n","protected":false},"author":14,"featured_media":27397,"comment_status":"closed","ping_status":"open","sticky":false,"template":"","format":"standard","meta":{"jnews-multi-image_gallery":[],"jnews_single_post":{"format":"standard"},"jnews_primary_category":[],"jnews_social_meta":[],"jnews_override_counter":[],"footnotes":""},"categories":[1,159,28,34,178,30,2085,2348,35],"tags":[3761,377,3736,3760,3759,3349,3218],"class_list":["post-27393","post","type-post","status-publish","format-standard","has-post-thumbnail","hentry","category-genel","category-sag-manset","category-istanbul","category-universite","category-fakultemizden","category-kultur-sanat","category-manset-haber","category-manset-yani","category-yasam","tag-alper-altun","tag-asli-yapar-gonenc","tag-enver-ozgur-gonenc","tag-hakan-peker","tag-ilyas-yalcintas","tag-melek-ozturk","tag-ozgur-recep-kocaoglu"],"_links":{"self":[{"href":"https:\/\/iletim.istanbul.edu.tr\/index.php\/wp-json\/wp\/v2\/posts\/27393","targetHints":{"allow":["GET"]}}],"collection":[{"href":"https:\/\/iletim.istanbul.edu.tr\/index.php\/wp-json\/wp\/v2\/posts"}],"about":[{"href":"https:\/\/iletim.istanbul.edu.tr\/index.php\/wp-json\/wp\/v2\/types\/post"}],"author":[{"embeddable":true,"href":"https:\/\/iletim.istanbul.edu.tr\/index.php\/wp-json\/wp\/v2\/users\/14"}],"replies":[{"embeddable":true,"href":"https:\/\/iletim.istanbul.edu.tr\/index.php\/wp-json\/wp\/v2\/comments?post=27393"}],"version-history":[{"count":2,"href":"https:\/\/iletim.istanbul.edu.tr\/index.php\/wp-json\/wp\/v2\/posts\/27393\/revisions"}],"predecessor-version":[{"id":27400,"href":"https:\/\/iletim.istanbul.edu.tr\/index.php\/wp-json\/wp\/v2\/posts\/27393\/revisions\/27400"}],"wp:featuredmedia":[{"embeddable":true,"href":"https:\/\/iletim.istanbul.edu.tr\/index.php\/wp-json\/wp\/v2\/media\/27397"}],"wp:attachment":[{"href":"https:\/\/iletim.istanbul.edu.tr\/index.php\/wp-json\/wp\/v2\/media?parent=27393"}],"wp:term":[{"taxonomy":"category","embeddable":true,"href":"https:\/\/iletim.istanbul.edu.tr\/index.php\/wp-json\/wp\/v2\/categories?post=27393"},{"taxonomy":"post_tag","embeddable":true,"href":"https:\/\/iletim.istanbul.edu.tr\/index.php\/wp-json\/wp\/v2\/tags?post=27393"}],"curies":[{"name":"wp","href":"https:\/\/api.w.org\/{rel}","templated":true}]}}