{"id":27754,"date":"2026-01-20T18:16:59","date_gmt":"2026-01-20T15:16:59","guid":{"rendered":"https:\/\/iletim.istanbul.edu.tr\/?p=27754"},"modified":"2026-01-20T18:16:59","modified_gmt":"2026-01-20T15:16:59","slug":"cocuk-universitesi-kis-okulu-etkinligi-basladi","status":"publish","type":"post","link":"https:\/\/iletim.istanbul.edu.tr\/index.php\/2026\/01\/20\/cocuk-universitesi-kis-okulu-etkinligi-basladi\/","title":{"rendered":"\u00c7ocuk \u00dcniversitesi K\u0131\u015f Okulu Etkinli\u011fi Ba\u015flad\u0131"},"content":{"rendered":"\n<p><strong>Haber: Berk Balc\u0131<\/strong><\/p>\n\n\n\n<p><strong>Foto\u011fraf: Berk Balc\u0131<\/strong><\/p>\n\n\n\n<p><strong>Edit\u00f6r: Ece \u00d6zdemir<\/strong><\/p>\n\n\n\n<p><strong>\u0130stanbul, (\u0130\u00dc Haber Merkezi) &#8211; \u0130stanbul \u00dcniversitesi K\u0131\u015f Okulu Etkinli\u011fi \u201c\u00dcniversiteye \u0130lk Ad\u0131m\u201d g\u00fcn\u00fcyle ba\u015flad\u0131.<\/strong><\/p>\n\n\n\n<p>\u0130stanbul \u00dcniversitesi \u00c7ocuk \u00dcniversitesi taraf\u0131ndan y\u00fcr\u00fct\u00fclen K\u0131\u015f Okulu Etkinli\u011fi, \u2018\u00dcniversiteye \u0130lk Ad\u0131m\u2019 g\u00fcn\u00fcyle ba\u015flad\u0131. Merkez K\u00fct\u00fcphane\u2019de bulunan B\u00fcy\u00fck Salon\u2019da ger\u00e7ekle\u015ftirilen \u2018Sabah Bulu\u015fmas\u0131 ve Tan\u0131\u015fma\u2019 program\u0131yla ba\u015flayan etkinlikte, \u00e7ocuklarla tan\u0131\u015f\u0131ld\u0131 ve etkinli\u011fin i\u015fleyi\u015fi hakk\u0131nda ailelere bilgi verildi. Aileleriyle vedala\u015fan \u00e7ocuklar i\u00e7in gerekli g\u00fcvenlik \u00f6nlemleri al\u0131nd\u0131ktan sonra geziye ba\u015fland\u0131.<\/p>\n\n\n\n<p><strong>Gezerek \u00d6\u011frenme<\/strong><\/p>\n\n\n\n<p>Merkez K\u00fct\u00fcphane\u2019de ba\u015flayan gezide \u00e7ocuklara; k\u00fct\u00fcphane ar\u015fivi, dijitalle\u015ftirme birimi, okuma salonlar\u0131 ve engelsiz bilgi merkezi gezdirildi ve bu birimler hakk\u0131nda \u00e7e\u015fitli bilgiler verildi. K\u00fct\u00fcphanenin ard\u0131ndan \u2018Tarihi Beyaz\u0131t Kap\u0131s\u0131\u2019 ve \u2018Ana Kamp\u00fcs\u2019 hakk\u0131nda bilgi verildi.<\/p>\n\n\n<div class=\"wp-block-image\">\n<figure class=\"aligncenter size-large\"><img decoding=\"async\" width=\"1024\" height=\"683\" src=\"https:\/\/iletim.istanbul.edu.tr\/wp-content\/uploads\/img-3576-1-1024x683.jpg\" alt=\"\" class=\"wp-image-27762\" srcset=\"https:\/\/iletim.istanbul.edu.tr\/wp-content\/uploads\/img-3576-1-1024x683.jpg 1024w, https:\/\/iletim.istanbul.edu.tr\/wp-content\/uploads\/img-3576-1-300x200.jpg 300w, https:\/\/iletim.istanbul.edu.tr\/wp-content\/uploads\/img-3576-1-768x512.jpg 768w, https:\/\/iletim.istanbul.edu.tr\/wp-content\/uploads\/img-3576-1-1536x1024.jpg 1536w, https:\/\/iletim.istanbul.edu.tr\/wp-content\/uploads\/img-3576-1-2048x1366.jpg 2048w, https:\/\/iletim.istanbul.edu.tr\/wp-content\/uploads\/img-3576-1-750x500.jpg 750w, https:\/\/iletim.istanbul.edu.tr\/wp-content\/uploads\/img-3576-1-1140x760.jpg 1140w\" sizes=\"(max-width: 1024px) 100vw, 1024px\" \/><\/figure><\/div>\n\n\n<p><strong>\u201cEczac\u0131 Kimdir?\u201d<\/strong><\/p>\n\n\n\n<p>Eczac\u0131l\u0131k Fak\u00fcltesi ile devam eden gezide Do\u00e7. Dr. Burcu \u015een, \u00e7ocuklara eczac\u0131l\u0131k ve ila\u00e7lar hakk\u0131nda bir sunum ger\u00e7ekle\u015ftirdi. \u015een, sunumuna \u2018Eczac\u0131 kimdir?\u2019 sorusunu y\u00f6nelterek ba\u015flad\u0131. Eczac\u0131l\u0131\u011f\u0131n tarihteki ve g\u00fcn\u00fcm\u00fczdeki yeri hakk\u0131nda \u00e7ocuklar\u0131n sorular\u0131 yan\u0131tland\u0131 ve ard\u0131ndan laboratuvar etkinli\u011fi yap\u0131ld\u0131.<\/p>\n\n\n<div class=\"wp-block-image\">\n<figure class=\"aligncenter size-large\"><img decoding=\"async\" width=\"1024\" height=\"683\" src=\"https:\/\/iletim.istanbul.edu.tr\/wp-content\/uploads\/img-3643-1-1024x683.jpg\" alt=\"\" class=\"wp-image-27761\" srcset=\"https:\/\/iletim.istanbul.edu.tr\/wp-content\/uploads\/img-3643-1-1024x683.jpg 1024w, https:\/\/iletim.istanbul.edu.tr\/wp-content\/uploads\/img-3643-1-300x200.jpg 300w, https:\/\/iletim.istanbul.edu.tr\/wp-content\/uploads\/img-3643-1-768x512.jpg 768w, https:\/\/iletim.istanbul.edu.tr\/wp-content\/uploads\/img-3643-1-1536x1024.jpg 1536w, https:\/\/iletim.istanbul.edu.tr\/wp-content\/uploads\/img-3643-1-2048x1365.jpg 2048w, https:\/\/iletim.istanbul.edu.tr\/wp-content\/uploads\/img-3643-1-750x500.jpg 750w, https:\/\/iletim.istanbul.edu.tr\/wp-content\/uploads\/img-3643-1-1140x760.jpg 1140w\" sizes=\"(max-width: 1024px) 100vw, 1024px\" \/><\/figure><\/div>\n\n\n<p><strong>\u201cUzay\u0131n Derinliklerine Bak\u0131\u015f\u201d<\/strong><\/p>\n\n\n\n<p>Yemek molas\u0131n\u0131n ard\u0131ndan \u0130stanbul \u00dcniversitesi G\u00f6zlemevi Uygulama ve Ara\u015ft\u0131rma Merkezi gezisi ger\u00e7ekle\u015ftirildi. Planetaryumda \u00e7ocuklara izletilen belgeselin ard\u0131ndan g\u00fcn sonu de\u011ferlendirmesi yap\u0131larak \u2018\u00dcniversiteye \u0130lk Ad\u0131m\u2019 g\u00fcn\u00fc tamamland\u0131.<\/p>\n\n\n<div class=\"wp-block-image\">\n<figure class=\"aligncenter size-large\"><img decoding=\"async\" width=\"1024\" height=\"683\" src=\"https:\/\/iletim.istanbul.edu.tr\/wp-content\/uploads\/img-3651-1-1024x683.jpg\" alt=\"\" class=\"wp-image-27755\" srcset=\"https:\/\/iletim.istanbul.edu.tr\/wp-content\/uploads\/img-3651-1-1024x683.jpg 1024w, https:\/\/iletim.istanbul.edu.tr\/wp-content\/uploads\/img-3651-1-300x200.jpg 300w, https:\/\/iletim.istanbul.edu.tr\/wp-content\/uploads\/img-3651-1-768x512.jpg 768w, https:\/\/iletim.istanbul.edu.tr\/wp-content\/uploads\/img-3651-1-1536x1024.jpg 1536w, https:\/\/iletim.istanbul.edu.tr\/wp-content\/uploads\/img-3651-1-2048x1365.jpg 2048w, https:\/\/iletim.istanbul.edu.tr\/wp-content\/uploads\/img-3651-1-750x500.jpg 750w, https:\/\/iletim.istanbul.edu.tr\/wp-content\/uploads\/img-3651-1-1140x760.jpg 1140w\" sizes=\"(max-width: 1024px) 100vw, 1024px\" \/><\/figure><\/div>","protected":false},"excerpt":{"rendered":"<p>Haber: Berk Balc\u0131 Foto\u011fraf: Berk Balc\u0131 Edit\u00f6r: Ece \u00d6zdemir \u0130stanbul, (\u0130\u00dc Haber Merkezi) &#8211; \u0130stanbul \u00dcniversitesi K\u0131\u015f Okulu Etkinli\u011fi \u201c\u00dcniversiteye \u0130lk Ad\u0131m\u201d g\u00fcn\u00fcyle ba\u015flad\u0131. \u0130stanbul \u00dcniversitesi \u00c7ocuk \u00dcniversitesi taraf\u0131ndan y\u00fcr\u00fct\u00fclen K\u0131\u015f Okulu Etkinli\u011fi, \u2018\u00dcniversiteye \u0130lk Ad\u0131m\u2019 g\u00fcn\u00fcyle ba\u015flad\u0131. Merkez K\u00fct\u00fcphane\u2019de bulunan B\u00fcy\u00fck Salon\u2019da ger\u00e7ekle\u015ftirilen \u2018Sabah Bulu\u015fmas\u0131 ve Tan\u0131\u015fma\u2019 program\u0131yla ba\u015flayan etkinlikte, \u00e7ocuklarla tan\u0131\u015f\u0131ld\u0131 ve etkinli\u011fin [&hellip;]<\/p>\n","protected":false},"author":14,"featured_media":27756,"comment_status":"closed","ping_status":"open","sticky":false,"template":"","format":"standard","meta":{"jnews-multi-image_gallery":[],"jnews_single_post":{"format":"standard"},"jnews_primary_category":[],"jnews_social_meta":[],"jnews_override_counter":[],"footnotes":""},"categories":[25,1,34,2085,2348,35],"tags":[3271,3844,3353,43,3845],"class_list":["post-27754","post","type-post","status-publish","format-standard","has-post-thumbnail","hentry","category-egitim","category-genel","category-universite","category-manset-haber","category-manset-yani","category-yasam","tag-berk-balci","tag-cocuk-universitesi","tag-ece-ozdemir","tag-istanbul-universitesi","tag-kis-okulu"],"_links":{"self":[{"href":"https:\/\/iletim.istanbul.edu.tr\/index.php\/wp-json\/wp\/v2\/posts\/27754","targetHints":{"allow":["GET"]}}],"collection":[{"href":"https:\/\/iletim.istanbul.edu.tr\/index.php\/wp-json\/wp\/v2\/posts"}],"about":[{"href":"https:\/\/iletim.istanbul.edu.tr\/index.php\/wp-json\/wp\/v2\/types\/post"}],"author":[{"embeddable":true,"href":"https:\/\/iletim.istanbul.edu.tr\/index.php\/wp-json\/wp\/v2\/users\/14"}],"replies":[{"embeddable":true,"href":"https:\/\/iletim.istanbul.edu.tr\/index.php\/wp-json\/wp\/v2\/comments?post=27754"}],"version-history":[{"count":2,"href":"https:\/\/iletim.istanbul.edu.tr\/index.php\/wp-json\/wp\/v2\/posts\/27754\/revisions"}],"predecessor-version":[{"id":27763,"href":"https:\/\/iletim.istanbul.edu.tr\/index.php\/wp-json\/wp\/v2\/posts\/27754\/revisions\/27763"}],"wp:featuredmedia":[{"embeddable":true,"href":"https:\/\/iletim.istanbul.edu.tr\/index.php\/wp-json\/wp\/v2\/media\/27756"}],"wp:attachment":[{"href":"https:\/\/iletim.istanbul.edu.tr\/index.php\/wp-json\/wp\/v2\/media?parent=27754"}],"wp:term":[{"taxonomy":"category","embeddable":true,"href":"https:\/\/iletim.istanbul.edu.tr\/index.php\/wp-json\/wp\/v2\/categories?post=27754"},{"taxonomy":"post_tag","embeddable":true,"href":"https:\/\/iletim.istanbul.edu.tr\/index.php\/wp-json\/wp\/v2\/tags?post=27754"}],"curies":[{"name":"wp","href":"https:\/\/api.w.org\/{rel}","templated":true}]}}