{"id":28274,"date":"2026-03-09T17:30:09","date_gmt":"2026-03-09T14:30:09","guid":{"rendered":"https:\/\/iletim.istanbul.edu.tr\/?p=28274"},"modified":"2026-03-09T17:30:54","modified_gmt":"2026-03-09T14:30:54","slug":"gazetecilikte-yapay-zeka-kullanimi-konusuldu","status":"publish","type":"post","link":"https:\/\/iletim.istanbul.edu.tr\/index.php\/2026\/03\/09\/gazetecilikte-yapay-zeka-kullanimi-konusuldu\/","title":{"rendered":"Gazetecilikte Yapay Zek\u00e2 Kullan\u0131m\u0131 Konu\u015fuldu"},"content":{"rendered":"\n<p><strong>Haber: Ebrar S\u00fceda \u00dcnalan&nbsp;<\/strong><\/p>\n\n\n\n<p><strong>Foto\u011fraf: Zeynep Yolhan \u015eeflek<\/strong><\/p>\n\n\n\n<p><strong>Edit\u00f6r: \u00d6zg\u00fcr Recep Kocao\u011flu<\/strong><\/p>\n\n\n\n<p><strong>\u0130stanbul, (\u0130\u00dc Haber Merkezi) &#8211; \u0130stanbul \u00dcniversitesi \u0130leti\u015fim Fak\u00fcltesi\u2019nde Prof. Dr. Ay\u015fe Ceyda Ilgaz B\u00fcy\u00fckbaykal\u2019\u0131n verdi\u011fi Dijital \u00c7a\u011fda Gazetecilik T\u00fcrleri dersine \u00d6\u011fr. G\u00f6r. Zuhal S\u00f6nmezer konuk oldu.\u00a0<\/strong><\/p>\n\n\n\n<p>\u0130stanbul \u00dcniversitesi (\u0130\u00dc) \u0130leti\u015fim Fak\u00fcltesi&#8217;nde Gazetecilik B\u00f6l\u00fcm\u00fc \u00d6\u011fretim \u00dcyesi Prof. Dr. Ay\u015fe Ceyda Ilgaz B\u00fcy\u00fckbaykal taraf\u0131ndan y\u00fcr\u00fct\u00fclen Dijital \u00c7a\u011fda Gazetecilik T\u00fcrleri dersine \u00d6\u011fr. G\u00f6r. Zuhal S\u00f6nmezer kat\u0131ld\u0131. S\u00f6nmezer, yapay zek\u00e2 gazetecili\u011fi konusunda bildiklerini aktard\u0131.<\/p>\n\n\n\n<p><strong>\u201cYarat\u0131c\u0131 s\u00fcrecinizi \u00f6ld\u00fcrebilir\u201d<\/strong><\/p>\n\n\n\n<p>Yapay zek\u00e2n\u0131n analiz yetene\u011finden bahseden S\u00f6nmezer, as\u0131l problemin analiz k\u0131sm\u0131nda ba\u015flad\u0131\u011f\u0131n\u0131 belirtti. Yapay zek\u00e2n\u0131n kendisine verilen komutlar ve toplama verilerle hareket eden bir zek\u00e2 oldu\u011funu s\u00f6yleyen S\u00f6nmezer, insan dokunu\u015funun \u00f6nemini vurgulad\u0131.&nbsp;<\/p>\n\n\n\n<p>Bir\u00e7ok alanda yapay zek\u00e2 ile kar\u015f\u0131la\u015f\u0131ld\u0131\u011f\u0131n\u0131 anlatan S\u00f6nmezer, iyi y\u00f6nleri oldu\u011fu gibi k\u00f6t\u00fc y\u00f6nlerinin oldu\u011fundan da bahsetti. S\u00f6nmezer, yapay zek\u00e2n\u0131n yarat\u0131c\u0131 s\u00fcre\u00e7leri \u00f6ld\u00fcrebilecek bir teknoloji oldu\u011funu da s\u00f6yledi.&nbsp;<\/p>\n\n\n\n<p>Yapay zek\u00e2n\u0131n 3-6 ay aras\u0131nda yenilendi\u011finden bahseden S\u00f6nmezer, sohbetlerin silinse dahi bellekte kald\u0131\u011f\u0131n\u0131 aktard\u0131. S\u00f6nmezer, yapay zek\u00e2 ile bilgi payla\u015f\u0131m\u0131n\u0131n temkinli bir \u015fekilde yap\u0131lmas\u0131 gerekti\u011finden bahsetti.&nbsp;<\/p>\n\n\n<div class=\"wp-block-image\">\n<figure class=\"aligncenter size-large is-resized\"><img decoding=\"async\" width=\"2074\" height=\"1382\" src=\"https:\/\/iletim.istanbul.edu.tr\/wp-content\/uploads\/img-0512-1-1-edited.jpg\" alt=\"\" class=\"wp-image-28278\" style=\"width:796px;height:auto\" srcset=\"https:\/\/iletim.istanbul.edu.tr\/wp-content\/uploads\/img-0512-1-1-edited.jpg 2074w, https:\/\/iletim.istanbul.edu.tr\/wp-content\/uploads\/img-0512-1-1-edited-300x200.jpg 300w, https:\/\/iletim.istanbul.edu.tr\/wp-content\/uploads\/img-0512-1-1-edited-1024x682.jpg 1024w, https:\/\/iletim.istanbul.edu.tr\/wp-content\/uploads\/img-0512-1-1-edited-768x512.jpg 768w, https:\/\/iletim.istanbul.edu.tr\/wp-content\/uploads\/img-0512-1-1-edited-1536x1024.jpg 1536w, https:\/\/iletim.istanbul.edu.tr\/wp-content\/uploads\/img-0512-1-1-edited-2048x1365.jpg 2048w, https:\/\/iletim.istanbul.edu.tr\/wp-content\/uploads\/img-0512-1-1-edited-750x500.jpg 750w, https:\/\/iletim.istanbul.edu.tr\/wp-content\/uploads\/img-0512-1-1-edited-1140x760.jpg 1140w\" sizes=\"(max-width: 2074px) 100vw, 2074px\" \/><figcaption class=\"wp-element-caption\">\u00d6\u011fr. G\u00f6r. Zuhal S\u00f6nmezer<\/figcaption><\/figure><\/div>\n\n\n<p><strong>Veri toplama ve analiz teyiti<\/strong><\/p>\n\n\n\n<p>Yapay zek\u00e2n\u0131n t\u00fcrlere ayr\u0131ld\u0131\u011f\u0131n\u0131 s\u00f6yleyen S\u00f6nmezer, bug\u00fcn i\u00e7inde bulundu\u011fumuz yapay zek\u00e2n\u0131n dar yapay zeka oldu\u011funu ifade etti. S\u00f6nmezer, d\u00fc\u015f\u00fcnmek istemeyen kitlelerin dar yapay zek\u00e2n\u0131n pe\u015finde oldu\u011funu belirtti.&nbsp;<\/p>\n\n\n\n<p>Yapay zek\u00e2 gazetecili\u011finde yap\u0131lmas\u0131 gereken \u015feylere de\u011finen S\u00f6nmezer, veri toplama ve analizin \u00f6nemine de\u011findi. Yapay zek\u00e2n\u0131n veri toplamak i\u00e7in g\u00fczel bir ara\u00e7 oldu\u011funu s\u00f6yleyen S\u00f6nmezer, toplan\u0131lan verilerin teyitinin yap\u0131lmas\u0131 gerekti\u011fini anlatt\u0131.&nbsp;<\/p>\n\n\n\n<p>Yapay zek\u00e2n\u0131n asistan olarak kullan\u0131lmas\u0131 gerekti\u011fini ifade eden S\u00f6nmezer, \u00f6n plana \u00e7\u0131kmak i\u00e7in kendimizi geli\u015ftirmemiz gerekti\u011fini aktard\u0131. S\u00f6nmezer, habercilikte h\u0131z kavram\u0131n\u0131n \u00e7ok \u00f6nemli oldu\u011funu ancak yapay zek\u00e2 taraf\u0131ndan \u00fcretilen i\u00e7eriklerin kontrol edilmeden yay\u0131mlanmamas\u0131 gerekti\u011fini s\u00f6yledi.<\/p>\n\n\n<div class=\"wp-block-image\">\n<figure class=\"aligncenter size-large is-resized\"><img decoding=\"async\" width=\"1024\" height=\"683\" src=\"https:\/\/iletim.istanbul.edu.tr\/wp-content\/uploads\/img-0518-1-1024x683.jpg\" alt=\"\" class=\"wp-image-28279\" style=\"width:718px;height:auto\" srcset=\"https:\/\/iletim.istanbul.edu.tr\/wp-content\/uploads\/img-0518-1-1024x683.jpg 1024w, https:\/\/iletim.istanbul.edu.tr\/wp-content\/uploads\/img-0518-1-300x200.jpg 300w, https:\/\/iletim.istanbul.edu.tr\/wp-content\/uploads\/img-0518-1-768x512.jpg 768w, https:\/\/iletim.istanbul.edu.tr\/wp-content\/uploads\/img-0518-1-1536x1024.jpg 1536w, https:\/\/iletim.istanbul.edu.tr\/wp-content\/uploads\/img-0518-1-2048x1365.jpg 2048w, https:\/\/iletim.istanbul.edu.tr\/wp-content\/uploads\/img-0518-1-750x500.jpg 750w, https:\/\/iletim.istanbul.edu.tr\/wp-content\/uploads\/img-0518-1-1140x760.jpg 1140w\" sizes=\"(max-width: 1024px) 100vw, 1024px\" \/><\/figure><\/div>\n\n\n<p><strong>Teknolojinin gazetecili\u011fe etkisi<\/strong><\/p>\n\n\n\n<p>Algoritman\u0131n bizi y\u00f6nlendirdi\u011fi konusuna de\u011finen S\u00f6nmezer, odak s\u00fcresinin de d\u00fc\u015ft\u00fc\u011f\u00fcn\u00fc s\u00f6yledi. Sosyal medya habercili\u011finden bahseden S\u00f6nmezer, haberin \u00f6z\u00fcne de\u011fil de hap habere bak\u0131ld\u0131\u011f\u0131n\u0131 aktard\u0131.<\/p>\n\n\n\n<p>Gazetecilikte yanl\u0131\u015f bilgi yay\u0131l\u0131m\u0131ndan bahseden S\u00f6nmezer, etik kurallara dikkat edilmesi gerekti\u011fini belirtti. Haberlerin do\u011fru bir \u015fekilde yap\u0131lmas\u0131n\u0131n \u00f6nemine dikkat \u00e7eken S\u00f6nmezer, i\u015flerini do\u011fru yapan \u00e7al\u0131\u015fanlar\u0131n teknolojiden \u00e7ok etkilenmeyece\u011finden bahsetti.&nbsp;<\/p>\n\n\n\n<p>Teknolojinin istihdam oran\u0131n\u0131 d\u00fc\u015f\u00fcrd\u00fc\u011f\u00fcnden bahseden S\u00f6nmezer, teknolojiyi do\u011fru kullanmak gerekti\u011fini aktard\u0131. Ara\u015ft\u0131rma tekniklerinin de\u011fi\u015fti\u011fini anlatan S\u00f6nmezer, bunun ola\u011fan bir durum oldu\u011funu belirtti.&nbsp;<\/p>\n\n\n<div class=\"wp-block-image\">\n<figure class=\"aligncenter size-large is-resized\"><img decoding=\"async\" width=\"1024\" height=\"683\" src=\"https:\/\/iletim.istanbul.edu.tr\/wp-content\/uploads\/img-0453-1-1024x683.jpg\" alt=\"\" class=\"wp-image-28275\" style=\"width:742px;height:auto\" srcset=\"https:\/\/iletim.istanbul.edu.tr\/wp-content\/uploads\/img-0453-1-1024x683.jpg 1024w, https:\/\/iletim.istanbul.edu.tr\/wp-content\/uploads\/img-0453-1-300x200.jpg 300w, https:\/\/iletim.istanbul.edu.tr\/wp-content\/uploads\/img-0453-1-768x512.jpg 768w, https:\/\/iletim.istanbul.edu.tr\/wp-content\/uploads\/img-0453-1-1536x1024.jpg 1536w, https:\/\/iletim.istanbul.edu.tr\/wp-content\/uploads\/img-0453-1-2048x1365.jpg 2048w, https:\/\/iletim.istanbul.edu.tr\/wp-content\/uploads\/img-0453-1-750x500.jpg 750w, https:\/\/iletim.istanbul.edu.tr\/wp-content\/uploads\/img-0453-1-1140x760.jpg 1140w\" sizes=\"(max-width: 1024px) 100vw, 1024px\" \/><\/figure><\/div>\n\n\n<p><strong>Yapay zek\u00e2 ve insan dokunu\u015fu<\/strong><\/p>\n\n\n\n<p>S\u00f6nmezer, yapay zek\u00e2n\u0131n gelecekte dar alandan \u00e7\u0131k\u0131p ger\u00e7ekten analiz yapmaya ba\u015flayaca\u011f\u0131n\u0131 ifade etti. Do\u011fru bilgiye ula\u015fmak i\u00e7in insan dokunu\u015funa olan ihtiyac\u0131n \u00f6nemini anlatan S\u00f6nmezer, her bilginin s\u00fcrekli do\u011frulanmas\u0131 gerekti\u011fini vurgulad\u0131.&nbsp;<\/p>\n\n\n\n<p><\/p>\n","protected":false},"excerpt":{"rendered":"<p>Haber: Ebrar S\u00fceda \u00dcnalan&nbsp; Foto\u011fraf: Zeynep Yolhan \u015eeflek Edit\u00f6r: \u00d6zg\u00fcr Recep Kocao\u011flu \u0130stanbul, (\u0130\u00dc Haber Merkezi) &#8211; \u0130stanbul \u00dcniversitesi \u0130leti\u015fim Fak\u00fcltesi\u2019nde Prof. Dr. Ay\u015fe Ceyda Ilgaz B\u00fcy\u00fckbaykal\u2019\u0131n verdi\u011fi Dijital \u00c7a\u011fda Gazetecilik T\u00fcrleri dersine \u00d6\u011fr. G\u00f6r. Zuhal S\u00f6nmezer konuk oldu.\u00a0 \u0130stanbul \u00dcniversitesi (\u0130\u00dc) \u0130leti\u015fim Fak\u00fcltesi&#8217;nde Gazetecilik B\u00f6l\u00fcm\u00fc \u00d6\u011fretim \u00dcyesi Prof. Dr. Ay\u015fe Ceyda Ilgaz B\u00fcy\u00fckbaykal taraf\u0131ndan [&hellip;]<\/p>\n","protected":false},"author":14,"featured_media":28279,"comment_status":"closed","ping_status":"open","sticky":false,"template":"","format":"standard","meta":{"jnews-multi-image_gallery":[],"jnews_single_post":{"format":"standard"},"jnews_primary_category":[],"jnews_social_meta":[],"jnews_override_counter":[],"footnotes":""},"categories":[25,1,159,28,34,178,2085,2348,35],"tags":[1716,3976,3975,40,43,3218,193,389,485,3570,3043],"class_list":["post-28274","post","type-post","status-publish","format-standard","has-post-thumbnail","hentry","category-egitim","category-genel","category-sag-manset","category-istanbul","category-universite","category-fakultemizden","category-manset-haber","category-manset-yani","category-yasam","tag-algoritma","tag-ayse-ceyda-ilgaz-buyukbaykal","tag-ebrar-sueda-unalan-2","tag-iletisim-fakultesi","tag-istanbul-universitesi","tag-ozgur-recep-kocaoglu","tag-sosyal-medya","tag-teknoloji","tag-yapay-zeka","tag-zeynep-yolhan-seflek","tag-zuhal-sonmezer"],"_links":{"self":[{"href":"https:\/\/iletim.istanbul.edu.tr\/index.php\/wp-json\/wp\/v2\/posts\/28274","targetHints":{"allow":["GET"]}}],"collection":[{"href":"https:\/\/iletim.istanbul.edu.tr\/index.php\/wp-json\/wp\/v2\/posts"}],"about":[{"href":"https:\/\/iletim.istanbul.edu.tr\/index.php\/wp-json\/wp\/v2\/types\/post"}],"author":[{"embeddable":true,"href":"https:\/\/iletim.istanbul.edu.tr\/index.php\/wp-json\/wp\/v2\/users\/14"}],"replies":[{"embeddable":true,"href":"https:\/\/iletim.istanbul.edu.tr\/index.php\/wp-json\/wp\/v2\/comments?post=28274"}],"version-history":[{"count":1,"href":"https:\/\/iletim.istanbul.edu.tr\/index.php\/wp-json\/wp\/v2\/posts\/28274\/revisions"}],"predecessor-version":[{"id":28280,"href":"https:\/\/iletim.istanbul.edu.tr\/index.php\/wp-json\/wp\/v2\/posts\/28274\/revisions\/28280"}],"wp:featuredmedia":[{"embeddable":true,"href":"https:\/\/iletim.istanbul.edu.tr\/index.php\/wp-json\/wp\/v2\/media\/28279"}],"wp:attachment":[{"href":"https:\/\/iletim.istanbul.edu.tr\/index.php\/wp-json\/wp\/v2\/media?parent=28274"}],"wp:term":[{"taxonomy":"category","embeddable":true,"href":"https:\/\/iletim.istanbul.edu.tr\/index.php\/wp-json\/wp\/v2\/categories?post=28274"},{"taxonomy":"post_tag","embeddable":true,"href":"https:\/\/iletim.istanbul.edu.tr\/index.php\/wp-json\/wp\/v2\/tags?post=28274"}],"curies":[{"name":"wp","href":"https:\/\/api.w.org\/{rel}","templated":true}]}}