{"id":28281,"date":"2026-03-09T18:38:23","date_gmt":"2026-03-09T15:38:23","guid":{"rendered":"https:\/\/iletim.istanbul.edu.tr\/?p=28281"},"modified":"2026-03-09T18:40:30","modified_gmt":"2026-03-09T15:40:30","slug":"yapay-zeka-ve-dezenformasyon-tehlikesi-ele-alindi","status":"publish","type":"post","link":"https:\/\/iletim.istanbul.edu.tr\/index.php\/2026\/03\/09\/yapay-zeka-ve-dezenformasyon-tehlikesi-ele-alindi\/","title":{"rendered":"Yapay Zek\u00e2 ve Dezenformasyon Tehlikesi Ele Al\u0131nd\u0131"},"content":{"rendered":"\n<p><strong>Haber: Muhammed Akt\u0131<\/strong><\/p>\n\n\n\n<p><strong>Foto\u011fraf: Merve Kutan<\/strong><\/p>\n\n\n\n<p><strong>Edit\u00f6r: \u00d6zg\u00fcr Recep Kocao\u011flu<\/strong><\/p>\n\n\n\n<p><strong>\u0130stanbul, (\u0130\u00dc Haber Merkezi) &#8211; \u0130stanbul \u00dcniversitesi \u0130leti\u015fim Fak\u00fcltesi&#8217;nde, Do\u00e7. Dr. Burcu Zeybek&#8217;in verdi\u011fi Uluslararas\u0131 Kamu Diplomasisi dersine Anadolu Ajans\u0131 Teyit Hatt\u0131 M\u00fcd\u00fcr\u00fc \u00d6mer Faruk G\u00f6r\u00e7in konuk oldu<\/strong>.<\/p>\n\n\n\n<p>\u0130stanbul \u00dcniversitesi (\u0130\u00dc) \u0130leti\u015fim Fak\u00fcltesi Halkla \u0130li\u015fkiler ve Tan\u0131t\u0131m B\u00f6l\u00fcm\u00fc \u00d6\u011fretim \u00dcyesi Do\u00e7. Dr. Burcu Zeybek taraf\u0131ndan y\u00fcr\u00fct\u00fclen Uluslararas\u0131 Kamu Diplomasisi dersine Anadolu Ajans\u0131 Teyit Hatt\u0131 M\u00fcd\u00fcr\u00fc \u00d6mer Faruk G\u00f6r\u00e7in konuk oldu. G\u00f6r\u00e7in, ABD\/\u0130srail &#8211; \u0130ran Sava\u015f\u0131\u2019ndaki dezenformatif i\u00e7erikler konu\u015fuldu.<\/p>\n\n\n\n<p><strong>Dijital yay\u0131nc\u0131l\u0131k ve ger\u00e7eklik alg\u0131s\u0131<\/strong><\/p>\n\n\n\n<p>G\u00f6r\u00e7in, s\u00f6zlerine dijital yay\u0131nc\u0131l\u0131k \u00e7a\u011f\u0131nda ger\u00e7eklik alg\u0131s\u0131n\u0131n de\u011fi\u015fti\u011fine dikkat \u00e7ekerek ba\u015flad\u0131. G\u00fcn\u00fcm\u00fczde insanlar\u0131n ger\u00e7eklikle olan ili\u015fkisinin b\u00fcy\u00fck \u00f6l\u00e7\u00fcde dijital platformlar \u00fczerinden kuruldu\u011funu belirten G\u00f6r\u00e7in, \u201cArt\u0131k ger\u00e7eklik alg\u0131m\u0131z\u0131n ve hayata olan etkile\u015fimimizin \u00f6nemli bir k\u0131sm\u0131n\u0131 y\u00fcz y\u00fcze ili\u015fkiler yerine telefonlar\u0131m\u0131z \u00fczerinden kuruyoruz\u201d dedi.&nbsp;<\/p>\n\n\n\n<p>Sosyal medya platformlar\u0131n\u0131n haber alma ve ileti\u015fimde \u00f6nemli bir rol \u00fcstlendi\u011fini vurgulayan G\u00f6r\u00e7in; bireylerin \u00e7o\u011fu zaman WhatsApp, Twitter, Instagram ve TikTok gibi platformlar arac\u0131l\u0131\u011f\u0131yla bilgiye ula\u015ft\u0131\u011f\u0131n\u0131 ifade etti.<\/p>\n\n\n<div class=\"wp-block-image\">\n<figure class=\"aligncenter size-large is-resized\"><img decoding=\"async\" width=\"1024\" height=\"683\" src=\"https:\/\/iletim.istanbul.edu.tr\/wp-content\/uploads\/img-0649-1-1024x683.jpg\" alt=\"\" class=\"wp-image-28286\" style=\"width:750px;height:auto\" srcset=\"https:\/\/iletim.istanbul.edu.tr\/wp-content\/uploads\/img-0649-1-1024x683.jpg 1024w, https:\/\/iletim.istanbul.edu.tr\/wp-content\/uploads\/img-0649-1-300x200.jpg 300w, https:\/\/iletim.istanbul.edu.tr\/wp-content\/uploads\/img-0649-1-768x512.jpg 768w, https:\/\/iletim.istanbul.edu.tr\/wp-content\/uploads\/img-0649-1-1536x1024.jpg 1536w, https:\/\/iletim.istanbul.edu.tr\/wp-content\/uploads\/img-0649-1-2048x1365.jpg 2048w, https:\/\/iletim.istanbul.edu.tr\/wp-content\/uploads\/img-0649-1-750x500.jpg 750w, https:\/\/iletim.istanbul.edu.tr\/wp-content\/uploads\/img-0649-1-1140x760.jpg 1140w\" sizes=\"(max-width: 1024px) 100vw, 1024px\" \/><figcaption class=\"wp-element-caption\">Anadolu Ajans\u0131 Teyit Hatt\u0131 M\u00fcd\u00fcr\u00fc \u00d6mer Faruk G\u00f6r\u00e7in<\/figcaption><\/figure><\/div>\n\n\n<p><strong>Dijital hik\u00e2ye anlat\u0131c\u0131l\u0131\u011f\u0131n\u0131n artan \u00f6nemi<\/strong><\/p>\n\n\n\n<p>G\u00f6r\u00e7in, dijital hik\u00e2ye anlat\u0131c\u0131l\u0131\u011f\u0131n\u0131n g\u00fcn\u00fcm\u00fczde giderek daha \u00f6nemli h\u00e2le geldi\u011fini belirtti. D\u00fcnya n\u00fcfusunun yakla\u015f\u0131k y\u00fczde 70\u2019inin internet kulland\u0131\u011f\u0131n\u0131 hat\u0131rlatan G\u00f6r\u00e7in, kamusal alana giri\u015f kap\u0131s\u0131n\u0131n art\u0131k b\u00fcy\u00fck \u00f6l\u00e7\u00fcde internet oldu\u011funu s\u00f6yledi. Ge\u00e7mi\u015fte televizyon ve gazetelerin ana bilgi kaynaklar\u0131 oldu\u011funu ifade eden G\u00f6r\u00e7in, \u201cBug\u00fcn bir sosyal medya payla\u015f\u0131m\u0131 veya yorum, milyonlarca ki\u015fiye ula\u015fabiliyor. Bu durum bireyleri tarihte hi\u00e7 olmad\u0131\u011f\u0131 kadar etkili bir konuma getiriyor\u201d diye konu\u015ftu.<\/p>\n\n\n\n<p><strong>R\u0131za in\u015fas\u0131 ve tarihsel \u00f6rnekler<\/strong><\/p>\n\n\n\n<p>G\u00f6r\u00e7in, kamuoyunun y\u00f6nlendirilmesi ve r\u0131za \u00fcretiminin tarih boyunca farkl\u0131 ara\u00e7larla ger\u00e7ekle\u015ftirildi\u011fini ifade etti. Roma d\u00f6neminden \u00f6rnek veren G\u00f6r\u00e7in, Octavianus\u2019un rakibi Marcus\u2019a kar\u015f\u0131 propaganda yapmak amac\u0131yla paralar\u0131n \u00fczerine mesajlar bast\u0131rd\u0131\u011f\u0131n\u0131 anlatt\u0131. G\u00fcn\u00fcm\u00fczde ise bu etkinin b\u00fcy\u00fck \u00f6l\u00e7\u00fcde dijital platformlar \u00fczerinden kuruldu\u011funu belirten G\u00f6r\u00e7in, telefonlar\u0131n modern \u00e7a\u011f\u0131n en g\u00fc\u00e7l\u00fc ileti\u015fim ara\u00e7lar\u0131ndan biri h\u00e2line geldi\u011fini s\u00f6yledi.<\/p>\n\n\n<div class=\"wp-block-image\">\n<figure class=\"aligncenter size-large is-resized\"><img decoding=\"async\" width=\"1024\" height=\"683\" src=\"https:\/\/iletim.istanbul.edu.tr\/wp-content\/uploads\/img-0652-1024x683.jpg\" alt=\"\" class=\"wp-image-28284\" style=\"width:766px;height:auto\" srcset=\"https:\/\/iletim.istanbul.edu.tr\/wp-content\/uploads\/img-0652-1024x683.jpg 1024w, https:\/\/iletim.istanbul.edu.tr\/wp-content\/uploads\/img-0652-300x200.jpg 300w, https:\/\/iletim.istanbul.edu.tr\/wp-content\/uploads\/img-0652-768x512.jpg 768w, https:\/\/iletim.istanbul.edu.tr\/wp-content\/uploads\/img-0652-1536x1024.jpg 1536w, https:\/\/iletim.istanbul.edu.tr\/wp-content\/uploads\/img-0652-2048x1365.jpg 2048w, https:\/\/iletim.istanbul.edu.tr\/wp-content\/uploads\/img-0652-750x500.jpg 750w, https:\/\/iletim.istanbul.edu.tr\/wp-content\/uploads\/img-0652-1140x760.jpg 1140w\" sizes=\"(max-width: 1024px) 100vw, 1024px\" \/><figcaption class=\"wp-element-caption\">Anadolu Ajans\u0131 Teyit Hatt\u0131 M\u00fcd\u00fcr\u00fc \u00d6mer Faruk G\u00f6r\u00e7in<\/figcaption><\/figure><\/div>\n\n\n<p><strong>Yapay zek\u00e2n\u0131n manip\u00fclasyon riski<\/strong><\/p>\n\n\n\n<p>G\u00f6r\u00e7in, yapay zek\u00e2 teknolojilerinin dezenformasyon \u00fcretiminde \u00f6nemli bir ara\u00e7 haline geldi\u011fini ifade etti. Sosyal medyada payla\u015f\u0131lan baz\u0131 g\u00f6r\u00fcnt\u00fclerin yapay zek\u00e2 ile \u00fcretildi\u011fini ve ger\u00e7ekmi\u015f gibi sunulabildi\u011fini belirten G\u00f6r\u00e7in, bu t\u00fcr i\u00e7eriklerin dikkatli bir inceleme gerektirdi\u011fini s\u00f6yledi. G\u00f6r\u00e7in; gazetecilerin yaln\u0131zca sezgiyle de\u011fil, somut kan\u0131tlarla hareket etmesi gerekti\u011fini vurgulad\u0131.<\/p>\n\n\n\n<p>G\u00f6r\u00e7in, sosyal medya platformlar\u0131nda payla\u015f\u0131lan baz\u0131 g\u00f6r\u00fcnt\u00fc ve videolar\u0131n ba\u011flam\u0131ndan kopar\u0131larak farkl\u0131 olaylara aitmi\u015f gibi sunulabildi\u011fini ifade etti. \u0130ran-\u0130srail gerilimi s\u0131ras\u0131nda payla\u015f\u0131lan baz\u0131 g\u00f6r\u00fcnt\u00fclerin eski olaylardan al\u0131nd\u0131\u011f\u0131n\u0131, baz\u0131lar\u0131n ise yapay zek\u00e2 ile yap\u0131ld\u0131\u011f\u0131n\u0131 belirten G\u00f6r\u00e7in, bu t\u00fcr i\u00e7eriklerin k\u0131sa s\u00fcrede y\u00fcz binlerce ki\u015fiye ula\u015fabildi\u011fini s\u00f6yledi.<\/p>\n\n\n<div class=\"wp-block-image\">\n<figure class=\"aligncenter size-large is-resized\"><img decoding=\"async\" width=\"2560\" height=\"1707\" src=\"https:\/\/iletim.istanbul.edu.tr\/wp-content\/uploads\/img-0706-edited-scaled.jpg\" alt=\"\" class=\"wp-image-28288\" style=\"width:788px;height:auto\" srcset=\"https:\/\/iletim.istanbul.edu.tr\/wp-content\/uploads\/img-0706-edited-scaled.jpg 2560w, https:\/\/iletim.istanbul.edu.tr\/wp-content\/uploads\/img-0706-edited-300x200.jpg 300w, https:\/\/iletim.istanbul.edu.tr\/wp-content\/uploads\/img-0706-edited-1024x683.jpg 1024w, https:\/\/iletim.istanbul.edu.tr\/wp-content\/uploads\/img-0706-edited-768x512.jpg 768w, https:\/\/iletim.istanbul.edu.tr\/wp-content\/uploads\/img-0706-edited-1536x1024.jpg 1536w, https:\/\/iletim.istanbul.edu.tr\/wp-content\/uploads\/img-0706-edited-2048x1365.jpg 2048w, https:\/\/iletim.istanbul.edu.tr\/wp-content\/uploads\/img-0706-edited-750x500.jpg 750w, https:\/\/iletim.istanbul.edu.tr\/wp-content\/uploads\/img-0706-edited-1140x760.jpg 1140w\" sizes=\"(max-width: 2560px) 100vw, 2560px\" \/><figcaption class=\"wp-element-caption\">\u0130stanbul \u00dcniversitesi \u0130leti\u015fim Fak\u00fcltesi Halkla \u0130li\u015fkiler ve Tan\u0131t\u0131m B\u00f6l\u00fcm\u00fc \u00d6\u011fretim \u00dcyesi Do\u00e7. Dr. Burcu Zeybek<\/figcaption><\/figure><\/div>\n\n\n<p>Yapay zek\u00e2 teknolojilerinin geli\u015fmesiyle birlikte g\u00f6rsel ve video i\u00e7eriklerde manip\u00fclasyon riskinin artt\u0131\u011f\u0131n\u0131 belirten G\u00f6r\u00e7in, \u00f6zellikle kadraj ve \u00e7ekim hissinin ger\u00e7e\u011fe \u00e7ok yak\u0131n \u015fekilde \u00fcretilebildi\u011fine dikkat \u00e7ekti.<\/p>\n\n\n\n<p>Yapay zek\u00e2 ile \u00fcretilen baz\u0131 videolar\u0131n ilk bak\u0131\u015fta ger\u00e7ek gibi alg\u0131lanabildi\u011fini aktaran G\u00f6r\u00e7in, \u201cBir kalabal\u0131\u011f\u0131n i\u00e7indeymi\u015f gibi telefondan \u00e7ekilmi\u015f hissi veren g\u00f6r\u00fcnt\u00fcler \u00fcretilebiliyor. Bu durum, toplumsal olaylar\u0131n alg\u0131lanma bi\u00e7imini ciddi \u015fekilde etkileyebilir\u201d ifadesinde bulundu.<\/p>\n\n\n\n<p>Bu t\u00fcr i\u00e7eriklerin \u00f6zellikle toplumsal olaylar s\u0131ras\u0131nda yanl\u0131\u015f alg\u0131lar olu\u015fturabilece\u011fini ifade eden G\u00f6r\u00e7in, yapay zek\u00e2 teknolojilerinin kamuoyu \u00fczerinde g\u00fc\u00e7l\u00fc bir manip\u00fclasyon arac\u0131 h\u00e2line gelebilece\u011fini s\u00f6yledi.<\/p>\n\n\n\n<p><strong>\u201cTeyit Hatt\u0131\u201d ve dezenformasyonla m\u00fccadele<\/strong><\/p>\n\n\n\n<p>Teyit s\u00fcre\u00e7lerinin \u00f6zellikle kriz ve sava\u015f d\u00f6nemlerinde daha zor h\u00e2le geldi\u011fini belirten G\u00f6r\u00e7in, bu t\u00fcr d\u00f6nemlerde \u00e7ok say\u0131da do\u011frulanmam\u0131\u015f bilginin dola\u015f\u0131ma girdi\u011fini s\u00f6yledi.<\/p>\n\n\n\n<p>Teyit habercili\u011findeki zorluklar\u0131ndan bahseden G\u00f6r\u00e7in, yap\u0131lan haberlerdeki tepkilerin zorlu\u011funu dile getirerek yay\u0131n stratejisinin se\u00e7ilmesi gerekti\u011fini s\u00f6yleyip \u00e7ok y\u00f6nl\u00fc d\u00fc\u015f\u00fcn\u00fclmesi gerekti\u011finin alt\u0131n\u0131 \u00e7izdi.<\/p>\n\n\n\n<p>Anadolu Ajans\u0131 Teyit Hatt\u0131 M\u00fcd\u00fcr\u00fc \u00d6mer Faruk G\u00f6r\u00e7in\u2019e te\u015fekk\u00fcr belgesi takdim edilmesi ve toplu foto\u011fraf \u00e7ekimiyle ders sona erdi.<\/p>\n\n\n<div class=\"wp-block-image\">\n<figure class=\"aligncenter size-large is-resized\"><img decoding=\"async\" width=\"1024\" height=\"683\" src=\"https:\/\/iletim.istanbul.edu.tr\/wp-content\/uploads\/img-0838-1024x683.jpg\" alt=\"\" class=\"wp-image-28283\" style=\"width:832px;height:auto\" srcset=\"https:\/\/iletim.istanbul.edu.tr\/wp-content\/uploads\/img-0838-1024x683.jpg 1024w, https:\/\/iletim.istanbul.edu.tr\/wp-content\/uploads\/img-0838-300x200.jpg 300w, https:\/\/iletim.istanbul.edu.tr\/wp-content\/uploads\/img-0838-768x512.jpg 768w, https:\/\/iletim.istanbul.edu.tr\/wp-content\/uploads\/img-0838-1536x1024.jpg 1536w, https:\/\/iletim.istanbul.edu.tr\/wp-content\/uploads\/img-0838-2048x1365.jpg 2048w, https:\/\/iletim.istanbul.edu.tr\/wp-content\/uploads\/img-0838-750x500.jpg 750w, https:\/\/iletim.istanbul.edu.tr\/wp-content\/uploads\/img-0838-1140x760.jpg 1140w\" sizes=\"(max-width: 1024px) 100vw, 1024px\" \/><\/figure><\/div>","protected":false},"excerpt":{"rendered":"<p>Haber: Muhammed Akt\u0131 Foto\u011fraf: Merve Kutan Edit\u00f6r: \u00d6zg\u00fcr Recep Kocao\u011flu \u0130stanbul, (\u0130\u00dc Haber Merkezi) &#8211; \u0130stanbul \u00dcniversitesi \u0130leti\u015fim Fak\u00fcltesi&#8217;nde, Do\u00e7. Dr. Burcu Zeybek&#8217;in verdi\u011fi Uluslararas\u0131 Kamu Diplomasisi dersine Anadolu Ajans\u0131 Teyit Hatt\u0131 M\u00fcd\u00fcr\u00fc \u00d6mer Faruk G\u00f6r\u00e7in konuk oldu. \u0130stanbul \u00dcniversitesi (\u0130\u00dc) \u0130leti\u015fim Fak\u00fcltesi Halkla \u0130li\u015fkiler ve Tan\u0131t\u0131m B\u00f6l\u00fcm\u00fc \u00d6\u011fretim \u00dcyesi Do\u00e7. Dr. Burcu Zeybek taraf\u0131ndan [&hellip;]<\/p>\n","protected":false},"author":14,"featured_media":28283,"comment_status":"closed","ping_status":"open","sticky":false,"template":"","format":"standard","meta":{"jnews-multi-image_gallery":[],"jnews_single_post":{"format":"standard"},"jnews_primary_category":[],"jnews_social_meta":[],"jnews_override_counter":[],"footnotes":""},"categories":[1,159,28,34,178,2085,2348,35],"tags":[198,3359,3389,300,40,43,3471,3864,3296,3218,485],"class_list":["post-28281","post","type-post","status-publish","format-standard","has-post-thumbnail","hentry","category-genel","category-sag-manset","category-istanbul","category-universite","category-fakultemizden","category-manset-haber","category-manset-yani","category-yasam","tag-anadolu-ajansi","tag-burcu-zeybek","tag-dezenformasyon","tag-iletim","tag-iletisim-fakultesi","tag-istanbul-universitesi","tag-merve-kutan","tag-muhammed-akti","tag-omer-faruk-gorcin","tag-ozgur-recep-kocaoglu","tag-yapay-zeka"],"_links":{"self":[{"href":"https:\/\/iletim.istanbul.edu.tr\/index.php\/wp-json\/wp\/v2\/posts\/28281","targetHints":{"allow":["GET"]}}],"collection":[{"href":"https:\/\/iletim.istanbul.edu.tr\/index.php\/wp-json\/wp\/v2\/posts"}],"about":[{"href":"https:\/\/iletim.istanbul.edu.tr\/index.php\/wp-json\/wp\/v2\/types\/post"}],"author":[{"embeddable":true,"href":"https:\/\/iletim.istanbul.edu.tr\/index.php\/wp-json\/wp\/v2\/users\/14"}],"replies":[{"embeddable":true,"href":"https:\/\/iletim.istanbul.edu.tr\/index.php\/wp-json\/wp\/v2\/comments?post=28281"}],"version-history":[{"count":4,"href":"https:\/\/iletim.istanbul.edu.tr\/index.php\/wp-json\/wp\/v2\/posts\/28281\/revisions"}],"predecessor-version":[{"id":28292,"href":"https:\/\/iletim.istanbul.edu.tr\/index.php\/wp-json\/wp\/v2\/posts\/28281\/revisions\/28292"}],"wp:featuredmedia":[{"embeddable":true,"href":"https:\/\/iletim.istanbul.edu.tr\/index.php\/wp-json\/wp\/v2\/media\/28283"}],"wp:attachment":[{"href":"https:\/\/iletim.istanbul.edu.tr\/index.php\/wp-json\/wp\/v2\/media?parent=28281"}],"wp:term":[{"taxonomy":"category","embeddable":true,"href":"https:\/\/iletim.istanbul.edu.tr\/index.php\/wp-json\/wp\/v2\/categories?post=28281"},{"taxonomy":"post_tag","embeddable":true,"href":"https:\/\/iletim.istanbul.edu.tr\/index.php\/wp-json\/wp\/v2\/tags?post=28281"}],"curies":[{"name":"wp","href":"https:\/\/api.w.org\/{rel}","templated":true}]}}