{"id":28294,"date":"2026-03-10T13:53:51","date_gmt":"2026-03-10T10:53:51","guid":{"rendered":"https:\/\/iletim.istanbul.edu.tr\/?p=28294"},"modified":"2026-03-10T13:53:51","modified_gmt":"2026-03-10T10:53:51","slug":"genel-gazetecilik-pratikleri-soylesisi-gerceklesti","status":"publish","type":"post","link":"https:\/\/iletim.istanbul.edu.tr\/index.php\/2026\/03\/10\/genel-gazetecilik-pratikleri-soylesisi-gerceklesti\/","title":{"rendered":"Genel Gazetecilik Pratikleri S\u00f6yle\u015fisi Ger\u00e7ekle\u015fti"},"content":{"rendered":"\n<p><strong>Haber: Ganime \u0130layda K\u0131l\u0131\u00e7<\/strong><\/p>\n\n\n\n<p><strong>Foto\u011fraf: \u015eevval Olga\u00e7<\/strong><\/p>\n\n\n\n<p><strong>Edit\u00f6r: Nazl\u0131 Aygen<\/strong><\/p>\n\n\n\n<p><strong>\u0130stanbul (\u0130\u00dc Haber Merkezi)- \u0130stanbul \u00dcniversitesi \u0130leti\u015fim Fak\u00fcltesi\u2019nde Do\u00e7. Dr. Mesut Aytekin\u2019in verdi\u011fi Medya End\u00fcstrisi dersi kapsam\u0131nda Genel Gazetecilik Pratikleri s\u00f6yle\u015fisine 24TV yap\u0131mc\u0131lar\u0131ndan Ali Demirta\u015f konuk oldu.<\/strong><\/p>\n\n\n\n<p>\u0130stanbul \u00dcniversitesi (\u0130\u00dc) \u0130leti\u015fim Fak\u00fcltesi\u2019nde Radyo, Televizyon ve Sinema B\u00f6l\u00fcm\u00fc \u00d6\u011fretim \u00dcyesi Do\u00e7. Dr. Mesut Aytekin taraf\u0131ndan y\u00fcr\u00fct\u00fclen Medya End\u00fcstrisi dersi kapsam\u0131nda Genel Gazetecilik Pratikleri s\u00f6yle\u015fisine 24TV yap\u0131mc\u0131lar\u0131ndan Ali Demirta\u015f kat\u0131ld\u0131. Demirta\u015f, ki\u015fisel mesleki deneyimlerinden anekdotlar payla\u015ft\u0131.<\/p>\n\n\n\n<p><strong>\u201cHaberin p\u00fcf noktas\u0131 T\u00fcrk\u00e7edir.\u201d<\/strong><\/p>\n\n\n\n<p>Sekt\u00f6rdeki deneyimlerini payla\u015fan Demirta\u015f, iyi bir gazeteci olman\u0131n temel \u015fart\u0131n\u0131n ana dile h\u00e2kimiyet oldu\u011funu vurgulad\u0131. Habercilikte tekniklerin yan\u0131 s\u0131ra dilin do\u011fru kullan\u0131m\u0131n\u0131n \u00f6nemine dikkat \u00e7eken Demirta\u015f, \u201cHangi formatta i\u00e7erik \u00fcretirsek \u00fcretelim, en temel husus T\u00fcrk\u00e7edir. Bug\u00fcn \u00f6n\u00fcm\u00fcze d\u00fc\u015fen y\u00fczlerce bas\u0131n b\u00fclteninin en b\u00fcy\u00fck sorunu dil bilgisi eksikli\u011fi ve kurgu bozuklu\u011fudur\u201d dedi.<\/p>\n\n\n\n<figure class=\"wp-block-image size-large is-resized\"><img decoding=\"async\" width=\"1024\" height=\"576\" src=\"https:\/\/iletim.istanbul.edu.tr\/wp-content\/uploads\/maytekin-1-1-1024x576.png\" alt=\"\" class=\"wp-image-28298\" style=\"width:1170px;height:auto\" srcset=\"https:\/\/iletim.istanbul.edu.tr\/wp-content\/uploads\/maytekin-1-1-1024x576.png 1024w, https:\/\/iletim.istanbul.edu.tr\/wp-content\/uploads\/maytekin-1-1-300x169.png 300w, https:\/\/iletim.istanbul.edu.tr\/wp-content\/uploads\/maytekin-1-1-768x432.png 768w, https:\/\/iletim.istanbul.edu.tr\/wp-content\/uploads\/maytekin-1-1-1536x864.png 1536w, https:\/\/iletim.istanbul.edu.tr\/wp-content\/uploads\/maytekin-1-1-2048x1152.png 2048w, https:\/\/iletim.istanbul.edu.tr\/wp-content\/uploads\/maytekin-1-1-750x422.png 750w, https:\/\/iletim.istanbul.edu.tr\/wp-content\/uploads\/maytekin-1-1-1140x641.png 1140w\" sizes=\"(max-width: 1024px) 100vw, 1024px\" \/><\/figure>\n\n\n\n<p><strong>\u201cAnne Ben Gazeteci Miyim?\u201d platformunun hik\u00e2yesi<\/strong><\/p>\n\n\n\n<p>Demirta\u015f, \u00fcniversite y\u0131llar\u0131nda hayata ge\u00e7irdi\u011fi ve 7 y\u0131l boyunca y\u00f6netti\u011fi \u201cAnne Ben Gazeteci Miyim\u201d platformunun kariyerinin d\u00f6n\u00fcm noktas\u0131 oldu\u011funu belirtti. Gen\u00e7 ileti\u015fimcilere \u2018kendi \u00e7\u00f6pl\u00fc\u011f\u00fcn\u00fczde \u00f6t\u00fcn\u2019 tavsiyesinde bulunan Demirta\u015f, \u201cMezun oldu\u011funuzda kimse size diploman\u0131z\u0131 sormayacak. Ben kendi referans\u0131m\u0131 hen\u00fcz \u00f6\u011frenciyken kurdu\u011fum bu platformla yaratt\u0131m. Bug\u00fcn\u00fcn imk\u00e2nlar\u0131yla bir YouTube kanal\u0131 a\u00e7mak, podcast \u00fcretmek ya da bir blog y\u00f6netmek sekt\u00f6re giri\u015f biletiniz olabilir.\u201d s\u00f6zleriyle \u00e7abalaman\u0131n \u00f6nemini vurgulad\u0131.<\/p>\n\n\n\n<p><strong>Belgesel sinema ve bakanl\u0131k deste\u011fi<\/strong><\/p>\n\n\n\n<p>S\u00f6yle\u015fide, Ni\u011fde\u2019de baraj yap\u0131m\u0131 sebebiyle bo\u015falt\u0131lan baba oca\u011f\u0131na yapt\u0131\u011f\u0131 son ziyareti konu alan \u201cAndala- Son Ziyaret\u201d belgeseline de de\u011finildi. K\u00fclt\u00fcr ve Turizm Bakanl\u0131\u011f\u0131 Sinema Genel M\u00fcd\u00fcrl\u00fc\u011f\u00fc\u2019nden destek alan bu projenin bir haf\u0131za kayd\u0131 oldu\u011funu belirten Demirta\u015f, \u00f6\u011frencilere proje dosyas\u0131 haz\u0131rlarken \u0131srarc\u0131 olmalar\u0131n\u0131 ve resmi olarak sunulan fonlar\u0131 takip etmeleri gerekti\u011fini \u00f6nerdi.<\/p>\n\n\n\n<p><strong>Sekt\u00f6re yeni ad\u0131m atacaklara tavsiyeler<\/strong><\/p>\n\n\n\n<p>\u00d6\u011frencilerin istihdam konusundaki kayg\u0131lar\u0131na yan\u0131t veren Demirta\u015f, ba\u015far\u0131n\u0131n as\u0131l re\u00e7etesinin \u00f6zg\u00fcnl\u00fck oldu\u011funu savundu. Meslek hayat\u0131na at\u0131lmadan \u00f6nce staj s\u00fcrecinin iyi de\u011ferlendirilmesi gerekti\u011fini belirten Demirta\u015f, \u00f6\u011frencilere sadece izlemekle yetinmemelerini, kap\u0131 kap\u0131 dola\u015farak \u0131srarc\u0131 olmalar\u0131n\u0131 \u00f6nerdi. Kendilerini sadece tek bir alanla k\u0131s\u0131tlaman\u0131n hata olaca\u011f\u0131n\u0131, \u00f6nce alan\u0131 geni\u015f tutup ard\u0131ndan uzmanla\u015fman\u0131n daha stratejik olaca\u011f\u0131ndan bahsetti. S\u00fcrekli ba\u015fkalar\u0131yla yar\u0131\u015fmak yerine her ileti\u015fimcinin kendi sesini, jestini ve mimiklerini bulmas\u0131 gerekti\u011fini ifade eden Demirta\u015f, \u201cBu haberi veya bu soruyu kesin Ali yapm\u0131\u015ft\u0131r, denmesi gerekiyor.\u201d s\u00f6zleriyle \u00f6zg\u00fcnl\u00fc\u011fe verdi\u011fi de\u011ferin alt\u0131n\u0131 \u00e7izdi.<\/p>\n\n\n\n<p>Etkinlik, te\u015fekk\u00fcr belgesi takdimi ve toplu foto\u011fraf \u00e7ekimi ile sonland\u0131r\u0131ld\u0131. <\/p>\n\n\n\n<div class=\"wp-block-group\"><div class=\"wp-block-group__inner-container is-layout-constrained wp-block-group-is-layout-constrained\">\n<div class=\"wp-block-columns is-layout-flex wp-container-core-columns-is-layout-9d6595d7 wp-block-columns-is-layout-flex\">\n<div class=\"wp-block-column is-layout-flow wp-block-column-is-layout-flow\" style=\"flex-basis:100%\">\n<figure class=\"wp-block-image size-large is-resized\"><img decoding=\"async\" width=\"1024\" height=\"576\" src=\"https:\/\/iletim.istanbul.edu.tr\/wp-content\/uploads\/img-0831-1-1-2-1024x576.jpg\" alt=\"\" class=\"wp-image-28302\" style=\"width:1170px;height:auto\" srcset=\"https:\/\/iletim.istanbul.edu.tr\/wp-content\/uploads\/img-0831-1-1-2-1024x576.jpg 1024w, https:\/\/iletim.istanbul.edu.tr\/wp-content\/uploads\/img-0831-1-1-2-300x169.jpg 300w, https:\/\/iletim.istanbul.edu.tr\/wp-content\/uploads\/img-0831-1-1-2-768x432.jpg 768w, https:\/\/iletim.istanbul.edu.tr\/wp-content\/uploads\/img-0831-1-1-2-1536x864.jpg 1536w, https:\/\/iletim.istanbul.edu.tr\/wp-content\/uploads\/img-0831-1-1-2-2048x1152.jpg 2048w, https:\/\/iletim.istanbul.edu.tr\/wp-content\/uploads\/img-0831-1-1-2-750x422.jpg 750w, https:\/\/iletim.istanbul.edu.tr\/wp-content\/uploads\/img-0831-1-1-2-1140x641.jpg 1140w\" sizes=\"(max-width: 1024px) 100vw, 1024px\" \/><\/figure>\n<\/div>\n<\/div>\n<\/div><\/div>\n\n\n\n<p><\/p>\n","protected":false},"excerpt":{"rendered":"<p>Haber: Ganime \u0130layda K\u0131l\u0131\u00e7 Foto\u011fraf: \u015eevval Olga\u00e7 Edit\u00f6r: Nazl\u0131 Aygen \u0130stanbul (\u0130\u00dc Haber Merkezi)- \u0130stanbul \u00dcniversitesi \u0130leti\u015fim Fak\u00fcltesi\u2019nde Do\u00e7. Dr. Mesut Aytekin\u2019in verdi\u011fi Medya End\u00fcstrisi dersi kapsam\u0131nda Genel Gazetecilik Pratikleri s\u00f6yle\u015fisine 24TV yap\u0131mc\u0131lar\u0131ndan Ali Demirta\u015f konuk oldu. \u0130stanbul \u00dcniversitesi (\u0130\u00dc) \u0130leti\u015fim Fak\u00fcltesi\u2019nde Radyo, Televizyon ve Sinema B\u00f6l\u00fcm\u00fc \u00d6\u011fretim \u00dcyesi Do\u00e7. Dr. Mesut Aytekin taraf\u0131ndan y\u00fcr\u00fct\u00fclen [&hellip;]<\/p>\n","protected":false},"author":14,"featured_media":28300,"comment_status":"closed","ping_status":"open","sticky":false,"template":"","format":"standard","meta":{"jnews-multi-image_gallery":[],"jnews_single_post":{"format":"standard"},"jnews_primary_category":[],"jnews_social_meta":[],"jnews_override_counter":[],"footnotes":""},"categories":[25,1,159,28,34,178,29,30,2085,2348,35],"tags":[3979,2794,300,40,410,43,148,52,3292],"class_list":["post-28294","post","type-post","status-publish","format-standard","has-post-thumbnail","hentry","category-egitim","category-genel","category-sag-manset","category-istanbul","category-universite","category-fakultemizden","category-iuwebtv","category-kultur-sanat","category-manset-haber","category-manset-yani","category-yasam","tag-ali-demirtas","tag-doc-dr-mesut-aytekin","tag-iletim","tag-iletisim-fakultesi","tag-istanbul","tag-istanbul-universitesi","tag-istanbul-universitesi-iletisim-fakultesi","tag-iu-iletisim-fakultesi","tag-nazli-aygen"],"_links":{"self":[{"href":"https:\/\/iletim.istanbul.edu.tr\/index.php\/wp-json\/wp\/v2\/posts\/28294","targetHints":{"allow":["GET"]}}],"collection":[{"href":"https:\/\/iletim.istanbul.edu.tr\/index.php\/wp-json\/wp\/v2\/posts"}],"about":[{"href":"https:\/\/iletim.istanbul.edu.tr\/index.php\/wp-json\/wp\/v2\/types\/post"}],"author":[{"embeddable":true,"href":"https:\/\/iletim.istanbul.edu.tr\/index.php\/wp-json\/wp\/v2\/users\/14"}],"replies":[{"embeddable":true,"href":"https:\/\/iletim.istanbul.edu.tr\/index.php\/wp-json\/wp\/v2\/comments?post=28294"}],"version-history":[{"count":1,"href":"https:\/\/iletim.istanbul.edu.tr\/index.php\/wp-json\/wp\/v2\/posts\/28294\/revisions"}],"predecessor-version":[{"id":28303,"href":"https:\/\/iletim.istanbul.edu.tr\/index.php\/wp-json\/wp\/v2\/posts\/28294\/revisions\/28303"}],"wp:featuredmedia":[{"embeddable":true,"href":"https:\/\/iletim.istanbul.edu.tr\/index.php\/wp-json\/wp\/v2\/media\/28300"}],"wp:attachment":[{"href":"https:\/\/iletim.istanbul.edu.tr\/index.php\/wp-json\/wp\/v2\/media?parent=28294"}],"wp:term":[{"taxonomy":"category","embeddable":true,"href":"https:\/\/iletim.istanbul.edu.tr\/index.php\/wp-json\/wp\/v2\/categories?post=28294"},{"taxonomy":"post_tag","embeddable":true,"href":"https:\/\/iletim.istanbul.edu.tr\/index.php\/wp-json\/wp\/v2\/tags?post=28294"}],"curies":[{"name":"wp","href":"https:\/\/api.w.org\/{rel}","templated":true}]}}