{"id":28305,"date":"2026-03-10T15:04:26","date_gmt":"2026-03-10T12:04:26","guid":{"rendered":"https:\/\/iletim.istanbul.edu.tr\/?p=28305"},"modified":"2026-03-10T15:04:27","modified_gmt":"2026-03-10T12:04:27","slug":"bir-semtin-futbol-hafizasi-beyoglu-yenicarsi","status":"publish","type":"post","link":"https:\/\/iletim.istanbul.edu.tr\/index.php\/2026\/03\/10\/bir-semtin-futbol-hafizasi-beyoglu-yenicarsi\/","title":{"rendered":"Bir Semtin Futbol Haf\u0131zas\u0131: Beyo\u011flu Yeni\u00e7ar\u015f\u0131"},"content":{"rendered":"\n<p><strong>Haber: Bulut T\u00fcmerdem<\/strong><\/p>\n\n\n\n<p><strong>Foto\u011fraf: Asil Beray Ep\u00e7eli<\/strong><\/p>\n\n\n\n<p><strong>Edit\u00f6r: Nazl\u0131 Aygen<\/strong><\/p>\n\n\n\n<p><strong>\u0130stanbul, (\u0130\u00dc Haber Merkezi) &#8211; \u0130stanbul\u2019un tarihi semt tak\u0131mlar\u0131ndan Beyo\u011flu Yeni\u00e7ar\u015f\u0131 Spor Faaliyetleri (S.F.) Kul\u00fcb\u00fcn\u00fcn tarihi ve sportif ge\u00e7mi\u015fini, kul\u00fcp m\u00fcd\u00fcr\u00fc Sebahattin Keskin \u0130letim Gazetesi\u2019ne anlatt\u0131.<\/strong><\/p>\n\n\n\n<p>\u0130stanbul\u2019un tarihi semt tak\u0131mlar\u0131ndan Beyo\u011flu Yeni\u00e7ar\u015f\u0131 Spor Faaliyetleri (S.F.) Kul\u00fcb\u00fcn\u00fcn tarihini, kurulu\u015f ama\u00e7lar\u0131n\u0131, ba\u015far\u0131lar\u0131n\u0131 ve sportif ge\u00e7mi\u015fini kul\u00fcp m\u00fcd\u00fcr\u00fc Sebahattin Keskin \u0130letim Gazetesi\u2019ne aktard\u0131.<\/p>\n\n\n\n<figure class=\"wp-block-image size-large is-resized\"><img decoding=\"async\" width=\"1024\" height=\"683\" src=\"https:\/\/iletim.istanbul.edu.tr\/wp-content\/uploads\/dsc-2774-1-1-1-1-1-1-1-1-1-1-1024x683.jpg\" alt=\"\" class=\"wp-image-28311\" style=\"width:1170px;height:auto\" srcset=\"https:\/\/iletim.istanbul.edu.tr\/wp-content\/uploads\/dsc-2774-1-1-1-1-1-1-1-1-1-1-1024x683.jpg 1024w, https:\/\/iletim.istanbul.edu.tr\/wp-content\/uploads\/dsc-2774-1-1-1-1-1-1-1-1-1-1-300x200.jpg 300w, https:\/\/iletim.istanbul.edu.tr\/wp-content\/uploads\/dsc-2774-1-1-1-1-1-1-1-1-1-1-768x512.jpg 768w, https:\/\/iletim.istanbul.edu.tr\/wp-content\/uploads\/dsc-2774-1-1-1-1-1-1-1-1-1-1-1536x1024.jpg 1536w, https:\/\/iletim.istanbul.edu.tr\/wp-content\/uploads\/dsc-2774-1-1-1-1-1-1-1-1-1-1-2048x1365.jpg 2048w, https:\/\/iletim.istanbul.edu.tr\/wp-content\/uploads\/dsc-2774-1-1-1-1-1-1-1-1-1-1-750x500.jpg 750w, https:\/\/iletim.istanbul.edu.tr\/wp-content\/uploads\/dsc-2774-1-1-1-1-1-1-1-1-1-1-1140x760.jpg 1140w\" sizes=\"(max-width: 1024px) 100vw, 1024px\" \/><\/figure>\n\n\n\n<p><strong>Yeni\u00e7ar\u015f\u0131\u2019n\u0131n Amac\u0131: Gen\u00e7leri K\u00f6t\u00fc Al\u0131\u015fkanl\u0131klardan Uzak Tutmak<\/strong><\/p>\n\n\n\n<p>Kul\u00fcb\u00fcn 1954 y\u0131l\u0131nda kuruldu\u011funu ancak 1978 y\u0131l\u0131nda federe olup amat\u00f6r liglerde top oynamaya ba\u015flad\u0131\u011f\u0131ndan bahseden Keskin kul\u00fcb\u00fcn o zamandan beri amat\u00f6r k\u00fcmelerde m\u00fccadele etmeye devam etti\u011finden s\u00f6z etti.<\/p>\n\n\n\n<p>Keskin kul\u00fcb\u00fcn kurulu\u015f ama\u00e7lar\u0131n\u0131, semtin \u00e7ocuklar\u0131n\u0131 k\u00f6t\u00fc al\u0131\u015fkanl\u0131klardan uzak tutup spor yapmaya sevk etmek, onlara maddi manevi yard\u0131mc\u0131 olmak ve bir seferlik bile olsa forma giyme hissini ya\u015fatmak olarak s\u0131ralad\u0131. Ayr\u0131ca yeni gen\u00e7leri yeti\u015ftirip onlar\u0131n kendi kariyerlerini y\u00fckseltmelerini temenni ettiklerini dile getiren Keskin, bunlara \u00f6rnek olarak eski A Milli orta saha oyuncusu Abdullah Ercan ve \u015fu an Antalyaspor\u2019da forma giyen defans oyuncusu Veysel Sar\u0131\u2019n\u0131n Beyo\u011flu Yeni\u00e7ar\u015f\u0131 S.F. altyap\u0131s\u0131ndan \u00e7\u0131kt\u0131\u011f\u0131n\u0131 s\u00f6yledi.&nbsp;<\/p>\n\n\n\n<figure class=\"wp-block-gallery has-nested-images columns-default is-cropped wp-block-gallery-1 is-layout-flex wp-block-gallery-is-layout-flex\">\n<figure class=\"wp-block-image size-large is-resized\"><img decoding=\"async\" width=\"1024\" height=\"683\" data-id=\"28312\" src=\"https:\/\/iletim.istanbul.edu.tr\/wp-content\/uploads\/dsc-2778-1-1-1-1024x683.jpg\" alt=\"\" class=\"wp-image-28312\" style=\"width:634px;height:auto\" srcset=\"https:\/\/iletim.istanbul.edu.tr\/wp-content\/uploads\/dsc-2778-1-1-1-1024x683.jpg 1024w, https:\/\/iletim.istanbul.edu.tr\/wp-content\/uploads\/dsc-2778-1-1-1-300x200.jpg 300w, https:\/\/iletim.istanbul.edu.tr\/wp-content\/uploads\/dsc-2778-1-1-1-768x512.jpg 768w, https:\/\/iletim.istanbul.edu.tr\/wp-content\/uploads\/dsc-2778-1-1-1-1536x1024.jpg 1536w, https:\/\/iletim.istanbul.edu.tr\/wp-content\/uploads\/dsc-2778-1-1-1-2048x1365.jpg 2048w, https:\/\/iletim.istanbul.edu.tr\/wp-content\/uploads\/dsc-2778-1-1-1-750x500.jpg 750w, https:\/\/iletim.istanbul.edu.tr\/wp-content\/uploads\/dsc-2778-1-1-1-1140x760.jpg 1140w\" sizes=\"(max-width: 1024px) 100vw, 1024px\" \/><\/figure>\n\n\n\n<figure class=\"wp-block-image size-large\"><img decoding=\"async\" width=\"1024\" height=\"683\" data-id=\"28314\" src=\"https:\/\/iletim.istanbul.edu.tr\/wp-content\/uploads\/dsc-2780-1-1-1-1024x683.jpg\" alt=\"\" class=\"wp-image-28314\" srcset=\"https:\/\/iletim.istanbul.edu.tr\/wp-content\/uploads\/dsc-2780-1-1-1-1024x683.jpg 1024w, https:\/\/iletim.istanbul.edu.tr\/wp-content\/uploads\/dsc-2780-1-1-1-300x200.jpg 300w, https:\/\/iletim.istanbul.edu.tr\/wp-content\/uploads\/dsc-2780-1-1-1-768x512.jpg 768w, https:\/\/iletim.istanbul.edu.tr\/wp-content\/uploads\/dsc-2780-1-1-1-1536x1024.jpg 1536w, https:\/\/iletim.istanbul.edu.tr\/wp-content\/uploads\/dsc-2780-1-1-1-2048x1365.jpg 2048w, https:\/\/iletim.istanbul.edu.tr\/wp-content\/uploads\/dsc-2780-1-1-1-750x500.jpg 750w, https:\/\/iletim.istanbul.edu.tr\/wp-content\/uploads\/dsc-2780-1-1-1-1140x760.jpg 1140w\" sizes=\"(max-width: 1024px) 100vw, 1024px\" \/><\/figure>\n<\/figure>\n\n\n\n<p><strong>Keskin\u2019den Gelecek Vizyonu: Akademi ve Kamp Merkezi<\/strong><\/p>\n\n\n\n<p>Bu sene y\u00fckselmeyi hedeflediklerini ama gidi\u015fat\u0131n istedikleri gibi olmad\u0131\u011f\u0131n\u0131 belirten Keskin, ligde bekledikleri sonu\u00e7lar\u0131 alamad\u0131klar\u0131n\u0131 ama Ziraat T\u00fcrkiye Kupas\u0131nda, Trendyol S\u00fcper Lig tak\u0131mlar\u0131ndan G\u00f6ztepe ve Kocaelispor\u2019a kar\u015f\u0131 ald\u0131klar\u0131 1-0\u2019l\u0131k skorlar\u0131n onlar i\u00e7in \u00f6nemli bir prestij olmas\u0131n\u0131n yan\u0131 s\u0131ra bu galibiyetin motivasyon a\u00e7\u0131s\u0131ndan \u00f6nemli oldu\u011funun alt\u0131n\u0131 \u00e7izdi.<\/p>\n\n\n\n<p>Ayr\u0131ca bir di\u011fer hedeflerinin ise spor salonu, antrenman sahalar\u0131 ve yatakhanesi olan Avrupa standartlar\u0131nda bir kamp tesisi kurmak oldu\u011funu ve bununla birlikte hem 1. Lig\u2019e \u00e7\u0131kmay\u0131 hem de bir akademi a\u00e7\u0131p alt ya\u015f gruplar\u0131n\u0131 geli\u015ftirmek oldu\u011funu aktard\u0131.<\/p>\n\n\n\n<p>Keskin, kendisine g\u00f6re kul\u00fcb\u00fcn en b\u00fcy\u00fck ba\u015far\u0131s\u0131n\u0131n 2022-2023 sezonunda kazand\u0131klar\u0131 3. Lig, 3. Grup \u015eampiyonlu\u011fu oldu\u011funu s\u00f6yledi.<\/p>\n\n\n\n<figure class=\"wp-block-gallery has-nested-images columns-default is-cropped wp-block-gallery-2 is-layout-flex wp-block-gallery-is-layout-flex\">\n<figure class=\"wp-block-image size-large\"><img decoding=\"async\" width=\"1024\" height=\"683\" data-id=\"28313\" src=\"https:\/\/iletim.istanbul.edu.tr\/wp-content\/uploads\/dsc-2784-1-1-1-1-1024x683.jpg\" alt=\"\" class=\"wp-image-28313\" srcset=\"https:\/\/iletim.istanbul.edu.tr\/wp-content\/uploads\/dsc-2784-1-1-1-1-1024x683.jpg 1024w, https:\/\/iletim.istanbul.edu.tr\/wp-content\/uploads\/dsc-2784-1-1-1-1-300x200.jpg 300w, https:\/\/iletim.istanbul.edu.tr\/wp-content\/uploads\/dsc-2784-1-1-1-1-768x512.jpg 768w, https:\/\/iletim.istanbul.edu.tr\/wp-content\/uploads\/dsc-2784-1-1-1-1-1536x1024.jpg 1536w, https:\/\/iletim.istanbul.edu.tr\/wp-content\/uploads\/dsc-2784-1-1-1-1-2048x1365.jpg 2048w, https:\/\/iletim.istanbul.edu.tr\/wp-content\/uploads\/dsc-2784-1-1-1-1-750x500.jpg 750w, https:\/\/iletim.istanbul.edu.tr\/wp-content\/uploads\/dsc-2784-1-1-1-1-1140x760.jpg 1140w\" sizes=\"(max-width: 1024px) 100vw, 1024px\" \/><\/figure>\n<\/figure>\n\n\n\n<p><\/p>\n","protected":false},"excerpt":{"rendered":"<p>Haber: Bulut T\u00fcmerdem Foto\u011fraf: Asil Beray Ep\u00e7eli Edit\u00f6r: Nazl\u0131 Aygen \u0130stanbul, (\u0130\u00dc Haber Merkezi) &#8211; \u0130stanbul\u2019un tarihi semt tak\u0131mlar\u0131ndan Beyo\u011flu Yeni\u00e7ar\u015f\u0131 Spor Faaliyetleri (S.F.) Kul\u00fcb\u00fcn\u00fcn tarihi ve sportif ge\u00e7mi\u015fini, kul\u00fcp m\u00fcd\u00fcr\u00fc Sebahattin Keskin \u0130letim Gazetesi\u2019ne anlatt\u0131. \u0130stanbul\u2019un tarihi semt tak\u0131mlar\u0131ndan Beyo\u011flu Yeni\u00e7ar\u015f\u0131 Spor Faaliyetleri (S.F.) Kul\u00fcb\u00fcn\u00fcn tarihini, kurulu\u015f ama\u00e7lar\u0131n\u0131, ba\u015far\u0131lar\u0131n\u0131 ve sportif ge\u00e7mi\u015fini kul\u00fcp m\u00fcd\u00fcr\u00fc [&hellip;]<\/p>\n","protected":false},"author":14,"featured_media":28311,"comment_status":"closed","ping_status":"open","sticky":false,"template":"","format":"standard","meta":{"jnews-multi-image_gallery":[],"jnews_single_post":{"format":"standard"},"jnews_primary_category":[],"jnews_social_meta":[],"jnews_override_counter":[],"footnotes":""},"categories":[25,27,1,159,28,34,178,29,2085,2348,33,35],"tags":[3588,1163,3980,3567,440,300,40,410,43,148,52,85,3292,439,343,3786],"class_list":["post-28305","post","type-post","status-publish","format-standard","has-post-thumbnail","hentry","category-egitim","category-foto-galeri","category-genel","category-sag-manset","category-istanbul","category-universite","category-fakultemizden","category-iuwebtv","category-manset-haber","category-manset-yani","category-spor","category-yasam","tag-asil-beray-epceli","tag-beyoglu","tag-beyoglu-yenicarsi","tag-bulut-tumerdem","tag-futbol","tag-iletim","tag-iletisim-fakultesi","tag-istanbul","tag-istanbul-universitesi","tag-istanbul-universitesi-iletisim-fakultesi","tag-iu-iletisim-fakultesi","tag-iuwebtv","tag-nazli-aygen","tag-spor","tag-spor-basini","tag-spor-gazeteciligi"],"_links":{"self":[{"href":"https:\/\/iletim.istanbul.edu.tr\/index.php\/wp-json\/wp\/v2\/posts\/28305","targetHints":{"allow":["GET"]}}],"collection":[{"href":"https:\/\/iletim.istanbul.edu.tr\/index.php\/wp-json\/wp\/v2\/posts"}],"about":[{"href":"https:\/\/iletim.istanbul.edu.tr\/index.php\/wp-json\/wp\/v2\/types\/post"}],"author":[{"embeddable":true,"href":"https:\/\/iletim.istanbul.edu.tr\/index.php\/wp-json\/wp\/v2\/users\/14"}],"replies":[{"embeddable":true,"href":"https:\/\/iletim.istanbul.edu.tr\/index.php\/wp-json\/wp\/v2\/comments?post=28305"}],"version-history":[{"count":1,"href":"https:\/\/iletim.istanbul.edu.tr\/index.php\/wp-json\/wp\/v2\/posts\/28305\/revisions"}],"predecessor-version":[{"id":28315,"href":"https:\/\/iletim.istanbul.edu.tr\/index.php\/wp-json\/wp\/v2\/posts\/28305\/revisions\/28315"}],"wp:featuredmedia":[{"embeddable":true,"href":"https:\/\/iletim.istanbul.edu.tr\/index.php\/wp-json\/wp\/v2\/media\/28311"}],"wp:attachment":[{"href":"https:\/\/iletim.istanbul.edu.tr\/index.php\/wp-json\/wp\/v2\/media?parent=28305"}],"wp:term":[{"taxonomy":"category","embeddable":true,"href":"https:\/\/iletim.istanbul.edu.tr\/index.php\/wp-json\/wp\/v2\/categories?post=28305"},{"taxonomy":"post_tag","embeddable":true,"href":"https:\/\/iletim.istanbul.edu.tr\/index.php\/wp-json\/wp\/v2\/tags?post=28305"}],"curies":[{"name":"wp","href":"https:\/\/api.w.org\/{rel}","templated":true}]}}