{"id":28316,"date":"2026-03-11T18:07:47","date_gmt":"2026-03-11T15:07:47","guid":{"rendered":"https:\/\/iletim.istanbul.edu.tr\/?p=28316"},"modified":"2026-03-11T18:12:46","modified_gmt":"2026-03-11T15:12:46","slug":"galatasaray-liverpoolu-bir-yilda-ikinci-kez-1-0-maglup-etti","status":"publish","type":"post","link":"https:\/\/iletim.istanbul.edu.tr\/index.php\/2026\/03\/11\/galatasaray-liverpoolu-bir-yilda-ikinci-kez-1-0-maglup-etti\/","title":{"rendered":"Galatasaray, Liverpool\u2019u Bir Y\u0131lda \u0130kinci Kez 1-0 Ma\u011flup Etti"},"content":{"rendered":"\n<p><strong>Muhabir: Ece \u00d6zdemir&nbsp;<\/strong><\/p>\n\n\n\n<p><strong>\u0130stanbul, (\u0130\u00dc Haber Merkezi)\u2014 Galatasaray, UEFA \u015eampiyonlar Ligi son 16 turu ilk ma\u00e7\u0131nda sahas\u0131nda a\u011f\u0131rlad\u0131\u011f\u0131 Liverpool\u2019u 1-0 ma\u011flup ederek \u00e7eyrek final yolunda avantaj yakalad\u0131.\u00a0<\/strong><\/p>\n\n\n\n<p><strong>Trib\u00fcnlerden anlaml\u0131 koreografi<\/strong><\/p>\n\n\n\n<p>Kar\u015f\u0131la\u015fma \u00f6ncesinde Galatasaray taraftarlar\u0131 trib\u00fcnlerde duygusal anlar\u0131n ya\u015fanmas\u0131na neden olan bir koreografiye imza att\u0131. Sar\u0131-k\u0131rm\u0131z\u0131l\u0131 taraftarlar, sezon ba\u015f\u0131nda tak\u0131ma kat\u0131lan Victor Osimhen i\u00e7in annesine ithaf edilen \u00f6zel bir koreografi a\u00e7t\u0131.<\/p>\n\n\n\n<p>Seremoni s\u0131ras\u0131nda trib\u00fcnlerdeki g\u00f6rseli izleyen Nijeryal\u0131 golc\u00fcn\u00fcn duyguland\u0131\u011f\u0131 ve g\u00f6zya\u015flar\u0131n\u0131 tutmakta zorland\u0131\u011f\u0131 g\u00f6r\u00fcld\u00fc. Rams Park\u2019taki taraftar atmosferi, ma\u00e7 \u00f6ncesinde Liverpoollu oyuncular \u00fczerinde de bask\u0131 yaratan unsurlardan biri oldu.<\/p>\n\n\n<div class=\"wp-block-image\">\n<figure class=\"aligncenter size-large is-resized\"><img decoding=\"async\" width=\"1024\" height=\"807\" src=\"https:\/\/iletim.istanbul.edu.tr\/wp-content\/uploads\/img-0804-1024x807.jpg\" alt=\"\" class=\"wp-image-28318\" style=\"width:628px;height:auto\" srcset=\"https:\/\/iletim.istanbul.edu.tr\/wp-content\/uploads\/img-0804-1024x807.jpg 1024w, https:\/\/iletim.istanbul.edu.tr\/wp-content\/uploads\/img-0804-300x236.jpg 300w, https:\/\/iletim.istanbul.edu.tr\/wp-content\/uploads\/img-0804-768x605.jpg 768w, https:\/\/iletim.istanbul.edu.tr\/wp-content\/uploads\/img-0804-750x591.jpg 750w, https:\/\/iletim.istanbul.edu.tr\/wp-content\/uploads\/img-0804-1140x898.jpg 1140w, https:\/\/iletim.istanbul.edu.tr\/wp-content\/uploads\/img-0804.jpg 1170w\" sizes=\"(max-width: 1024px) 100vw, 1024px\" \/><\/figure><\/div>\n\n\n<p><strong>Lemina\u2019dan erken gol<\/strong><\/p>\n\n\n\n<p>Kar\u015f\u0131la\u015fmaya h\u0131zl\u0131 ba\u015flayan Galatasaray, hen\u00fcz 7. dakikada \u00f6ne ge\u00e7ti. Sa\u011f kanattan kullan\u0131lan k\u00f6\u015fe vuru\u015funda Victor Osimhen\u2019in ceza sahas\u0131 i\u00e7ine \u00e7evirdi\u011fi topa y\u00fckselen Lemina, yak\u0131n mesafeden yapt\u0131\u011f\u0131 kafa vuru\u015fuyla fileleri havaland\u0131rd\u0131.&nbsp;<\/p>\n\n\n\n<p>Erken gol\u00fcn ard\u0131ndan Liverpool topa daha fazla sahip olsa da ilk yar\u0131da net f\u0131rsatlar\u0131 de\u011ferlendiremedi. \u0130ngiliz ekibinde Florian Wirtz\u2019in ka\u00e7\u0131rd\u0131\u011f\u0131 iki \u00f6nemli pozisyon dikkat \u00e7ekti.&nbsp;<\/p>\n\n\n\n<p><strong>\u0130kinci yar\u0131da gelen Liverpool bask\u0131s\u0131<\/strong><\/p>\n\n\n\n<p>\u0130kinci yar\u0131da oyunun kontrol\u00fcn\u00fc b\u00fcy\u00fck \u00f6l\u00e7\u00fcde eline alan Liverpool, beraberlik i\u00e7in bask\u0131y\u0131 art\u0131rd\u0131. Dominik Szoboszlai ve Alexis Mac Allister ile pozisyonlar bulan \u0130ngiliz temsilcisi, Galatasaray kalecisi U\u011furcan \u00c7ak\u0131r\u2019\u0131 ge\u00e7emedi.<\/p>\n\n\n\n<p>Konuk ekipte Ibrahima Konat\u00e9\u2019nin bir k\u00f6\u015fe vuru\u015fu sonras\u0131 a\u011flara giden topu ise VAR incelemesinde elle oynama gerek\u00e7esiyle iptal edildi. Galatasaray\u2019da Victor Osimhen\u2019in att\u0131\u011f\u0131 gol de ofsayt nedeniyle ge\u00e7erli say\u0131lmad\u0131.&nbsp;<\/p>\n\n\n<div class=\"wp-block-image\">\n<figure class=\"aligncenter size-full is-resized\"><img decoding=\"async\" width=\"678\" height=\"452\" src=\"https:\/\/iletim.istanbul.edu.tr\/wp-content\/uploads\/img-0803.jpg\" alt=\"\" class=\"wp-image-28319\" style=\"width:586px;height:auto\" srcset=\"https:\/\/iletim.istanbul.edu.tr\/wp-content\/uploads\/img-0803.jpg 678w, https:\/\/iletim.istanbul.edu.tr\/wp-content\/uploads\/img-0803-300x200.jpg 300w\" sizes=\"(max-width: 678px) 100vw, 678px\" \/><\/figure><\/div>\n\n\n<p><strong>R\u00f6van\u015f Anfield\u2019da<\/strong><\/p>\n\n\n\n<p>Galatasaray 1-0\u2019l\u0131k sonucun ard\u0131ndan tur i\u00e7in avantaj elde etti. \u0130ki tak\u0131m aras\u0131ndaki r\u00f6van\u015f kar\u015f\u0131la\u015fmas\u0131 18 Mart\u2019ta Liverpool\u2019un sahas\u0131 Anfield\u2019da oynanacak ve \u00e7eyrek finale y\u00fckselen taraf bu m\u00fccadelede belli olacak.<\/p>\n","protected":false},"excerpt":{"rendered":"<p>Muhabir: Ece \u00d6zdemir&nbsp; \u0130stanbul, (\u0130\u00dc Haber Merkezi)\u2014 Galatasaray, UEFA \u015eampiyonlar Ligi son 16 turu ilk ma\u00e7\u0131nda sahas\u0131nda a\u011f\u0131rlad\u0131\u011f\u0131 Liverpool\u2019u 1-0 ma\u011flup ederek \u00e7eyrek final yolunda avantaj yakalad\u0131.\u00a0 Trib\u00fcnlerden anlaml\u0131 koreografi Kar\u015f\u0131la\u015fma \u00f6ncesinde Galatasaray taraftarlar\u0131 trib\u00fcnlerde duygusal anlar\u0131n ya\u015fanmas\u0131na neden olan bir koreografiye imza att\u0131. Sar\u0131-k\u0131rm\u0131z\u0131l\u0131 taraftarlar, sezon ba\u015f\u0131nda tak\u0131ma kat\u0131lan Victor Osimhen i\u00e7in annesine ithaf [&hellip;]<\/p>\n","protected":false},"author":14,"featured_media":28317,"comment_status":"closed","ping_status":"open","sticky":false,"template":"","format":"standard","meta":{"jnews-multi-image_gallery":[],"jnews_single_post":{"format":"standard"},"jnews_primary_category":[],"jnews_social_meta":[],"jnews_override_counter":[],"footnotes":""},"categories":[1,159,2085,2348,33,35],"tags":[3595,3591],"class_list":["post-28316","post","type-post","status-publish","format-standard","has-post-thumbnail","hentry","category-genel","category-sag-manset","category-manset-haber","category-manset-yani","category-spor","category-yasam","tag-ece-ozdemir-2","tag-galatasaray"],"_links":{"self":[{"href":"https:\/\/iletim.istanbul.edu.tr\/index.php\/wp-json\/wp\/v2\/posts\/28316","targetHints":{"allow":["GET"]}}],"collection":[{"href":"https:\/\/iletim.istanbul.edu.tr\/index.php\/wp-json\/wp\/v2\/posts"}],"about":[{"href":"https:\/\/iletim.istanbul.edu.tr\/index.php\/wp-json\/wp\/v2\/types\/post"}],"author":[{"embeddable":true,"href":"https:\/\/iletim.istanbul.edu.tr\/index.php\/wp-json\/wp\/v2\/users\/14"}],"replies":[{"embeddable":true,"href":"https:\/\/iletim.istanbul.edu.tr\/index.php\/wp-json\/wp\/v2\/comments?post=28316"}],"version-history":[{"count":1,"href":"https:\/\/iletim.istanbul.edu.tr\/index.php\/wp-json\/wp\/v2\/posts\/28316\/revisions"}],"predecessor-version":[{"id":28320,"href":"https:\/\/iletim.istanbul.edu.tr\/index.php\/wp-json\/wp\/v2\/posts\/28316\/revisions\/28320"}],"wp:featuredmedia":[{"embeddable":true,"href":"https:\/\/iletim.istanbul.edu.tr\/index.php\/wp-json\/wp\/v2\/media\/28317"}],"wp:attachment":[{"href":"https:\/\/iletim.istanbul.edu.tr\/index.php\/wp-json\/wp\/v2\/media?parent=28316"}],"wp:term":[{"taxonomy":"category","embeddable":true,"href":"https:\/\/iletim.istanbul.edu.tr\/index.php\/wp-json\/wp\/v2\/categories?post=28316"},{"taxonomy":"post_tag","embeddable":true,"href":"https:\/\/iletim.istanbul.edu.tr\/index.php\/wp-json\/wp\/v2\/tags?post=28316"}],"curies":[{"name":"wp","href":"https:\/\/api.w.org\/{rel}","templated":true}]}}