{"id":28336,"date":"2026-03-12T13:38:15","date_gmt":"2026-03-12T10:38:15","guid":{"rendered":"https:\/\/iletim.istanbul.edu.tr\/?p=28336"},"modified":"2026-03-12T13:38:15","modified_gmt":"2026-03-12T10:38:15","slug":"binlerce-kilometre-uzakta-turkiye","status":"publish","type":"post","link":"https:\/\/iletim.istanbul.edu.tr\/index.php\/2026\/03\/12\/binlerce-kilometre-uzakta-turkiye\/","title":{"rendered":"Binlerce Kilometre Uzakta T\u00fcrkiye"},"content":{"rendered":"\n<p><strong>Muhabir:<\/strong> <strong>Sena Sand\u0131k\u00e7\u0131<\/strong><\/p>\n\n\n\n<p><strong>Foto\u011fraf:<\/strong> <strong>T.C. \u015eikago Ba\u015fkonsoloslu\u011fu Instagram hesab\u0131ndan al\u0131nm\u0131\u015ft\u0131r.<\/strong><\/p>\n\n\n\n<p><strong>Edit\u00f6r:<\/strong> <strong>Nazl\u0131 Aygen<\/strong><\/p>\n\n\n\n<p><strong>\u015eikago, (\u0130\u00dc Haber Merkezi) &#8211;<\/strong> <strong>\u015eikago Ba\u015fkonsolosu Tahir Bora Atatan\u0131r; \u015eikago Ba\u015fkonsoloslu\u011funun y\u00fcr\u00fctt\u00fc\u011f\u00fc faaliyetleri, g\u00f6rev tan\u0131m\u0131n\u0131 ve misyonunu \u0130letim Gazetesine anlatt\u0131.<\/strong><\/p>\n\n\n\n<p>Ba\u015fkonsolos Tahir Bora Atatan\u0131r, \u015eikago Ba\u015fkonsoloslu\u011funu \u0130letim Gazetesine anlatt\u0131.&nbsp;<\/p>\n\n\n\n<p>T\u00fcrkiye ve Amerika Birle\u015fik Devletleri (ABD) aras\u0131nda geli\u015fen diplomatik ihtiya\u00e7lar\u0131n sonucu kurulan \u015eikago Ba\u015fkonsoloslu\u011fu, ABD\u2019nin Orta Bat\u0131 b\u00f6lgesindeki 13 eyalette faaliyet y\u00fcr\u00fctmektedir. Konsolosluk; T\u00fcrk vatanda\u015flar\u0131n\u0131n kimlik, noter ve askerlik i\u015flemleri ile \u00f6\u011frenci ve vatanda\u015f dan\u0131\u015fmanl\u0131\u011f\u0131 gibi hizmetlerin yan\u0131 s\u0131ra T\u00fcrk k\u00fclt\u00fcr\u00fcn\u00fc yurt d\u0131\u015f\u0131nda tan\u0131tmakla g\u00f6revlidir.<\/p>\n\n\n\n<h5 class=\"wp-block-heading\"><strong>Amerika&#8217;daki T\u00fcrk temsilcilikleri<\/strong><\/h5>\n\n\n\n<p>Amerika\u2019da aktif g\u00f6rev yapan bir b\u00fcy\u00fckel\u00e7ilik ve alt\u0131 ba\u015fkonsolosluk olmak \u00fczere toplam yedi T\u00fcrk temsilcili\u011fi bulunmakta. Atatan\u0131r; \u015eikago Ba\u015fkonsoloslu\u011fu b\u00f6lgesinin 13 eyaletten olu\u015ftu\u011funu; Kansas, Ohio ve Illinois gibi eyaletlerin bu b\u00f6lgenin bir par\u00e7as\u0131 oldu\u011funu belirtti.<\/p>\n\n\n\n<p>Atatan\u0131r, \u015eikago Ba\u015fkonsoloslu\u011funun g\u00f6rev alan\u0131n\u0131n y\u00fcz \u00f6l\u00e7\u00fcm\u00fc bak\u0131m\u0131ndan en b\u00fcy\u00fck ikinci b\u00f6lge oldu\u011funu ve bu alan\u0131n 2 milyon 300 bin kilometrekareyi buldu\u011funu kaydetti. Bu s\u0131ralamada birinci s\u0131rada Los Angeles Ba\u015fkonsoloslu\u011funun yer ald\u0131\u011f\u0131n\u0131 ifade eden Atatan\u0131r; ekonomik b\u00fcy\u00fckl\u00fc\u011f\u00fc 5,6 trilyon dolar olan b\u00f6lgede kay\u0131tl\u0131 38 bin T\u00fcrk vatanda\u015f\u0131n\u0131n bulundu\u011funu, kay\u0131tl\u0131 olmayanlarla birlikte bu say\u0131n\u0131n yakla\u015f\u0131k 55 bine ula\u015ft\u0131\u011f\u0131n\u0131 a\u00e7\u0131klad\u0131.<\/p>\n\n\n<div class=\"wp-block-image\">\n<figure class=\"aligncenter size-large is-resized\"><img decoding=\"async\" width=\"1024\" height=\"682\" src=\"https:\/\/iletim.istanbul.edu.tr\/wp-content\/uploads\/screenshot-20260312-132203-gallery-1024x682.jpg\" alt=\"\" class=\"wp-image-28337\" style=\"width:1170px;height:auto\" srcset=\"https:\/\/iletim.istanbul.edu.tr\/wp-content\/uploads\/screenshot-20260312-132203-gallery-1024x682.jpg 1024w, https:\/\/iletim.istanbul.edu.tr\/wp-content\/uploads\/screenshot-20260312-132203-gallery-300x200.jpg 300w, https:\/\/iletim.istanbul.edu.tr\/wp-content\/uploads\/screenshot-20260312-132203-gallery-768x511.jpg 768w, https:\/\/iletim.istanbul.edu.tr\/wp-content\/uploads\/screenshot-20260312-132203-gallery-750x499.jpg 750w, https:\/\/iletim.istanbul.edu.tr\/wp-content\/uploads\/screenshot-20260312-132203-gallery.jpg 1080w\" sizes=\"(max-width: 1024px) 100vw, 1024px\" \/><\/figure><\/div>\n\n\n<h5 class=\"wp-block-heading\"><strong>As\u0131rlard\u0131r var olan bir k\u00fclt\u00fcr\u00fc temsil etmek<\/strong><\/h5>\n\n\n\n<p>Atatan\u0131r, ba\u015fkonsolosluk temsiliyetinin \u00f6nemini \u201cT\u00fcrk bayra\u011f\u0131n\u0131n alt\u0131ndan ge\u00e7ip \u00fclkenizi temsil etti\u011finizi hissediyor olman\u0131z her \u015feye bedel,\u201d s\u00f6zleriyle dile getirdi. Ba\u015fkonsolosluk g\u00f6revi y\u00fcr\u00fct\u00fcl\u00fcrken kesin s\u0131n\u0131rlar olmas\u0131 gerekti\u011finin alt\u0131n\u0131 \u00e7izen Atatan\u0131r, bunun sebebinin her daim T\u00fcrkiye\u2019yi temsil etme sorumlulu\u011fu oldu\u011funu anlatt\u0131.<\/p>\n\n\n\n<p>T\u00fcrk diplomatlar\u0131n g\u00f6revlerinin di\u011fer \u00fclkelerin diplomatlar\u0131na g\u00f6re daha farkl\u0131 oldu\u011funu s\u00f6yleyen Atatan\u0131r, bunun sebebinin T\u00fcrklerin Orta Asya\u2019dan gelen devlet geleneklerinden kaynakland\u0131\u011f\u0131n\u0131 vurgulad\u0131. Atatan\u0131r; idari i\u015fleyi\u015f ve T\u00fcrkiye\u2019nin bulundu\u011fu co\u011frafi konum gibi unsurlar\u0131n bu farklar\u0131n temelini olu\u015fturdu\u011funu s\u00f6yledi.<\/p>\n\n\n\n<h5 class=\"wp-block-heading\"><strong>ABD\u2019de T\u00fcrk Diasporas\u0131<\/strong><\/h5>\n\n\n\n<p>Diaspora\u2019n\u0131n \u00f6nemli bir d\u0131\u015f politika g\u00fcc\u00fc oldu\u011funu s\u00f6yleyen Atatan\u0131r, bu durumu \u201cSiz o \u00fclkede asl\u0131nda vatanda\u015flar\u0131n\u0131zla vars\u0131n\u0131z,\u201d diyerek vurgulad\u0131. Atatan\u0131r; 29 Ekim resepsiyonlar\u0131, D\u00fcnya T\u00fcrk Kahvesi G\u00fcn\u00fc stantlar\u0131 ve 23 Nisan etkinlikleri gibi organizasyonlar d\u00fczenleyerek T\u00fcrkiye\u2019yi yabanc\u0131lara tan\u0131tt\u0131klar\u0131n\u0131 belirtti. D\u00fcnya Kad\u0131nlar G\u00fcn\u00fc \u00e7er\u00e7evesinde d\u00fczenlenen paneller ve benzeri \u00e7e\u015fitli etkinliklerle hem T\u00fcrkiye\u2019yi temsil etmeyi hem de orada bulunan T\u00fcrk vatanda\u015flar\u0131n\u0131n birbiriyle tan\u0131\u015fmas\u0131n\u0131 ama\u00e7lad\u0131klar\u0131n\u0131 anlatt\u0131.<\/p>\n\n\n\n<p>Yurt d\u0131\u015f\u0131nda bulunan vatanda\u015flar\u0131n birbirini tan\u0131mas\u0131n\u0131n \u00f6nemine de\u011finen Atatan\u0131r, \u201cOrtak de\u011ferlerimizi ve k\u00fclt\u00fcr\u00fcm\u00fcz\u00fc ortak bir potada birle\u015ftiriyor olmam\u0131z gerekiyor,\u201d diyerek bu gereklili\u011fe dikkat \u00e7ekti.<\/p>\n\n\n\n<figure class=\"wp-block-gallery has-nested-images columns-default is-cropped wp-block-gallery-1 is-layout-flex wp-block-gallery-is-layout-flex\">\n<figure class=\"wp-block-image size-large\"><img decoding=\"async\" width=\"1024\" height=\"581\" data-id=\"28339\" src=\"https:\/\/iletim.istanbul.edu.tr\/wp-content\/uploads\/screenshot-20260312-130220-instagram-1-1024x581.jpg\" alt=\"\" class=\"wp-image-28339\" srcset=\"https:\/\/iletim.istanbul.edu.tr\/wp-content\/uploads\/screenshot-20260312-130220-instagram-1-1024x581.jpg 1024w, https:\/\/iletim.istanbul.edu.tr\/wp-content\/uploads\/screenshot-20260312-130220-instagram-1-300x170.jpg 300w, https:\/\/iletim.istanbul.edu.tr\/wp-content\/uploads\/screenshot-20260312-130220-instagram-1-768x436.jpg 768w, https:\/\/iletim.istanbul.edu.tr\/wp-content\/uploads\/screenshot-20260312-130220-instagram-1-750x426.jpg 750w, https:\/\/iletim.istanbul.edu.tr\/wp-content\/uploads\/screenshot-20260312-130220-instagram-1.jpg 1038w\" sizes=\"(max-width: 1024px) 100vw, 1024px\" \/><figcaption class=\"wp-element-caption\"><strong>8 Mart D\u00fcnya Kad\u0131nlar G\u00fcn\u00fc &#8220;\u015eikago&#8217;da Kad\u0131n Olmak&#8221; Paneli<\/strong><\/figcaption><\/figure>\n\n\n\n<figure class=\"wp-block-image size-large\"><img decoding=\"async\" width=\"1024\" height=\"769\" data-id=\"28340\" src=\"https:\/\/iletim.istanbul.edu.tr\/wp-content\/uploads\/screenshot-20260312-130240-instagram-1024x769.jpg\" alt=\"\" class=\"wp-image-28340\" srcset=\"https:\/\/iletim.istanbul.edu.tr\/wp-content\/uploads\/screenshot-20260312-130240-instagram-1024x769.jpg 1024w, https:\/\/iletim.istanbul.edu.tr\/wp-content\/uploads\/screenshot-20260312-130240-instagram-300x225.jpg 300w, https:\/\/iletim.istanbul.edu.tr\/wp-content\/uploads\/screenshot-20260312-130240-instagram-768x577.jpg 768w, https:\/\/iletim.istanbul.edu.tr\/wp-content\/uploads\/screenshot-20260312-130240-instagram-750x563.jpg 750w, https:\/\/iletim.istanbul.edu.tr\/wp-content\/uploads\/screenshot-20260312-130240-instagram.jpg 1053w\" sizes=\"(max-width: 1024px) 100vw, 1024px\" \/><figcaption class=\"wp-element-caption\"><strong>Karag\u00f6z Hacivat Perdesi<\/strong><\/figcaption><\/figure>\n<\/figure>\n\n\n\n<h5 class=\"wp-block-heading\"><strong>Diplomat adaylar\u0131na tavsiyeler<\/strong><\/h5>\n\n\n\n<p>Diplomasinin kolay bir meslek olmad\u0131\u011f\u0131n\u0131 s\u00f6yleyen Atatan\u0131r, mesle\u011fe aday \u00f6\u011frencilerin kendilerini iyi tan\u0131malar\u0131 gerekti\u011fini; bu i\u015fin dayan\u0131kl\u0131 ve idealist insanlara uygun oldu\u011funu ifade etti. Ki\u015finin kendisini bilgiyle donatmas\u0131 ve ileti\u015fim becerilerinin g\u00fc\u00e7l\u00fc olmas\u0131 gerekti\u011fini \u00f6nemle belirtti. Atatan\u0131r, \u00f6\u011frencilerin Erasmus gibi yurt d\u0131\u015f\u0131 e\u011fitim f\u0131rsatlar\u0131n\u0131 de\u011ferlendirmeleri ve yabanc\u0131 dillerini geli\u015ftirmeleri y\u00f6n\u00fcndeki tavsiyeleriyle s\u00f6zlerini tamamlad\u0131.<\/p>\n\n\n\n<figure class=\"wp-block-gallery aligncenter has-nested-images columns-default is-cropped wp-block-gallery-2 is-layout-flex wp-block-gallery-is-layout-flex\">\n<figure class=\"wp-block-image size-large\"><img decoding=\"async\" width=\"1024\" height=\"768\" data-id=\"28343\" src=\"https:\/\/iletim.istanbul.edu.tr\/wp-content\/uploads\/screenshot-20260312-130253-instagram-1024x768.jpg\" alt=\"\" class=\"wp-image-28343\" srcset=\"https:\/\/iletim.istanbul.edu.tr\/wp-content\/uploads\/screenshot-20260312-130253-instagram-1024x768.jpg 1024w, https:\/\/iletim.istanbul.edu.tr\/wp-content\/uploads\/screenshot-20260312-130253-instagram-300x225.jpg 300w, https:\/\/iletim.istanbul.edu.tr\/wp-content\/uploads\/screenshot-20260312-130253-instagram-768x576.jpg 768w, https:\/\/iletim.istanbul.edu.tr\/wp-content\/uploads\/screenshot-20260312-130253-instagram-750x563.jpg 750w, https:\/\/iletim.istanbul.edu.tr\/wp-content\/uploads\/screenshot-20260312-130253-instagram.jpg 1040w\" sizes=\"(max-width: 1024px) 100vw, 1024px\" \/><figcaption class=\"wp-element-caption\"><strong>Ba\u015fkonsolos Tahir Bora Atatan\u0131r ile Northwestern \u00dcniversitesi Akademisyenleri<\/strong><\/figcaption><\/figure>\n<\/figure>\n\n\n\n<p><\/p>\n","protected":false},"excerpt":{"rendered":"<p>Muhabir: Sena Sand\u0131k\u00e7\u0131 Foto\u011fraf: T.C. \u015eikago Ba\u015fkonsoloslu\u011fu Instagram hesab\u0131ndan al\u0131nm\u0131\u015ft\u0131r. Edit\u00f6r: Nazl\u0131 Aygen \u015eikago, (\u0130\u00dc Haber Merkezi) &#8211; \u015eikago Ba\u015fkonsolosu Tahir Bora Atatan\u0131r; \u015eikago Ba\u015fkonsoloslu\u011funun y\u00fcr\u00fctt\u00fc\u011f\u00fc faaliyetleri, g\u00f6rev tan\u0131m\u0131n\u0131 ve misyonunu \u0130letim Gazetesine anlatt\u0131. Ba\u015fkonsolos Tahir Bora Atatan\u0131r, \u015eikago Ba\u015fkonsoloslu\u011funu \u0130letim Gazetesine anlatt\u0131.&nbsp; T\u00fcrkiye ve Amerika Birle\u015fik Devletleri (ABD) aras\u0131nda geli\u015fen diplomatik ihtiya\u00e7lar\u0131n sonucu kurulan [&hellip;]<\/p>\n","protected":false},"author":14,"featured_media":28342,"comment_status":"closed","ping_status":"open","sticky":false,"template":"","format":"standard","meta":{"jnews-multi-image_gallery":[],"jnews_single_post":{"format":"standard"},"jnews_primary_category":[],"jnews_social_meta":[],"jnews_override_counter":[],"footnotes":""},"categories":[24,25,26,27,1,159,28,34,178,29,2085,2348],"tags":[1398,1077,3981,300,40,410,43,148,52,85,3292,3463,3983,3982,1697],"class_list":["post-28336","post","type-post","status-publish","format-standard","has-post-thumbnail","hentry","category-bilim","category-egitim","category-english","category-foto-galeri","category-genel","category-sag-manset","category-istanbul","category-universite","category-fakultemizden","category-iuwebtv","category-manset-haber","category-manset-yani","tag-abd","tag-baskonsolos","tag-dis-haberler","tag-iletim","tag-iletisim-fakultesi","tag-istanbul","tag-istanbul-universitesi","tag-istanbul-universitesi-iletisim-fakultesi","tag-iu-iletisim-fakultesi","tag-iuwebtv","tag-nazli-aygen","tag-sena-sandikci","tag-sikago","tag-tahir-bora-atatanir","tag-turkiye"],"_links":{"self":[{"href":"https:\/\/iletim.istanbul.edu.tr\/index.php\/wp-json\/wp\/v2\/posts\/28336","targetHints":{"allow":["GET"]}}],"collection":[{"href":"https:\/\/iletim.istanbul.edu.tr\/index.php\/wp-json\/wp\/v2\/posts"}],"about":[{"href":"https:\/\/iletim.istanbul.edu.tr\/index.php\/wp-json\/wp\/v2\/types\/post"}],"author":[{"embeddable":true,"href":"https:\/\/iletim.istanbul.edu.tr\/index.php\/wp-json\/wp\/v2\/users\/14"}],"replies":[{"embeddable":true,"href":"https:\/\/iletim.istanbul.edu.tr\/index.php\/wp-json\/wp\/v2\/comments?post=28336"}],"version-history":[{"count":2,"href":"https:\/\/iletim.istanbul.edu.tr\/index.php\/wp-json\/wp\/v2\/posts\/28336\/revisions"}],"predecessor-version":[{"id":28345,"href":"https:\/\/iletim.istanbul.edu.tr\/index.php\/wp-json\/wp\/v2\/posts\/28336\/revisions\/28345"}],"wp:featuredmedia":[{"embeddable":true,"href":"https:\/\/iletim.istanbul.edu.tr\/index.php\/wp-json\/wp\/v2\/media\/28342"}],"wp:attachment":[{"href":"https:\/\/iletim.istanbul.edu.tr\/index.php\/wp-json\/wp\/v2\/media?parent=28336"}],"wp:term":[{"taxonomy":"category","embeddable":true,"href":"https:\/\/iletim.istanbul.edu.tr\/index.php\/wp-json\/wp\/v2\/categories?post=28336"},{"taxonomy":"post_tag","embeddable":true,"href":"https:\/\/iletim.istanbul.edu.tr\/index.php\/wp-json\/wp\/v2\/tags?post=28336"}],"curies":[{"name":"wp","href":"https:\/\/api.w.org\/{rel}","templated":true}]}}