{"id":28348,"date":"2026-03-12T17:38:55","date_gmt":"2026-03-12T14:38:55","guid":{"rendered":"https:\/\/iletim.istanbul.edu.tr\/?p=28348"},"modified":"2026-03-12T17:38:56","modified_gmt":"2026-03-12T14:38:56","slug":"darulfunun-soylesilerinde-hadis-temali-sohbet-gerceklestirildi","status":"publish","type":"post","link":"https:\/\/iletim.istanbul.edu.tr\/index.php\/2026\/03\/12\/darulfunun-soylesilerinde-hadis-temali-sohbet-gerceklestirildi\/","title":{"rendered":"Dar\u00fclf\u00fcnun S\u00f6yle\u015filerinde \u201cHadis\u201d Temal\u0131 Sohbet Ger\u00e7ekle\u015ftirildi"},"content":{"rendered":"\n<p><strong>Haber:Emir Uygur<\/strong><\/p>\n\n\n\n<p><strong>Edit\u00f6r: Ece \u00d6zdemir&nbsp;<\/strong><\/p>\n\n\n\n<p><strong>(\u0130stanbul, \u0130\u00dc Haber merkezi)-\u0130stanbul \u00dcniversitesi Merkez K\u00fct\u00fcphanesinde Dar\u00fclf\u00fcnun sohbetleri kapsam\u0131nda&nbsp; Do\u00e7. Dr. Mustafa Celil Altunta\u015f\u2019\u0131n konuk oldu\u011fu hadis s\u00f6yle\u015fisi ger\u00e7ekle\u015ftirildi.<\/strong><\/p>\n\n\n\n<p>\u0130stanbul \u00dcniversitesi(\u0130\u00dc) Merkez K\u00fct\u00fcphanesinde Dar\u00fclf\u00fcnun sohbetleri kapsam\u0131nda 12 Mart Per\u015fembe g\u00fcn\u00fc moderat\u00f6rl\u00fc\u011f\u00fcn\u00fc Dr. Mustafa Demircinin ger\u00e7ekle\u015ftirdi\u011fi hadis sohbetleri program\u0131na \u0130stanbul \u00dcniversitesi \u0130lahiyat Fak\u00fcltesi Do\u00e7. Dr.Mustafa Celil Altunta\u015f konuk oldu.<\/p>\n\n\n\n<p><strong>Peygamberimiz Ramazanda \u00f6zel ibadetleri yapard\u0131<\/strong><\/p>\n\n\n\n<p>Ramazan\u0131n ibadetle ge\u00e7irilmesinin \u00f6nemine vurgu yapan Altunta\u015f, Peygamber Efendimizin Ramazan\u2019da yapt\u0131\u011f\u0131 ibadetlere dikkat \u00e7ekti ve bu uygulamalardan birisinin de \u2018mukabele\u2019 oldu\u011funu belirterek bu ibadetin g\u00fcn\u00fcm\u00fczde de s\u00fcrd\u00fcr\u00fcld\u00fc\u011f\u00fcn\u00fcn alt\u0131n\u0131 \u00e7izdi. Mukabelenin ayn\u0131 zamanda ge\u00e7mi\u015f ile g\u00fcn\u00fcm\u00fcz aras\u0131nda bir muhasebe oldu\u011funu ifade eden Altunta\u015f, bunun Peygamberimiz taraf\u0131ndan \u00fcmmetine tavsiye edildi\u011fini vurgulad\u0131.<\/p>\n\n\n\n<p><strong>\u201cRamazanda empatiye \u00f6nem verilmeli\u201d<\/strong><\/p>\n\n\n\n<p>Ramazan\u2019\u0131n vazge\u00e7ilmez unsurlar\u0131ndan birinin de empati oldu\u011funu vurgulayan Altunta\u015f, bunun yaln\u0131zca a\u00e7l\u0131kla s\u0131n\u0131rland\u0131r\u0131lmas\u0131n\u0131n yanl\u0131\u015f oldu\u011funu ifade etti. Pide kuyru\u011funda ya da metrob\u00fcste insanlarla yap\u0131lan k\u00fc\u00e7\u00fck sohbetlerin dahi hay\u0131rl\u0131 olabilece\u011fini belirtti. Altunta\u015f, \u201cBuhari\u2019nin ilk hadislerinden birinde Peygamberimizin Ramazan\u2019da esen r\u00fczg\u00e2rdan daha c\u00f6mert oldu\u011fu ifade edilir\u201d diyerek empatinin \u00f6nemini hadislerden \u00f6rnekle anlatt\u0131.<\/p>\n\n\n\n<p><strong>Teravih Namaz\u0131n\u0131n Farz Olmamas\u0131n\u0131n Sebebi<\/strong><\/p>\n\n\n\n<p>Peygamberimizin her zaman \u00fcmmetinin rahatl\u0131\u011f\u0131n\u0131 g\u00f6zetti\u011fini ve bu d\u00fc\u015f\u00fcnceyle hareket etti\u011fini vurgulayan Altunta\u015f, teravih namaz\u0131n\u0131n farz olmamas\u0131n\u0131 Peygamberimize bor\u00e7lu oldu\u011fumuzu ifade etti. Bu namaz\u0131n, Peygamberimizin Ramazan\u2019\u0131 idrak etmek amac\u0131yla k\u0131ld\u0131\u011f\u0131 bir ibadet oldu\u011funu belirten Altunta\u015f, daha sonra Peygamberimizin bu namaz\u0131 k\u0131ld\u0131\u011f\u0131n\u0131 g\u00f6ren M\u00fcsl\u00fcmanlar aras\u0131nda yayg\u0131nla\u015ft\u0131\u011f\u0131n\u0131 s\u00f6yledi. Peygamberimizin insanlara bu namaz\u0131 k\u0131ld\u0131rmamas\u0131n\u0131n sebebinin ise, k\u0131ld\u0131rmas\u0131 h\u00e2linde \u00fcmmetine farz k\u0131l\u0131nmas\u0131ndan endi\u015fe etmesi oldu\u011funu ifade ederek s\u00f6zlerini noktalad\u0131.<\/p>\n\n\n\n<p>S\u00f6yle\u015fi, Dr. Mustafa Demirci\u2019nin seslendirdi\u011fi ilahi ve naatlar\u0131n ard\u0131ndan, \u0130stanbul \u00dcniversitesi Rekt\u00f6r Yard\u0131mc\u0131s\u0131 Prof. Dr. Yahya G\u00fcldiken\u2019in moderat\u00f6r Dr. Mustafa Demirci ve konuk Do\u00e7. Dr. Mustafa Celil Altunta\u015f\u2019a hediye takdim etmesiyle sona erdi.<\/p>\n","protected":false},"excerpt":{"rendered":"<p>Haber:Emir Uygur Edit\u00f6r: Ece \u00d6zdemir&nbsp; (\u0130stanbul, \u0130\u00dc Haber merkezi)-\u0130stanbul \u00dcniversitesi Merkez K\u00fct\u00fcphanesinde Dar\u00fclf\u00fcnun sohbetleri kapsam\u0131nda&nbsp; Do\u00e7. Dr. Mustafa Celil Altunta\u015f\u2019\u0131n konuk oldu\u011fu hadis s\u00f6yle\u015fisi ger\u00e7ekle\u015ftirildi. \u0130stanbul \u00dcniversitesi(\u0130\u00dc) Merkez K\u00fct\u00fcphanesinde Dar\u00fclf\u00fcnun sohbetleri kapsam\u0131nda 12 Mart Per\u015fembe g\u00fcn\u00fc moderat\u00f6rl\u00fc\u011f\u00fcn\u00fc Dr. Mustafa Demircinin ger\u00e7ekle\u015ftirdi\u011fi hadis sohbetleri program\u0131na \u0130stanbul \u00dcniversitesi \u0130lahiyat Fak\u00fcltesi Do\u00e7. Dr.Mustafa Celil Altunta\u015f konuk oldu. Peygamberimiz [&hellip;]<\/p>\n","protected":false},"author":14,"featured_media":28354,"comment_status":"closed","ping_status":"open","sticky":false,"template":"","format":"standard","meta":{"jnews-multi-image_gallery":[],"jnews_single_post":{"format":"standard"},"jnews_primary_category":[],"jnews_social_meta":[],"jnews_override_counter":[],"footnotes":""},"categories":[1],"tags":[],"class_list":["post-28348","post","type-post","status-publish","format-standard","has-post-thumbnail","hentry","category-genel"],"_links":{"self":[{"href":"https:\/\/iletim.istanbul.edu.tr\/index.php\/wp-json\/wp\/v2\/posts\/28348","targetHints":{"allow":["GET"]}}],"collection":[{"href":"https:\/\/iletim.istanbul.edu.tr\/index.php\/wp-json\/wp\/v2\/posts"}],"about":[{"href":"https:\/\/iletim.istanbul.edu.tr\/index.php\/wp-json\/wp\/v2\/types\/post"}],"author":[{"embeddable":true,"href":"https:\/\/iletim.istanbul.edu.tr\/index.php\/wp-json\/wp\/v2\/users\/14"}],"replies":[{"embeddable":true,"href":"https:\/\/iletim.istanbul.edu.tr\/index.php\/wp-json\/wp\/v2\/comments?post=28348"}],"version-history":[{"count":1,"href":"https:\/\/iletim.istanbul.edu.tr\/index.php\/wp-json\/wp\/v2\/posts\/28348\/revisions"}],"predecessor-version":[{"id":28349,"href":"https:\/\/iletim.istanbul.edu.tr\/index.php\/wp-json\/wp\/v2\/posts\/28348\/revisions\/28349"}],"wp:featuredmedia":[{"embeddable":true,"href":"https:\/\/iletim.istanbul.edu.tr\/index.php\/wp-json\/wp\/v2\/media\/28354"}],"wp:attachment":[{"href":"https:\/\/iletim.istanbul.edu.tr\/index.php\/wp-json\/wp\/v2\/media?parent=28348"}],"wp:term":[{"taxonomy":"category","embeddable":true,"href":"https:\/\/iletim.istanbul.edu.tr\/index.php\/wp-json\/wp\/v2\/categories?post=28348"},{"taxonomy":"post_tag","embeddable":true,"href":"https:\/\/iletim.istanbul.edu.tr\/index.php\/wp-json\/wp\/v2\/tags?post=28348"}],"curies":[{"name":"wp","href":"https:\/\/api.w.org\/{rel}","templated":true}]}}