{"id":28393,"date":"2026-03-13T17:36:26","date_gmt":"2026-03-13T14:36:26","guid":{"rendered":"https:\/\/iletim.istanbul.edu.tr\/?p=28393"},"modified":"2026-03-13T17:38:01","modified_gmt":"2026-03-13T14:38:01","slug":"prof-dr-ilber-ortayli-vefat-etti","status":"publish","type":"post","link":"https:\/\/iletim.istanbul.edu.tr\/index.php\/2026\/03\/13\/prof-dr-ilber-ortayli-vefat-etti\/","title":{"rendered":"Prof. Dr. \u0130lber Ortayl\u0131 Vefat Etti"},"content":{"rendered":"\n<p><strong>Haber: \u00d6zg\u00fcr Recep Kocao\u011flu<\/strong><\/p>\n\n\n\n<p><strong>\u0130stanbul, (\u0130\u00dc Haber Merkezi) &#8211; T\u00fcrk tarih\u00e7ili\u011finin \u00f6nde gelen isimlerinden Prof. Dr. \u0130lber Ortayl\u0131 vefat etti.&nbsp;<\/strong><\/p>\n\n\n\n<p>T\u00fcrkiye\u2019nin en \u00f6nemli bilim insanlar\u0131ndan tarih\u00e7i-yazar Prof. Dr. \u0130lber Ortayl\u0131, 78 ya\u015f\u0131nda hayat\u0131n\u0131 kaybetti.<\/p>\n\n\n\n<p>Ailesi taraf\u0131ndan yap\u0131lan a\u00e7\u0131klamada \u015fu ifadelere yer verildi:<\/p>\n\n\n\n<p>&#8220;Ailemizin b\u00fcy\u00fc\u011f\u00fc \u0130lber Ortayl\u0131&#8217;y\u0131 13 Mart 2026 g\u00fcn\u00fcnde kaybettik. Uzun s\u00fcren ve giderek karma\u015f\u0131kla\u015fan sa\u011fl\u0131k sorunlar\u0131na ra\u011fmen hayata duydu\u011fu merak\u0131, insanlarla bir arada olma arzusu hi\u00e7 azalmad\u0131 ve g\u00fcc\u00fc yetti\u011fince bildi\u011fi gibi ya\u015fad\u0131. Okurlar\u0131, \u00f6\u011frencileri ve sevenleri onu hi\u00e7bir akademisyene nasip olmayacak b\u00fcy\u00fckl\u00fckte bir sevgi ve sayg\u0131yla sarmalad\u0131lar. Onun ad\u0131na derin bir \u015f\u00fckran duyuyoruz.&#8221;<\/p>\n\n\n\n<p>Ortayl\u0131, 8 Mart 2024&#8217;te \u0130stanbul \u00dcniversitesi \u0130leti\u015fim Fak\u00fcltesi&#8217;ni ziyaret etmi\u015f, \u0130leti\u015fim Penceresinden 100. Y\u0131l ba\u015fl\u0131\u011f\u0131yla seminer vermi\u015fti.<\/p>\n\n\n<div class=\"wp-block-image\">\n<figure class=\"aligncenter size-large is-resized\"><img decoding=\"async\" width=\"1024\" height=\"682\" src=\"https:\/\/iletim.istanbul.edu.tr\/wp-content\/uploads\/whatsapp-gorsel-2024-03-08-saat-225426-b17f7a12-1024x682.jpg\" alt=\"\" class=\"wp-image-28394\" style=\"width:790px;height:auto\" srcset=\"https:\/\/iletim.istanbul.edu.tr\/wp-content\/uploads\/whatsapp-gorsel-2024-03-08-saat-225426-b17f7a12-1024x682.jpg 1024w, https:\/\/iletim.istanbul.edu.tr\/wp-content\/uploads\/whatsapp-gorsel-2024-03-08-saat-225426-b17f7a12-300x200.jpg 300w, https:\/\/iletim.istanbul.edu.tr\/wp-content\/uploads\/whatsapp-gorsel-2024-03-08-saat-225426-b17f7a12-768x512.jpg 768w, https:\/\/iletim.istanbul.edu.tr\/wp-content\/uploads\/whatsapp-gorsel-2024-03-08-saat-225426-b17f7a12-1536x1023.jpg 1536w, https:\/\/iletim.istanbul.edu.tr\/wp-content\/uploads\/whatsapp-gorsel-2024-03-08-saat-225426-b17f7a12-750x500.jpg 750w, https:\/\/iletim.istanbul.edu.tr\/wp-content\/uploads\/whatsapp-gorsel-2024-03-08-saat-225426-b17f7a12-1140x760.jpg 1140w, https:\/\/iletim.istanbul.edu.tr\/wp-content\/uploads\/whatsapp-gorsel-2024-03-08-saat-225426-b17f7a12.jpg 1600w\" sizes=\"(max-width: 1024px) 100vw, 1024px\" \/><figcaption class=\"wp-element-caption\">\u0130lber Ortayl\u0131, \u0130stanbul \u00dcniversitesi \u0130leti\u015fim Fak\u00fcltesi&#8217;nde<\/figcaption><\/figure><\/div>\n\n\n<p><strong>Prof. Dr. \u0130lber Ortayl\u0131 kimdir?<\/strong><\/p>\n\n\n\n<p>Ankara \u00dcniversitesi Dil ve Tarih-Co\u011frafya Fak\u00fcltesi Tarih B\u00f6l\u00fcm\u00fc\u2019n\u00fc 1970 y\u0131l\u0131nda bitirdi. Burada \u015eerif Mardin, Halil \u0130nalc\u0131k, M\u00fcmtaz Soysal, Seha Meray, \u0130lhan Tekeli, M\u00fcbeccel K\u0131ray&#8217;\u0131n \u00f6\u011frencisi oldu.<\/p>\n\n\n\n<p>Viyana \u00dcniversitesi&#8217;nde Slav ve Do\u011fu Avrupa dilleri hakk\u0131nda \u00f6\u011frenim g\u00f6rd\u00fc. Y\u00fcksek lisans \u00e7al\u0131\u015fmas\u0131n\u0131 Chicago \u00dcniversitesinde Halil \u0130nalc\u0131k ile yapt\u0131.<\/p>\n\n\n\n<p>Ankara \u00dcniversitesi Siyasal Bilgiler Fak\u00fcltesi\u2019nde 1974 y\u0131l\u0131nda doktor, 1979&#8217;da do\u00e7ent, 1989&#8217;da profes\u00f6r oldu. 1989-2002 y\u0131llar\u0131 aras\u0131nda Ankara \u00dcniversitesi Siyasal Bilgiler Fak\u00fcltesi\u2019nin \u0130dare Tarihi Anabilim Dal\u0131\u2019n\u0131n ba\u015fkanl\u0131\u011f\u0131n\u0131 yapt\u0131.<\/p>\n\n\n\n<p>Topkap\u0131 Saray\u0131 M\u00fczesi M\u00fcd\u00fcr\u00fc g\u00f6revine 2005 y\u0131l\u0131nda ba\u015flayan Ortayl\u0131, ileri seviyede Almanca, Rus\u00e7a, \u0130ngilizce, Frans\u0131zca, \u0130talyanca, Fars\u00e7a ve Latince biliyordu.<\/p>\n\n\n\n<p>Bir \u00d6m\u00fcr Nas\u0131l Ya\u015fan\u0131r?, Gazi Mustafa Kemal Atat\u00fcrk, T\u00fcrklerin Alt\u0131n \u00c7a\u011f\u0131 gibi \u00f6nemli kitaplara, makalelere ve tezlere imza att\u0131.<\/p>\n\n\n\n<p>Kat\u0131ld\u0131\u011f\u0131 televizyon kanallar\u0131ndaki samimi tavr\u0131yla gen\u00e7lere tarihi sevdiren Ortayl\u0131, bir s\u00fcredir hastanede tedavi g\u00f6r\u00fcyordu. D\u00fcn ent\u00fcbe edildi\u011fi a\u00e7\u0131klanan Ortayl\u0131, 13 Mart 2026 g\u00fcn\u00fc tedavi g\u00f6rd\u00fc\u011f\u00fc hastanede hayat\u0131n\u0131 kaybetti.<\/p>\n\n\n<div class=\"wp-block-image\">\n<figure class=\"aligncenter size-full\"><img decoding=\"async\" width=\"750\" height=\"422\" src=\"https:\/\/iletim.istanbul.edu.tr\/wp-content\/uploads\/69b132e2a802d8e347626537.webp\" alt=\"\" class=\"wp-image-28395\" srcset=\"https:\/\/iletim.istanbul.edu.tr\/wp-content\/uploads\/69b132e2a802d8e347626537.webp 750w, https:\/\/iletim.istanbul.edu.tr\/wp-content\/uploads\/69b132e2a802d8e347626537-300x169.webp 300w\" sizes=\"(max-width: 750px) 100vw, 750px\" \/><\/figure><\/div>","protected":false},"excerpt":{"rendered":"<p>Haber: \u00d6zg\u00fcr Recep Kocao\u011flu \u0130stanbul, (\u0130\u00dc Haber Merkezi) &#8211; T\u00fcrk tarih\u00e7ili\u011finin \u00f6nde gelen isimlerinden Prof. Dr. \u0130lber Ortayl\u0131 vefat etti.&nbsp; T\u00fcrkiye\u2019nin en \u00f6nemli bilim insanlar\u0131ndan tarih\u00e7i-yazar Prof. Dr. \u0130lber Ortayl\u0131, 78 ya\u015f\u0131nda hayat\u0131n\u0131 kaybetti. Ailesi taraf\u0131ndan yap\u0131lan a\u00e7\u0131klamada \u015fu ifadelere yer verildi: &#8220;Ailemizin b\u00fcy\u00fc\u011f\u00fc \u0130lber Ortayl\u0131&#8217;y\u0131 13 Mart 2026 g\u00fcn\u00fcnde kaybettik. Uzun s\u00fcren ve giderek [&hellip;]<\/p>\n","protected":false},"author":14,"featured_media":28395,"comment_status":"closed","ping_status":"open","sticky":false,"template":"","format":"standard","meta":{"jnews-multi-image_gallery":[],"jnews_single_post":{"format":"standard"},"jnews_primary_category":[],"jnews_social_meta":[],"jnews_override_counter":[],"footnotes":""},"categories":[24,25,1,34,178,2085,2348,35],"tags":[4002,3218],"class_list":["post-28393","post","type-post","status-publish","format-standard","has-post-thumbnail","hentry","category-bilim","category-egitim","category-genel","category-universite","category-fakultemizden","category-manset-haber","category-manset-yani","category-yasam","tag-ilber-ortayli-2","tag-ozgur-recep-kocaoglu"],"_links":{"self":[{"href":"https:\/\/iletim.istanbul.edu.tr\/index.php\/wp-json\/wp\/v2\/posts\/28393","targetHints":{"allow":["GET"]}}],"collection":[{"href":"https:\/\/iletim.istanbul.edu.tr\/index.php\/wp-json\/wp\/v2\/posts"}],"about":[{"href":"https:\/\/iletim.istanbul.edu.tr\/index.php\/wp-json\/wp\/v2\/types\/post"}],"author":[{"embeddable":true,"href":"https:\/\/iletim.istanbul.edu.tr\/index.php\/wp-json\/wp\/v2\/users\/14"}],"replies":[{"embeddable":true,"href":"https:\/\/iletim.istanbul.edu.tr\/index.php\/wp-json\/wp\/v2\/comments?post=28393"}],"version-history":[{"count":2,"href":"https:\/\/iletim.istanbul.edu.tr\/index.php\/wp-json\/wp\/v2\/posts\/28393\/revisions"}],"predecessor-version":[{"id":28397,"href":"https:\/\/iletim.istanbul.edu.tr\/index.php\/wp-json\/wp\/v2\/posts\/28393\/revisions\/28397"}],"wp:featuredmedia":[{"embeddable":true,"href":"https:\/\/iletim.istanbul.edu.tr\/index.php\/wp-json\/wp\/v2\/media\/28395"}],"wp:attachment":[{"href":"https:\/\/iletim.istanbul.edu.tr\/index.php\/wp-json\/wp\/v2\/media?parent=28393"}],"wp:term":[{"taxonomy":"category","embeddable":true,"href":"https:\/\/iletim.istanbul.edu.tr\/index.php\/wp-json\/wp\/v2\/categories?post=28393"},{"taxonomy":"post_tag","embeddable":true,"href":"https:\/\/iletim.istanbul.edu.tr\/index.php\/wp-json\/wp\/v2\/tags?post=28393"}],"curies":[{"name":"wp","href":"https:\/\/api.w.org\/{rel}","templated":true}]}}